{"id":948,"date":"2007-01-12T00:00:00","date_gmt":"2006-11-06T00:00:00","guid":{"rendered":"https:\/\/intervius.com\/index.html\/?p=948"},"modified":"2006-11-06T00:00:00","modified_gmt":"2006-11-06T00:00:00","slug":"Santiago_Morales948","status":"publish","type":"post","link":"https:\/\/intervius.com\/index.html\/Santiago_Morales948\/","title":{"rendered":"Santiago Morales"},"content":{"rendered":"<p>Pregunta.- Buenos d\u00edas Santiago: Quer\u00eda realizarle la siguiente pregunta: \u00bfCree que es necesario la unidad de todos los partidos pol\u00edticos, para luchar contra esta lacra terrorista que es ETA? <\/p>\n<p>Respuesta.- Eso es lo que hemos peleado y propuesto, esperamos y seguimos buscando esa unidad, que es necesaria, urgente e inmediata. <\/p>\n<p>P.- \u00bfCuanto tiempo lleva viviendo en nuestro pais?\u00bfLe gusta?<\/p>\n<p>R.- Bueno, tengo el privilegio de conocer casi toda Espa\u00f1a, las diferentes comunidades. Llevo casi 10 a\u00f1os viviendo pero por mis actividades viajando, m\u00e1s de 20. <\/p>\n<p>P.- \u00bfTiene alguna respuesta para la actitud del PP, despu\u00e9s de haber modificado el eslogan y haber incluido la palabra libertad?<\/p>\n<p>R.- No valoro la respuesta de los actores pol\u00edticos, ellos son responsables de sus resoluciones y las respeto. <\/p>\n<p>P.- \u00bfPor favor podr\u00eda decirme aproximadamente a cuantos asociados representa y si conoce cuantos ecuatorianos est\u00e1n encuadrados en otras asociaciones? Muchas gracias y disculpe el atraco estad\u00edstico.<\/p>\n<p>R.- El n\u00famero es dif\u00edcil. Representamos a 180 asociaciones de toda la geograf\u00eda espa\u00f1ola. Hay algunas que tienen 10 miembros y otras 600. El n\u00famero es considerable y es la Asociaci\u00f3n m\u00e1s fuerte. Conocemos a otras asociaciones pero en este caso han seguido las directrices que ha marcado la FENADEE (Federaci\u00f3n Nacional de Asociaciones de Ecuatorianos en Espa\u00f1a). <\/p>\n<p>P.- \u00bfQu\u00e9 esperan de la convocatoria de la manifestaci\u00f3n?<\/p>\n<p>R.- Espero que todos los hombres y mujeres de esta sociedad espa\u00f1ola diversa, con todos los inmigrantes que hemos llegado aqu\u00ed participemos con una sola raz\u00f3n, solidarizarnos con las familias de las v\u00edctimas, defender la paz, la libertad, dar todo nuestro contingente para que esta Espa\u00f1a plural siga desarroll\u00e1ndose y acabemos todos juntos contra el terrorismo. <\/p>\n<p>P.- Se\u00f1or Morales, \u00bfcual es la asignatura pendiente de los espa\u00f1oles respecto a los inmigrantes de su pais? \u00bfEspa\u00f1a es un pais que acepta al pueblo ecuatoriano?<\/p>\n<p>R.- Pues yo creo que hay una realidad: un antes y depu\u00e9s de los atentados con respecto a la presencia de los ecuatorianos en Espa\u00f1a. Antes muchos no nos acogieron y pensaron que no est\u00e1bamos integrados. Tambi\u00e9n recuerdo que el 11 M tuvimos seis v\u00edctimas. Nos hemos aprovechado del progreso de Espa\u00f1a pero hemos sufrido ya 8 v\u00edctimas. Hay que acordarse de que este \u00faltimo atentado tuvo como consecuencia dos v\u00edctimas en el ataque terrorista. <\/p>\n<p>P.- \u00bfQu\u00e9 opina usted de Batasuna?<\/p>\n<p>R.- Prefiero no opinar porque opino de los espacios democr\u00e1ticos y que se apegan a la legalidad. <\/p>\n<p>P.- El PP ha pedido que se desconvoquen las manifestaciones de ma\u00f1ana, y por otra parte, Batasuna decidir\u00e1 hoy si acudir\u00e1 a la de Bilbao. \u00bfQu\u00e9 opina de este panorama pol\u00edtico? \u00bfCree que se ha dejado en un segundo plano a las v\u00edctimas?<\/p>\n<p>R.- No quisiera pensar eso. Quiero seguir apostando por la unidad. No me cansar\u00e9 de insistir para animar a la manifestaci\u00f3n y luego ser\u00e1 la sociedad la que juzgue y emita sus valoraciones a posteriori. <\/p>\n<p>P.- Sr. Morales, \u00bfnos podr\u00eda explicar qui\u00e9nes son estas asociaciones que no se unen a la manifestaci\u00f3n de ma\u00f1ana? Muchas gracias.<\/p>\n<p>R.- Hoy m\u00e1s que nunca el movimiento ecuatoriano est\u00e1 seriamente unido y dentro de esa uni\u00f3n hay una pluralidad de criterios muy respetables. <\/p>\n<p>P.- \u00bfConocen a la Federaci\u00f3n de Ecuatorianos de Madrid, presidida por la espa\u00f1ola Lola Borge, que se ha desmarcado de su convocatoria?<\/p>\n<p>R.- Yo espec\u00edficamente ayer estuve con las asociaciones de esta Federaci\u00f3n. Salimos unidos de esa reuni\u00f3n. Ma\u00f1ana todos estaremos all\u00ed. <\/p>\n<p>P.- \u00bfEl colectivo que representa est\u00e1 sorprendido con todas estas disputas entre politicos sobre lemas y manifestaciones, metiendoles a ustedes por medio? <\/p>\n<p>R.- Nosotros no queremos entrar al juego pol\u00edtico interno. Son ellos los que tienen que actuar. Nosotros hemos convocado una manifestaci\u00f3n democr\u00e1tica. <\/p>\n<p>P.- \u00bfNo piensa que est\u00e1 siendo manipulada su participaci\u00f3n en la manifestaci\u00f3n del d\u00eda 13?<\/p>\n<p>R.- Definitivamente no. Nosotros tomamos la iniciativa de esta manifestaci\u00f3n. <\/p>\n<p>P.- \u00bfCu\u00e1ntos ecuatorianos hay en el Pa\u00eds Vasco y qu\u00e9 piensan de ETA? Gracias.<\/p>\n<p>R.- Alrededor de 13.000 y 15.000 residen all\u00ed. De ellos, 7.000 est\u00e1n en Vizcaya y el resto entre Guipuzcoa y \u00c1lava. Cada uno tendr\u00e1 su valoraci\u00f3n. Nosotros consideramos a la sociedad vasca una sociedad plural que nos ha ayudado mucho y no vamos a generalizar porque haya un peque\u00f1o grupo de terroristas. No vamos a cambiar la percepci\u00f3n del pueblo vasco. <\/p>\n<p>P.- Estimado senor Morales. Lamento esta tragedia de sus nacionales. Pero, \u00bfno le parece que las v\u00edctimas ecuatorianas y la asociaci\u00f3n que usted preside se est\u00e1n transformando en moneda de cambio del actual juego pol\u00edtico? Gracias<\/p>\n<p>R.- Es lo que nosotros cuidamos mucho. Este espacio que se nos ha permitido opinar es para se\u00f1alar que tenemos pensamiento y podemos contribuir no solo con la mano de obra f\u00edsica sino con nuestras ideas para que la Espa\u00f1a del futuro sea m\u00e1s moderna, solidaria, humana y viva en paz. <\/p>\n<p>P.- \u00bfQu\u00e9 le pide a este 2007 para los ecuatorianos residentes en Espa\u00f1a y para su pais?<\/p>\n<p>R.- Primero la unidad de todos mis compatriotas en Espa\u00f1a. En mi pa\u00eds que podamos tener por fin alg\u00fan gobierno que gobierne para las mayor\u00edas y deseche la corrupci\u00f3n y vaya caminando hacia el desarrollo. <\/p>\n<p>P.- \u00bfQue le parece que en algunos medios de comunicaci\u00f3n les hayan advertido de que ustedes mayoritariamente habitan en comunidades gobernadas por el PP? Gracias y Animo<\/p>\n<p>R.- No s\u00e9 si es casualidad o no. Creemos que vivimos en una Espa\u00f1a plural. Tambi\u00e9n vivimos en Andaluc\u00eda, Catalu\u00f1a y Pa\u00eds Vasco, que no gobierna el PP. <\/p>\n<p>P.- Para ustedes, el atentado de Barajas \u00bfqu\u00e9 fue un accidente o un asesinato?<\/p>\n<p>R.- Quien pone bombas y quien ordena su colocaci\u00f3n son conscientes de que pueden causar muertes. <\/p>\n<p>P.- \u00bfQu\u00e9 le parece que la AVT, no asista a la manifestaci\u00f3n? <\/p>\n<p>R.- No entro a valorarlo. <\/p>\n<p>P.- \u00bfSe siente amenazado por ETA ?<\/p>\n<p>R.- A veces los que apostamos a luchar por la paz podemos correr riesgos. Muchos de los que han apostado por ella han muerto. Yo vivo tranquilo. <\/p>\n<p>P.- \u00bfCree que el di\u00e1logo y el proceso de paz es el camino para solucionar el problema de ETA? <\/p>\n<p>R.- Eso les corresponde a los actores pol\u00edticos. <\/p>\n<p>P.- Parece ser que la FENADEE ha vivido momentos convulsos: peleas internas, conflictos entre varias facciones..usted es el Presidente desde hace relativamente poco. Se siente legitimado ahora mismo como representate principal de los ecuatorianos?<\/p>\n<p>R.- Yo he tenido el respaldo total y el apoyo incondicional de todas las asociaciones que pertenecen a la FENADEE.<\/p>\n<p>P.- \u00bfQu\u00e9 habr\u00eda que hacer para castigar y debilitar a quienes trantan de sacar provecho de la divisi\u00f3n?<\/p>\n<p>R.- Que les juzgue la opini\u00f3n p\u00fablica. <\/p>\n<p>P.- \u00bfCree que es apropiada la actitud del Gobierno en cuanto a las v\u00edctimas? \u00bfPiensa que hay intereses partidistas en dar una imagen de desuni\u00f3n?<\/p>\n<p>R.- El Gobierno ha hecho lo que deb\u00eda hacer en estas circunstancias y ha apoyado desde el primer momento a los familiares. Lo que la ley determina se ha aplicado en estos casos. La Comunidad de Madrid (bomberos, voluntarios&#8230;) ha estado tambi\u00e9n apoyando en todo momento. Todos han arrimado el hombro para salir de la crisis tras el brutal atentado. <\/p>\n<p>P.- \u00bfCual es la raz\u00f2n de la terrible sangr\u00eca que supone el \u00e8xodo laboral de tantos ecuatorianos al viejo continente?. \u00bfComo podr\u00eca hacerse para evitarlo?<\/p>\n<p>R.- Las condiciones econ\u00f3micas en que viven mis compatriotas en Ecuador no garantizan la manera de vivir dignamente, en un estado de bienestar. Ello es fruto de la corrupci\u00f3n, del populismo pol\u00edtico, de la irresponsabilidad de los gobiernos de turno. <\/p>\n","protected":false},"excerpt":{"rendered":"<p>Tras el atentado de Barajas en el que murieron dos ciudadanos ecuatorianos, la Asociaci\u00f3n de Ecuatorianos en Espa\u00f1a se manifestar\u00e1 ma\u00f1ana en la capital para mostrar su repulsa al terrorismo. FENADEE, que representa a 180 asociaciones de ecuatorianos, se manifestar\u00e1 junto a los sindicatos UGT y CC.OO, y m\u00e1s de 300 colectivos de los principales partidos, salvo el PP. El presidente de la Asociaci\u00f3n de Ecuatorianos en Espa\u00f1a, ha charlado con los lectores. FOTO: EFE<\/p>\n","protected":false},"author":1,"featured_media":0,"comment_status":"open","ping_status":"open","sticky":false,"template":"","format":"standard","meta":{"footnotes":""},"categories":[],"tags":[],"class_list":["post-948","post","type-post","status-publish","format-standard","hentry"],"_links":{"self":[{"href":"https:\/\/intervius.com\/index.html\/wp-json\/wp\/v2\/posts\/948","targetHints":{"allow":["GET"]}}],"collection":[{"href":"https:\/\/intervius.com\/index.html\/wp-json\/wp\/v2\/posts"}],"about":[{"href":"https:\/\/intervius.com\/index.html\/wp-json\/wp\/v2\/types\/post"}],"author":[{"embeddable":true,"href":"https:\/\/intervius.com\/index.html\/wp-json\/wp\/v2\/users\/1"}],"replies":[{"embeddable":true,"href":"https:\/\/intervius.com\/index.html\/wp-json\/wp\/v2\/comments?post=948"}],"version-history":[{"count":0,"href":"https:\/\/intervius.com\/index.html\/wp-json\/wp\/v2\/posts\/948\/revisions"}],"wp:attachment":[{"href":"https:\/\/intervius.com\/index.html\/wp-json\/wp\/v2\/media?parent=948"}],"wp:term":[{"taxonomy":"category","embeddable":true,"href":"https:\/\/intervius.com\/index.html\/wp-json\/wp\/v2\/categories?post=948"},{"taxonomy":"post_tag","embeddable":true,"href":"https:\/\/intervius.com\/index.html\/wp-json\/wp\/v2\/tags?post=948"}],"curies":[{"name":"wp","href":"https:\/\/api.w.org\/{rel}","templated":true}]}}