{"id":9476,"date":"2011-11-29T00:00:00","date_gmt":"2006-11-06T00:00:00","guid":{"rendered":"https:\/\/intervius.com\/index.html\/?p=9476"},"modified":"2006-11-06T00:00:00","modified_gmt":"2006-11-06T00:00:00","slug":"Joaquin_Estefania9476","status":"publish","type":"post","link":"https:\/\/intervius.com\/index.html\/Joaquin_Estefania9476\/","title":{"rendered":"Joaqu\u00edn Estefan\u00eda"},"content":{"rendered":"<p>Pregunta.- Si fueras Presidente del Gobierno de Espa\u00f1a, \u00bfqu\u00e9 decisiones econ\u00f3micas tomar\u00edas? \u00bfY si fueras presidente del BCE? <\/p>\n<p>Respuesta.- Buenas tardes. La primera decisi\u00f3n, comparecer inmediatamente parqa explicar mi programa de Gobierno y presentar al responsable econ\u00f3mico. Segundo, comparecer con los principales l\u00edderes de la oposici\u00f3n para demostrar a los inversores y a los mercados que la pol\u00edtica econ\u00f3mica se ha convertido en una pol\u00edtica de Estado. Tercero, viajar a Bruselas y explicar a la UE que la opini\u00f3n un\u00e1nime de las fuerzas pol\u00edticas espa\u00f1olas es que hay que flexibilizar los plazos y las condiciones del ajuste para dar oportunidades al crecimiento econ\u00f3mico. Si fuera presidente del BCE bajar\u00eda los tipos de inter\u00e9s y dar\u00eda a conoce4r a los l\u00edderes ni opini\u00f3n favorable a convertirme en prestamistas en \u00faltimqa instancia y comprar deuda p\u00fablica de los pa\u00edses con problemas. no hay otra soluci\u00f3n.<\/p>\n<p>P.- Saludos de un berciano emigrante en Panam\u00e1. \u00bfCrees que alg\u00fan d\u00eda se aprobara una tasa sobre transacciones econ\u00f3micas a nivel mundial? <\/p>\n<p>R.- S\u00ed, lo creo. Es un deseo un\u00e1nime que s3e har\u00e1 realidad en cuanto los pol\u00edticos se sacudan de las presiones de los lobbys financieros, que son muchas. Especialmente, de las presiones brit\u00e1nicas.<\/p>\n<p>P.- \u00bfA qu\u00e9 se debe el t\u00edtulo &#8220;La econom\u00eda del miedo&#8221;?<\/p>\n<p>R.- El miedo ha sido siempre un fiel aliado del poder. Cuando uno tiene miedo, para liza sus reacciones. Nos han inoculado el miedo a la inseguridad econ\u00f3mica, al paro, al &#8220;otro&#8221;, etc\u00e9tera. El miedo da paso al cabreo y a la indignaci\u00f3n. Estamos entrando con lentitud en esta segunda fase, porque los indignados son muy heter\u00f3g\u00e9neos (j\u00f3venes y viejos, asalariados del sector privado, parados y funcionarios, profesiones liberales,&#8230;) y cuesta encontrar f\u00f3rmulas de organizaci\u00f3n en la sociedad del conocimienyo, ya que \u00b4\u00b4estas son diferentes de las de la sociedad industrial, cl\u00e1sicas.<\/p>\n<p>P.- \u00bfQu\u00e9 opina de las teor\u00edas de Paul Krugman, alertando sobre el peligro de centrarnos exclusivamente en la reducci\u00f3n del d\u00e9ficit?. Gracias<\/p>\n<p>R.- Absolutamente correctas. Sin crecer no ser\u00e1 posible salir de la crisis, aunque tengamos d\u00e9ficit cero. Centrarse s\u00f3lo en el d\u00e9ficit es miope y significa no haber entendido nada de la experiencia de crisis pasadas (por erjemplo, de la Gran Depresi\u00f3n).<\/p>\n<p>P.- Qu\u00e9 tal, Joaqu\u00edn, mi pregunta es clara y directa: como economista, \u00bfc\u00f3mo ves a Espa\u00f1a en los 10 pr\u00f3ximos a\u00f1os? Yo me la imagino a la cola de la Europa de los 12 siendo un lastre para el resto de pa\u00edses y con unas condiciones laborales tercermundistas.<\/p>\n<p>R.- Los economistas, y mucho m\u00e1s los economistas-periodistas, solemos tener una capacidad de predicci\u00f3n nula. Dec\u00eda Keynes que a largo plazo, todos muertos, y una d\u00e9cada es el largo plazo. Loque m\u00e1s me inquieta es el paro de larga duraci\u00f3n (casi la mitad del paro actual) y el hecho de que todos los meses miles ede personas dejan de cobrar el seguro de desempleo porque ya han pasado dos a\u00f1os desde la primera vez que lo hicieron. Esta situaci\u00f3n es explosiva.<\/p>\n<p>P.- Hola Joaqu\u00edn. \u00bfcrees t\u00fa que existe posibilidad de que Espa\u00f1a deje el euro y volvamos a otra moneda como la peseta? \u00bfEn ese caso se producir\u00eda un &#8220;corralito&#8221; y los ahorros de los espa\u00f1oles quedar\u00edan dr\u00e1sticamente reducidos?<\/p>\n<p>R.- Aunque en las peores pesadillas lo he imaginado, no creo que Europa deje caer al euro porque ser\u00eda el primer paso para la destrucci\u00f3n de la propia UE. Recordemos que \u00e9sta se creo para que los europeos nos de4j\u00e1semos de matar entre s\u00ed, como sucedi\u00f3 en las dos guerras mundiales. Si Espa\u00f1a saliese del euro, cosa que -insisto- no creo que vaya a ocurrir, las posibilidades de corralito ser\u00edan muy grandes, y el poder adquisitivo de los ciudadanos se reducir\u00eda aproximadadamente a la mitad.<\/p>\n<p>P.- Buenos d\u00edas sr. Estefan\u00eda. Soy un completo analfabeto en cuestiones econ\u00f3micas y estoy aterrado, no me duelen prendas reconocer ambas cosas. Mi pregunta es la siguiente, \u00bfsaco mi dinero del banco y lo guardo bajo una baldosa? Le saluda un seguidor fiel de la cadena SER.<\/p>\n<p>R.- Si est\u00e1 aterrado, usted forma parte de la &#8220;econom\u00eda del miedo&#8221; que denuncio en mi libro. La culpa no es suya, sino de los ide\u00f3logos del miedo, que todos los d\u00edas nos asustan para que permanezcamos paralizados y no protestemos del gran saqueo. Yo creo que es precipitado volver a la econom\u00eda del colch\u00f3n, aunque acabo de llegar de Buenos Aires y all\u00ed, que tienen mucha experiencia en crisis financieras, se ha desbancarizado mucho la econom\u00eda. La gente cobra sus sueldos en efectivo y los guarda. Ello lleva a otro problema: la seguridad. Todav\u00eda no hemos llegado a esa fase. Esperemos no verla.<\/p>\n<p>P.- \u00bf&#8221;El d\u00e9ficit esta por encima de todo&#8221; es compatible con &#8220;lo principal es el desempleo&#8221;? <\/p>\n<p>R.- No. Es una contradicci\u00f3n en los t\u00e9rminos. No se puede pedir al mismo tiempo una cosa y la contraria. El d\u00e9ficit es un problema instrumental; el desempleo es un problema finqalista. Se puede vivir (con dificultades) en una sociedad con el6% de d\u00e9ficit p\u00fablico. No se puede vivir en una sociedad con el 20% de paro.<\/p>\n<p>P.- \u00bfQu\u00e9 piensa del copago sanitario? Muchas gracias por su sinceridad.<\/p>\n<p>R.- Es una opini\u00f3n muy personal: no creo en la eficacia del copago sanitario. Tampoco soy partidario, en principio, de la doblei mposici\u00f3n (que uno pague normalmente sun impuestos y luego tenga que pagar de nuevo por la utilizaci\u00f3n de los servicios p\u00fablicos que han de financiarse con aquellos). comprendo los problemas de financiaci\u00f3n que hay y me gusta mucho la idea de que los ciudadanos conozcamos lo que cuesta el uso de los servicios p\u00fablicos, pero el copago, en mi opini\u00f3n, es ineficaz.<\/p>\n<p>P.- \u00bfCree que Alemania est\u00e1 fatalmente equivocada o sus prudentes, casi temerosas, recetas pueden ser efectivas para terminar fortaleciendo al conjunto de la Uni\u00f3n Europea? <\/p>\n<p>R.- Creo que est\u00e1n aplicando medidas paras satisfacer a su opini\u00f3n p\u00fablica interna, bombardeada por los mensajes de que los europeos del sur son despilfarradodes y no trabajadores. No ha aparecido un pol\u00edtico como el canciller Kohl (conse5rvador) o el canciller Schmidt (socialdem\u00f3crata) que diga a los alemanes que las actuales recetas, en el l\u00edmite, van tambi\u00e9n en contra de su futuro. Por cierto, no se dice casi nunca que en Alemania hay siete millones de asalariados que no est\u00e1n en el paro, pero cobran menos de 400 euros mensuales.<\/p>\n<p>P.- \u00bfTiene esta crisis unicamente su origen en la avaricia de los banqueros?<\/p>\n<p>R.- No. Es multifac\u00e9tica. Yo destacar\u00eda, entre esos or\u00edgenes, una doctrina econ\u00f3mica equivocada e ideologizada, que muchos economistas &#8220;vendieron&#8221; a los pol\u00edticos y a los ciudadanos, y que les hizo concebir la enso\u00f1aci\u00f3n de que est\u00e1bamos seguros y de que el progreso econ\u00f3mico era lineal. La falta de regulaci\u00f3n o la autoregulaci\u00f3n de los mercadows es una construcci\u00f3n falsa de la realidad. Muchos economistas se convirtieron en los &#8220;mayordomos del poder&#8221; y dieron argumentos a la varicia de los banqueros.<\/p>\n<p>P.- Creo el desfalco generalizado ha sido tal, que se nos ha llevado por delante.\u00bfCree usted que si no hubiera habido el nivel tan brutal de corrupci\u00f3n a nivel mundial que estamos viviendo, la crisis hubiera sido de estas dimensiones? <\/p>\n<p>R.- Hay que precisar el concepto de corrupci\u00f3n. En esta crisis ha habido mucha corrupci\u00f3n inwstitucionalizada, que no era ilegal sino que eastaba amparada por las doctrinas y por una forma de entender el mundo. Por ejemplo, los gigantescos bonus de muchos ejecutivos bancarios y no bancarios, han sido legales aunque sean amorales. Por tanto, hay que combatir la corrupci\u00f3n ilegal y establecer nuevas reglas del juego que eviten la rqapi\u00f1a legal.<\/p>\n<p>P.- \u00bfCu\u00e1nto dinero se va a ahorar el Estado con la congelaci\u00f3n de las pensiones de 5.000.000 de jubilados y pensionistas? Curiosidad de afectado. Gracias.<\/p>\n<p>R.- No dispongo ahora de ese dato, pero d\u00e9jeme expresarle una ituaci\u00f3n que le puede parecer sorprenderte como afectado: en estos cuatro a\u00f1os que llevamos de crisis econ\u00f3mica, pese a la escasa cuant\u00eda de muchas pensiones y de la \u00faltima congelaci\u00f3n, el colectivo de pensionistas ha sido uno de los menos perjudicados. Los parados ans\u00edan tener la seguridad de los pensionistas. Hay que mejorar mucho la situaci\u00f3n de estos \u00faltimos, pero una de los pocos avances que ha habido en los \u00faltimos tiempos es que no hay partido pol\u00edtico que se atreva con la privatizaci\u00f3n de las pensiones, de la que tanto se especul\u00f3 en el pasado.<\/p>\n<p>P.- \u00bfPor qu\u00e9 hay tanta presi\u00f3n internacional sobre Espa\u00f1a que tiene menos porcentaje de deuda que Alemania?<\/p>\n<p>R.- Tieme menos porcentaje de deuda p\u00fablica pero mucho m\u00e1s de deuda total. Entre deuda p\u00fablica y privada Espa\u00f1a debe alrededor de 370% de su PIB, del cual la mitad es deuda externa y la otra mitad deuda interna.<\/p>\n<p>P.- Despues de haber financiado los fondos estructurales europeos, \u00bfpor qu\u00e9 deber\u00eda Alemania financiar los fondos de rescate de los paises que se han beneficiado de ellos? \u00bfAcaso no estamos primando la irresponsabilidad en la gesti\u00f3n con la petici\u00f3n de emisi\u00f3n de los eurobonos?<\/p>\n<p>R.- Porque es la econom\u00eda que m\u00e1s se ha beneficiado de la existencia del euro, en cuanto al comercio y la inversi\u00f3n. Cuando se habla del fondo de rescate, eurobonos, compra de deuda, etc\u00e9tera, se ponen condiciones muy duras a los pa\u00edses presuntamente beneficiarios de ellas. No es que Alemania pague y los dem\u00e1s continuen como siempre. Las contrapartidas exigidas son fue fuertes en t\u00e9rminos de ajuste y austeridad. A veces, excesivas. En mi opini\u00f3n, no hay posibilidad de riesgo moral.<\/p>\n<p>P.- Ayer vi la pel\u00edcula Wall Street. \u00bfEs ficci\u00f3n, o nos tenemos que preocupar realmente? Me asombra cuando dice, en un momento dado, que en EEUU un porcentaje importante de la riqueza se obtiene por movimientos burs\u00e1tiles. \u00bfEst\u00e1 de acuerdo?<\/p>\n<p>R.- No hay nada de ficci\u00f3n. Si usted vio la primera parte de Wall Street, que es de hace bastantes a\u00f1os, muchos de los abusos que se presentan son cosas de ni\u00f1os comparadas con las irregularidades de hoy. Para actualizarse, le recomiendo, por ejemplo, el documental &#8220;Inside jobs&#8221;, que refleja muy bien el saqueo de esta crisis. Hay que preocuparse primero, y luego exigir una econom\u00eda en la que el concepto de desigualdad no sea marginal, como hasta ahora.<\/p>\n<p>P.- \u00bfC\u00f3mo amenazan los servicios de valoracion y calificaci\u00f3n? \u00bfcu\u00e1les son sus ventajas e inconvenientes?<\/p>\n<p>R.- Supongo que se refiere a las agencias de calificaci\u00f3n de riestgos. Hay centenares de ellas, pero s\u00f3lo tres tienen significaci\u00f3n y act\u00faan en r\u00e9gimen de oligopolio. Para prestar dinero a los Estados, las comunidades, los ayuntamientos y a las empresas grandes,los bancos piden la valoraci\u00f3n de las agencias. El problemas es que son privadas, que no han tenido ning\u00fan sistema de regulaci\u00f3n y que cuando se han equivocado (muchas veces y algunas de forma escandalosa) no se las ha exigido ninguna responsabilidad. En mi opini\u00f3n, el problema no est\u00e1 en estas agencias, sino en quienes les convienten su dictadura sin regular y hacer transparente su funcionamiento.<\/p>\n<p>P.- Parece que Alemania y Francia nos abandonan. En esta coyuntura, \u00bfno ser\u00eda mejor que nos sali\u00e9ramos del Euro?<\/p>\n<p>R.- No. Tampoco es seguro que Alemaniay Francia vayan a recorrer el mismo camino. tienen distintas culturas y diferentes maneras de entender la situaci\u00f3n. supongo que llegar\u00e1 un momento en que Sarkozy, o su sucesor, se alejar\u00e1n de las posiciones de Merkel y se acercar\u00e1n m\u00e1s a las de los dem\u00e1s pa\u00edses. Salirse del euro es una cat\u00e1strofe. Ya lo he mencionado antes: en mi opini\u00f3n, la capacidad adquisitiva de lows espa\u00f1oles se rweducir\u00eda a la mitad, como uno de los sus principales efectos.<\/p>\n<p>P.- \u00bfNo cree que los medios de comunicaci\u00f3n contribuyen muy activamente cada dia a la estrategia del miedo, que los poderosos han puesto en marcha hace a\u00f1os para tener a la sociedad paralizada (por el miedo) ante sus desmanes?<\/p>\n<p>R.- Sin duda, Los medios de comunicaci\u00f3n cl\u00e1sicos y los nuevos medios de comunicaci\u00f3n relacionados con la red. Probalmente, en estos momentos son los principales transmisores de la ideolog\u00eda del miedo. Adem\u00e1s, no pueden abstraerse de sus problemas concretos. Ya s\u00e9 que es una generalizaci\u00f3n y hay excepciones. Y que los medios transmiten a la sociedad lo que perciben en la sociedad.<\/p>\n<p>P.- C\u00f3mo ciudadano griego, \u00bfqu\u00e9 futuro cree que le espera a mi pa\u00eds en los pr\u00f3ximos 10 a\u00f1os? \u00bfEstaremos abocados a la emigraci\u00f3n masiva de nuevo?<\/p>\n<p>R.- Habr\u00e1 emigraci\u00f3n y ya hay empobrecimiento. Vamos a ver como sale su pa\u00eds de ese bucle que se ha formado entre el estancamiento econ\u00f3mico y la n3ecesidad de una pol\u00edtica econ\u00f3mica m\u00e1s ortodoxa. Adem\u00b4\u00e7as, Grecia se ha convertido en una especie de laboratorio para los dem\u00e1s. \u00bfMe permite que le aconseje una novela muy entretenida sobre este asunto?: &#8220;Con el agua al cuello&#8221; del gran Petros Ma<\/p>\n<p>P.- \u00bfQui\u00e9n ser\u00eda su ministro de Econom\u00eda para estos momentos?<\/p>\n<p>R.- Krugman, si se nacionaliza espa\u00f1ol.<\/p>\n<p>P.- \u00bfQue opinion le merece el indulto a Alfredo Sanz, del Santander?<\/p>\n<p>R.- No me ha gustado ni el fondo, ni la forma. Se ha indultado a la persona que tiene el sueldo m\u00e1s alto de Espa\u00f1a. Ello no obsta para que crea que Saenz es un buen banquero (si ho hay contradicci\u00f3n en los t\u00e9rminosm que lo es. Pero a otros no los indultan<\/p>\n<p>P.- \u00bfPor qu\u00e9 no se ha creado un banco p\u00fablico? \u00bfNo ser\u00eda esa una buena soluci\u00f3n?<\/p>\n<p>R.- Hay una especie de banco p\u00fablico, que es el Instituto de Cr\u00e9dito Oficial. El problema para los que nos gobiernan, pasados y futuros, es que entre unos y otros privatizaron la banca p\u00fablica que exist\u00eda y ahora no tienen la capacidad de autocr\u00edtica para reconocer que se equivocaron.<\/p>\n<p>P.- \u00bfCrees que 2013 ser\u00e1 igual de malo que 2012 a tenor del informe de la OCDE ?<\/p>\n<p>R.- No lo s\u00e9. Primero vamos a ver como evoluciona 2012. Sabemos que su primera parte ser\u00e1 dif\u00edcil; nadie se atreve a avanzar con precisi\u00f3n como ser\u00e1 la segunda parte. Las intuiciones y las tendencias no son buenas.<\/p>\n<p>P.- Buenas Joaqu\u00edn. Al hilo del t\u00edtulo de su libro, a m\u00ed me da miedo perder mis ahorros \u00bfd\u00f3nde tiene los suyos? \u00bfHa tomado alguna decisi\u00f3n respecto a ellos \u00faltimamente? Gracias<\/p>\n<p>R.- A todos los que tienen ahorros les da miedo perderlos. \u00bfTiene usted plan de pensiones privado? No tire la carta del banco e inf\u00f3rmese de las p\u00e9rdidas que previsiblemente ha sufrido este a\u00f1o y que tienden a pasar desapercibidas. M\u00e1s que ahorros tengo deudas. La \u00fanica decisi\u00f3n que he tomado \u00faltimamente ha sido la de amortizar antes de tiempo la hipoteca que ten\u00eda sobre mi domicilio habitual.<\/p>\n<p>P.- \u00bfCrees que es posible seguir creciendo indefinidamente en un planeta con recursos limitados?<\/p>\n<p>R.- No. Creo que la crisis ha oscurecido lo que usted plantea. La siguiente crisis ser\u00e1 energ\u00e9tica y de materias primas (incluyendo los alimenetos). No s\u00f3lo por un problema de escasez, que tambi\u00e9n, sino de especulaci\u00f3n. El cambio clim\u00e1tico me parece uno de los problemas m\u00e1s dram\u00e1ticos que padece la humanidad y observo con mucha preocupaci\u00f3n que lo urgente ha borrado a lo importante.<\/p>\n<p>P.- \u00bfEs usted de los que todav\u00eda creen que este sistema econ\u00f3mico tiene arreglo?<\/p>\n<p>R.- Soy de los que creen conocer las limitaciones objetivas de este sistema y de los que se devanan los sesos porque no conoce ninguno alternativo que haya funcionado. Por tanto, en este momento me interesan m\u00e1s las reformas que mejoren la situaci\u00f3n que las utop\u00edas que no pasan de generalidades.<\/p>\n<p>P.- \u00bfQu\u00e9 opini\u00f3n tiene usted de las intervenciones de la CAM, Bancaixa y el Banco de Valencia, todas en la Comunidad Valenciana? <\/p>\n<p>R.- Hasta ahora, todas ellas me parecen socializaci\u00f3n de p\u00e9rdidas. Espero la segunda parte de las operaciones. Me preocupa mucho que al albur de los abusos de las cajas se llegue a un sector financiero espa\u00f1ol oligop\u00f3licos donde los ciudadanos no tengamos posibilidades reales de escoger.<\/p>\n<p>P.- \u00bfA alguien le interesa un periodo deflacionario?<\/p>\n<p>R.- Creo que a nadie con dos dedos de frente. Vease Jap\u00f3n.<\/p>\n<p>P.- \u00bfQu\u00e9 &#8220;deuda&#8221; tienen contra\u00edda los pol\u00edticos europeos con los mercados financieros? <\/p>\n<p>R.- \u00bfQu\u00e9 &#8220;deuda&#8221; tienen contra\u00edda los pol\u00edticos europeos con los mercados financieros? <\/p>\n","protected":false},"excerpt":{"rendered":"<p>El periodista y escritor Joaqu\u00edn Estefan\u00eda, exdirector de EL PA\u00cdS, publica &#8220;La econom\u00eda del miedo&#8221; y charla con los lectores sobre este tema. <\/p>\n","protected":false},"author":1,"featured_media":0,"comment_status":"open","ping_status":"open","sticky":false,"template":"","format":"standard","meta":{"footnotes":""},"categories":[],"tags":[],"class_list":["post-9476","post","type-post","status-publish","format-standard","hentry"],"_links":{"self":[{"href":"https:\/\/intervius.com\/index.html\/wp-json\/wp\/v2\/posts\/9476","targetHints":{"allow":["GET"]}}],"collection":[{"href":"https:\/\/intervius.com\/index.html\/wp-json\/wp\/v2\/posts"}],"about":[{"href":"https:\/\/intervius.com\/index.html\/wp-json\/wp\/v2\/types\/post"}],"author":[{"embeddable":true,"href":"https:\/\/intervius.com\/index.html\/wp-json\/wp\/v2\/users\/1"}],"replies":[{"embeddable":true,"href":"https:\/\/intervius.com\/index.html\/wp-json\/wp\/v2\/comments?post=9476"}],"version-history":[{"count":0,"href":"https:\/\/intervius.com\/index.html\/wp-json\/wp\/v2\/posts\/9476\/revisions"}],"wp:attachment":[{"href":"https:\/\/intervius.com\/index.html\/wp-json\/wp\/v2\/media?parent=9476"}],"wp:term":[{"taxonomy":"category","embeddable":true,"href":"https:\/\/intervius.com\/index.html\/wp-json\/wp\/v2\/categories?post=9476"},{"taxonomy":"post_tag","embeddable":true,"href":"https:\/\/intervius.com\/index.html\/wp-json\/wp\/v2\/tags?post=9476"}],"curies":[{"name":"wp","href":"https:\/\/api.w.org\/{rel}","templated":true}]}}