{"id":947,"date":"2007-01-15T00:00:00","date_gmt":"2006-11-06T00:00:00","guid":{"rendered":"https:\/\/intervius.com\/index.html\/?p=947"},"modified":"2006-11-06T00:00:00","modified_gmt":"2006-11-06T00:00:00","slug":"Juan_Carlos_Pastor947","status":"publish","type":"post","link":"https:\/\/intervius.com\/index.html\/Juan_Carlos_Pastor947\/","title":{"rendered":"Juan Carlos Pastor"},"content":{"rendered":"<p>Pregunta.- \u00bfc\u00f3mo vaticina vd. el futuro del balonmano en Espa\u00f1a? Cada vez hay m\u00e1s afici\u00f3n y m\u00e1s jugadores infantiles con sue\u00f1os. \u00bfle tranquiliza eso, o cree que todav\u00eda ser\u00eda necesario un mayor impulso y apoyo por parte de las instituciones?<\/p>\n<p>Respuesta.- Los clubes est\u00e1n en su mejor momento, somos la mejor liga dle mundo. Tambi\u00e9n la liga es cada vez m\u00e1s competitiva los \u00faltimas a\u00f1os en la selecci\u00f3n estamos intentando seguir un nivel. Y lo m\u00e1s importante es lo que dices , que la gente siga jugando, estamos repuntando y eso es importante, esperamos que los \u00e9xitos animen a la gente. Las canchas se llenan cada vez m\u00e1s y hay que seguir trabajando para ello y tambi\u00e9n para la promoci\u00f3n y formaci\u00f3n de nuevos talentos.<\/p>\n<p>P.- En este mundial Espa\u00f1a no ser\u00e1 la eterna candidata o la opci\u00f3n m\u00e1s descabellada. \u00bfC\u00f3mo afectar\u00e1 esto a los jugadores y las selecciones rivales? Seguro que han estudiado cada uno de los detalles de la selecci\u00f3n<\/p>\n<p>R.- Debemos estar tranquilos para estar arriba hay que empezar por cada entrenamiento y cada partido. Hemos empezado desde el 26 de enero entrenando duro y esta semana toca Alemania, tenemos que ser humildes, ser serios sacrificados y hacer un buen balonmano y tener hambre, la gente est\u00e1 trabajando bien, pero ahora tocan los partidos. Hay que pensar en el trabajo diario porque nadie te va a regalar nada y todo el mundo va a por nosotros.<\/p>\n<p>P.- Buenos d\u00edas Juan Carlos, antes de nada, felicidades por su estupendo trabajo en la selecci\u00f3n y por los \u00e9xitos cosechados. Mi pregunta es la siguiente; \u00bfno cree usted que nuestro juego en ataque se basa m\u00e1s en las individualidades de ciertos jugadores, que no en un juego de equipo?<\/p>\n<p>R.- No. Intentamso sacar las m\u00e1ximas virtudes a esas individualidades o estamos intentando jugar como un equipo. Lo que pasa es que habr\u00e1 d\u00edas que lo hagamos bien o que no salga no porque no queramos, nosotros s\u00ed queremos jugar como en equipo en ataque, en defensa. \u00bfQu\u00e9 tenemos que trabajar m\u00e1s? S\u00ed, seguramente.<\/p>\n<p>P.- Buenos dias: Le escribo desde Le\u00f3n, donde, como usted sabe perfectamente, el balonmano se casi una tradici\u00f3n. Pero, \u00bfc\u00f3mo ve realmente el futuro de este gran deporte? \u00bfCree que es justo el trato que se le da en los medios de comunicaci\u00f3n? Gracias<\/p>\n<p>R.- Merecemos m\u00e1s, pero desde donde estamos tenemso que trabajar para que se nos reconozca m\u00e1s y estemos mejor considerados.<\/p>\n<p>P.- \u00bfCu\u00e1les son para usted los tres mejores jugadores actuales?\u00bfQu\u00e9 opina del balonmano polaco, es la nueva &#8220;islandia&#8221; en cuanto a la enorme progresi\u00f3n?<\/p>\n<p>R.- Hay muchos destacados, no se puede hablar y no me gusta personalizar en mi equipo tampoco. En extranjeros Kardatic, que est\u00e1 a un gran nivel o Dalic. Tambi\u00e9n podemos decir de los alemanes se puede destacar Henf. Aunque espa\u00f1oles tenemos grandes jugadores, pero no me gusta personalizar. En cuanto a Polonia: S\u00ed, pero con otro estilo. Muy grandes, din\u00e1micos, Islandia es genet m\u00e1s peque\u00f1a y juega m\u00e1s r\u00e1pido, estos miden dos metros&#8230; est\u00e1n en verdadero crecimiento han tenido una \u00e9poca mala y la han recuperado.<\/p>\n<p>P.- Tengo entendido que tanto t\u00fa como Zupo Equ\u00edsoain er\u00e1is porteros en vuestros tiempos de jugadores. \u00bfCrees que desde la posici\u00f3n de portero se pueden &#8220;ver&#8221; mejor las cosas y eso haya podido inifluir en vuestro \u00e9xito como entrenadores? \u00bfO es mera casualidad?<\/p>\n<p>R.- Bueno desde atr\u00e1s se ven m\u00e1s cosas. Es un punto de vista diferente, s\u00ed es un detalle m\u00e1s que ha podido influir. Ha habido muchos entrenadores que han sido porteros, al igual que centrales. Es un punto de vista diferente.<\/p>\n<p>P.- Buenos d\u00edas Sr. Pastor, Si tuviera que hacer una lista con las cinco mejores selecciones del mundo, \u00bfcu\u00e1les ser\u00edan? y \u00bfqu\u00e9 lugar ocupar\u00eda Espa\u00f1a en esa lista? Mucha suerte para el campeonato del Mundo. <\/p>\n<p>R.- Para m\u00ed: Espa\u00f1a, Francia, Croacia, Alemania y Dinamarca. El orden lo va a decidir el Mundial. <\/p>\n<p>P.- \u00bfValor\u00f3 la posibilidad de convocar a Talant a la selecci\u00f3n?<\/p>\n<p>R.- Ahora ya no, \u00e9n T\u00fanez s\u00ed, pero el me habla de ciclos y me dijo que ya no. Pero antes de T\u00fanez estuve hablando con \u00e9l.<\/p>\n<p>P.- \u00bfCrees que tienes una plantilla lo suficientemente equilibrada, para afrontar las distintas variantes t\u00e1cticas que seguro necesitar\u00e1s a lo largo de la competici\u00f3n?<\/p>\n<p>R.- Es lo que hemos intentado llevar el equipo lo m\u00e1s solido posible, queremos jugar no con 8 jugadores sino con 16. Hemos buscado el equilibrio y la solidez defensiva.<\/p>\n<p>P.- \u00bfC\u00f3mo se ha creado el esp\u00edritu competitivo de la selecci\u00f3n (a pesar de la cantidad de comunitarios y extranjeros existentes en la liga ASOBAL) para que ahora sean las selecciones del este, preferentemente, las que nos tengan un respeto considerable?<\/p>\n<p>R.- Hemos conseguido ser un equipo tanto dentro como fuera del campo. La gente tambi\u00e9n quiere ganar con la selecci\u00f3n, nos vemos como unso privilegiados. Tambi\u00e9n te lleva uno mismo, no me gusta perder, luchamos por ganar siempre y lo intentamos. El respeto lo hemos conseguido con el trabajo diario, todo el mundo sabe que vamos, que cuando nos juntamos y entrenamos vamos.<\/p>\n<p>P.- \u00bfEn qu\u00e9 medida pueden afectar al rendimiento de la selecci\u00f3n las bajas de Rocas y Puig?<\/p>\n<p>R.- Albert es un gran finalizador, para m\u00ed entre los tres mejores del mundo, hemso buscado a V\u00edctor Tom\u00e1s aunque sea muy joven, debuta en este mundial igual que Albert en T\u00fanez. Esperemos que solventemos entre todos su trabajo.<\/p>\n<p>P.- \u00bfPor qu\u00e9 rechaz\u00f3 recientemente la oferta del Barcelona?<\/p>\n<p>R.- (Risas) La respuesta es por qu\u00e9 renov\u00e9 por Valladolid. Renov\u00e9 por Valladolid porque hab\u00eda un proyecto serio. Est\u00e1bamos empezando a fichar gente, porque me quieren, porque tengo un presidente que me respalda al m\u00e1ximo. Y cre\u00eda que no era el momento de cambiar a mi familia de mi lugar, yo vivo para el balonmano y mi familia. Yo no hablo de si he tenido ofertas o no, s\u00f3lo hablo de la realidad y la realidad es que renov\u00e9 por el Valladolid.<\/p>\n<p>P.- \u00bfLe queda alg\u00fan reto importante por cumplir en el balonmano?<\/p>\n<p>R.- El trabajar cada d\u00eda, el tener \u00e9xito cada d\u00eda. Y a m\u00ed me gustar\u00eda como selecci\u00f3n jugar una Olimpiada y hacer algo en ella. Y como club ganar un t\u00edtulo europeo.<\/p>\n<p>P.- \u00bfJuan Carlos si se prohibiera el compartir Selecci\u00f3n y el Valladolid por cu\u00e1l te decidir\u00edas? Gracias<\/p>\n<p>R.- No puedo decidir, llegamos a un acuerdo, era una mesa de tres patas. Juan Carlos Pastor, Dionisio Miguel Recio (Valladolid) y Federaci\u00f3n. Yo tengo claro que puse unas condiciones, quer\u00eda el ciclo ol\u00edmpico y compratir. Yo decid\u00ed en su momento. Si alguno quiere cambiar la situaci\u00f3n la mesa se caer\u00e1. Yo tengo claro que es lo que quiero, no voy a elegir, ya lo hice en su momento.<\/p>\n<p>P.- \u00bfEn qu\u00e9 medida afectar\u00e1 la baja de Albert Rocas al equipo? \u00bfqui\u00e9n ser\u00e1 el encargado de lanzar los penaltys?<\/p>\n<p>R.- Ahora tenemos a Iker, a Juan\u00edn, Demetrio, V\u00edctor Tom\u00e1s y a Roberto Garc\u00eda Parrondo y siempre ha habido jugadores que han lanzado penaltis como Mateo Garralda, Alberto en alg\u00fan instante.<\/p>\n","protected":false},"excerpt":{"rendered":"<p>El seleccionador charlar\u00e1 con los lectores la misma semana que comienza el Campeonato del Mundo. La competici\u00f3n que tendr\u00e1 lugar en Alemania supondr\u00e1 el reto para los de Pastor de revalidar el t\u00edtulo conseguido en 2005 en T\u00fanez. El seleccionador ha charlado con los lectores.<\/p>\n","protected":false},"author":1,"featured_media":0,"comment_status":"open","ping_status":"open","sticky":false,"template":"","format":"standard","meta":{"footnotes":""},"categories":[],"tags":[],"class_list":["post-947","post","type-post","status-publish","format-standard","hentry"],"_links":{"self":[{"href":"https:\/\/intervius.com\/index.html\/wp-json\/wp\/v2\/posts\/947","targetHints":{"allow":["GET"]}}],"collection":[{"href":"https:\/\/intervius.com\/index.html\/wp-json\/wp\/v2\/posts"}],"about":[{"href":"https:\/\/intervius.com\/index.html\/wp-json\/wp\/v2\/types\/post"}],"author":[{"embeddable":true,"href":"https:\/\/intervius.com\/index.html\/wp-json\/wp\/v2\/users\/1"}],"replies":[{"embeddable":true,"href":"https:\/\/intervius.com\/index.html\/wp-json\/wp\/v2\/comments?post=947"}],"version-history":[{"count":0,"href":"https:\/\/intervius.com\/index.html\/wp-json\/wp\/v2\/posts\/947\/revisions"}],"wp:attachment":[{"href":"https:\/\/intervius.com\/index.html\/wp-json\/wp\/v2\/media?parent=947"}],"wp:term":[{"taxonomy":"category","embeddable":true,"href":"https:\/\/intervius.com\/index.html\/wp-json\/wp\/v2\/categories?post=947"},{"taxonomy":"post_tag","embeddable":true,"href":"https:\/\/intervius.com\/index.html\/wp-json\/wp\/v2\/tags?post=947"}],"curies":[{"name":"wp","href":"https:\/\/api.w.org\/{rel}","templated":true}]}}