{"id":9469,"date":"2010-01-18T00:00:00","date_gmt":"2006-11-06T00:00:00","guid":{"rendered":"https:\/\/intervius.com\/index.html\/?p=9469"},"modified":"2006-11-06T00:00:00","modified_gmt":"2006-11-06T00:00:00","slug":"Teser9469","status":"publish","type":"post","link":"https:\/\/intervius.com\/index.html\/Teser9469\/","title":{"rendered":"Teser"},"content":{"rendered":"<p>Pregunta.- Despu\u00e9s de tu paso por la escuela, notas q algo a tu alrededor ha cambiado?<\/p>\n<p>Respuesta.- Ahora tengo m\u00e1s ganas de trabajar y formarme.<\/p>\n<p>P.- Qu\u00e9 espiritu sigue un b-boy como t\u00fa?<\/p>\n<p>R.- Sobre todo el del trabajo y la confianza en tu grupo y la superaci\u00f3n.<\/p>\n<p>P.- como definirias tu paso por la escuela?<\/p>\n<p>R.- Ha sido breve pero intenso. Lo poco que he estado he dejado un poco de huella en mis compa\u00f1eros.<\/p>\n<p>P.- si no hubieras salido \u00bfa quien hubieras retado?<\/p>\n<p>R.- En un principio no lo ten\u00eda claro, pero al final hubiera retado a Diego por su pareja.<\/p>\n<p>P.- cres que si hubieses entrado antes aora no estarias expulsado<\/p>\n<p>R.- Creo que s\u00ed.<\/p>\n<p>P.- Si hubieras podido cambiar de pareja con quien te abria gustado estar? Anabel de Alicante<\/p>\n<p>R.- Con Mimi o Yaima.<\/p>\n<p>P.- ola Teser, \u00bfcrees que tu compa\u00f1era Natalia ganara el reto?<\/p>\n<p>R.- Sinceramente creo que no.<\/p>\n<p>P.- \u00bfquien es para ti el ganador de parejas de esta edicion? \u00bfy el ganador individual?<\/p>\n<p>R.- Individual creo que va a ser Jonathan, y la pareja, Albert y Yohara.<\/p>\n<p>P.- Animo Teser, La verdad que espera que saliera Natalia no tu. \u00bfque planes tienes ahora? me explico \u00bfseguiras como un b-boy o tb te formaras en otrs estilos?<\/p>\n<p>R.- Seguir\u00e9 machacando lo m\u00edo pero seguir\u00e9 form\u00e1ndome en algunos estilos m\u00e1s.<\/p>\n<p>P.- Teser, \u00bfcrees que deberias haberte quedado aunque sea para el reto?<\/p>\n<p>R.- Por un parte s\u00ed, pero por otra en verdad me quedo m\u00e1s tranquilo porque as\u00ed no reto a nadie que no me apetec\u00eda. <\/p>\n","protected":false},"excerpt":{"rendered":"<p>Consulta la entrevista con el \u00faltimo expulsado<\/p>\n","protected":false},"author":1,"featured_media":0,"comment_status":"open","ping_status":"open","sticky":false,"template":"","format":"standard","meta":{"footnotes":""},"categories":[],"tags":[],"class_list":["post-9469","post","type-post","status-publish","format-standard","hentry"],"_links":{"self":[{"href":"https:\/\/intervius.com\/index.html\/wp-json\/wp\/v2\/posts\/9469","targetHints":{"allow":["GET"]}}],"collection":[{"href":"https:\/\/intervius.com\/index.html\/wp-json\/wp\/v2\/posts"}],"about":[{"href":"https:\/\/intervius.com\/index.html\/wp-json\/wp\/v2\/types\/post"}],"author":[{"embeddable":true,"href":"https:\/\/intervius.com\/index.html\/wp-json\/wp\/v2\/users\/1"}],"replies":[{"embeddable":true,"href":"https:\/\/intervius.com\/index.html\/wp-json\/wp\/v2\/comments?post=9469"}],"version-history":[{"count":0,"href":"https:\/\/intervius.com\/index.html\/wp-json\/wp\/v2\/posts\/9469\/revisions"}],"wp:attachment":[{"href":"https:\/\/intervius.com\/index.html\/wp-json\/wp\/v2\/media?parent=9469"}],"wp:term":[{"taxonomy":"category","embeddable":true,"href":"https:\/\/intervius.com\/index.html\/wp-json\/wp\/v2\/categories?post=9469"},{"taxonomy":"post_tag","embeddable":true,"href":"https:\/\/intervius.com\/index.html\/wp-json\/wp\/v2\/tags?post=9469"}],"curies":[{"name":"wp","href":"https:\/\/api.w.org\/{rel}","templated":true}]}}