{"id":9466,"date":"2010-01-20T00:00:00","date_gmt":"2006-11-06T00:00:00","guid":{"rendered":"https:\/\/intervius.com\/index.html\/?p=9466"},"modified":"2006-11-06T00:00:00","modified_gmt":"2006-11-06T00:00:00","slug":"Inako_Diaz_Guerra9466","status":"publish","type":"post","link":"https:\/\/intervius.com\/index.html\/Inako_Diaz_Guerra9466\/","title":{"rendered":"I\u00f1ako D\u00edaz Guerra"},"content":{"rendered":"<p>Pregunta.- \u00bfNo crees que Tiago va a ser fundamental? \u00a1sabe tocarla!!! Q tal un 3-5-2, Perea Ujfa, Dom\u00ednguez, Assun\u00e7ao, Tiago, Salvio, Jurado, Reyes, Forl\u00e1n, Ag\u00fcero. As\u00ed podr\u00edan jugar 3 mediapuntas. Me parece que Jurado y Reyes est\u00e1n por delante de Simao, de largo. Los v\u00ed muy bien en la versi\u00f3n &#8220;feliz&#8221; del equipo vs sporting <\/p>\n<p>Respuesta.- S\u00ed me dio esa sensaci\u00f3n en el ratito que jug\u00f3 ante el Sporting, se vio un mediocentro distinto a los dem\u00e1s de la plantilla, con m\u00e1s toque y criterio. Espero verle un partido com0pleto pronto para que ratifique esas sensaciones. En cuanto al cambio de sistema, no lo veo. Si ya pillan una y otra vez al Atleti atr\u00e1s porque con cuatro atacantes puros est\u00e1 casi siempre en inferioridad, no te cuento ya si quitas a otro defensa para meter a otro atacante. Un poco suicida.<\/p>\n<p>P.- \u00bfQu\u00e9 porteros te llevar\u00edas a la selecci\u00f3n? Y digo por m\u00e9ritos deportivos asi que no vale decir Reina porque hace grupo, da buen ambiente y tonter\u00edas similares <\/p>\n<p>R.- Casillas, VAld\u00e9s y el tercero dudar\u00eda entre Diego L\u00f3pez, que este a\u00f1o est\u00e1 peor; Palop, que es el que en mejor forma est\u00e1 ahora mismo, y Reina, porque hace grupo y no creo que sea una tonter\u00eda. EL Mundial pasado se fue al garete entre otras cosas porque hubo dos o tres suplentes que no hicieron grupo y te aseguro que fue determinante. Si tuviera que elegir hoy, Palop<\/p>\n<p>P.- Me ha decepcionado A\u00edto Garc\u00eda Reneses. Siempre ha sido un triunfador de los banquillos y un se\u00f1or. O eso cre\u00eda hasta este a\u00f1o, que no le va muy bien con el 3\u00ba presupuesto de la ACB. \u00bfPor qu\u00e9 este hombre se comporta como un Guti cualquiera ante la prensa? \u00bfPor qu\u00e9 no asume un \u00e1pice de responsabilidad?<\/p>\n<p>R.- A\u00edto es un se\u00f1or entrenador, pero siempre ha tenido un puntito borde. Intuyo que la mayor\u00eda de sus declaraciones son estrat\u00e9gicas para despertar a sus jugadores, pero o sucede pronto o va a empezar a parecer q son pataletas<\/p>\n<p>P.- He oido decir a Pen\u00e9lope que Almodovar esta infravalorado en Espa\u00f1a.. Para m\u00ed, todo lo contrario.. t\u00fa qu\u00e9 opinas?<\/p>\n<p>R.- Sobrevalorado. Mucho. <\/p>\n<p>P.- Buenos d\u00edas, campe\u00f3n!! Cuento los d\u00edas para que empiece tu charla semanal con nosotros. Preguntas: 1) No te parece que la estrategia para verano deber\u00eda ser vender a Simao y Forl\u00e1n, ya por encima de 30, m\u00e1s alguna venta de saldos (Cleber, Perea, Valera, &#8230;) y aprovechar la pasta para tarer dos o tres defensas buenos (Diogo, Rafinha, Fanni), un buen organizador (M\u00e9rida, Tiago en su caso o Hernanes) y dar entrada poco a poco a la cantera (Pulidop, Atienza, Ruben P\u00e9rez, &#8230;). 2) Leiste &#8220;The Company&#8221; de R. Littell? Qu\u00e9 te parece? a mi me enganch\u00f3 a pesar de ser m\u00e1s de 1000 p\u00e1ginas. 3) Europa League o Copa del Rey?<\/p>\n<p>R.- 1. S\u00ed, parece lo m\u00e1s sensato. Lo que me hace sospechar que no ser\u00e1 lo que se haga. M\u00e9rida est\u00e1 firmado, digan lo que digan. Tiago espero que demuestre lo que intuyo: que es un mediocentro que vale esos 8 kilos de la opci\u00f3n de compra. 2. Estoy ley\u00e9ndolo ahora. Llevo poco. Me va a gustar. 3. Si puedo elegir cu\u00e1l ganar, prefiero la Europa League que da m\u00e1s prestigio. Si me preguntas cu\u00e1l es m\u00e1s factible, la Copa<\/p>\n<p>P.- \u00bfNo te parece chulesco y arrogante aparte de ignorante cuando Cerezo dice que fichar\u00eda a Cristiano y Messi para calentar banquillo? Primero que no tiene dinero ni para sus fichas y segundo que cualquiera de ellos jugar\u00eda en el atl\u00e9tico sin entrenar.. es asi?<\/p>\n<p>R.- Me parece que dice lo que tiene que decir, no veo falta de respeto tanto como defensa de los suyos. Que son muy buenos, por cierto. Aunque coincido contigo en que Massi y Cristiano jugar\u00edan en el Atleti sin entrenar, tambi\u00e9m te digo que no cambiar\u00eda a Kun por CR7. Y no estoy de broma.<\/p>\n<p>P.- \u00bfEs Pau Gasol el mejor jugador europeo de la historia? Para m\u00ed, si gana un anillo m\u00e1s siendo importante, lo es.<\/p>\n<p>R.- El mejor, no. Petrovic y Sabonis fueron incomparables. Si el croata no se mata hubiera sido all-star 8 veces y si el lituano llega a la NBA al principio de su carrera, a\u00fan con las rodillas intacyas, bufffff. Seguramente se hab\u00f1ar\u00eda de \u00e9l a la altura de los Olajuwon, Robinson, Ewing&#8230; Para m\u00ed, mejor que todos menos que el nigeriano. Nowitzki ha sido MVP de una tempoarada y ha rozado el anillo como primer hjugador de su equipo, no segundo. Parker ha sido MVP de unas finales y lleva tres anillo si no me equivoco. Mucha competencia. Donde s\u00ed estar\u00eda Gasol es en mi mejor quinteto europeod e la historia: Petrovic, Kukoc, (pre-NBA) Nowitzki, Pau y Sabonis<\/p>\n<p>P.- Eres un crack I\u00f1ako, s\u00f3lo compro el As por leer tus cr\u00f3nicas. \u00bfLlegaremos a la final de la Copa? Espero que s\u00ed. Un abrazo<\/p>\n<p>R.- Se agradece, pero ya que te gastas el euro hay m\u00e1s cosas que merecen la pena. Lee a Trueba, aunque sea madridista, no te arrepentir\u00e1s. Creo que s\u00ed llegaremos, pero si el Racing elimina a Osasuna te lo dir\u00e9 con m\u00e1s contundencia<\/p>\n<p>P.- buenas i\u00f1ako, \u00bfno crees que mucha gente en el Calder\u00f3n se ceba con Asenjo? Cuando, desde Molina, no hemos tenido un portero de tantas garantias. Una de libros: \u00bfqu\u00e9 te parece Matilde Asensi?. gracias amiguete<\/p>\n<p>R.- S\u00ed, estoy de acuerdo. Se ha creado adem\u00e1s una campa\u00f1a un poco injusta pro De Gea, que es un magn\u00edfico proyecto de portero. proyecto aun. Pitar a Asenjo para presionar por De Gea no es bueno para ninguno de los dos. EL fallo m\u00e1s grave de la temporada, por cierto, lo cometi\u00f3 el canterano ante el Mallorca y cost\u00f3 dos puntos. Es un error normal de aprendizaje, pero no conviene apresurar las cosas y cargarse a un porterazo como Asenjo, tambi\u00e9n a\u00fan evolucionando pero por delante de De Gea. No la he le\u00eddo.<\/p>\n<p>P.- \u00bfC\u00f3mo ves la Copa del Rey de basket? \u00bfCrees que el momento dulce del Estu se va a poder alargar hasta entonces? <\/p>\n<p>R.- Creo que puede valer para pasar ante el Valencia. Despu\u00e9s, olv\u00eddate. Esta temporada el Bar\u00e7a juega en otra Liga diferente al restod e Europa.<\/p>\n<p>P.- Ahora que el &#8220;Perro Grande&#8221; acaba de llegar a los 28000 puntos en su carrera, situandose entre los 5 mejores anotadores de todos los tiempos, \u00bfQu\u00e9 puesto ocuparia entre los centres hist\u00f3ricos? \u00bfCu\u00e1les han sido seg\u00fan tu criterio los 5 mejores en esta posici\u00f3n? <\/p>\n<p>R.- Para m\u00ed es la posici\u00f3n m\u00e1s dif\u00edcil de decidir en un supuesto quinteto hist\u00f3rico. Para m\u00ed ser\u00edan estos los 5 mejores: 1. Kareem. Tendemos a recordarle calvo y con esas gafas horribles, tondaba los 40 a\u00f1os y a\u00fan era determinante. El LEw Alcindor de los Bucks era imparable en su \u00e9poca. 2. Bill Russell. Los anilos haban por s\u00ed mismos. Y c\u00f3mo le com\u00eda los higadillos a Wilt a\u00f1o tras a\u00f1o midiendo 12 cent\u00edmetros meos es hist\u00f3rico 3. Olajuwon. El mejor juego de pies de la historia. 4. Shaq. Aunque la recta fina del su carrera est\u00e1 siendo mala para su leyenda. 5. Chamberlain. Mucha estad\u00edstica, menos sustancia, pocos t\u00edtulos. Un poco abus\u00f3n <\/p>\n<p>P.- Que piensa usted sobre los 5 puntos de diferencia entre Real Madrid y Barcelona, cree que la liga esta ya decidida. <\/p>\n<p>R.- Le he visto hacer tantas cosas incre\u00edbles al Madrid cuando le daba por muerto que ya no apuesto. Queda mucho. El Bar\u00e7a tiene un gen autodestructivo que, aunque Guardiola ha domado, est\u00e1 latente. Si tuviera que jugarme dinero no lo dudaba: al Bar\u00e7a. Pero estar\u00eda intranquilo hasta el final<\/p>\n<p>P.- Eres gigante en lo que acabo de leer de CR7, completamente de acuerdo<\/p>\n<p>R.- Es que creo que Ag\u00fcero, salvo desgracia, es candidato al Bal\u00f3n de oro en un par de a\u00f1os. Y tendr\u00e1 23. Adem\u00e1s, tiene una cosa que los grandes de verdad siempre han tenido: juega mejor cuanto mejor es el rival Con CR7 no tengo tan claro eso.<\/p>\n<p>P.- y me estas creando ansiedad con el pu\u00f1etero libro de The company, lo vi cuando salio en santander, en el corte, y cada vez que hablais de ello me obligais a hacer esfuerzos por seguir estudiando en casa y no dirigirme a toda leche a la FNAC (hoy cae&#8230;)<\/p>\n<p>R.- Todo el que lo ha le\u00eddo ha ca\u00eddo rendido. Veremos. La pinta es inmejorable<\/p>\n<p>P.- \u00bfVes justo que no sancionen a Henry por la mano que hizo en la repesca para el mundial 2010?<\/p>\n<p>R.- Por supuesto que lo veo justo. Me ha parecido exagerado el apaleamiento al que se le ha sometido, excepto en Irlanda, ah\u00ed s\u00ed lo entiendo. Hizo mano. Est\u00e1 mal. Hay mil por semana de esas. Lo reconoci\u00f3. Apaleen el \u00e1rbitro, sancionen al \u00e1rbitro, lo que quieran. pero intentar que sancionen a Henry&#8230; Maradona decidi\u00f3 as\u00ed medio Mundial, Messi casi logra que valga una Liga su mano ante el Espanyol, Ag\u00fcero, Ra\u00fal&#8230; Muchos lo han hecho y no se ha montado este l\u00edo. O todos o ninguno, digo yo<\/p>\n<p>P.- Creo que antes se venden los pisos del Pocero en Sese\u00f1a que el Atl\u00e9tico juegue en la Peineta.. Eso huele a podrido, y si fuera verdad, \u00bfse cambiar\u00eda el nombre al estadio?<\/p>\n<p>R.- El Atleti jugar\u00e1 en la Peineta en 2012. Est\u00e1 firmado y cerrado y no depende s\u00f3lo del Atleti, as\u00ed que&#8230; S\u00ed, le cambiar\u00e1n el nombre. Se vender\u00e1 a alguna empresa por unos 8 millones al a\u00f1o o as\u00ed. Es la evoluci\u00f3n natural en el mundo del f\u00fatbol, no tengo un problema con ello<\/p>\n<p>P.- Hola jug\u00f3n! Con la llegada de Salvio se tiene que dar la baja a Cleber o a Cabrera, por qui\u00e9n se van a decantar? Es factible vender a Cleber (ojal\u00e1)? Y otra pregunta, Tiago va a entrar por Asunsao o por Raul? Espero que sea por Asunsao&#8230;<\/p>\n<p>R.- El club prefiere que sea Cl\u00e9ber, porque tiene una ficha m\u00e1s alta, es ahora mismo el quinto mediocentro y no va a jugar nada, y lo mismo de rebote sacan algo de dinero. Pero no parece que ndie est\u00e9 dispuesto a pagar ahora. Veremos. Si finalmente llegara un lateral, entonces Cabera sestar\u00eda fuera. Yo creo que por Ra\u00fal. Y me parece lo adecuado. Assun\u00e7ao es fundamental en el equipo y su rendimiento hasta ahora muy superior al de Ra\u00fal GArc\u00eda<\/p>\n<p>P.- Buenos dias I\u00f1ako,no te parece Cesc el mejor centrocampista del mundo sin contar los del Barcelona???<\/p>\n<p>R.- S\u00f3lo Gerrard cuando est\u00e1 bien puede competir con \u00e9l en ese caso<\/p>\n<p>P.- Que te parecen las jovenes promesas del Barcelona Gai Assulin, Thiago, Rochina, Jeffren, Muniesa&#8230;&#8230;.Un abrazo crack<\/p>\n<p>R.- Al \u00fanico que he visto como para juzgar es a Jeffren y me gusta bastante. De los dem\u00e1s no tengo base para opinar, les he visto poco. Mi amigo Aritz Gabilondo, gur\u00fa en f\u00fatbol de cantera de este peri\u00f3dico, babea bastante cuando habla de Thiago<\/p>\n<p>P.- Buenas I\u00f1ako. Con que jugadores de los que hayas visto en el Atleti has disfrutado m\u00e1s? Cu\u00e1les han sido\/son tus \u00eddolos rojiblancos??<\/p>\n<p>R.- Como aficionado puro: Caminero, Futre y Kiko. A Torres le pill\u00e9 ya como periodista y disfrut\u00e9 mucho su etapa pero de una manera distinta. Si Ag\u00fcero me coge hace 10 a\u00f1os, no tendr\u00eda rival<\/p>\n<p>P.- \u00bfNo crees que Moutinho ocupar\u00eda la mediapunta del Atl\u00e9tico mejor que M\u00e9rida?Estuve viendo el partido del Arsenal el otro d\u00eda en teledeporte y me pareci\u00f3 algo verde, aunque gusta que sienta los colores.Si el Atl\u00e9tico fuese una pel\u00edcula \u00bfser\u00eda de David Lynch?<\/p>\n<p>R.- Seguramente, y Silva y bastantes m\u00e1s. Pero cuestan una pasta y M\u00e9rida llega gratis. Adem\u00e1s, es atl\u00e9tico y un proyecto muy interesante. No tiene nada que ver con que se fichara un Moutinho (para m\u00ed, m\u00e1s mediocentro que mediapunta). es comparar vacas con ovejas en estos momentos. No. Ser\u00eda de los Marx. Genial, ca\u00f3tica, imprevisible, con ratos maravillosos y numeritos inaguantables cuando coge el protagonismo quien no debe. Sean los due\u00f1os o sea Zeppo<\/p>\n<p>P.- Bendita locura I\u00f1ako !!!! Te puedes creer que veo al Atleti en puestos de Champion a final de temporada??? Que facil es hacernos felices !!! <\/p>\n<p>R.- Piano, piano. Yo ahora mismo, a\u00fan firmo Europa League<\/p>\n<p>P.- \u00bfSer\u00eda lo mejor para el Atl\u00e9tico vender a la mitad de la plantilla(incluida una estrella) y empezar de cero siguiendo el ejemplo del Sevilla o el Villareal?<\/p>\n<p>R.- S\u00ed, si la estrella no es Ag\u00fcero. Y no tiene que empezar de cero. Con Ag\u00fcero, Asenjo, Dom\u00ednguez, Assun\u00e7ao, Salvio, Reyes&#8230; Tiene una base que ya querr\u00edan muchos<\/p>\n<p>P.- No estoy de acuerdo en declarar a ag\u00fcero mejor que CR porque usted dice que es mejor cuanto mejor es el rival, es decir mete dos goles contra el madrid, pero CR mete 1 gol por partido. Mientras el atleti queda 8 con la victoria ante el madrid, el real madri dqueda primero o segundo con la derrota ante el atleti. \u00bfNo es mejor CR ya que da millones y millones por la publicidad que Ag\u00fcero?<\/p>\n<p>R.- Como os gusta a algunos sacar los t\u00edtulos y el dinero a relucir cuando se habla de otra cosa. Estoy hablando de Kun y CR en un vac\u00edo, sin camisetas ni compa\u00f1eros, s\u00f3lo a cu\u00e1l elegir\u00eda yo para construir a su alrededor el I\u00f1ako FC. Me da igual el dinero que den los abdominales de Cristiano, hablo de f\u00fatbol<\/p>\n<p>P.- Buenas I\u00f1ako, oye \u00bfQue pasa con Reyes, que con Quique juega y con los otros no?<\/p>\n<p>R.- Me pides que te explique el misterio de la Sant\u00edsima Trinidad. lo que sucede dentro de la cabeza de reyes s\u00f3lo lo sabe Reyes. Y a veces, ni eso. pero es una noticia fant\u00e1stica que un futbolista de su talento resurja. <\/p>\n<p>P.- Buenas I\u00f1ako. Lo primero, y sin que suene a bronca (que no tengo poder para echarla) echo de menos tu blog, el mejor de los buenos blogs de As en mi opini\u00f3n. Mi pregunta es simple. Crees que esta vez se ha acertado en los fichajes de invierno? Crees que se debe hacer algo mas(Cl\u00e9ber,Cabrera,otro lateral&#8230;)? Crees que se har\u00e1? Gracias y sigue as\u00ed. Un saludo.<\/p>\n<p>R.- Me parece que mi abandono del blog se merece las boncas que quer\u00e1is. No problem, la asumo y bajo la cabeza. Pues s\u00ed. Con todo lo que le he pegado a Pitarch, y creo que con motivo, esta vez he de decir que me gusta lo que ha hecho. No ha tra\u00eddo a dos cualquieras. Son el mediocentro titular de Portugal y la mayor promesa que quedaba en Argentina. Luego rendir\u00e1n o no, pero son buenas apuestas ambos. Y a m\u00ed, a diferencia de todos los que s\u00f3lo le han visto enyoutube, s\u00ed me gustaba Molinaro. Un lateral zurdo que defiende bien y no se complica suena justo como lo que el Atleti necesita<\/p>\n<p>P.- \u00bfCrees que los negros nubarrones se han ido del Calder\u00f3n o podr\u00e1n volver las oscuras golondrinas? Un saludo I\u00f1akoi<\/p>\n<p>R.- Volver\u00e1n, se ir\u00e1n, volver\u00e1n, se ir\u00e1n, volver\u00e1n&#8230; Y as\u00ed <\/p>\n<p>P.- hola i\u00f1ako.\u00bfCrees que reyes si sigue asi, estar\u00eda para ir al mundial?\u00bfo ira bajando su rendimiento a medida que avanza la temporada?saludos.<\/p>\n<p>R.- Aunque siga as\u00ed, no llega apara el Mundial. A\u00fan no se sabe si es fiable y sobran futbolistas en su puesto. <\/p>\n<p>P.- El Kun ya pertenece a la memoria rojiblanca a tu entender? esta al nivel de los m\u00e1s grandes que han pasado por este club? a mi por lo menos&#8230;me hace vibrar, saltar, y emocionarme como hacia tiempo que no recordaba. Para m\u00ed forma parte del cielo rojiblanco! Un saludo fiera<\/p>\n<p>R.- Futbol\u00edsticamente, lo est\u00e1 sin duda. Ahora necesitar\u00eda estar a\u00fan un poco m\u00e1s de tiempo para asentarse como un atl\u00e9tico de verdad. Esas cosas importan cuando te juzga la historia<\/p>\n","protected":false},"excerpt":{"rendered":"<p>El redactor del Diario AS I\u00f1ako D\u00edaz-Guerra analiza cada semana la situaci\u00f3n del Atl\u00e9tico de Madrid. El periodista ha charlado con los lectores sobre la situaci\u00f3n deportiva que atraviesa Atl\u00e9tico de Madrid as\u00ed como otros temas tan mundanos como la el baloncesto, la m\u00fasica o el cine.<\/p>\n<p>ARCHIVO DE ENTREVISTAS:<\/p>\n<p>12 de enero &#8211; 05 de enero &#8211; 29 de diciembre &#8211; 22 de diciembre &#8211; 16 de diciembre &#8211; 10 de diciembre &#8211; 01 de diciembre &#8211; 24 de noviembre &#8211; 17 de noviembre &#8211; 10 de noviembre &#8211; 6 de noviembre &#8211; 3 de noviembre &#8211; 27 de octubre &#8211; 20 de octubre &#8211; 13 de octubre &#8211; 06 de octubre &#8211; 29 de septiembre &#8211; 22 de septiembre &#8211; 15 de septiembre &#8211; 08 de septiembre &#8211; 01 de septiembre &#8211; 25 de agosto &#8211; 18 de agosto &#8211; 11 de agosto &#8211; 27 de julio &#8211; 21 de julio &#8211; 14 de julio &#8211; 07 de julio &#8211; 30 de junio &#8211; 23 de junio &#8211; 16 de junio &#8211; 09 de junio &#8211; 02 de junio -26 de mayo -19 de mayo &#8211; 12 de mayo &#8211; 05 de mayo &#8211; 28 de abril &#8211; 21 de abril &#8211; 14 de abril &#8211; 07 de abril &#8211; 24 de marzo &#8211; 17 de marzo &#8211; 10 de marzo &#8211; 3 de marzo &#8211; 24 de febrero &#8211; 10 de febrero &#8211; 17 de febrero &#8211; 13 3 de enero &#8211; 2 3 de diciembre &#8211; 2 de diciembre &#8211; 25 de noviembre &#8211; 4 de noviembre &#8211; 18 de noviembre &#8211; 4 de noviembre &#8211; 11 de noviembre &#8211; 4 de noviembre &#8211; 24 de octubre &#8211; 7 de octubre &#8211; 30 de septiembre &#8211; 23 de septiembre &#8211; 16 de septiembre <\/p>\n","protected":false},"author":1,"featured_media":0,"comment_status":"open","ping_status":"open","sticky":false,"template":"","format":"standard","meta":{"footnotes":""},"categories":[],"tags":[],"class_list":["post-9466","post","type-post","status-publish","format-standard","hentry"],"_links":{"self":[{"href":"https:\/\/intervius.com\/index.html\/wp-json\/wp\/v2\/posts\/9466","targetHints":{"allow":["GET"]}}],"collection":[{"href":"https:\/\/intervius.com\/index.html\/wp-json\/wp\/v2\/posts"}],"about":[{"href":"https:\/\/intervius.com\/index.html\/wp-json\/wp\/v2\/types\/post"}],"author":[{"embeddable":true,"href":"https:\/\/intervius.com\/index.html\/wp-json\/wp\/v2\/users\/1"}],"replies":[{"embeddable":true,"href":"https:\/\/intervius.com\/index.html\/wp-json\/wp\/v2\/comments?post=9466"}],"version-history":[{"count":0,"href":"https:\/\/intervius.com\/index.html\/wp-json\/wp\/v2\/posts\/9466\/revisions"}],"wp:attachment":[{"href":"https:\/\/intervius.com\/index.html\/wp-json\/wp\/v2\/media?parent=9466"}],"wp:term":[{"taxonomy":"category","embeddable":true,"href":"https:\/\/intervius.com\/index.html\/wp-json\/wp\/v2\/categories?post=9466"},{"taxonomy":"post_tag","embeddable":true,"href":"https:\/\/intervius.com\/index.html\/wp-json\/wp\/v2\/tags?post=9466"}],"curies":[{"name":"wp","href":"https:\/\/api.w.org\/{rel}","templated":true}]}}