{"id":9464,"date":"2010-01-19T00:00:00","date_gmt":"2006-11-06T00:00:00","guid":{"rendered":"https:\/\/intervius.com\/index.html\/?p=9464"},"modified":"2006-11-06T00:00:00","modified_gmt":"2006-11-06T00:00:00","slug":"Maldini9464","status":"publish","type":"post","link":"https:\/\/intervius.com\/index.html\/Maldini9464\/","title":{"rendered":"Maldini"},"content":{"rendered":"<p>Pregunta.- Hola Maldini estos dias estoy viendo la copa africa, la cual me parece bastante entretenida, y queria saber tu opinion sobre el dorsal n\u00ba 21 de angola, no recuerdo su nombre pero era bajito, rapido y bastante habilidoso. Segun dijeron los locutores tiene 21 a\u00f1os y juega en la liga angole\u00f1a. Personalmente, me parece un jugador interesante para algun equipo de segunda fila en Europa \u00bftu que opinas? Gracias!!<\/p>\n<p>Respuesta.- Hola David. Se llama Mabin\u00e1 y efectivamente juega en la liga angola\u00f1a. Rinde m\u00e1s en la banda derecha aunque por las lesiones ha jugado los dos \u00faltimos partidos por la izquierda. Da la sensaci\u00f3n de que s\u00ed saldr\u00e1 de la liga angole\u00f1a. <\/p>\n<p>P.- \u00bfQu\u00e9 pasa crack? Quer\u00eda preguntarte si sigues igual la Liga espa\u00f1ola (por aquello de que eres especialista en futbol internacional) como las ligas europeas que siempre comentas (calcio, premier, bundesliga, ligue 1, etc) o s\u00f3lo sabes de ella como un &#8220;simple&#8221; aficionado.<\/p>\n<p>R.- Hola Maxwell, desde luego que la sigo, incluso hago el programa de El D\u00eda del F\u00fatbol en el que analizamos la jornada en Espa\u00f1a. <\/p>\n<p>P.- Hola crack. Para ti quien ha sido mejor punta, Crespo o Batistuta? la verdad es que los 2 consiguieron grandes ciftas goleadoras durante muchas temporadas en Italia, pero creo que los ultimos a\u00f1os de Batistuta fueron mejores que los de Crespo, con cual te quedas?<\/p>\n<p>R.- Batistuta, sin duda. Creo que como delantero goleador supera claramente a Crespo. Es m\u00e1s, va a costar ver un goleador as\u00ed en el calcio<\/p>\n<p>P.- Muy buenas Julio, queria hacerte un par de preguntas, la primera, \u00bfpor qu\u00e9 crees que Kak\u00e1 no esta al nivel del Milan? ya se que ahora ha pasado por una pubalgia y asi, y ademas pellegrini se empe\u00f1a en que juegue en banda derecha, (su posici\u00f3n buena es jugar detras de los puntas) \u00bfqu\u00e9 opinas? La otra pregunta era acerca del Girondins de Bordeaux, por ahora no ha perdido ni un partido Champions, y viendo las exibiciones frente a la Juve y Bayern, no parece que el Olimpiakos le vaya a dar muchos problemas.. \u00bfcrees que puede ser el tapado?<\/p>\n<p>R.- Interesante Asis. Ya Kak\u00e1 en la \u00faltima temporada en el Milan estuvo por debajo de su nivel, estoy convencido de que ha llegado un poco tarde al Real Madrid, veremos si se recupera. Pero lo que pag\u00f3 el Real Madrid por Kak\u00e1 fue m\u00e1s producto de su nombre que de su rendimiento entonces en el Milan. Mal negocio. Burdeos es buen equipo, pero no creo que pueda pelear con Chelsea, Barcelona, Real Madrid o incluso Arsenal. <\/p>\n<p>P.- Hola Julio ves al Mil\u00e1n con posibilidades en la Seria A y en la Champions, \u00bf A vuelto a un gran nivel? o es un espejismo bueno un saludo.<\/p>\n<p>R.- Creo que tiene algo de espejismo, por el nivel actual de la liga italiana y porque le permiten jugar a un ritmo muy lento. Creo que la serie A italiana se est\u00e1 quedando peligrosamente atr\u00e1s con respecto a otras<\/p>\n<p>P.- Hola crack \u00bfque opinion tienes del fantastico futbolista Shin Young-Rok? lo vi en el Mundial Sub 20 de Canada y me impresiono bastante \u00bflo ves que puede triunfar en una liga importante?<\/p>\n<p>R.- Supongo que te refieres al delantero del Tom ruso. En el Bursaspor turco no hizo gran cosa, no creo que tenga opciones de momento en la selecci\u00f3n absoluta. <\/p>\n<p>P.- Buenos dias Maldini. Mi pregunta de hoy. Suponiendo que ya te has tragado el mundial sub 17( como dijistes que ibas a verlo en Navidad), y si estas siguiendo algo la Copa de Africa, podrias adelantarnos un nombre de alguien que te haya gratamente sorprendido y creas que pudiera despuntar proximamente?. Te atreves a adelantarnos a alguien&#8230;?. Un saludo.<\/p>\n<p>R.- Desde luego. Osei el ghan\u00e9s, Coutinho el brasile\u00f1o por ejemplo.<\/p>\n<p>P.- A ver si esta semana tengo suerte y me lees Julito&#8230;\u00bfqu\u00e9 opinas de Rudolf del Debreceni, debe dar ya el salto?, \u00bfQu\u00e9 nos dices de uno de los primeros iconos magyares como Sandor Tamas que jug\u00f3 en el calcio y leyenda del Debreceni?<\/p>\n<p>R.- Hola Magyar. Bueno, Rudolf est\u00e1 m\u00e1s que listo para dar el salto, ha sido de largo el mejor del Debreceni en la Champions. Hablando de h\u00fangaros, espero que la llegada de Szalai al Mainz le sirva para dar un salto mayor<\/p>\n<p>P.- Muy buenas Maldini!!Crees que Garay sera convocado por Maradona para jugar el Mundial?Como definirias al gran Rai del PSG?Gracias y saludos.<\/p>\n<p>R.- Garay deber\u00eda ser convocado ahora que est\u00e1 siendo titular en el Real Madrid. Y desde luego tambi\u00e9n Banega, que est\u00e1 en gran forma en el Valencia. Rai era la elegancia personificada. No era r\u00e1pido pero t\u00e9cnicamente una maravilla, con un golpeo de bal\u00f3n como pocos. <\/p>\n<p>P.- Hola Julio. Ya s\u00e9 que eres muy de Benzem\u00e1, pero en mi opini\u00f3n est\u00e1 confirmando lo que siempre pens\u00e9 de \u00e9l, un jugador que mete 17 goles ( que no son muchos) en una liga menor como la francesa no puede ser titular en el Madrid, y eso del margen de mejora me suena un poco a chino, ya no es un ni\u00f1o de 17 o 18 a\u00f1os, ya tiene 22 a\u00f1azos. \u00bf De verdad crees que el chico este vale? En la selecci\u00f3n tambi\u00e9n lo mandan al banquillo&#8230;<\/p>\n<p>R.- No estoy de acuerdo (como ya te imaginabas). Benzema va a acabar triunfando en el Real Madrid, y de hecho para mi hizo un muy buen primer tiempo en San Mam\u00e9s. Esa rapidez con la que arma el disparo la tiene que aprovechar el Real Madrid. Ya s\u00e9 que Gignac es titular por delante de \u00e9l en la selecci\u00f3n, pero es que est\u00e1 Domenech en Francia, un t\u00e9cnico que est\u00e1 siendo un desastre una decisi\u00f3n tras otra. <\/p>\n<p>P.- Hola Julio, recuerdo el mundial sub17 donde jug\u00f3 Canales, creo que no era titular fijo y que la figura era Thiago, el del Bar\u00e7a. \u00bfquiere decir eso que Thiago a\u00fan est\u00e1 por explotar y puede convertirse en un megacrack?<\/p>\n<p>R.- No todos los jugadores evolucionan igual, y lo digo tambi\u00e9n por Canales. Es aun muy pronto para convertirlo en un crack. <\/p>\n<p>P.- Julio, encantado de poder hacerte una pregunta. All\u00e1 va: \u00bfCrees que Mandzukic podria ser una opci\u00f3n para suplir a Toni en el Bayern? \u00bfQue jugador del Hajduk Split esta para pasar a un grande? Un saludo<\/p>\n<p>R.- Hola Santi. Como seguro sabes el Hajduk Split est\u00e1 haciendo una discreta temporada en mitad de la tabla croata. Tiene mucho joven en el cenrtro del campo y sobre todo la delantera. Me gusta Ibricic el bosnio, creo que saldr\u00e1 pronto. <\/p>\n<p>P.- Maldini esta semana casi pleno en las apuestas, Me gustaria que dieras un pronostico para la Champions sobre los que equipos pasar\u00e1n a la sigueinte ronda, \u00bfLe das credito al Milan? Otra cosa aver cuando repite Noemi de Miguel en tu video blog \ud83d\ude09 Saludos majete<\/p>\n<p>R.- Hola Jorge. Va a depender de si el Man United impone un ritmo alto, en ese caso para el Milan va a ser muy dif\u00edcil. Pero tampoco est\u00e1 bien el Man Utd,as\u00ed que el Mil\u00e1n tiene mucho que decir, m\u00e1s de lo que yo pensaba justo despu\u00e9s del sorteo. A Noemi la liaremos pronto para otro videoblog. Un abrazo<\/p>\n<p>P.- Maldini cu\u00e1nto echar\u00e1 de menos el Liverpool a Torres?<\/p>\n<p>R.- Mucho, desde luego. Tanto como a Xabi Alonso. <\/p>\n<p>P.- hola \u00bfno crees que en la copa Africa de naciones falta cerebro y sobra musculo?dicho de otra manera a Drogba, Eto`o,Kanute etc,no crees que les falta alrededor gente que la toque sin tanta pelea&#8230;<\/p>\n<p>R.- Sin duda pepinho, tienes raz\u00f3n. Hay equipos sin capacidad para mover el bal\u00f3n en el medio, y por eso no rinden tanto los delanteros como en sus clubes. Es algo t\u00edpico en Africa. <\/p>\n<p>P.- Hola crack, quer\u00eda preguntarte por los delamteros de la liga francesa Park del M\u00f3naco y Gignac del Toulouse, \u00bfves a alguno de \u00e9stos alg\u00fan d\u00eda jugando en Espa\u00f1a? \u00bfPiensas que Park con 6 goles y Nen\u00e9 con 12 son una de las parejas de delanteros mas destacadas de la Liga1?<\/p>\n<p>R.- Park Chu Young est\u00e1 bien en el Monaco, pero no es punta punta. En la selecci\u00f3n juega por detr\u00e1s, no es goleador. Gignac no pasa un buen momento pero es muy completo, es fuerte, buen disparo con ambas piernas, sabe con la pelota. No es Benzema pero es bueno para m\u00ed<\/p>\n<p>P.- Hola Julio:En su dia me dijistes que Chygrynskyi seria titular en el Bar\u00e7a y que estaba por encima de Milito pero en mi opinion tiene mucha mas clase Milito aun estando dieciocho meses parado.<\/p>\n<p>R.- A Ghygrynskyi hay que darle m\u00e1s tiempo, pero desde luego no est\u00e1 rindiendo como se esperaba. Eso es una realidad, <\/p>\n<p>P.- Buenos d\u00edas Maldini!! Me gustar\u00eda conocer tu opini\u00f3n sobre cu\u00e1l crees que ser\u00e1 el 4\u00ba clasificado de la Premier League a final de temporada, que le valdr\u00e1 un puesto en la pr\u00f3xima Liga de Campeones. Particularmente, me gustar\u00eda ver ah\u00ed al Manchester City para comprobar el nivel que ofrecer\u00eda en la m\u00e1xima competici\u00f3n europea tras su gran inversi\u00f3n. Muchas gracias.<\/p>\n<p>R.- Creo que ser\u00e1 el Manchester City, aunque no hay que descartar al Liverpool. Los dem\u00e1s son irregulares, sobre todo el Aston Villa. <\/p>\n<p>P.- Hola Julio, en primer lugar quiero darte la enhorabuena por tu programa &#8220;Fiebre Maldini&#8221;. Soy abonado a canal desde sus inicios y te sigo desde que hacias &#8220;Fiebre de Futbol&#8221;. Casi nunca me lo pierdo, y tengo que decirte, que se echa mucho en falta a Gaby Ruiz. Bueno sin mas alabanzas, voy al tema. Personalmente me gusta mucho Nani, creo que tiene una tecnica y calidad a la altura de muy poco jugadores.\u00bfNo crees que se esta estancando en el Man.United?\u00bfCrees que seria un buen recambio para Thierry Henry en el Bar\u00e7a, ahi arrancado desde la izquierda? Un abrazo &#8220;Mega Crack&#8221;.<\/p>\n<p>R.- Hola Javi. En efecto se est\u00e1 estancando Nani en el United, incapaz de suplir a Ronaldo. Por lo tanto no hay que pensar en que podr\u00eda llegar al Barcelona. Para suplir a Henry el Barca tiene en Pedro al jugador perfecto y en forma. <\/p>\n<p>P.- Hola Maldini,soy aficionado del Athletic y me gustaria que analizaras al Anderlecht saludos y muchas gracias.<\/p>\n<p>R.- Hola I\u00f1igo. Cuando est\u00e9 m\u00e1s cerca la eliminatoria prometo un an\u00e1lisis del Anderlecht, que tiene mucho que contar- <\/p>\n<p>P.- Hola Maldini \u00bfque te parece el rendimiento que esta ofreciendo Negredo en el Sevilla? \u00bfcrees que se merece volver al Madrid? en mi opinion no esta marcando diferencias, pero como cuarto delantero detras de Higuain, Benzema y Ronaldo puede se apto, ademas de ser diferente a los anteriores por tratarse de un nueve puro \u00bfcual es tu opinion sobre \u00e9l, y crees que podra ir al mundial? saludos<\/p>\n<p>R.- Hola Luis, flojo rendimiento de Negredo de momento, la verdad es que coincicde con un mal momento quiz\u00e1 f\u00edsico del equipo pero ha sido incapaz de suplir a Kanoute y Luis Fabiano. Se le puede estar yendo el tren del mundial. <\/p>\n<p>P.- Hola Julio. Viendo el alto nivel de Colombia en mundiales y sudamericanos juveniles, querr\u00eda saber si hay alg\u00fan jugador colombiano de que pueda llegar a triunfar en Europa. Gracias.<\/p>\n<p>R.- Hola carlos, espero mucho de Te\u00f3filo Gutierrez y de Jackson Martinez. Este \u00faltimo acaba de llegar al Chiapas mejicano y quiz\u00e1 tarde mucho por ello en llegar a Europa. <\/p>\n<p>P.- \u00bfEn que puesto pondrias a Pele en una clasificaci\u00f3n de los mejores jugadores de la historia? \u00bfEs mejor que Maradona?<\/p>\n<p>R.- En un tr\u00edo de segundos con Cruyff y Di Stefano. Por detr\u00e1s de Maradona sin duda. <\/p>\n<p>P.- Hola Maldini. En vista de la escasez de laterales izquierdos de nivel en los equipos grandes espa\u00f1oles, \u00bfcrees que acabara Vargas en el Madrid o el Barsa? \u00bfQue otro lateral zurdo ves interesante para los grandes?<\/p>\n<p>R.- Hola Chapman. Vargas ha pegado un peque\u00f1o baj\u00f3n aunque se recuperar\u00e1. Como laterales zurdos me gusta mucho por ejemplo Rat o Evra, son futbolistas de los que no abundan en el puesto<\/p>\n<p>P.- Hola \u00bfno te parece un pedazo de lateral Tamboure de Mali? yo personalmente no lo conocia y lo he visto en la Copa Africa y me recuerda a Taiwo.<\/p>\n<p>R.- La verdad es que creo que est\u00e1 lejos del nivel de Taiwo, no tiene ni su potencia ni su disparo. Veremos si es capaz de salir de la liga sueca y le podemos medir un poco mejor. <\/p>\n","protected":false},"excerpt":{"rendered":"<p>El periodista experto en f\u00fatbol internacional vuelve con el nuevo a\u00f1o a su cita semanal con los lectores. Maldini ha charlado con los internautas sobre la actualidad del f\u00fatbol internacional. <\/p>\n<p>ARCHIVO DE ENTREVISTAS:<\/p>\n<p>12 de enero de 2009 &#8211; 05 de enero de 2009 &#8211; 22 de diciembre de 2009 &#8211; 15 de diciembre de 2009 &#8211; 9 de diciembre de 2009 &#8211; 1 de diciembre de 2009 &#8211; 3 de noviembre de 2009 &#8211; 27 de octubre de 2009 &#8211; 20 de octubre de 2009 &#8211; 13 de octubre de 2009 -29 de septiembre de 2009 &#8211; 22 de septiembre de 2009 &#8211; 15 de septiembre de 2009 &#8211; 08 de septiembre de 2009 &#8211; 01 de septiembre de 2009 &#8211; 25 de agosto del 2009 &#8211; 18 de agosto del 2009 &#8211; 11 de agosto del 2009 &#8211; 04 de agosto del 2009 &#8211; 23 de junio del 2009 &#8211; 16 de junio del 2009 &#8211; 09 de junio del del 2009 &#8211; 02 de junio del 2009 &#8211; 26 de mayo del 2009 &#8211; 19 de mayo del 2009 &#8211; 12 de mayo del 2009 &#8211; 5 de mayo del 2009 &#8211; 28 de abril del 2009 &#8211; 21 de abril del 2009 &#8211; 14 de abril del 2009 &#8211; 7 de abril del 2009 &#8211; 31 de marzo del 2009 &#8211; 10 de marzo del 2009 &#8211; 3 de marzo del 2009 &#8211; 24 de febrero del 2009 &#8211; 17 de febrero del 2009 &#8211; 11 de febrero del 2009 &#8211; 3 de febrero del 2009 &#8211; 27 de enero del 2009 &#8211; 13 de agosto del 2008 &#8211; 28 de junio del 2008 &#8211; 6 de junio del 2008 <\/p>\n","protected":false},"author":1,"featured_media":0,"comment_status":"open","ping_status":"open","sticky":false,"template":"","format":"standard","meta":{"footnotes":""},"categories":[],"tags":[],"class_list":["post-9464","post","type-post","status-publish","format-standard","hentry"],"_links":{"self":[{"href":"https:\/\/intervius.com\/index.html\/wp-json\/wp\/v2\/posts\/9464","targetHints":{"allow":["GET"]}}],"collection":[{"href":"https:\/\/intervius.com\/index.html\/wp-json\/wp\/v2\/posts"}],"about":[{"href":"https:\/\/intervius.com\/index.html\/wp-json\/wp\/v2\/types\/post"}],"author":[{"embeddable":true,"href":"https:\/\/intervius.com\/index.html\/wp-json\/wp\/v2\/users\/1"}],"replies":[{"embeddable":true,"href":"https:\/\/intervius.com\/index.html\/wp-json\/wp\/v2\/comments?post=9464"}],"version-history":[{"count":0,"href":"https:\/\/intervius.com\/index.html\/wp-json\/wp\/v2\/posts\/9464\/revisions"}],"wp:attachment":[{"href":"https:\/\/intervius.com\/index.html\/wp-json\/wp\/v2\/media?parent=9464"}],"wp:term":[{"taxonomy":"category","embeddable":true,"href":"https:\/\/intervius.com\/index.html\/wp-json\/wp\/v2\/categories?post=9464"},{"taxonomy":"post_tag","embeddable":true,"href":"https:\/\/intervius.com\/index.html\/wp-json\/wp\/v2\/tags?post=9464"}],"curies":[{"name":"wp","href":"https:\/\/api.w.org\/{rel}","templated":true}]}}