{"id":9460,"date":"2010-01-21T00:00:00","date_gmt":"2006-11-06T00:00:00","guid":{"rendered":"https:\/\/intervius.com\/index.html\/?p=9460"},"modified":"2006-11-06T00:00:00","modified_gmt":"2006-11-06T00:00:00","slug":"Carlos_Boyero9460","status":"publish","type":"post","link":"https:\/\/intervius.com\/index.html\/Carlos_Boyero9460\/","title":{"rendered":"Carlos Boyero"},"content":{"rendered":"<p>Pregunta.- Hola Carlos. Estoy estudiando desde septiembre en Italia (en Florencia) y todav\u00eda no he encontrado a ninguna mujer como las de las pel\u00edculas de Tinto Brass. Me volver\u00eda al terru\u00f1o, pero no quiero rendirme todav\u00eda. \u00bfAlg\u00fan lugar especial en la Toscana? <\/p>\n<p>Respuesta.- Deduzco el tipo de putas que le gustan. Siga buscando. Cualquier calle o plaza de Siena me parece preciosa. Tambi\u00e9n puede darse una vuelta todos los d\u00edas mientras que est\u00e9 en Florencia por la Galer\u00eda de los Uffizi. Sus maravillas son inagotables. Tener a la derecha una pintura de Piero Della Francesca o de Paolo Uccello y mirando al frente observar el Ponte Vecchio al atardecer es de las cosas m\u00e1s gratas que te pueden ocurrir en este mundo. <\/p>\n<p>P.- Hola, Carlos, me gustar\u00eda saber qu\u00e9 te ha parecido la \u00faltima pel\u00edcula de los Cohen que est\u00e1 en cartel. No la he entendido, me ha parecido que ten\u00eda 2 partes que no guardaban relaci\u00f3n. Vamos, una patata. Gracias<\/p>\n<p>R.- Tiene cosas que me gustan mucho. Su iron\u00eda, el tono surrealista, personajes disparatados, mala leche. Otras, menos. Imagino que hay que haber vivido en la cultura jud\u00eda para entender bastantes de sus claves. Algunas se me escapan. <\/p>\n<p>P.- Carlos. El s\u00e1bado por la noche me cruc\u00e9 contigo en la calle Mart\u00edn de los Heros, frente a los cines Alphaville y pude sentir tu mirada magn\u00e9tica. Fui a ver Celda 211 y me encant\u00f3 pero en ning\u00fan momento pude quitarme de encima la sensaci\u00f3n de que habr\u00eda aprovechado m\u00e1s el s\u00e1bado si me hubiera ido a cualquier bar de la zona, aunque hubieran venido nuestras respectivas parejas pero no me lanc\u00e9 por miedo a tu reacci\u00f3n \u00bfqu\u00e9 hago la pr\u00f3xima vez?<\/p>\n<p>R.- Siga usted yendo al cine. Tal vez en otra \u00e9poca nos hubi\u00e9ramos entendido. Pero as\u00ed son las cosas. <\/p>\n<p>P.- \u00bfHas le\u00eddo &#8220;Invisible&#8221;, la nueva de Paul Auster? \u00bfTe ha gustado?<\/p>\n<p>R.- No. Y, adem\u00e1s, me da mucha pereza. Auster lleva demasiado tiempo repiti\u00e9ndose, con la sensaci\u00f3n de que algo se ha secado. Prefiero releer sus viejas novelas: &#8220;La m\u00fasica del azar&#8221;, &#8220;Trilog\u00eda de Nueva York&#8221;, &#8220;Mr. V\u00e9rtigo&#8221;, &#8220;El libro de las ilusiones&#8221;, etc\u00e9tera. Imagino que me entiende. <\/p>\n<p>P.- Hola Carlos. &#8220;Treme&#8221;, la nueva produccion de David Simon, \u00bfcrees que llegara ser tan buena serie como The Wire? \u00bfTienes noticias sobre cu\u00e1ndo se estrena?<\/p>\n<p>R.- Me decepcion\u00f3 bastante la serie de David Simon que se desarrolla en la Guerra de Iraq. &#8220;The wire&#8221; es insuperable, es El Qujote de las series de televisi\u00f3n. Toni Garc\u00eda, un gran amigo m\u00edo, acaba de entrevistar a David Simon. No s\u00e9 si ha tenido el privilegio de ver los primeros cap\u00edtulos de &#8220;Treme&#8221;. Creo que se desarrolla en Nueva Orleans y la m\u00fasica es su protagonista. Si es as\u00ed, el argumento es muy prometedor. No s\u00e9 cu\u00e1ndo se estrena. <\/p>\n<p>P.- Hola Carlos, estaba leyendo chats antiguos y he visto una contestaci\u00f3n tuya: &#8220;Ser\u00eda est\u00fapido e injusto recordar a este hombre genial por aquel destemplado V\u00e1yase usted a la mierda&#8221;, dijiste sobre el gran Fernando Fern\u00e1n Gomez. A m\u00ed, en cambio, me parece un recuerdo genial, tan lleno de actuaci\u00f3n, intensidad y talento como cualquiera de su mejores papeles, la mayor\u00eda necesitar\u00eda horas de dialogo para conseguir decir lo mismo que \u00e9l con 5 palabras. Saludos <\/p>\n<p>R.- Est\u00e1 claro que no fue usted a qui\u00e9n mand\u00f3 a la mierda. <\/p>\n<p>P.- Una muy dif\u00edcil: \u00bfCon qui\u00e9n te ir\u00edas a cenar entre la ministra de cultura, Pedro Almodovar y Cristiano Ronaldo?<\/p>\n<p>R.- Con usted.<\/p>\n<p>P.- Hola Charlie!! &#8220;Salir, beber el rollo de siempre\/meterme mil rayas hablar con la gente\/y llegar a la cama\/ y joder que guarrada\/ sin ti&#8221;. No es una cuesti\u00f3n de principios, es una estrofa del gran poeta Robe Iniesta, cantante de Extremoduro. \u00bfTe gusta este grupo? \u00bfhas le\u00eddo su libro &#8220;El viaje \u00edntimo de la locura&#8221;? Est\u00e1 teniendo un gran \u00e9xito y dicen que tiene una calidad impresionante. Muchas gracias.<\/p>\n<p>R.- Lo de joder siempre est\u00e1 bien, aunque no sea con ella. No conozco a Extremoduro. Mi planeta cada vez es m\u00e1s limitado. Acabar\u00e9 blindado en mi casa, como un monje, rodeado de vinilos y de libros polvorientos. <\/p>\n<p>P.- \u00bfCuando uno se hace mayor comienza a creer mas en el cielo?<\/p>\n<p>R.- Y en el infierno. \u00c9ste ya lo ha conocido en la tierra. Con el cielo, s\u00f3lo se puede so\u00f1ar. Los agn\u00f3sticos, ni eso. <\/p>\n<p>P.- Buenos d\u00edas, Carlos. Quer\u00eda preguntarte sobre tu evoluci\u00f3n en preferencias alcoh\u00f3licas. Eres de whisky, \u00bfpero qu\u00e9 camino has recorrido? Un abrazo,<\/p>\n<p>R.- Pues he bebido de todo, como puede imaginar. Sospecho que mi castigado cuerpo asegura que ya no puede beber m\u00e1s. Cuando era cr\u00edo, me encantaba una bebida tan salvaje como el co\u00f1ac. Imagine las resacas. Si volviera a nacer, s\u00f3lo beber\u00eda vino tinto y excepcionalmente wisky. O no. Conmigo nunca me f\u00edo. <\/p>\n<p>P.- \u00bfSe plancha usted sus propias camisas? Siempre lo veo impecable.<\/p>\n<p>R.- Llevo 20 a\u00f1os con la misma asistenta. Me ha salvado no s\u00f3lo las camisas, tambi\u00e9n la vida.<\/p>\n<p>P.- Buenos d\u00edas Carlos. En mi vida ha habido dos momentos que me marcaron profundamente en mi forma de apreciar el cine y la literatura con apenas 15 a\u00f1os. Cine de verano de mi pueblo: &#8220;A sangre fr\u00eda&#8221;. Se me incrust\u00f3 en el cerebro como un fogonazo. Nunca volv\u00ed a ver el cine de la misma manera. Otro cuando cay\u00f3 en mis manos &#8220;El \u00e1rbol de la ciencia&#8221;, de Baroja. Nunca se me ha olvidado el impacto que causaron en m\u00ed esos momentos. \u00bfHas tenido t\u00fa momentos tan definidos? Un abrazo.<\/p>\n<p>R.- Fueron menos angustiosos que los suyos, aunque yo tambi\u00e9n me sintiera impactado por la excepcional adaptaci\u00f3n de la novela de Capote que hizo el gran Richard Brooks y el suicidio del m\u00e9dico que protagoniza &#8220;El \u00e1rbol de la ciencia&#8221; me dejara desolado. Una de las novelas que marcaron mi ni\u00f1ez fue &#8220;La isla del tesoro&#8221;. Y las pel\u00edculas que m\u00e1s me conmovieron, aunque debido a mis a\u00f1os no tuviera razones ni experiencias para comprender su tristeza y su amargura, fueron &#8220;El buscavidas&#8221;, &#8220;El hombre que mat\u00f3 a Liberty Valance&#8221; y &#8220;El apartamento&#8221;. 45 a\u00f1os despu\u00e9s, siguen siendo mis favoritas. Y ya s\u00e9 perfectamente de qu\u00e9 hablan. Cuando era un cr\u00edo, s\u00f3lo lo intu\u00eda. <\/p>\n<p>P.- Hola Carlos. Creo que dos de los directores con m\u00e1s personalidad y talento del momento son Michael Mann y James Gray, cada uno con su estilo. Pero me parece que no gozan del &#8220;estatus&#8221; que se merecen precisamente porque sus pel\u00edculas se inscriben en ese g\u00e9nero denostado por la cr\u00edtica que es el thriller polic\u00edaco (sobre todo en el caso de Gray). Quiz\u00e1 por eso ayer me qued\u00e9 solo afirmando que Enemigos p\u00fablicos es una obra maestra y en cambio Anticristo es una completa basura. \u00bfT\u00fa qu\u00e9 opinas?<\/p>\n<p>R.- Es usted un cin\u00e9filo muy l\u00facido. Mann y Gray, junto a David Fincher, Scorsese, Eastwood y Allen, son los directores vivos que m\u00e1s amo. &#8220;Heat&#8221; y &#8220;El dilema&#8221; son absolutas obras maestras. &#8220;La noche es nuestra&#8221; y &#8220;Two lovers&#8221;, que incomprensiblemente todav\u00eda no se ha estrenado en Espa\u00f1a, son dos de las pel\u00edculas que m\u00e1s me han perturbado en los \u00faltimos a\u00f1os. Puede imaginarse, con estos criterios sobre el cine, c\u00f3mo detesto esa cosita tarada y pretenciosa llamada &#8220;Anticristo&#8221;. <\/p>\n<p>P.- \u00bfNo son algo exagerados los que dicen que Avatar es el futuro del cine?<\/p>\n<p>R.- Bastante tengo con soportar el presente del cine como para pensar en su futuro. &#8220;Avatar&#8221; me parece una pel\u00edcula bastante entretenida, lo cual es mucho, pero nada m\u00e1s. La vi sin las gafas, pero he visto otras en 3 dimensiones. Es curioso, aunque no me pasar\u00eda la vida viendo pel\u00edculas en ese formato. <\/p>\n<p>P.- Si Hitchcock siguiera vivo, seguro que habr\u00eda querido trabajar con Sharon Stone para olvidar a su amada Grace Kelly&#8230; Pero, \u00bfJohn Ford? \u00bfHabr\u00eda encontrado alguien que ocupara la montura de John Wayne?<\/p>\n<p>R.- El sadomasoquista de Hitchcock se consol\u00f3 de que Grace Kelly prefiriera ser princesa a actriz (aunque en el fondo es lo mismo) utilizando a otra rubia guapa y aparentemente g\u00e9lida llamada Tippi Hedren, que como sabr\u00e1 es la mam\u00e1 de Melanie Griffith. Como la dama admiraba mucho a su director, pero l\u00f3gicamente prefer\u00eda otros amantes, \u00e9ste la pute\u00f3 hasta extremos salvajes en el rodaje de &#8220;Los p\u00e1jaros&#8221;. No puedo imaginar qui\u00e9n ser\u00eda el alter ego de Ford en estos tiempos. Ya no hay tipos como Wayne y como Mitchum. O s\u00ed. Pero yo no los conozco. <\/p>\n<p>P.- Se est\u00e1 convirtiendo usted en un fen\u00f3meno del cotilleo m\u00e1s poderoso que la Esteban&#8230;\u00bfQu\u00e9 va a hacer cuando miles de fans lo paren por la calle para pedirle aut\u00f3grafos?<\/p>\n<p>R.- Sospecho que le gusta a usted ese reconocimiento bastante m\u00e1s que a m\u00ed. Me lo he montado muy bien siendo invisible. Yo ya he estado en el coraz\u00f3n de las tinieblas. Pero hay mucho impostor que se cree muy cool y sofisticado admirando a personaje tan salvajemente desolado. <\/p>\n<p>P.- Buenos d\u00edas, Carlos, \u00bfC\u00f3mo est\u00e1s viendo a Pellegrini en los \u00faltimos partidos? \u00bfLlevar\u00e1 a buen puerto la nave blanca? Me parece que empieza a fallar.<\/p>\n<p>R.- El Madrid sigue sin ofrecerme ning\u00fan s\u00edntoma de fascinaci\u00f3n. Y ya han pasado cinco meses. Demasiado tiempo para una inversi\u00f3n tan brutal. Creo que Pellegrini tampoco tiene claro lo que tiene que hacer con este equipo. Todo lo contrario que Guardiola, ese fue un genio desde el principio. <\/p>\n<p>P.- Hola Carlos, me gustaria saber qu\u00e9 te ha parecido &#8220;La cinta blanca&#8221; y si te recuerda a Dreyer. Un saludo<\/p>\n<p>R.- Me deja roto, temblando, pensando. Claro que me recuerda a Dreyer, tambi\u00e9n a Bergman. Hay pocos directores como Haneke que logren hacerte sentir tan mal. <\/p>\n<p>P.- Hola Carlos, \u00bfqu\u00e9 opina de la revisi\u00f3n de Sherlock Holmes que nos ha ofrecido Guy Ritchie? A m\u00ed me sorprendi\u00f3 gratamente. Saludos.<\/p>\n<p>R.- Nunca me imagin\u00e9 a Holmes ni a Watson dando hostias en plan Bruce Lee. Me parece una visible tonter\u00eda. <\/p>\n<p>P.- Hola Carlos! Tengo la dicha de tener un padre como Atticus Finch. Tambi\u00e9n tengo gente sin papel pero de pel\u00edcula. Sin embargo todos estamos solos en esto y a veces acojona un poco. El cine es lo \u00fanico que de verdad me hace valiente, por eso entender\u00e1s que te quiera un huevo. Me jode no poder mandarte whisky pero ya me he comprado la biograf\u00eda de Robert Graves. Un abrazo <\/p>\n<p>R.- Tiene usted mucha suerte. Le juro que le envidio. El cine nos ha salvado la vida a muchos. El bueno nunca te falla. Es el mejor refugio. &#8220;Adi\u00f3s a todo eso&#8221;, la biograf\u00eda de Graves, es magn\u00edfica. Estando en Dei\u00e0 hace unos a\u00f1os, la imagen m\u00e1s evocadora y potente para m\u00ed era la de ese admirable se\u00f1or ingl\u00e9s pasando la mayor parte de su vida en ese pueblo mallorqu\u00edn. <\/p>\n","protected":false},"excerpt":{"rendered":"<p>Una semana m\u00e1s, Carlos Boyero, uno de los m\u00e1s populares e influyentes cr\u00edticos de cine y feroz columnista de televisi\u00f3n, de cine y de la vida en general, ha charlado los lectores sobre todo lo imaginable. <\/p>\n<p>FOTO: BERNARDO P\u00c9REZ<br \/>\nARCHIVO DE ENTREVISTAS:<br \/>\n14 de enero<br \/>\n7 de enero &#8211; 17 de diciembre<br \/>\n10 de diciembre &#8211; 3 de diciembre<br \/>\n26 de noviembre &#8211; 19 de noviembre<br \/>\n12 de noviembre &#8211; 5 de noviembre<br \/>\n29 de octubre &#8211; 22 de octubre<br \/>\n15 de octubre &#8211; 8 de octubre<br \/>\n24 de septiembre<br \/>\n-3 de septiembre &#8211; 23 de julio<br \/>\n&#8211; 9 de julio &#8211; 2 de julio<br \/>\n25 de junio &#8211; 18 de junio<br \/>\n11 de junio &#8211; 4 de junio<br \/>\n21 de mayo 14 de mayo<br \/>\n7 de mayo &#8211; 30 de abril<br \/>\n23 de abril &#8211; 14 de abril<br \/>\n2 de abril &#8211; 26 de marzo<br \/>\n12 de marzo &#8211; 5 de marzo<br \/>\n26 de febrero &#8211; 12 de febrero<br \/>\n5 de febrero &#8211; 22 de enero<br \/>\n15 de enero &#8211; 18 de diciembre<br \/>\n11 de diciembre &#8211; 4 de diciembre<br \/>\n27 de noviembre &#8211; 20 de noviembre<br \/>\n13 de noviembre &#8211; 6 de noviembre<br \/>\n30 de octubre &#8211; 16 de octubre<br \/>\n9 de octubre &#8211; 25 de septiembre<br \/>\n18 de septiembre -04 de septiembre<br \/>\n28 de agosto &#8211; 17 de julio<br \/>\n10 de julio &#8211; 3 de julio<br \/>\n26 de junio &#8211; 19 de junio<br \/>\n12 de junio &#8211; 5 de junio<br \/>\n22 de mayo &#8211; 15 de mayo<br \/>\n8 de mayo &#8211; 24 de abril<br \/>\n17 de abril &#8211; 10 de abril<br \/>\n3 de abril &#8211; 13 de marzo<br \/>\n6 de marzo &#8211; 28 de febrero<br \/>\n14 de febrero &#8211; 08 de febrero<br \/>\n31 de enero &#8211; 24 de enero<br \/>\n17 de enero &#8211; 3 de enero<br \/>\n27 de diciembre &#8211; 20 de diciembre<br \/>\n13 de diciembre &#8211; 07 de diciembre<br \/>\n29 de noviembre &#8211; 22 de noviembre<br \/>\n15 de noviembre &#8211; 08 de noviembre<br \/>\n02 de noviembre -25 de octubre<\/p>\n<p>Carlos Boyero, en lalistaWIP.com<\/p>\n","protected":false},"author":1,"featured_media":0,"comment_status":"open","ping_status":"open","sticky":false,"template":"","format":"standard","meta":{"footnotes":""},"categories":[],"tags":[],"class_list":["post-9460","post","type-post","status-publish","format-standard","hentry"],"_links":{"self":[{"href":"https:\/\/intervius.com\/index.html\/wp-json\/wp\/v2\/posts\/9460","targetHints":{"allow":["GET"]}}],"collection":[{"href":"https:\/\/intervius.com\/index.html\/wp-json\/wp\/v2\/posts"}],"about":[{"href":"https:\/\/intervius.com\/index.html\/wp-json\/wp\/v2\/types\/post"}],"author":[{"embeddable":true,"href":"https:\/\/intervius.com\/index.html\/wp-json\/wp\/v2\/users\/1"}],"replies":[{"embeddable":true,"href":"https:\/\/intervius.com\/index.html\/wp-json\/wp\/v2\/comments?post=9460"}],"version-history":[{"count":0,"href":"https:\/\/intervius.com\/index.html\/wp-json\/wp\/v2\/posts\/9460\/revisions"}],"wp:attachment":[{"href":"https:\/\/intervius.com\/index.html\/wp-json\/wp\/v2\/media?parent=9460"}],"wp:term":[{"taxonomy":"category","embeddable":true,"href":"https:\/\/intervius.com\/index.html\/wp-json\/wp\/v2\/categories?post=9460"},{"taxonomy":"post_tag","embeddable":true,"href":"https:\/\/intervius.com\/index.html\/wp-json\/wp\/v2\/tags?post=9460"}],"curies":[{"name":"wp","href":"https:\/\/api.w.org\/{rel}","templated":true}]}}