{"id":9445,"date":"2010-01-20T00:00:00","date_gmt":"2006-11-06T00:00:00","guid":{"rendered":"https:\/\/intervius.com\/index.html\/?p=9445"},"modified":"2006-11-06T00:00:00","modified_gmt":"2006-11-06T00:00:00","slug":"Javier_Reverte9445","status":"publish","type":"post","link":"https:\/\/intervius.com\/index.html\/Javier_Reverte9445\/","title":{"rendered":"Javier Reverte"},"content":{"rendered":"<p>Pregunta.- Gracias por tus libros, Javier. \u00bfQu\u00e9 supone viajar para t\u00ed?<\/p>\n<p>Respuesta.- Sobre todo, viajar significa psra mi un espacio de libertad. Y tambi\u00e9n una forma de escaparme del aburrimiento, de la monoton\u00eda, de la pesadez de hacer todos los dias lo mismo.<\/p>\n<p>P.- Se\u00f1or Reverte, \u00bfSe queda con la impresi\u00f3n que los habitantes de Alaska son norteamericanos? \u00bfNo le parece Alaska naturaleza pura sin contaminaciones del &#8220;modo de vida americano&#8221; ? Y termino: \u00bfQu\u00e9 puede hacer el Mundial de F\u00fatbol por la Surafrica de su &#8220;Vagabundo en \u00c1frica? Un abrazo. <\/p>\n<p>R.- Alaska es muy americano, en la medida en que la gente de all\u00ed es muy individualista y se sienmte, al tiempo, muy due\u00f1a de su destino y parte de un destino com\u00fan de los USA. Pero, eso si, hay menos comidfa americana -esa tan horrorosa- porque son muchos menos a comer. En cuanto qu\u00e9 puede hacer por mi libro el campeonato del mundo de Sur\u00e1frica, qui\u00e9n sabe, a lo mejro me lee con gusto algunos d neustrso futbolsitas. le dir\u00e9 a mi editorial que les regale algunos ejemplares, a ver si me diican un gol en la final.<\/p>\n<p>P.- Buenas tardes, Javier. Durante a\u00f1os nos has tra\u00eddo historias y paisajes de lugares lejanos, y siento curiosidad por saber c\u00f3mo ves y c\u00f3mo sientes Madrid, que al fin y al cabo es tu ciudad de nacimiento. \u00a1Gracias!<\/p>\n<p>R.- Es una ciudad que me gusta por su sentido de la libertad y de la integraci\u00f3n. Pero no me gusta demasiado para vivir, proque me aturde. es inc\u00f3moda, la verdad: no vivir\u00eda aqu\u00ed si no fuera por mi familia y mis amigos.<\/p>\n<p>P.- Hola Javier desde la primera vez que te descubr\u00ed, con la trilog\u00eda de \u00c1frica, me tienes fascinado como persona y como escritor. Eres un apasionado de la vida que ha visto a la muerte desde muy cerca. \u00bfC\u00f3mo te ha afectado y en qu\u00e9 medida te ha influido en tu forma de escribir?<\/p>\n<p>R.- Me ha afectado para tener menos miedo a la idea de la muerte. Re`pectop a la forma de escribir, pues ver\u00e1s: yo creo que me ha ense\u00f1ado a ir m\u00e1s a la sustancia de las cosas. Gracias por tu cari\u00f1o, Susana.<\/p>\n<p>P.- Usted ha viajado y a escrito mucho sobre Africa. La historia de Africa est\u00e1 intimamente entrelazada con la nuestra, con Europa. A trav\u00e9s de los ojos de ellos usted habra profundizado sobre nuestra propia cultura. Africa sigue siendo un continente despreciado me imagino que para justificar todas las atrocidades -movidos por la codicia- que Europa ha cometido contra ellos. Mi pregunta es \u00bfqu\u00e9 ha aprendido usted de sus culturas que le haya cambiado su manera de ver el mundo? <\/p>\n<p>R.- Lo que he aprendido esencialmente, In\u00e9s, es que los seres humanso poseemos mucha m\u00e1s fuerza para enfrentarmos al dolor de lo que imaginamos.<\/p>\n<p>P.- \u00bfQu\u00e9 escritor de literatura de viajes le ha influido m\u00e1s a la hora de escribir? \u00bfC\u00f3mo se escribe un viaje?<\/p>\n<p>R.- No me gustan mucho los escritortes de lit eratura de viajes, la verdad. Me gustan los grandes escritores que, a veces, escriben un viaje. Y son muchos: Greene, Gider, Stendhal&#8230; Lo de c\u00f3mo se escribe un viaje es m\u00e1s complicado de explicar en unas l\u00edneas. Pongamos que, sobre tdoo, trantando de emocionar al lector con lo que te ha emocionado.<\/p>\n<p>P.- Hola Javier: Muchas gracias por compartir tus experiencias y viajes con todos nosotros. ya me conoces y sabes que te tengo sana envidia. \u00bfPor qu\u00e9 el Yukon es el r\u00edo de la luz? Seguro que la respuesta est\u00e1 en el libro. Muchas gracias. Nos vemos en Brihuega. Avelino Gonz\u00e1lez Vega<\/p>\n<p>R.- Si, Avelino, est\u00e1 en el libro. Pero imagina un verano sin aspenas horas nocturnas, pleno de sol, y la luz reververando en las monta\u00f1as nevdas y en lso glaciares.<\/p>\n<p>P.- Me encanta su obra. Sobre todo los libros de \u00c1frica (en especial Los caminos perdidos). A estas alturas s\u00f3lo quisiera saber si ya descubri\u00f3 d\u00f3nde hay que ir. Yo a\u00fan no lo s\u00e9. \u00bfLo sabe usted?<\/p>\n<p>R.- Me pasa lo mismo que a usted. No tengo ni idea de ad\u00f3nde hay que ir. A lo mejor a ninguna parte concreta. Pero eso es parte de gracia de vivir, \u00bfno?.<\/p>\n<p>P.- Hola Javier, quiero darte las gracias, ya que gracias a tus libros he conseguido que mi marido se aficione a la lectura. Una pregunta simple, \u00bfpara cuando algo sobre Asia? Un beso <\/p>\n<p>R.- Pues me da una alegr\u00eda pensando que un libro mio puede despertar el apetito de leer. Asia no me gusta demasiado, la verdad. Quiz\u00e1s alguna vez haga un viaje a Filipnas. Pero no por ahora.<\/p>\n<p>P.- Mi admirado maestro. Una vez m\u00e1s nos vemos digitalmente. Ya le\u00ed tu \u00fatima novela y me enganch\u00f3 desde el primer momento aunque no hasta el final, aunque esa es mi percepci\u00f3n. Una cosa, una curiosidad Javier: \u00bfde verdad cu\u00e1ntos alces y sus cr\u00edas visteis bebiendo realmentea en la orilla del r\u00edo? Creo que a veces eran muchas&#8230; <\/p>\n<p>R.- Creo que un par de ellos. Pero eso es muy frecuente, porque normalmente los alces nacen en primavera, seg\u00fan tengo entendido. Pero termina el libro, hombre, que ya no hay mas alces: te lo prometo.<\/p>\n<p>P.- Ha sido nombrado Pregonero del Carnaval del Toro en Ciudad Rodrigo. \u00bfQu\u00e9 supone esto para usted?<\/p>\n<p>R.- Pues me alegra participar en una fiesta popular del toro. Yo no soy un gran aficionado, pero soy partidario de la fiesta. \u00bfBorramos a Picasso y Goya de las pinacotecas y a los grandes poetas, como Lorca y Alberti, que han cantgado al toro?. \u00bfY le cambiamos el t\u00edtulo al magn\u00edfico libro &#8220;La pel de brau &#8220;, del gran peota catal\u00e1n Salvadior Espriu?.<\/p>\n<p>P.- Sr. Reverte, \u00bfTuvo alg\u00fan problema con los osos de Alaska? \u00bfHa le\u00eddo el libro &#8220;Hacia Rutas Salvajes&#8221;? Gracias<\/p>\n<p>R.- No tuve, por fortuna, ningu\u00fan problema con sosos. Son animales temibles. Si, conozco el libro de &#8220;Hacia rutas salvajes&#8221;. Hay algunos americanos que est\u00e1n locos: \u00bfha visto Grizzly, el documental de Herzog?. Se lo recomiendo.<\/p>\n<p>P.- Apreciado Javier, Este verano recorr\u00ed en bici el Danubio, un verdadero regalo para los sentidos curiosos. Tras acabar de leer tu descenso (o fue ascenso?) del Yukon, me han entrado unas ganas enormes de seguir los pasos de Jack London, y tambi\u00e9n los tuyos. \u00bfAlguna agencia o sitio web que organice viajes al r\u00edo de la luz? \u00bfY alguien que se apunte a la aventura? Gracias,<\/p>\n<p>R.- Fue descenso. Puedes mirar en la web de la agencia &#8220;Tierras Polares&#8221;, una agencia que organiza el viaje. Pregunta por Jaime Barrallo -mi amigo, que sale en el libro- \u00e9l es el gu\u00eda. Te encantar\u00e1. O ll\u00e1male de mi parte: 670711102. Van en junio, creo.<\/p>\n<p>P.- Ay, ay, ay, don Javier. Perdone la frivolidad. Que en mi entorno tenemos una pregunta insistente e inquietante: \u00bfmata la novia malvada a la protagonista en &#8220;El m\u00e9dico de Ifni&#8221;? Por favor, resp\u00f3ndame.<\/p>\n<p>R.- Yo la hubiera matado, porque la mala es la prota. \u00bfO no?. Vamos, que la doy por muerta, aunque no s\u00e9 si la otra acert\u00f3 con el disparo. Pero recuerde que era tairadora ol\u00edmpica&#8230;<\/p>\n<p>P.- \u00bfA cu\u00e1l de los lugares de este peque\u00f1o -\u00bfo es mediano?- planeta se siente m\u00e1s ligado? Tendr\u00e1 miles, pero \u00bfpodr\u00eda recordar alguna visi\u00f3n en particular que le haya impactado especialmente? Muchas gracias. <\/p>\n<p>R.- A las monta\u00f1as de mi infancia, en el pueblo de Valsa\u00edn.<\/p>\n<p>P.- Amigo: cuando empieza un viaje que posteriormente lo plasmar\u00e1 en un libro: \u00bflo que ve en ese viaje es lo mismo que cuando era un reportero del diario Pueblo o el punto de vista del escritor est\u00e1 por encima del periodista que fue?<\/p>\n<p>R.- El punto de vistga es muy diferente. En el periodismo, todo se basa en la noticia. En el libro, en la sustancia de la vida y en la emoci\u00f3n de existir.<\/p>\n<p>P.- Soy un asiduo lector de sus libros y, especialmente, de los de viajes. He disfrutado much\u00edsimo cion &#8220;Coraz\u00f3n de Ulises&#8221; y &#8220;El r\u00edo de la luz&#8221; Son dos pa\u00ecses a los que amo profundamente (Grecia y Canad\u00e1) Gracias por tan maravillosos regalos. Esta es la pregunta: \u00bfPodr\u00eda anticiparnos en qu\u00e9 libro de viajes est\u00e1 trabajando actualmente? Un saludo afectuoso<\/p>\n<p>R.- Trabajo en un libro sobre el \u00c1rtico. En el verano del 2008m, cruc\u00e9 en un barco ruso el paso del Noroerste, por el norte de Canad\u00e1, entre el Atl\u00e1ntcio y el Pac\u00edfico. Fue un viaje magn\u00edfico.<\/p>\n<p>P.- Tuve la suerte de realizar este pasado verano un viaje similar al que narra, por lo que me ha llamado la atenci\u00f3n la cr\u00edtica descripci\u00f3n que realiza de Skagway. Es cierto que se ha convertido en gran parte en una especie de parque tem\u00e1tico, pero no es menos cierto que a pesar de eso es un lugar con \u00e1ngel, con un encanto especial (o al menos eso me pareci\u00f3 a mi). Con el paso del tiempo, \u00bfsigue manteniendo la misma opini\u00f3n cr\u00edtica hacia esta poblaci\u00f3n?<\/p>\n<p>R.- No creo que fuera tan cr\u00edtico, pero si, me pareci\u00f3 un lugar un tanto artificial, una suerte de Disneylandia. Es m\u00e1s genuino Dawson City.<\/p>\n<p>P.- Don Javier, acabo de terminar El r\u00edo de la luz, gracias por el regalo, sus libros ense\u00f1an, entretienen y dan energ\u00eda, incluso en malos momentos, para imaginar escapadas vitales. A m\u00ed tambi\u00e9n me gustar\u00eda atravesar el Atl\u00e1ntico en barco, pero temo el oleaje y los mareos. \u00bfQu\u00e9 me recomienda que haga? Gracias, es usted un buen amigo a quien no conozco.<\/p>\n<p>R.- No crea que hay tanta ola. Y existen pastillas contra le mareo. En verano se viaja muy bien por el Atl\u00e1ntico. Le aconsejo que busque un &#8220;freighter&#8221; (carguero) en la web de www. thecruisepeople.can y pinche en &#8220;more&#8221;, debajo de la lista de ofertas de cruceros de lujo. Hay un mont\u00f3n de ofertas y buenos precios. Gracias, amigo.<\/p>\n<p>P.- Buenos d\u00edas, Javier. \u00bfSe puede compaginar su dedicaci\u00f3n a la escritura de viajes con una vida familiar? \u00bfCu\u00e1l ha sido su caso?<\/p>\n<p>R.- Mi mujer es muy viajera y a mis hijos -ya mayores &#8211; tambi\u00e9n les gusta vaiajar. Y ahroa, gracias a los lectores, puedo volver a casa despues de un viaje con un cheque asegurado por la editorial. \u00bfC\u00f3mo se va a enfadar mi familia conmigo?. Gracias, Bula Matari<\/p>\n<p>P.- Buenas tardes, Sr. Reverte. Ante todo perm\u00edtame que le felicite por su nuevo libro, que he le\u00eddo de un tir\u00f3n. &#8220;El r\u00edo de la vida&#8221; me ha sumergido en una aventura inolvidable (y casi \u00e9pica) por uno de los territorios m\u00e1s bellos e inhospitos del planeta. Como lector impenitente de todos sus libros de viaje, me gustar\u00eda formularle la siguiente pregunta: \u00bfen qu\u00e9 medida ha supuesto para usted este viaje por el Territorio del Yukon tambi\u00e9n una mirada introspectiva hacia el interior de su esp\u00edritu?<\/p>\n<p>R.- No es de la vida, amigo Fernando, sino de la luz: el de la vida es el de Jorge Manrique. Me ha ha supuesto una inyecci\u00f2n de optimismo, como cuento en el libro, un chut e de vitalidad. los viajes los hacemos hacia afuera y hacia adentro.<\/p>\n<p>P.- \u00bfPara cuando el Yangts\u00e9? Creo que ser\u00eda un buen pretexto para abordar el pasado, el presente y el futuro de China. Una oportunidad \u00fanica para navegar entre la contradicci\u00f3n y la incertidumbre de nuestro tiempo. Enhorabuena por tu \u00faltimo viaje y gracias por seguir ah\u00ed. <\/p>\n<p>R.- No lo tengo previsto, Alejandro. Asia no me tira. de momento me voy al Mississippi el mes que viene. Gracias.<\/p>\n<p>P.- \u00bfTu mejor libro de viajes? Tres cosas imprescindibles para escibir un libro de viajes. Enhorabuena.<\/p>\n<p>R.- No s\u00e9 qu\u00e9 decirte. El de mayro calidad literaria quiz\u00e1s sea el del Amazonas, pero no es le que m\u00e1s me gusta. Mi favorito tal vez sea &#8220;Los caminos perdidos de \u00c1frica&#8221;, porque el putno de vista ocn que lo escrib\u00ed es le humor. \u00bfTres cosas imprescidibles para un libro de viajes?. Llelvar cuadernos, llevar bol\u00edgrafos y tomar notas todos los d\u00edas.<\/p>\n<p>P.- Hola: Hace tiempo que quiero hacer el mismo viaje que refleja en su \u00faltimo libro. La verdad es que me tranquiliza saber que viajes as\u00ed no son tomados como locuras. Para m\u00ed supone ir a la \u00faltima frontera. \u00bfY para Vd.?<\/p>\n<p>R.- Era una frontera del alma. An\u00ecmate y no dejes de cumplir tus sue\u00f1o, que para otra cosa no merece la pena vivir.<\/p>\n<p>P.- Hola Javier, me est\u00e1 gustando mucho tu nuevo libro. Tambi\u00e9n me gust\u00f3 mucho Coraz\u00f3n de Ulises que se lo recomiendo a todo el mundo que vaya a viajar a Grecia. En una pregunta anterior comentas que Asia no te gusta demasiado. \u00bfNos puedes comentar por qu\u00e9? Gracias.<\/p>\n<p>R.- Porque no me comunico bien con los asi\u00e1ticos. Somos muy diferentes de mentalidad. Y para m\u00ed, un libro, sobre todo, es la gente que encuentras en el camino.<\/p>\n<p>P.- Sr. Reverte, enhorabuena por su \u00faltimo libro. \u00bfVeremos alg\u00fan libro suyo sobre Europa? \u00bfCabe todav\u00eda la aventura de viajar en nuestro continente? Gracias<\/p>\n<p>R.- Clario que si. Hice uin por Grecia, por cierto. Y tengo en la mochila un par de ideas. Pero le aseguro que no ser\u00e1 Suiza.<\/p>\n<p>P.- Hola desde M\u00e9xico Sr. Javier Reverte Mi pregunta es: \u00bfHar\u00eda una trilog\u00eda de mi pa\u00eds? as\u00ed como la hizo de Centroam\u00e9rica, ser\u00eda un punto de vista diferente e interesante, una mirada desde fuera. \u00a1Gracias!<\/p>\n<p>R.- Su pa\u00eds me interesa much\u00ecsimo, el que m\u00e1s de Latinoam\u00e9rica. Y si tengo \u00e1nimo y piernas fuertes, en unpar de a\u00f1os pretendo ir por all\u00e1.<\/p>\n<p>P.- Estimado Sr Reverte: que escribir\u00e1 antes \u00bfun libro de poemas o un viaje por Espa\u00f1a? Gracias <\/p>\n<p>R.- Un libro de poemas. De hecho tengo uno casi terminado.<\/p>\n<p>P.- A trav\u00e9s de tu libro acabo de llegar a Dawson City fatigado, calado hasta los huesos pero lleno de aire y vida nueva. Recomi\u00e9ndame por favor un lugar especial de tu aventura y algunos libros imprescindibles para llevar all\u00ed. Enhorabuena por tu aventura y muchas gracias por contarla. Ojal\u00e1 alg\u00fan d\u00eda la pueda contar yo. <\/p>\n<p>R.- No te entiendo bien. \u00bfDe mi aventura vital dices?, \u00bfo de este \u00fatlimo lbiro?. opasar\u00eda un invierno en Dawson City y leer\u00eda el Ulises de Joyce muy despacio (ya lo he hecho dos veces). Ya ves:iro exostismo. De la vital, me encantar\u00eda vivir en NYork unos meses y leer teatro. No es broma todo lo que te digo. Tengo sue\u00f1os raros.<\/p>\n<p>P.- \u00bfCu\u00e1ndo contar\u00e1s tu encuentro con el soci\u00f3logo surafricano Davis?<\/p>\n<p>R.- \u00bfCu\u00e1ndo contar\u00e1s tu encuentro con el soci\u00f3logo surafricano Davis?<\/p>\n<p>P.- Maestro: \u00bfde verdad que la India no le intersa para un futuro libro? He leido algunos (&#8220;Esto es Calcuta&#8221; de Ana Briongos) y siempre espero el suyo, su atinado punto de vista tanto viejero como hist\u00f3rico. Gracias y siga as\u00ed por favor.<\/p>\n<p>R.- Qu\u00e9 le vamos a hacer. No me tira la India.<\/p>\n<p>P.- Querido Javier, gracias por volver a transportarme al maravilloso mundo de tus libros. Dicen que lo \u00fanico que importa en esta vida es la ilusi\u00f3n, lo dem\u00e1s es pasajero. \u00bfT\u00fa que opinas?<\/p>\n<p>R.- Pues tienes toda la raz\u00edon: la ilusi\u00f3n por cumplir tus sue\u00f1os.<\/p>\n<p>P.- Hola Javier, es un placer saludarte.Mi pregunta es la siguiente: Supongo que como escritor de libros de viajes en tu fuero interno hay alg\u00fan viaje que sabes positivamente que vas a realizar y por consiguiente reflejarlo en un libro y por otra parte pienso que habr\u00e1 alg\u00fan lugar del mundo que intuyes que nunca tendr\u00e1s la voluntad de visitar y l\u00f3gicamente no podr\u00e1s plasmar en un libro las vivencias acaecidas: Si es as\u00ed, \u00bfqu\u00e9 dos lugares ser\u00edan? Gracias<\/p>\n<p>R.- Nunca har\u00e9 un libro de viajes sobre Austria y Suiza: me aburren. Alg\u00fan d\u00eda har\u00e9 u no de M\u00e9xico: me fascina.<\/p>\n<p>P.- Buenas tardes Javier. A trav\u00e9s de un conocido le\u00ed tu libro &#8220;El m\u00e9dico de Ifni&#8221; y, a partir de ah\u00ed, otros seis. No he podido dejar de notar un cambio en el tono de tu narraci\u00f3n, de un gran sentido del humor y un enorme vitalismo a un menor optimismo. Pareciera que en tu \u00faltimo libro la vida ya no brilla tanto. \u00bfMe equivoco? \u00bfQuiz\u00e1 esa enfermedad afect\u00f3 tu visi\u00f3n de la vida? \u00bfC\u00f3mo te encuentras ahora?<\/p>\n<p>R.- La verdad es que mi viaje al Amazonas me desvitaliz\u00f2 y me hizo perder optimismo. Pero el de Alaska, creo, est\u00e1 lleno de vitalidad. Tambi\u00e9n soy algo m\u00f1s viejo, claro&#8230;<\/p>\n<p>P.- Hola se\u00f1or Reverte, le descubr\u00ed con &#8220;Coraz\u00f3n de Ul\u00edses&#8221; y desde entonces le sigo..Yo no viajo mucho, solo con la cabeza. \u00bfConoce usted &#8220;l camino m\u00e1s corto&#8221; de Manu Leguineche? Fue mi primer libro de viajes. Salud y suerte.<\/p>\n<p>R.- Claro, Manu es \u00ecntimo mio y hemos viajado mucho juntos. Es un gran maestro.<\/p>\n<p>P.- Estimado Sr: Revete: me gustar\u00eda saber qu\u00e9 le motiva a realizar esos maravillosos viajes que describe en sus libros. <\/p>\n<p>R.- La lecturas de buenos libros sobre esos lugares, sobre todo.<\/p>\n<p>P.- Soy el pesado de Blas. Dentro de unos d\u00edas me voy por la zona \u00bfpara cuando el R\u00edo Niger? Si me avisas, te acompa\u00f1o.<\/p>\n<p>R.- Pue suerte, Blas, pero no voy al Niger por ahora. Abzs.<\/p>\n","protected":false},"excerpt":{"rendered":"<p>Tras casi cinco a\u00f1os sin publicar un libro de viajes, Javier Reverte (Madrid, 1944) regresa con El r\u00edo de la luz. Un viaje por Alaska y Canad\u00e1 (Plaza&#038;Jan\u00e9s). En su nuevo libro, Reverte trae los paisejes y las historias de un largo viaje de tres meses por Canad\u00e1 y Alaska, un recorrido que incluye un trayecto de m\u00e1s de 700 kil\u00f3metros en canoa por el r\u00edo Yukon. El escritor ha charlado con los lectores sobre su obra literaria.<br \/>\nLee el \u00faltimo art\u00edculo de Javier Reverte en Babelia<br \/>\nLEE AQU\u00cd OTROS ENCUENTROS DEL CICLO BABELIA:<br \/>\nJavier Cercas &#8211; Manuel Vilas Antonio Mu\u00f1oz Molina &#8211; Rafael Rojas<br \/>\nJorge Volpi &#8211; Luis Landero<br \/>\nA. Vi\u00f1as y F. Hern\u00e1ndez &#8211; Yuri Herrera<br \/>\nFernando Iwasaki &#8211; Luis Mateo D\u00edez<br \/>\nBel\u00e9n Gopegui &#8211; Juan Goytisolo<br \/>\nRafael Gumucio &#8211; Domingo Villar<br \/>\nAlicia Gim\u00e9nez Bartlett &#8211; Fogwill<\/p>\n","protected":false},"author":1,"featured_media":0,"comment_status":"open","ping_status":"open","sticky":false,"template":"","format":"standard","meta":{"footnotes":""},"categories":[],"tags":[],"class_list":["post-9445","post","type-post","status-publish","format-standard","hentry"],"_links":{"self":[{"href":"https:\/\/intervius.com\/index.html\/wp-json\/wp\/v2\/posts\/9445","targetHints":{"allow":["GET"]}}],"collection":[{"href":"https:\/\/intervius.com\/index.html\/wp-json\/wp\/v2\/posts"}],"about":[{"href":"https:\/\/intervius.com\/index.html\/wp-json\/wp\/v2\/types\/post"}],"author":[{"embeddable":true,"href":"https:\/\/intervius.com\/index.html\/wp-json\/wp\/v2\/users\/1"}],"replies":[{"embeddable":true,"href":"https:\/\/intervius.com\/index.html\/wp-json\/wp\/v2\/comments?post=9445"}],"version-history":[{"count":0,"href":"https:\/\/intervius.com\/index.html\/wp-json\/wp\/v2\/posts\/9445\/revisions"}],"wp:attachment":[{"href":"https:\/\/intervius.com\/index.html\/wp-json\/wp\/v2\/media?parent=9445"}],"wp:term":[{"taxonomy":"category","embeddable":true,"href":"https:\/\/intervius.com\/index.html\/wp-json\/wp\/v2\/categories?post=9445"},{"taxonomy":"post_tag","embeddable":true,"href":"https:\/\/intervius.com\/index.html\/wp-json\/wp\/v2\/tags?post=9445"}],"curies":[{"name":"wp","href":"https:\/\/api.w.org\/{rel}","templated":true}]}}