{"id":944,"date":"2007-02-22T00:00:00","date_gmt":"2006-11-06T00:00:00","guid":{"rendered":"https:\/\/intervius.com\/index.html\/?p=944"},"modified":"2006-11-06T00:00:00","modified_gmt":"2006-11-06T00:00:00","slug":"Poli_Rincon944","status":"publish","type":"post","link":"https:\/\/intervius.com\/index.html\/Poli_Rincon944\/","title":{"rendered":"Poli Rinc\u00f3n"},"content":{"rendered":"<p>Pregunta.- Poli eres un crack, cu\u00e9ntanos c\u00f3mo son los derbis que has vivido&#8230; un saludo!!!<\/p>\n<p>Respuesta.- Los derbis fueron espectaculares. Yo creo que no perd\u00ed ning\u00fan derbi con el Madrid. En aquella \u00e9poca estaba Luis Pereira que era espectacular. Fueron partidos interesantes, emocionantes y uno de los derbis m\u00e1s bonitos que se pueden jugar en el mundo. <\/p>\n<p>P.- Poli, nos gustaste mucho haciendo mon\u00f3logos en El Club de Flo&#8230; \u00bfPor qu\u00e9 te decidiste? \u00bfNo monologueas ya demasiado en la radio?<\/p>\n<p>R.- Fue una experiencia que ten\u00eda ganas de vivir. Es tremendamente difi\u00edcil ponerse ante 400 personas y hacerles pasar una buena gala. Fue una experiencia muy bonita pero muy dura. No se me ha pasado por la cabeza volver a hacerlo. <\/p>\n<p>P.- \u00bfQu\u00e9 te pas\u00f3 el otro d\u00eda, monstruo?<\/p>\n<p>R.- Mira, monstruo, ya no s\u00e9 d\u00f3nde tengo las cosas. Me dej\u00e9 el m\u00f3vil en el AVE y me lo devolvieron en el siguiente. As\u00ed ya ves c\u00f3mo tengo las neuronas, fatal de la cabeza. <\/p>\n<p>P.- Un saludo Poli, quer\u00eda preguntarte si crees que el Valencia llegar\u00e1 con opciones a disputar la liga. Eres grande!<\/p>\n<p>R.- Un saludo muy fuerte. totalmente convencido. NO solo en la LIga, ojo, que el Valencia puede ser el tapado para ganar la Champions. <\/p>\n<p>P.- Poli, \u00bft\u00fa no crees que el problema del Madrid, mas que una cuesti\u00f3n de egos o actitud, es de que no existe un modelo de juego? contra el Sevilla, o el Espa\u00f1ol se puso casta y actitud aunque no f\u00fatbol&#8230;gracias<\/p>\n<p>R.- Estoy de acuerdo. Has puesto el dedo en la llaga. El problema ha sido que no ha existido el proyecto nunca. La elecci\u00f3n de Capello y Mijatovic creo que no han sido acertadas. <\/p>\n<p>P.- Suponiendo que echen a varios (o a todos) los jugadores que se comentan, \u00bfqu\u00e9 fichajes har\u00edas t\u00fa para la pr\u00f3xima temporada? \u00bfY en cuanto al entrenador?<\/p>\n<p>R.- Lo primero que hay que pensar, antes de pensar en nombres es saber cu\u00e1l es el modelo que quiere desarrollar el Madrid&#8230; Un proyecto a largo plazo, a corto&#8230; A partir de ah\u00ed, buscar los jugadores necesarios para ese proyecto. El entrenador y los jugadores tendr\u00edan que amoldarse al modelo. Decir Kak\u00e1 o Drogba lo dice cualquiera pero lo importante es saber qu\u00e9 modelo queremos tener. <\/p>\n<p>P.- \u00bfPor qu\u00e9 crees que el Madrid no funciona durante 4 a\u00f1os? \u00bfPor qu\u00e9 no tenemos buenos mediocentros que aguanten la pelota?<\/p>\n<p>R.- Desde la \u00e9poca de Florentino se apost\u00f3 por unas cosas que nunca me gustaron: la galaxia, los extraterrestres, etc&#8230; Hay que apostar por la imagen del Madrid de f\u00fatbol y garra de toda la vida. EL centro del campo que hemos tenido en mi \u00e9poca eran grandes jugadores que jugaban al f\u00fatbol. <\/p>\n<p>P.- Buenas. \u00bfPor qu\u00e9 Cannavaro sigue siendo titular si no est\u00e1 rindiendo como en el mundial de Alemania? \u00bfQu\u00e9 central le gustar\u00eda para el Real Madrid?<\/p>\n<p>R.- Antes que Cannavaro pondr\u00eda ahora mismo a Pav\u00f3n. F\u00edjate d\u00f3nde est\u00e1 Arbeloa (en el Liverpool). El problema del Madrid est\u00e1 en el fondo. Ramos\/Helguera est\u00e1 muy bien tambi\u00e9n. Hay posiblidades varias. <\/p>\n<p>P.- \u00bfHabr\u00eda que echar a Capello?<\/p>\n<p>R.- Ya!! No habr\u00eda que haberle traido. Es otro error tremendo y 100 millones de euros. Me ha encantado la pregunta. <\/p>\n<p>P.- \u00bfQu\u00e9 estar\u00e1n pensando en Madrid al ver el rendimiento de Arbeloa en el Depor y el de Cannavaro en el Madrid?<\/p>\n<p>R.- Yo creo que la comparaci\u00f3n la has hecho perfectamente. Es un desprop\u00f3sito. No se ha cuidado la cantera para nada. <\/p>\n<p>P.- \u00bfComo ves la Real Zaragoza este a\u00f1o?\u00bfA qu\u00e9 puede aspirar?<\/p>\n<p>R.- Lo veo muy bien. Me parece que est\u00e1 dise\u00f1ado para jugar al f\u00fatbol. Me gusta esa apuesta por el f\u00fatbol. <\/p>\n<p>P.- Eres m\u00e1s verder\u00f3n que las lechugas. \u00bfqu\u00e9 opinas de la situaci\u00f3n actual del Betis?<\/p>\n<p>R.- S\u00ed, soy verder\u00f3n y muy madridista tambi\u00e9n. El betis est\u00e1 en progresi\u00f3n. Luis F ha sido un acierto importante que ha dado alegr\u00eda. A m\u00ed es que el machote me cae genial. Es un crack aut\u00e9ntico. A m\u00ed me tiene ganado para la causa. <\/p>\n<p>P.- Hola Hip\u00f3lito! \u00bfA qu\u00e9 jugadores tratarias de vender del Madrid si de t\u00ed dependiese? D\u00ed los nombres y m\u00f3jate monstruo!! Saludos desde M\u00e1laga!<\/p>\n<p>R.- Un abrazo. Emerson, Cannavaro, Cassano, Reyes, Robinho, Van Nistelrooy, Guti, Ra\u00fal, Salgado, Roberto Carlos&#8230; Hay que buscar ilusi\u00f3n, ganas, compromiso, etc, que no quiere decir que no lo tengan ellos, pero hay que buscar revulsivos. <\/p>\n<p>P.- \u00bfQue siente un b\u00e9tico como tu, viendo al Sevilla en lo m\u00e1s alto? Saludos<\/p>\n<p>R.- Siento una envidia muy grande. Me gustar\u00eda tener la estructura y la forma que han desarrollado el club. Creo que el Betis tiene esa asignatura pendiente, crecer en toda la estructura del club. Hay que hacer un cargo de conciencia y hacer un cambio generacional importante. VIVA el BETIS MANQUE PIERDA.<\/p>\n<p>P.- \u00bfPor qu\u00e9 crees que existe esa animadvers\u00f3n en los \u00faltimos a\u00f1os en contra del Real Madrid?<\/p>\n<p>R.- Eso lo ha creado Florentino. La galaxia y la trilogi\u00eda de la guerra de las galaxias le ha hecho mucho da\u00f1o al Madrid en Espa\u00f1a. Ha sido un error crear esa imagen de prepotencia. Hay que ser m\u00e1s humilde. Una de las caracter\u00edsticas que ha tenido el Madrid siempre ha sido la humildad y el trabajo. Y el respeto por los contrarios. <\/p>\n<p>P.- \u00bfVamos a ver algun dia a poli de entrenador, haciendo de el espiritu juanito en un campo de verdad?<\/p>\n<p>R.- Por mi car\u00e1cter es imposible que yo haga entrenador. A veces me dan ganas, pero no podr\u00eda estar en el banquillo tranquilamente. <\/p>\n<p>P.- \u00bfpor qu\u00e9 todos los equipos juegan a no jugar, y se basan en defender y contratacar?<\/p>\n<p>R.- Es una pregunta magn\u00edfica. Hemos pasado a ser resultadistas. SOlo se busca el triunfo. Hay un sentimiento que evita que vayamos a buscar la esencia del f\u00fatbol, que es el deporte. Resulta m\u00e1s importante el resultado que dar espect\u00e1culo de los aficionados. <\/p>\n<p>P.- Poli, \u00bfqui\u00e9n crees que tiene m\u00e1s posibilidades de ganar la liga, el Bar\u00e7a, el Sevilla o el Madrid ?<\/p>\n<p>R.- Ahora mismo el Sevilla y el Valencia. <\/p>\n<p>P.- Hola Poli. \u00bfTu si fueras directivo del Madrid qu\u00e9 cambios har\u00edas en el equipo? \u00bfEcharias a Capello? <\/p>\n<p>R.- Cambiar toda la estructura nueva. Hay un modelo que me gusta mucho, el del Sevilla. Nadie conoce a la gente que trabaja para el club. Creo que Monchi lo est\u00e1 haciendo muy bien. Le fichar\u00eda para el Madrid. <\/p>\n<p>P.- Hola Poli, pienso que Ra\u00fal hace un poco el parip\u00e9 tanto en el RM como en la selecci\u00f3n: mirar hacia arriba en el himno, tratar de rematar un bal\u00f3n que se le escapa a 2 metros, correr sin cesar.. Yo creo que es consciente de que es lo \u00fanico que le queda: aparentar.<\/p>\n<p>R.- En cierto modo no lo hace para aparentar. Llevas parte de raz\u00f3n. Si a Ra\u00fal le retiras del \u00e1rea, salen las carencias de Ra\u00fal. Lo que me da pena es verle solo corriendo. Es muy bueno en el \u00e1rea, me gusta mucho m\u00e1s que Van Nistelrooy. NO me gusta Ra\u00fal del \u00e1rea para fuera.<\/p>\n<p>P.- Si alguna vez te propusieran dirigir al Madrid y al Betis \u00bfa c\u00faal eligirias y por qu\u00e9?<\/p>\n<p>R.- Como entrenador no puedo porque no tengo el carnet. Me gustar\u00eda estar en cualquiera de los dos, son los equipos de mi vida y de mi coraz\u00f3n. <\/p>\n<p>P.- Paisano \u00bft\u00fa crees que saldremos de este bache?. \u00bfY no piensas que debiera el Madrid fomentar m\u00e1s la cantera y dejarse de fichajes politicos-deportivos?. Nos alegramos que solo se quedara en un susto. Un abrazo<\/p>\n<p>R.- Tengo la esperanza de que esto as\u00ed sea. Que tengamos un giro de 180 grados. Espero que entre un poco de aire fresco y cambien las cosas. Se est\u00e1 maltratando la cantera en todos los aspectos. <\/p>\n<p>P.- \u00bfCrees en las posibilidades de que el Real Madrid gane la Champions este a\u00f1o? \u00bfCuando Poli presidente del Real Madrid?<\/p>\n<p>R.- El presidente del Madrid es un sue\u00f1o irrealizable. Ser\u00eda como para morirme al d\u00eda siguiente. Pocas cosas pueden superar eso. El Bayern est\u00e1 bastante peor que el Madrid pero el 3-2 nos complica mucho la vida. <\/p>\n<p>P.- Como antiguo jugador del Recre, \u00bfque te parece la campa\u00f1a que esta realizando?, \u00bfCrees que le sobra o falta, algo o alguien? Gracias y un saludo desde Huelva.<\/p>\n<p>R.- Un abrazo fuerte. Me hace ilusi\u00f3n que me escribas porque tengo a Huelva en mi coraz\u00f3n. Tuve el orgullo de vivir un a\u00f1o genial all\u00ed, uno de los mejores de mi vida. A ver si hay suerte y sin hacer ruido, nos metemos en Europa, en la UEFA. <\/p>\n<p>P.- \u00bfCrees que Schuster ser\u00eda buen entrenador para el Madrid? Saludos<\/p>\n<p>R.- Me parece un entrenador fant\u00e1stico. La trayectoria es innegable. Me gusta su propuesta de f\u00fatbol. Yo lo fichar\u00eda porque creo que puede ser importante para el club. <\/p>\n<p>P.- \u00bfQu\u00e9 recuerdos guarda de su estancia en el Real Valladolid?<\/p>\n<p>R.- Otro sitio que fue muy bonito en mi etapa all\u00ed. Caimos en semifinales de la Copa del Rey y fue una pena, contra el Valencia. Fue una gran experiencia. Tengo un gran recuerdo de aquella ciudad. <\/p>\n<p>P.- Hola Poli! \u00bfQu\u00e9 te parece el lateral torres? <\/p>\n<p>R.- Magn\u00edfico. Es un aire fresco y de una ilusi\u00f3n tremenda. Es una de las pocas cosas de Capello. A ver cu\u00e1nto tiempo le mantiene la titularidad. Es un futbolista de presente con un gran futuro. Estoy muy contento por \u00e9l. Se le ve que tiene orgullo de madridista, desde el torneo social. <\/p>\n<p>P.- \u00bfqu\u00e9 es m\u00e1s importante para un periodista, el humor o la objetividad?<\/p>\n<p>R.- Yo creo que primero objetividad y luego humor. Tienes que tener un equilibrio entre una cosa y otra. Hay que buscarle un lado positivo a las cosas. <\/p>\n<p>P.- El atl\u00e9ti lleva muchos a\u00f1os sin ganar el derbi en el Calder\u00f3n \u00bfC\u00f3mo lo ves? <\/p>\n<p>R.- Creo que va a ganar el Madrid otra vez. EL Atletico tiene una psicosis muy grande. Lo digo en tono de humor. Ser\u00e1 un derbi vibrante, y auqneu el Madrid est\u00e1 mal, creo que est\u00e1 m\u00e1s fuerte. Por cierto, mi padre jugaba en el Atl\u00e9tico Aviaci\u00f3n. <\/p>\n<p>P.- \u00bfQue opinas de Fernando Torres?<\/p>\n<p>R.- \u00bfQue opinas de Fernando Torres?<\/p>\n<p>P.- Hola Poli, \u00bfno te ofende que se r\u00eden tanto de ti en la ser? \u00bfo es que en realidad eres el jefe pero dejas que Paco diga que es \u00e9l porque le hace ilusi\u00f3n? jajajaja. 1 saludo crack.<\/p>\n<p>R.- Me encanta tu nombre. Mi perro se llama Toro tambi\u00e9n. Yo precisamente quiero que la gente se ria conmigo y que pasemos esos ratos que pasamos. Para m\u00ed no hay cosa m\u00e1s bonita que ir en un taxi o entro en un centro comercial, etc la gente me diga que se lo pasan bien conmigo, que se r\u00edan conmigo&#8230;<\/p>\n<p>P.- \u00a1Hola crack! \u00bfCrees que tiene arreglo esto para esta temporada? \u00bfCu\u00e1l ser\u00eda tu antidoto para esta temporara y para la siguiente?<\/p>\n<p>R.- El ant\u00eddoto cuesta 16 millones de euros. Creo que van a aguantar la temporada como puedan, llegar a la Champions.<\/p>\n<p>P.- \u00bfCrees que Raul sigue jugando en el Madrid por su pasado o crees que esta a un nivel aceptable para el Madrid?<\/p>\n<p>R.- Est\u00e1 jugando titular porque es un peso pesado dentro del club y el vestuario. Yo creo que el rol de Ra\u00fal tendr\u00eda que ser otro. No estar lejos del \u00e1rea. Es la historia reciente m\u00e1s grande del club pero hay que ver la realidad. <\/p>\n<p>P.- \u00bfHa hecho bien el madrid en vender a Ronaldo estando el Madrid como est\u00e1? Un saludo. Lorca<\/p>\n<p>R.- Eso es un crimen total y absoluto. Venderlo por 6 millones, cuando a principios de temporada ofrec\u00edan 18, es un error. Es una liquidaci\u00f3n de derribo del patrimonio del Madrid. Curiosamente, primer partido de titular con el Mil\u00e1n, y dos goles. <\/p>\n<p>P.- \u00bfCress que en el caso del Bar\u00e7a.. es el fin de un ciclo? \u00bfA qui\u00e9n fichar\u00edas para el Madrid?<\/p>\n<p>R.- Grande de Espa\u00f1a, el problema del Bar\u00b4\u00e7a es que est\u00e1 volviendo a las andadas. Cuando tienen el m\u00ednimo desasosiego, se revoluciona todo. Despu\u00e9s de dos a\u00f1os magn\u00edficos, el ciclo puede cambiar. <\/p>\n<p>P.- Hola Poli, pedazo de crack, oye \u00bfesas frases ingeniosas que dices durante el Carrusel responden a un gui\u00f3n escrito o es que te salen del alma?. Un saludo.<\/p>\n<p>R.- Como tengo el cerebro como lo tengo, me salen como me salen y no puedo repetir dos veces lo mismo. El d\u00eda que me pongan un papel delante no sabr\u00e9 hacerlo. Mi neurona va a su libre albedr\u00edo. Tengo solo una en el cerebro, porque las otras las tengo en otro sitio. <\/p>\n","protected":false},"excerpt":{"rendered":"<p>El Real Madrid sigue en crisis tras el mal sabor de una victoria contra el Bayer que puede resultar envenenada (3-2). Para comentar la delicada situaci\u00f3n del equipo de Capello, Poli Rinc\u00f3n, ex futbolista y comentarista de Carrusel Deportivo de la SER ha charlado con los lectores.<\/p>\n","protected":false},"author":1,"featured_media":0,"comment_status":"open","ping_status":"open","sticky":false,"template":"","format":"standard","meta":{"footnotes":""},"categories":[],"tags":[],"class_list":["post-944","post","type-post","status-publish","format-standard","hentry"],"_links":{"self":[{"href":"https:\/\/intervius.com\/index.html\/wp-json\/wp\/v2\/posts\/944","targetHints":{"allow":["GET"]}}],"collection":[{"href":"https:\/\/intervius.com\/index.html\/wp-json\/wp\/v2\/posts"}],"about":[{"href":"https:\/\/intervius.com\/index.html\/wp-json\/wp\/v2\/types\/post"}],"author":[{"embeddable":true,"href":"https:\/\/intervius.com\/index.html\/wp-json\/wp\/v2\/users\/1"}],"replies":[{"embeddable":true,"href":"https:\/\/intervius.com\/index.html\/wp-json\/wp\/v2\/comments?post=944"}],"version-history":[{"count":0,"href":"https:\/\/intervius.com\/index.html\/wp-json\/wp\/v2\/posts\/944\/revisions"}],"wp:attachment":[{"href":"https:\/\/intervius.com\/index.html\/wp-json\/wp\/v2\/media?parent=944"}],"wp:term":[{"taxonomy":"category","embeddable":true,"href":"https:\/\/intervius.com\/index.html\/wp-json\/wp\/v2\/categories?post=944"},{"taxonomy":"post_tag","embeddable":true,"href":"https:\/\/intervius.com\/index.html\/wp-json\/wp\/v2\/tags?post=944"}],"curies":[{"name":"wp","href":"https:\/\/api.w.org\/{rel}","templated":true}]}}