{"id":9438,"date":"2011-11-25T00:00:00","date_gmt":"2006-11-06T00:00:00","guid":{"rendered":"https:\/\/intervius.com\/index.html\/?p=9438"},"modified":"2006-11-06T00:00:00","modified_gmt":"2006-11-06T00:00:00","slug":"Santiago_Zannou9438","status":"publish","type":"post","link":"https:\/\/intervius.com\/index.html\/Santiago_Zannou9438\/","title":{"rendered":"Santiago Zannou"},"content":{"rendered":"<p>Pregunta.- Hola Santiago. \u00bfCu\u00e1l ha sido tu mejor experiencia durante tu etapa de estudiante de cine?<\/p>\n<p>Respuesta.- Ha sido ver pel\u00edculas y conocer la historia del cine. Descubrir a Douglas Sirk, Chaplin, Fassbinder. En el fondo ver pel\u00edculas y participar en los cortos de los compa\u00f1eros y hacer mis propios cortos es lo mejor que he vivido en la escuela de cine.<\/p>\n<p>P.- Hola Santi, saludos desde Palma. S\u00e9 que no viene a cuento, pero \u00bfte atrever\u00edas con una serie de TV?<\/p>\n<p>R.- Hola Txema, un saludo desde Madrid a Palma. Me acuerdo mucho de la isla. All\u00ed fue el germen del principio de todo esto. Siempre he pensado que un director dirige. Yo me atrevo con cualquier especialidad: videoclips, spots, cortos, pelis. La verdad, para m\u00ed estar detr\u00e1s de la c\u00e1mara siempre es un privilegio y lo que pongo delante de la c\u00e1mara, siempre me gusta que tenga verdad. Si la serie encaja con lo que yo siento, palante.<\/p>\n<p>P.- Simplemente transmitirle un saludo desde Barcelona. Desde que le conoc\u00ed hace bastantes a\u00f1os demostr\u00f3 tener muy clara su vocaci\u00f3n como cineasta. Solo eso&#8230; Un abrazo grande!!<\/p>\n<p>R.- Cada uno llega al cine desde un punto. Yo le\u00ed una noticia en El Pa\u00eds precisamente, hace muchos a\u00f1os, de unos ni\u00f1os nigerianos que los hab\u00edan encontrado congelados en los bajos de un avi\u00f3n porque se iban a B\u00e9lgica para ense\u00f1arles a los hombres importantes de Europa una carta donde dec\u00edan: &#8220;no tenemos ni balones en el colegio&#8221;. Al leer esa carta mi vida peg\u00f3 un giro y entr\u00e9 en un compromiso para con las personas y es el mismo compromiso con mi trabajo. Siempre que titubeo un poco me imagino a esos ni\u00f1os col\u00e1ndose en el aeropuerto, col\u00e1ndose entre las maletas y siento que iban a hacer algo importante para sus compa\u00f1eros. El compromiso est\u00e1 en todas partes. Sinceramente, gracias.<\/p>\n<p>P.- Cu\u00e9ntame c\u00f3mo va tu nuevo proyecto del Alacr\u00e1n enamorado \u00bfcu\u00e1ndo empez\u00e1is? Soy &#8220;tu madrina&#8221;. Love u<\/p>\n<p>R.- Madrina m\u00eda del alma: ya sabes que hago cine gracias a ti. Sin tu apoyo cuando Cara sucia, no way&#8230; Y me siento muy orgulloso de que seas mi madrina. Ahora termino el chat y me voy corriendo a la productora, que ya sabes c\u00f3mo es esto: discusiones para ver cu\u00e1ntas semanas de rodaje, contratar a los actores, cerrar el equipo&#8230; en cualquier caso a m\u00ed esto me pone. Ya estoy a tope y empezamos la pre despu\u00e9s de navidades, en enero. Tengo muchas ganas de verte. S\u00e9 que t\u00fa tambi\u00e9n est\u00e1s muy liada. Eso es bueno. Besos. Para el que no lo sepa Alacr\u00e1n enamorado es una novela de Carlos Bardem, que acabo de adaptar el gui\u00f3n y que contamos de momento, a falta de cerrar a otros compa\u00f1eros, con Alex Gonz\u00e1lez, Miguel \u00c1ngel Silvestre, \u00d3scar Jaenada, Elio Toffana, Carlos Bardem que me ayudar\u00e1n a contar un historia de amor y hostias (bien repartidas). Una historia que habla de c\u00f3mo canalizar la violencia que todos llevamos dentro.<\/p>\n<p>P.- \u00bfQu\u00e9 diferencias principales hay entre El truco del manco y tu nuevo documental?<\/p>\n<p>R.- La principal es que El truco del manco est\u00e1 ambientada en los extrarradios de una ciudad y mi nueva pel\u00edcula est\u00e1 rodada en \u00c1frica. De todas maneras no hay que mirar tanto cu\u00e1les son las diferencias. La trayectoria de los directores se mira por el compromiso. Si en El truco del manco le d\u00e1bamos voz a los sin voz, en este documental buscamos la misma l\u00ednea.<\/p>\n<p>P.- Imagino que no habr\u00e1 sido f\u00e1cil sacar adelante La puerta de no retorno&#8230; \u00bfQu\u00e9 dificultades has encontrado en el camino?<\/p>\n<p>R.- Las verdaderas dificultades, y en esto hay que ponerse muy serio, son con los exhibidores de nuestro pa\u00eds. No quiero que parezca una rabieta, pero me sorprende que cada vez nos cueste m\u00e1s a los cineastas espa\u00f1oles entrar en las carteleras. Creo que por respeto a los espectadores deber\u00edamos tener una oferta de cine espa\u00f1ol muy variada. Si a los espectadores, pensando solamente en llevarnos su econom\u00eda, les damos siempre lo mismo, haremos con el cine una burbuja inmobiliaria. La mejor manera de defender el cine es que todos estemos a una: productores, distribuidores, creadores y sobre todo exhibidores.<\/p>\n<p>P.- \u00bfQu\u00e9 has descubierto gracias a tu \u00faltima pel\u00edcula?<\/p>\n<p>R.- He descubierto que mi padre es un h\u00e9roe y que buscarse la vida, para todas las personas, es muy dif\u00edcil. He descubierto que \u00c1frica es un continente joven y con fuerza y vitalidad y no ese infierno que nos intentan vender lleno de VIH, guerra, hambre&#8230; Parece mentira que todav\u00eda no se hable realmente de que los problemas de ese continente los han creado los occidentales. Pong\u00e1monos serios.<\/p>\n<p>P.- Hola Santiago, quer\u00eda saber si tienes pareja o novia, si me puedes contar algo de tu vida privada. Gracias<\/p>\n<p>R.- Mi vida privada es muy poco interesante. Mis novias son mis pel\u00edculas. No tengo mucha vida privada, agradecidamente porque estoy a tope de trabajo. Y me encanta mi curro.<\/p>\n<p>P.- Entendiendo que trabajas haciendo cine en Espa\u00f1a, \u00bfcu\u00e1l es la denominaci\u00f3n de origen de tus pel\u00edculas? (dejando de lado aspectos econ\u00f3micos, porque seguramente, sustentado en esta base, haces eso que llaman &#8220;cine espa\u00f1ol&#8221;)<\/p>\n<p>R.- Soy un cineasta espa\u00f1ol, hago cine espa\u00f1ol y estoy orgulloso de pertenecer a este grupo de compa\u00f1eros que desde hace ya muchos a\u00f1os nos hemos quitado el sambenito de cine espa\u00f1ol=malo. Pongo unos ejemplos de los j\u00f3venes cineastas, porque a los mayores no voy a ser yo quien los descubra: La noche de los girasoles, Tres d\u00edas con la familia, Azul oscuro casi negro, El truco del manco, Casual day, El orfanato, Celda 211, REC, Tambi\u00e9n la lluvia&#8230; (Acabo de ver que me ha llegado a casa La mitad de \u00d3scar: me ha encantado)&#8230; Estos son solo unos ejemplos que marcan que el cine espa\u00f1ol est\u00e1 con una fuerza tremenda. Vuelvo una vez m\u00e1s a dejar la responsabilidad de que llegue a todas partes a los exhibidores. Yo abogo por cuota de pantalla y a cambio, dar el mil por mil en nuestro trabajo.<\/p>\n<p>P.- Enhorabuena por haber llegado a donde ha llegado. Le\u00ed su entrevista en La Vanguardia y ahora entiendo mejor a los ni\u00f1os de Mali. Lo dicho. Suerte<\/p>\n<p>R.- Muchas gracias, pero a\u00fan queda un camino muy largo por recorrer. Todav\u00eda no he hecho nada: solo dos pel\u00edculas. De todas maneras recibir siempre un halago nos ayuda a seguir trabajando con fuerza. Hay que entender que la vida es dif\u00edcil para todos, pero como muy bien aprend\u00ed de Juan Manuel Montilla Langui: Si me caigo me levanto y si me caigo 40 veces, me levanto 41&#8230; Muchas gracias, un abrazo.<\/p>\n<p>P.- Hola Santiago, mi nombre es Silvia y nac\u00ed en Dakar en el a\u00f1o 1962. Mis abuelos se fueron de Haifa para empezar una nueva vida. En Dakar tuvieron su descendencia. Nunca les conoc\u00ed. Mi madre se ba\u00f1aba en la isla de Gor\u00e9e. Estoy deseando volver a Dakar y sentir que estoy en el lugar en el que nac\u00ed. \u00bfQu\u00e9 consejos puedes darme? Mil gracias. Un abrazo. <\/p>\n<p>R.- Con respeto te digo que cuanto antes llegues antes te vas a conocer. Todo el tiempo que est\u00e1 pasando sin hacerlo, es un tiempo que se est\u00e1 perdiendo no solo t\u00fa: tus abuelos, tus ancestros. En el momento que pises \u00c1frica que dar\u00e1s cuenta de que los ancestros nos siguen todo el rato. Mi consejo es que te pares, respires, lo sientas y que vayas a buscarlos.<\/p>\n<p>P.- Hola Santiago. Vivo en Sevilla, una ciudad donde uno se acostumbra a que, casi en cada sem\u00e1foro, un subsahariano se te acerque a intentar venderte pa\u00f1uelos de papel. Pero no los vemos; para nosotros son seres transparentes, invisibles&#8230; Tu pel\u00edcula es importante porque nos ayuda a entender las cientos de historias \u00fanicas e irrepetibles que hay detr\u00e1s de todas estas personas que tienen nombre, pasado, inquietudes&#8230; Gracias por ense\u00f1arme a ver y a entender.<\/p>\n<p>R.- La verdad: nos hemos inmunizado hacia el dolor de otras personas. Pero es algo que solamente ocurre en Occidente. En los pa\u00edses m\u00e1s pobres la solidaridad forma parte de la cultura. En los ricos pr\u00e1cticamente est\u00e1 dejando de existir. Una de las funciones que se puede hacer con el cine no me voy a atrever a decir que es ense\u00f1ar, pero s\u00ed mostrar otro tipo de realidades para invitar a la reflexi\u00f3n. Al menos el cine que a m\u00ed me gusta siempre es el que me invita a pensar un rato. Sinceramente creo que pensando te distraes m\u00e1s.<\/p>\n<p>P.- Hola Santiago, \u00bfcu\u00e1l es tu consejo para alguien que quiere iniciarse en el mundo del cine en un momento como este de grave crisis econ\u00f3mica?<\/p>\n<p>R.- Que haya crisis econ\u00f3mica no significa que haya crisis de ideas. Si uno quiere empezar, lo que tiene que hacer es SECUENCIA 1, INTERIOR\/EXTERIOR, D\u00cdA\/NOCHE, LOCALIZACI\u00d3N (la que t\u00fa quieras&#8230;). Ese es el primer paso, hay que llenar el papel en blanco, si es posible de la manera m\u00e1s honesta. El resto es perder el tiempo porque si hay algo que est\u00e1 claro es que no se puede elegir el cine como una carrera con salida. Es un compromiso contigo y con el espectador.<\/p>\n<p>P.- Ayer en el Facebook de la puerta de no retorno v\u00ed los primeros minutos tu peli y me qued\u00e9 alucinada, ya tengo ganas de verla entera. S\u00f3lo darte la enhorabuena por tu trabajo tanto social como cinematogr\u00e1fico<\/p>\n<p>R.- Espero que si est\u00e1s en Madrid o en Barcelona te sea sencillo ir a las salas donde nos han permitido mostrar la pel\u00edcula. Sinceramente: que la disfrutes y despu\u00e9s, ya sea por Facebook, por mail o por donde sea, me encantar\u00e1 escuchar tus comentarios.<\/p>\n<p>P.- \u00bfC\u00f3mo viviste los cambios pol\u00edticos en tu pa\u00eds? <\/p>\n<p>R.- Bueno, el de 2004 lo viv\u00ed con alegr\u00eda. Ahora el nuevo cambio que ha habido, todav\u00eda estamos esperando a ver si es verdad que se cuenta con todos&#8230; Yo quiero recordar las palabras de Lula da Silva: La crisis no es responsabilidad de los negros, de los ind\u00edgenas o de los pobres. A ver si en el nuevo orden que se hace se cuenta con nosotros. El Gobierno anterior lo hizo, pese a que era una situaci\u00f3n muy complicada, se intentaron hacer pol\u00edticas sociales para todos. Espero que esto siga siendo as\u00ed.<\/p>\n<p>P.- \u00bfFilmar para qu\u00e9?<\/p>\n<p>R.- Filmar para emocionar a un espectador y compartir una visi\u00f3n del mundo entre las personas. Ya est\u00e1.<\/p>\n<p>P.- Hola, tengo entendido que ejerces de profesor de cine. \u00bfTemes que tus alumnos analicen tan duramente tus pel\u00edculas como t\u00fa analizas las suyas? Saludos.<\/p>\n<p>R.- No, para nada. Ellos son alumnos y a su vez espectadores. Como espectadores todos podemos tener una opini\u00f3n libre. Como alumnos, estoy obligado a sacar lo mejor de ellos y el acuerdo que tenemos es que yo no puedo ser un profesor que les dice a todo OK. Debo ser un profesor ca\u00f1ero: m\u00e1xima cr\u00edtica, pero con respeto. La verdad es que mis clases me encantan, siempre que los alumnos responden trabajando. Ya saben que delante tienen un profesor al que no se le puede decir que &#8220;no se puede&#8221;.<\/p>\n<p>P.- \u00bfCon qu\u00e9 proyectos cinematogr\u00e1ficos sue\u00f1as? Igual es una pregunta dif\u00edcil&#8230;<\/p>\n<p>R.- Vivo una realidad que es que empiezo en enero El alacr\u00e1n enamorado. No sue\u00f1o porque no puedo dormir. Estoy todo el d\u00eda pendiente de este trabajo que es tan celoso y tan hermoso a la vez. De todas maneras hay una historia que me ronda la cabeza, que me encantar\u00eda alg\u00fan d\u00eda poder hacer en \u00c1frica. Me pregunto ante el papel en blanco c\u00f3mo vivieron los primeros colonos la llegada a \u00c1frica.<\/p>\n<p>P.- Cu\u00e1l es tu peli favorita?<\/p>\n<p>R.- Mi peli favorita es Imitaci\u00f3n a la vida, pero te voy a dejar una lista de mis 10 pelis: 1, Imitaci\u00f3n a la vida; 2, Am\u00e9rica, Am\u00e9rica; 3, Tiempos modernos; 4, El gran dictador; 5, Avaricia; 6, La Strada; 7, Las noches de Cabiria; 8, Pl\u00e1cido; 9, Malas calles y 10, Amanecer (ojo, no es la de Crep\u00fasculo, es una pel\u00edcula muda y hermosa de Murnau).<\/p>\n<p>P.- Crees que Espa\u00f1a es un pais socarronamente racista?<\/p>\n<p>R.- Bueno, es que a m\u00ed el racismo no me hace ninguna gracia. O sea: tolerancia cero. Y Espa\u00f1a en este sentido debe aprender un poquito las formas de dirigirte a los que son diferentes. A m\u00ed no me hac\u00eda ninguna gracia que socarronamente me llamasen Chocolispi, ni que me cantasen Santi, su madre, su abuela y su t\u00eda, nocilla. No le veo la gracia.<\/p>\n<p>P.- Usted hace y ha hecho peliculas sobre la discriminacion que sufre la gente de color,entonces porque usted discrimina a sus alumnos en las escuelas de cine?? Es doble moral?? es pose?? Solamente expliquemelo, sin que tenga que haber &#8220;mal rollo&#8221; en su respuesta. Gracias.<\/p>\n<p>R.- Mi intenci\u00f3n como profesor es sacar el m\u00e1ximo de los alumnos. No s\u00e9 si alguno de ellos en las cr\u00edticas que reciben por sus trabajos pues se han sentido ofendidos. Lo que est\u00e1 claro es que delante tienen un profesor que busca lo mejor de ellos. Llenarte la nevera haciendo cine es francamente dif\u00edcil y en la escuela vamos a comprometernos de una manera que cuando el trabajo sale, siempre es satisfactoria y cuando no, hay que volverlo a intentar. Las formas siempre son muy importantes y la m\u00eda es muy ca\u00f1era. No hay m\u00e1s que ver mis pel\u00edculas para ver que voy a tope, pero de ah\u00ed a discriminar a un alumno&#8230; Yo creo que hay un trecho gigante que yo no he recorrido, ni much\u00edsimo menos. Porque hasta hace nada yo tambi\u00e9n era alumno y alguna que otra vez tambi\u00e9n me ha dolido que me idea no era buena o que se pod\u00eda mejorar&#8230; De todas maneras son los alumnos los que deben decidir cu\u00e1l es el list\u00f3n que ponemos en clase y en los ocho a\u00f1os que llevo dando clase, entre todos, siempre hemos decidido que el list\u00f3n debe ser: m\u00e1xima cr\u00edtica y respeto.<\/p>\n","protected":false},"excerpt":{"rendered":"<p>El novel premiado en los Goya con El truco del manco vuelve con el documental La puerta de no retorno, basado en el viaje de regreso de su padre a su pa\u00eds de origen, Benin. Foto: Bernardo P\u00e9rez<\/p>\n","protected":false},"author":1,"featured_media":0,"comment_status":"open","ping_status":"open","sticky":false,"template":"","format":"standard","meta":{"footnotes":""},"categories":[],"tags":[],"class_list":["post-9438","post","type-post","status-publish","format-standard","hentry"],"_links":{"self":[{"href":"https:\/\/intervius.com\/index.html\/wp-json\/wp\/v2\/posts\/9438","targetHints":{"allow":["GET"]}}],"collection":[{"href":"https:\/\/intervius.com\/index.html\/wp-json\/wp\/v2\/posts"}],"about":[{"href":"https:\/\/intervius.com\/index.html\/wp-json\/wp\/v2\/types\/post"}],"author":[{"embeddable":true,"href":"https:\/\/intervius.com\/index.html\/wp-json\/wp\/v2\/users\/1"}],"replies":[{"embeddable":true,"href":"https:\/\/intervius.com\/index.html\/wp-json\/wp\/v2\/comments?post=9438"}],"version-history":[{"count":0,"href":"https:\/\/intervius.com\/index.html\/wp-json\/wp\/v2\/posts\/9438\/revisions"}],"wp:attachment":[{"href":"https:\/\/intervius.com\/index.html\/wp-json\/wp\/v2\/media?parent=9438"}],"wp:term":[{"taxonomy":"category","embeddable":true,"href":"https:\/\/intervius.com\/index.html\/wp-json\/wp\/v2\/categories?post=9438"},{"taxonomy":"post_tag","embeddable":true,"href":"https:\/\/intervius.com\/index.html\/wp-json\/wp\/v2\/tags?post=9438"}],"curies":[{"name":"wp","href":"https:\/\/api.w.org\/{rel}","templated":true}]}}