{"id":9425,"date":"2010-01-12T00:00:00","date_gmt":"2006-11-06T00:00:00","guid":{"rendered":"https:\/\/intervius.com\/index.html\/?p=9425"},"modified":"2006-11-06T00:00:00","modified_gmt":"2006-11-06T00:00:00","slug":"Tomas_Roncero9425","status":"publish","type":"post","link":"https:\/\/intervius.com\/index.html\/Tomas_Roncero9425\/","title":{"rendered":"Tom\u00e1s Roncero"},"content":{"rendered":"<p>Pregunta.- Hola Tomas, \u00bfPorque en el Madrid no se vuelve a implantar esa filosof\u00eda de cantera? Antes era as\u00ed, ten\u00edamos muy bueno jugadores y gratis. Con Pepe lesionado no han parado de salir nombres para fichar y ninguno de la cantera, por ejemplo el Bar\u00e7a pierde a Toure y Keita y prefiere usar canteranos que mal fichar y encima saldria caro. Me quito el sombrero ante Guardiola. <\/p>\n<p>Respuesta.- Nadie va a discutir que Guardiola ha sabido dar con la tecla en la cantera porque, de hecho, se form\u00f3 all\u00ed. Pero en el Madrid poco a poco van saliendo los Granero o De la Red, s\u00f3lo que \u00e9ste \u00faltimo tuvo muy mala suerte. Lo malo es que en el Castilla se ve poca cosa, si acaso Rodrigo y Sarabia. Vamos a esperar.<\/p>\n<p>P.- hola crak,que te parece la progresi\u00f3n del pipa?crees que a veces le perjudica ser un fichaje de calder\u00f3n?<\/p>\n<p>R.- Quiero pensar que no es as\u00ed porque aqu\u00ed qui\u00e9n ficha es el Madrid y est\u00e1 claro que Higua\u00edn es un activo de este club para muchos a\u00f1os. Higua\u00edn es un jugador especial, muy de Bernab\u00e9u, que ha sobrevivido a unos a\u00f1os de catarsis institucionales y deportivas y que posee una garra y una calidad que demuestra en el campo con sus goles. Higua\u00edn es mucho Higua\u00edn. <\/p>\n<p>P.- Roncero, s\u00e9 que en esta entrevista ser\u00e9 de los pocos cul\u00e9s (o \u00fanico). Mi pregunta es: \u00bft\u00fa, como madridista en potencia, quieres que siga la era continu\u00edsta de Laporta?. Soy catal\u00e1n y la verdad es que uno de los pocos defectos de este Bar\u00e7a es su presidente, hace pensar a los cul\u00e9s fuera de Catalunya que los catalanes pensemos igual que \u00e9l, y claramente no. Lo pregunto porque quiero saber si los madridistas como t\u00fa, quer\u00e9is que no haya una cierta &#8220;rabia&#8221; al Bar\u00e7a por Laporta y que s\u00f3lo se hable de su f\u00fatbol o por otro lado que su pol\u00edtica siga empeque\u00f1eciendo al Bar\u00e7a (como dice Del Nido).<\/p>\n<p>R.- Gracias por querer comunicarte conmigo pese a la brasa que os doy amigo. Mira, Laporta ha sido el \u00fanico lunar negro del mejor a\u00f1o de la historia del Bar\u00e7a. En vez de presumir de la buena gesti\u00f3n deportiva de Guardiola, se ha dedicado a querer sacar partido pol\u00edtico con las seis copas. Eso es inadmisible en un club grande. Por m\u00ed ojal\u00e1 siguiera, porque todos los a\u00f1os no te va a salir un Obrevo (el noruego del Chelsea) ni Pedrito va a meterte goles salvadores en el \u00faltimo minuto. La clave para un madridista es que no siguiera Guardiola. Para qu\u00e9 te voy a enga\u00f1ar. Ese ha sido el gran art\u00edfice de todo. <\/p>\n<p>P.- Tom\u00e0s vivo en italia desde largo tiempo y he podido observar como con el paso del tiempo se ha pasado de admirar a nuestro Madrid a practicamente odiarlo y no me valen excusas de celos porque antes eramos tambi\u00e9n los m\u00e0s grandes. Creo realmente que el Barcelona nos ha ganado la campa\u00f1a del marketing internacional porque aqu\u00ec nadie sabe quien es Laporta, el Bar\u00e7a es ese equipo con Unicef en la camiseta y jugadores de la cantera y el Madrid ese otro con Bwin en la camiseta y que hace equipos a golpe de talonario. Yo siempre intento hacerles ver a mis colegas que nosotros fuimos Hierro, Buitre y ahora Casillas, que somos mucho m\u00e0s que Florentino, pero algo pasa que no nos podemos quitar esa imagen prepotente. Creo que tenemos que hacer algo para lavar nuestra imagen, lo de los gal\u00e0cticos no est\u00e0 mal del todo, pero el camino parte de los Xabis Alonsos, Canales (hay que atarlo ya!), Graneros y CIA. Y parte de quitarnos esa deleznable publicidad de la camiseta, solo as\u00ec volveremos a ser respetados como lo que somos: el mejor equipo de la historia. Dame \u00e0nimos figura!<\/p>\n<p>R.- No te desanimes amigo porque t\u00fa eres otra v\u00edctima de la propaganda, que ellos han ganado claramente estos a\u00f1os. Pero la realidad es la que es, no la que dice el stablishment. Mira, el Madrid sigue siendo el club con m\u00e1s seguidores en todo el mundo, el que m\u00e1s pinchazos tiene del PPV y el \u00fanico que en medio de una nevada descomunal mete a 53.000 espectadores en el Bernab\u00e9u. Tranquilo que el Madrid poco a poco recuperar\u00e1 el sitio que nunca debi\u00f3 perder. <\/p>\n<p>P.- hola!vendr\u00e1 ribery a levantar la und\u00e9cima para el 2011?<\/p>\n<p>R.- Por supuesto. Salvo que las lesiones lo dejen inutilizado para la \u00e9lite, el acuerdo con Florentino (con la mediaci\u00f3n de Zidane) es total. El franc\u00e9s est\u00e1 decidido a dar los mejores a\u00f1os de su carrera en el Madrid y creo que es un tipo de futbolista que gustar\u00e1 aqu\u00ed. Calidad, garra y compromiso. Pelea y divierte. Complemento perfecto. <\/p>\n<p>P.- Hola, Tom\u00e1s. Soy aficionado del Madrid desde que tengo memoria, y he disfrutado enormemente con ese esp\u00edritu de entrega, y de nunca darse por vencido, que hab\u00eda en aquellas remontadas de los tiempos de Juanito (o, m\u00e1s recientemente, en las de la liga del clavo ardiendo, o en la Supercopa). Por ello no se t\u00fa, pero sinceramente este proyecto de Florentino ha conseguido lo impensable: que me haya empezado a dejar indiferente que el Madrid gane o pierda los partidos. En particular, no me veo representado por un modelo deportivo basado s\u00f3lo en el dinero (cuanto has costado, cuantas camisetas vendes), y en el que la entrega, el esfuerzo, y la profesionalidad dejan de valer para nada. As\u00ed, me ha dolido mucho la falta de respeto con que se est\u00e1 tratando a Raul (o, ya puestos, a Van Nistelrooy). Vale que su edad ya no le permite ser titular permanente, pero postergarlo como a un mueble viejo para promocionar a un Benzem\u00e1 que s\u00f3lo ha demostrado que no se cuida, que sabe romper coches caros, y que sabe pegar rajadas en la prensa para que tito Floren le quite a quien le &#8220;estorba&#8221;, o le saque del banquillo, dice mucho de a donde nos quiere llevar de nuevo este modelo deportivo. (Higua\u00edn es totalmente distinto, porque nunca peg\u00f3 rajadas en todo el tiempo que ha estado chupando banquillo y esperando su oportunidad). Y pienso que, con todo lo buenos que son Higua\u00edn, Cristiano, Kak\u00e1 y el sumsum corda, este equipo se va a ver en serios problemas cuando se encuentre un equipo batallador como Osasuna y que se ponga por delante en el marcador, porque lo veo falto de ese creer en ellos mismos hasta el \u00faltimo momento que, le guste o no a Florentino, se recuper\u00f3 en la \u00e9poca de Mijatovic. Un saludo.<\/p>\n<p>R.- No debes obsesionarte con etapas o modelos. Mira, soy amigo de Mijatovic y su labor en forma de fichajes se sabr\u00e1 reconocer con el tiempo (Pepe, Garay, Marcelo, Lass, Higua\u00edn, Van Nistelrooy&#8230;). Pero tambi\u00e9n el modelo actual ha permitido recuperar la ilusi\u00f3n gracias a jugadores que tienen trascendencia mundial y una calidad que nadie discute. Si acaso puedes tener raz\u00f3n en que lo de Ra\u00fal o Ruud deber\u00eda llevarse con m\u00e1s mimo, pero lo importante es que el capit\u00e1n sabe que el madridismo lo respeta. En lo del dinero discrepo. \u00bfAcaso Ibrahimovic o Chinguirisky han llegado gratis? Los grandes clubes pagan porque tienen dinero gracias a que lo generan. No es ni bueno ni malo, es normal. <\/p>\n<p>P.- Buenas tomas,\u00bfechas de menos a raul?\u00bfde verdad ves al madrid sin alma?\u00bfEse alma no lo aporta casillas?un saludo.<\/p>\n<p>R.- Claro que le echo de menos. Ra\u00fal ha sido y es un baluarte moral del madridismo que siempre estar\u00e1 en nuestros corazones. Ra\u00fal es un gigante como persona y como futbolista. Lo quiero, lo admiro y lo respeto. Ra\u00fal jam\u00e1s caminar\u00e1 solo. Los madridistas de bien nunca lo permitir\u00e1n. <\/p>\n<p>P.- Hola Tom\u00e1s. Antes de nada queria decirte que para mi eres un crack. Pero bueno mi pregunta es \u00bfqu\u00e9 me puedes adelantar sobre el fichaje de el chaval Canales por el Real Madrid que sin dudad es un fen\u00f3meno? ah, y dale mucha ca\u00f1a en punto y pelota a la se\u00f1ora Carmen Barcel\u00f3 jeje un saludo.<\/p>\n<p>R.- Gracias amigo. Mira, lo de Canales va por buen camino. El chico quiere venir al Madrid y con el padre est\u00e1n las cosas bien encauzadas. Pern\u00eda quiz\u00e1s no supo en noviembre valorar al chico como merec\u00eda y ahora tendr\u00e1 que agarrarse a cl\u00e1usulas y temas legales para retenerlo. Es un crack en ciernes y para el Madrid ser\u00eda un fichaje excepcional. Creo que vendr\u00e1 seguro, aunque puede que est\u00e9 un a\u00f1o cedido en el Racing como Garay. Ser\u00eda una buena soluci\u00f3n para las tres partes&#8230;<\/p>\n<p>P.- De tus colegas de Punto Pelota, con quien te irias de copas y con quien no te irias ni cobrando? A veces se os ve cierto mal rollo.. no?<\/p>\n<p>R.- Me ir\u00eda de copas con todos, hasta con los cul\u00e9s, porque cuando yo me animo soy m\u00e1s punzante y as\u00ed podr\u00eda con ellos en la barra de un bar. Hombre, puesto a tomar copas prefiero ir con Irene o Carme que son m\u00e1s simp\u00e1ticas y m\u00e1s guapas que Pedrerol, El\u00edas o Dami\u00e1n. Pero somos una familia, te lo aseguro. No hay ning\u00fan problema de vestuario entre nosotros. <\/p>\n<p>P.- soy argentino,y te voy a hacer una pregunta muy dificil de contestar,\u00bfque prefieres,la decima en el bernabeu o el mundial para espa\u00f1a?solo vale una,soy de river y a igual pregunta,no dudo ni medio segundo,el mundial para la albiceleste elijo<\/p>\n<p>R.- El Mundial, por supuesto. Espa\u00f1a nunca gan\u00f3 un Mundial y sin embargo la Champions ya ha ca\u00eddo en nueve ocasiones para mi Madrid. La Selecci\u00f3n es de todos y vivir ese sue\u00f1o no tiene precio. Por cierto, tranquilo que la D\u00e9cima va a caer igual. No hay que renunciar a ninguna de las dos cosas. <\/p>\n<p>P.- Hablemos de Baloncesto sin forofismos vale? No crees que el Barcelona tiene un equipo insuperable y que el Madrid est\u00e1 dos o tres pelda\u00f1os por debajo?<\/p>\n<p>R.- El Bar\u00e7a tiene un equipazo y un potencial interior y exterior enorme, pero creo que no hay que menospreciar el proyecto de Messina. Como entrenador es el mejor y el m\u00e1s preparado y su equipo es completo, vers\u00e1til y con muchas variantes. S\u00f3lo pesa un poco el DNI y eso te hace perder comba si se lesiona Llull, que es la turbina emocional del grupo. Conf\u00edo en este Madrid y le plantar\u00e1 cara al Bar\u00e7a. Seguro. <\/p>\n<p>P.- Hola, Super Tom\u00e1s. El otro dia escuch\u00e9 a Del Bosque decir que los 6 t\u00edtulos (donde se incluyen torneos veraniegos, y la antigua Copa Toyota) del &#8220;Brasa&#8221; (porque parece que no hay mejor equipo y no dejan de dar la brasa con \u00e9l) son comparables a las 6 copas de Europa de Gento. \u00bfse ha vuelto loco?\u00bflo ha hecho para hacerle la rosca al Barsa?\u00bfo simplemente le ha pasado como a la gran mayoria de la gente y prensa, que sigue el papanatismo oficial? Si yo fuese Floren, lo pon\u00eda verde. <\/p>\n<p>R.- NO LO LE\u00cd PERO ESTOY CONTIGO EN QUE NO ES COMPARABLE. LO DE GENTO ES UNA HAZA\u00d1A MUNDIAL QUE JAM\u00c1S ALCANZAR\u00c1 OTRO JUGADOR. SEIS COPAS DE EUROPA ES LA CA\u00d1A. LO DEL BAR\u00c7A TIENE MUCHO M\u00c9RITO PERO TAMBI\u00c9N MUCHOS MATICES. SIN AQUEL ARBITRAJE DE OBREVO CON EL CHELSEA&#8230;<\/p>\n<p>P.- Hola Tom\u00e1s. \u00bfC\u00f3mo ves la llegada de Suazo al Zaragoza?. Para m\u00ed es uno de los mejores delanteros de Am\u00e9rica Latina.<\/p>\n<p>R.- SI HACE AQU\u00cd LO QUE HE VISTO EN LOS V\u00cdDEOS DE SUS MEJORES GOLES PARECE UN FICHAJE ESTUPENDO. OJAL\u00c1 LE SALGA BIEN PORQUE DESEO LO MEJOR AL ZARAGOZA Y SU GENTE, CON LA QUE SIEMPRE TUVE BUENA RELACI\u00d3N. AH\u00cd DEBUT\u00d3 RA\u00daL&#8230;<\/p>\n<p>P.- Querido crack, \u00bfDe veras crees que el Kak\u00e1 que nos han vendido vale 65 millones? Ahora mismo yo no dar\u00eda ni 30. M\u00e1s all\u00e1 de su pubalgia, le veo comenzando en el RM su retiro dorado (como Ronaldinho y Beckham en el Mil\u00e1n).<\/p>\n<p>R.- Tengamos paciencia con \u00e9l porque en el Camp Nou ya demostr\u00f3 que es un jugador extraordinario. S\u00e9 es cierto que no ha dado ni la mitad de lo que se espera de \u00e9l. Conf\u00edo en \u00e9l. <\/p>\n","protected":false},"excerpt":{"rendered":"<p>El redactor jefe del Diario AS, Tom\u00e1s Roncero ha charlado con los lectores de la actualidad del Real Madrid. <\/p>\n<p>ARCHIVO DE ENTREVISTAS:<\/p>\n<p>05 de enero &#8211; 29 de diciembre &#8211; 22 de diciembre &#8211; 15 de diciembre &#8211; 09 de diciembre &#8211; 01 de diciembre &#8211; 24 de noviembre &#8211; 17 de noviembre &#8211; 10 de noviembre &#8211; 5 de noviembre &#8211; 27 de octubre &#8211; 20 de octubre &#8211; 13 de octubre &#8211; 06 de octubre &#8211; 29 de septiembre &#8211; 22 de septiembre &#8211; 15 de septiembre &#8211; 08 de septiembre &#8211; 01 de septiembre &#8211; 25 de agosto &#8211; 28 de julio &#8211; 20 de julio &#8211; 14 de julio &#8211; 07 de julio &#8211; 30 de junio &#8211; 16 de junio &#8211; 16 de junio &#8211; 09 de junio &#8211; 02 de junio &#8211; 26 de mayo &#8211; 19 de mayo &#8211; 12 de mayo &#8211; 5 de mayo &#8211; 28 de abril &#8211; 21 de abril &#8211; 14 de abril &#8211; 07 de abril &#8211; 31 de marzo &#8211; 25 de marzo &#8211; 17 de marzo &#8211; 24 de febrero &#8211; 17 de febrero &#8211; 10 de febrero &#8211; 2 de julio &#8211; 14 de junio <\/p>\n","protected":false},"author":1,"featured_media":0,"comment_status":"open","ping_status":"open","sticky":false,"template":"","format":"standard","meta":{"footnotes":""},"categories":[],"tags":[],"class_list":["post-9425","post","type-post","status-publish","format-standard","hentry"],"_links":{"self":[{"href":"https:\/\/intervius.com\/index.html\/wp-json\/wp\/v2\/posts\/9425","targetHints":{"allow":["GET"]}}],"collection":[{"href":"https:\/\/intervius.com\/index.html\/wp-json\/wp\/v2\/posts"}],"about":[{"href":"https:\/\/intervius.com\/index.html\/wp-json\/wp\/v2\/types\/post"}],"author":[{"embeddable":true,"href":"https:\/\/intervius.com\/index.html\/wp-json\/wp\/v2\/users\/1"}],"replies":[{"embeddable":true,"href":"https:\/\/intervius.com\/index.html\/wp-json\/wp\/v2\/comments?post=9425"}],"version-history":[{"count":0,"href":"https:\/\/intervius.com\/index.html\/wp-json\/wp\/v2\/posts\/9425\/revisions"}],"wp:attachment":[{"href":"https:\/\/intervius.com\/index.html\/wp-json\/wp\/v2\/media?parent=9425"}],"wp:term":[{"taxonomy":"category","embeddable":true,"href":"https:\/\/intervius.com\/index.html\/wp-json\/wp\/v2\/categories?post=9425"},{"taxonomy":"post_tag","embeddable":true,"href":"https:\/\/intervius.com\/index.html\/wp-json\/wp\/v2\/tags?post=9425"}],"curies":[{"name":"wp","href":"https:\/\/api.w.org\/{rel}","templated":true}]}}