{"id":9416,"date":"2010-01-11T00:00:00","date_gmt":"2006-11-06T00:00:00","guid":{"rendered":"https:\/\/intervius.com\/index.html\/?p=9416"},"modified":"2006-11-06T00:00:00","modified_gmt":"2006-11-06T00:00:00","slug":"Alfredo_Relano9416","status":"publish","type":"post","link":"https:\/\/intervius.com\/index.html\/Alfredo_Relano9416\/","title":{"rendered":"Alfredo Rela\u00f1o"},"content":{"rendered":"<p>Pregunta.- me parece ud el periodista deportivo mas sensato y ecuanime de Espa\u00f1a. \u00bfDe verdad no se puede &#8220;acabar&#8221; con Villar y todo lo que le rodea? \u00bftan contentos tiene a todos, y no solo al barcelonismo?<\/p>\n<p>Respuesta.- Ha montado un entramado de fidelidades que le sirve para ir sacando las elecciones. Un sistema mezquino pero que funciona. Y tampoco ha aparecido ninguna iniciativa lo bastante solvente como para desplazarle.<\/p>\n<p>P.- Que tal Sr Rela\u00f1o&#8230;Es tan buen entrenador Preciado o le ha tocado una camada buena de Mareo? Opino lo primero y a\u00f1adir\u00eda en cada rueda de prensa algun comentario hacia su expresidente-entrenador (Peterman) q lo echara del racing&#8230;El sporting se merece estar en primera al igual q el Cadiz solamente por su hinchada&#8230;Gracias&#8230;<\/p>\n<p>R.- Yo creo que Preciado es bueno. Y es un devoto del trabajo. La estabilidad ayuda, adem\u00e1s. Respecto a Piterman, fue un mal pasajero en nuestro f\u00fatbol desde hace alg\u00fan tiempo, un fantasioso de esos que creen tener soluciones simples para temas complejos. Afortunadamente se lo llev\u00f3 el viento. <\/p>\n<p>P.- Alfredo, despu\u00e9s del desgraciado incidente en Angola \u00bftu que hubieses hecho? \u00bfSuspender\u00edas la Copa de \u00c1frica o dejar\u00edas que se celebrase? Saludos <\/p>\n<p>R.- Siempre me dejan duda estas cosas. Parece que si das el paso atr\u00e1s los terroristas se salen con la suya. Por otra parte, me parece duro jugar, parece una falta de respeto a los fallecidos. Y temo que el grupo de Cabinda pueda vivir nuevos riesgos. La verdad, no tengo criterio. Ahora que se ha decidido seguir lo que quisiera es que esto se completase bien, y que el campe\u00f3n jugase luego un amistoso en Togo.<\/p>\n<p>P.- hola alfredo,soy un chico de 15 a\u00f1os admirador suyo y que siempre lee sus columnas.\u00bf Est\u00e1 C.Ronaldo a la altura de los grandes de la historia o lo estar\u00e1 alg\u00fan dia? <\/p>\n<p>R.- Lo est\u00e1 y lo estar\u00e1 m\u00e1s. Yo creo que tiene unas posibilidades excepcionales, es muy joven, ha hecho un recorrido muy interesante en Inglaterra, est\u00e1 en un club ideal. Yo le veo mejorando todav\u00eda dos o tres a\u00f1os, y luego con una plenitud de otros cuatro. <\/p>\n<p>P.- Hola Alfredo crack, mira necesito que me des tu opinion sobre esto: Soy del atletico, y me senti defraudado y rabioso al ver que los jugadores no se movian del sitio, pero quizas , analizandolo en frio, este, mi atleti, necesitaba un escarmiento de tal calibre y el genio de Quique para que se dieran cuenta de la que llevan haciendo semana tras semanas, las victorias solo son anecdoticas y de suerte , el atleti necesitaba esto, y si encima gana en la vuelta, sera la mejor inyeccion de todas. Crees que era necesario algo asi para dar un escarmiento? <\/p>\n<p>R.- Yo lo veo as\u00ed, como t\u00fa. El Atl\u00e9tico hace a\u00f1os que tiene un problema: no tiene presi\u00f3n. La atenci\u00f3n de la ciudad se ha volcado tanto en el Madrid que no se sienten vigilados, no tienen portadas, no se exigen a s\u00ed mismos como antes. Por eso hay tanto vaiv\u00e9n. Pueden ganarle al Bar\u00e7a y perder en casa con cualquiera. O pueden sufrir una paliza en Huelva y luego golear en Valladolid. All\u00ed jugaron contra el jefe, jugaron enrabietados por la reacci\u00f3n de Quique. El Atl\u00e9tico necesita generar en su interior una \u00e9tica del trabajo que ha perdido desde hace tiempo.<\/p>\n<p>P.- Buenos dias don crack!Quienes fueron en su opinion los 5 mejores jugadores desde Maradona?Y cuales son los dos mejores centrales del momento (incluyendo al Pepe de antes de su lesion)?Y por fin el mejor Madrid desde Del Bosque? Personalmente, aunque conf\u00edo en este equipo de cara al futuro, creo que no ha alcanzado todavia el nivel de la primera mitad de temporada de Queiroz. Un saludo desde Francia<\/p>\n<p>R.- Ahora tenemos a Messi y Cristiano. Adem\u00e1s dir\u00eda Zidane, Ronaldo y Ronaldinho. Centrales quiz\u00e1 Pepe y Piqu\u00e9. Y coincido en eso: la`primera vuelta del a\u00f1o de Queiroz. Y este pinta muy bien.<\/p>\n<p>P.- Muy c\u00f3mica su columna hoy del general invierno, le felicito. Una pregunta \u00bfen que parte del villarato se sit\u00faa que nuestro RM tenga la suerte de haber jugado en todos los campos dificiles (Bar\u00e7a, Valencia, Sevilla, Villareal, Atl\u00e9tico, Osasuna, Athletic club) en la primera vuelta y los reciba a todos en casa en la segunda?<\/p>\n<p>R.- No tiene nada que ver, eso lo da el sorteo, lo mismo que lo de Tenerife. <\/p>\n<p>P.- \u00a1Buenos d\u00edas Alfredo! S\u00f3lo 3 cuestiones relacionadas con el periodismo deportivo: 1) T\u00fa que has tocado (y lo sigues haciendo) prensa, radio y tv, \u00bfcon qu\u00e9 medio te quedas? 2) \u00bfQu\u00e9 futuro le ves a la prensa deportiva escrita? y 3) \u00bfVes en internet una buena salida? \u00a1Muchas gracias!<\/p>\n<p>R.- Me gusta todo. Ahora me gusta la prensa-gutenberg porque he vuelto a ella. El futuro que le veo es decadente, en una suave pendiente hacia el ocaso en el que me gusta acompa\u00f1arla. En cuanto a internet, es la salida, claro. Ah\u00ed est\u00e1 todo: el art\u00edculo, el video, el sonido, la interactividad&#8230; El problema para los periodistas es que todav\u00eda no sabemos c\u00f3mo cobrar por ello.<\/p>\n<p>P.- Buenas tardes. \u00bfQu\u00e9 piensa de la cesi\u00f3n de Suazo al Zaragoza?. En mi opini\u00f3n nos encontramos ante uno de los mejores delanteros de Am\u00e9rica Latina, 154 goles en 222 partidos como profesional. <\/p>\n<p>R.- Suazo me gusta mucho. Hace tiempo que me extra\u00f1aba que no saliera de Am\u00e9rica, que no estuviera en un grande de Europa. Puede ser el salvavidas del Zaragoza. <\/p>\n<p>P.- Quien cree Sr. Rela\u00f1o que es el verdadero lateral derecho del Madrid? Ramos o Arbeloa, creo que Ramos es demasiado jugador para estar en el banco de cualquier equipo, sin embargo Arbeloa defiende muy bien, a su parecer sigue siendo Ramos el mejor lateral de Espa\u00f1a? <\/p>\n<p>R.- El lateral derecho es Ramos, el izquierdo es Arbeloa, por necesidades del gui\u00f3n y porque tambi\u00e9n se maneja bien ah\u00ed. Pero cuando est\u00e9n todos, Ramos volver\u00e1 a ser lateral derecho. Arbeloa s\u00f3lo ocupar\u00e1 ese puesto cuando Ramos no est\u00e9, o cuando tenga que jugar de central porque falten otros.<\/p>\n<p>P.- Hola Rela\u00f1o \u00bfCrees que Ronaldinho vaya a Sud\u00e1frica? Por sus \u00faltimos partidos parece que se ha puesto las pilas y esta recuperando su mejor nivel.<\/p>\n<p>R.- S\u00ed, puede ser. Parece que se ha puesto las pilas, y con un poquito de trabajo vuelve a ser excepcional. Su problema en el Bar\u00e7a fue que lleg\u00f3 a un abandono total.<\/p>\n<p>P.- Hola Rela\u00f1o \u00bfComo ves al Rayo Vallecano? \u00bfCrees que si subiera aguantar\u00eda en primera? La verdad es que ha dado se\u00f1ales como la de Mallorca o Bilbao en que aguantar\u00eda bien.<\/p>\n<p>R.- Puede que s\u00ed. La afici\u00f3n est\u00e1 muy encima, le arropa. Necesitar\u00eda alguna pieza m\u00e1s, pero con la mejora de presupuesto que te da la Pirmera con los derechos de televisi\u00f3n lo conseguir\u00eda.<\/p>\n<p>P.- Hola maestro: Viendo el desastre colchonero, no le parece m\u00e1s que loable la actuaci\u00f3n de Javier Aguirre al frente del equipo? No me parece coincidencia que con \u00e9l se haya llegado a Champios y sin \u00e9l a Segunda. Me parece que es practicamente el mismo equipo el que tiene Quique que el que ten\u00eda Aguirre. Feliz a\u00f1o<\/p>\n<p>R.- Hubo un cierto hartazgo en su momento, y desde su salida el equipo mejor\u00f3 y lleg\u00f3 a la Champions. Yo en el Atl\u00e9tico veo el problema que dec\u00eda m\u00e1s arriba: las plantillas tieneden a relajarse, hay un pulso permanente para conseguir que rindan su m\u00e1ximo. Habr\u00eda que tener un par de jugadores con liderazgo, exigentes. O m\u00e1s de dos: uno por l\u00ednea.<\/p>\n<p>P.- \u00bfCree que la Fifa acert\u00f3 al darle a Sudafrica la sede del mundial? Un cordial saludo.<\/p>\n<p>R.- Yo no relaciono lo de Sur\u00e1frica con lo de Angola. Angola tiene ese fleco suelto de Cabinda donde se ha dado ese problema espec\u00edfico. Conf\u00edo en que lo de Sur\u00e1frica salga bien. Y me gusta que la FIFA se haya abierto a ese continente. Gestos as\u00ed sirven para integrar.<\/p>\n<p>P.- Buenos d\u00edas, \u00bfPor qu\u00e9 Pellegrini no puede decir en el Real Madrid &#8220;aqu\u00ed mando yo hasta que el presidente me eche&#8221;? \u00bfNo es uno de los males perpetuos del Real Madrid que hay demasiados entrenadores (Valdano, Florentino P\u00e9rez, etc..)? Un saludo!<\/p>\n<p>R.- A su manera lo est\u00e1 diciendo. \u00bfUsted cree que a Florentino le gusta que juegue Higua\u00edn en vez de Benzema, o Van der Vaart en lugar de Granero? No tiene que decir nada, sino hacer lo que est\u00e1 haciendo ahora: lo que le parece que debe hacer.<\/p>\n<p>P.- El otro d\u00eda, algunos pseudoentendidos comentaban sobre Ronaldo y Zidane. Me sorprendi\u00f3 la opini\u00f3n de alguno que met\u00eda a Ronaldo por delante de Zidane. No dir\u00e9 que sea comparar a dios con el diablo, pero es claro que Zidane fue indiscutiblemente mejor, por no hablar de otros aspectos colaterales, como profesionalidad. De hecho, de Zidane se ha dicho que est\u00e1 entre los cinco mejores jugadores de la historia, lo que no se puede decir de Ronaldo. \u00bfCu\u00e1l es su opini\u00f3n?<\/p>\n<p>R.- Pues no coincido tanto. Me gustan los dos por parecido. Zidane era mucho m\u00e1s elegante, pero Ronaldo creaba terror en los contrarios. Zidane jug\u00f3 realmente bien en el Madrid, pero no tanto antes. Eran muy diferentes, en funci\u00f3n de juego, en manera de estar en el f\u00fatbol. Yo les pongo una nota muy parecida. <\/p>\n<p>P.- \u00bfSale el madrid perdiendo si fichamos a Ribery y en consecuencia el barsa ficha a Silva?<\/p>\n<p>R.- Puede ser. Rib\u00e9ry es m\u00e1s fogoso, pero Silva es mejor. Silva me enamora. Pero Rib\u00e9ry le puede dar al Madrid ese plus de combatividad que ten\u00eda con Ra\u00fal.<\/p>\n<p>P.- \u00bfPor qu\u00e9 la LFP se empe\u00f1a en mantener el modelo de la Copa del Rey si est\u00e1 viendo el &#8220;\u00e9xito&#8221; que tiene el modelo de la FA Cup? Ahora mismo, Atl\u00e9tico, Bar\u00e7a, Mallorca as\u00ed al vuelo ya estar\u00edan fuera&#8230;\u00bfNo opina que ser\u00eda mejor todo a partido \u00fanico? Viendo el estilo de juego del Madrid, \u00bfno opina que le vendr\u00eda de perlas al mejor Riquelme, De la Pe\u00f1a, o Valer\u00f3n? Algo del estilo del mejor Guti con sus pases a Robinho contra el Sevilla&#8230;etc. A Kaka lo veo un excelente futbolista, pero no del mismo tipo que los anteriores&#8230;Teniendo a Benzema ahora mismo, yo creo que alguno de estos nombres hubiesen venido bien (si estuvieran en sus mejores momentos) para crear una asociaci\u00f3n como la que formaban Riquelme-Forl\u00e1n, De la Pe\u00f1a-Tamudo. Saludo de un cul\u00e9.<\/p>\n<p>R.- La Copa la lleva la Federaci\u00f3n, no la LFP. Y el que sea a doble partido fue una petici\u00f3n de las televisiones, precisamente para evitar las ca\u00eddas de los grandes muy temprano. A m\u00ed me gusta el modelo a partido \u00fanico, me parece que la da m\u00e1s emoci\u00f3n. Y creo que lo que m\u00e1s necesita la Copa es que el campe\u00f3n vaya a la Champions, no a la UEFA. As\u00ed tendr\u00edan menos descuidos los grandes. Respecto a los jugadores que usted dice, los tres muy buenos, ten\u00edan lo que tiene Guti. Pero Kak\u00e1 yo creo que los mejora. S\u00f3lo que vino tocado de pubalgia, y as\u00ed ha jugado unos meses.<\/p>\n<p>P.- Hola Alfredo, dos preguntas, \u00bfqu\u00e9 pasa con la residencia de Valdebebas, porque est\u00e1n las obras paradas?, y \u00bfcrees que Higua\u00edn es el futuro siete del Madrid?<\/p>\n<p>R.- La residencia que inici\u00f3 Calder\u00f3n para los canteranos se ha parado porque est\u00e1 lejos de los campos y se va a hacer en otro sitio. Eso se dejar\u00e1 para oficinas. Pero la constructora que lo ven\u00eda haciendo quebr\u00f3 y el tema est\u00e1 en papeleos. Respecto a la nueva residencia, junto a los campos, est\u00e1 en fase de proyecto.<\/p>\n<p>P.- \u00bfQu\u00e9 opina de la gesti\u00f3n como club del Numancia?<\/p>\n<p>R.- Muy buena. Sabe subir y bajar sin perder la cabeza, por eso siempre es cabeza de rat\u00f3n o cola de le\u00f3n. Hace contratos a sus jugadores con distinto valor seg\u00fan est\u00e9n en Primera o en Segunda.<\/p>\n<p>P.- Bueenos d\u00edas Don Alfredo , \u00bfCree que es urgente , la llegada de un lateral izquierdo &#8220;puro&#8221; al Real Madrid? , si es asi \u00bf qu\u00e9 alternativas baraja como posibles fichajes?<\/p>\n<p>R.- Ser\u00eda conveniente, pero Arbeloa se apa\u00f1a muy bien ah\u00ed. Y Marcelo si hace falta. No es el mejor puesto del Madrid, desde luego, pero tampoco lo veo como una debilidad extrema. En el mercado hay poco. <\/p>\n<p>P.- Buenos d\u00edas: Me gustar\u00eda saber qu\u00e9 piensa sobre que las c\u00e1maras Ojo de Halc\u00f3n (es una marca) se introduzcan en el f\u00fatbol. \u00bfNo es algo ir\u00f3nico que el deporte m\u00e1s seguido en el mundo sea el m\u00e1s atrasado en cuanto a medios? Dicen que es para no desvirtuar la esencia del f\u00fatbol, \u00bfpero no cree que muchas veces, sin esos medios se pierda la esencia del deporte?<\/p>\n<p>R.- Yo no soy muy partidario, quiz\u00e1 porque soy un cl\u00e1sico. Hay otros dpeortes que incorporan esos avances, pero sigo viendo que el f\u00fatbol es el que m\u00e1s nos apasiona y el que m\u00e1s nos interesa. El arbitraje me parece una parte interesante del f\u00fatbol, y un arbitraje humano me parece m\u00e1s interesante a su vez que un arbitraje tecnol\u00f3gico.<\/p>\n<p>P.- Hola Rela\u00f1o, \u00bfno crees que al Villarreal le hace falta un mediocentro para dar oxigeno a senna? ahh y una cosa mas \u00bfcrees que zigic es un jugador valido para el valencia o solo un revulsivo?<\/p>\n<p>R.- Yo creo que el Villarreal est\u00e1 bien como est\u00e1. Senna es un coloso y puede mucho, quiz\u00e1 por eso se atienda m\u00e1s a otras cuestiones. Senna es un jugador de una pieza, por cierto. Le cantamos poco porque no est\u00e1 en el Madrid ni en el Bar\u00e7a, pero es algo descomunal. En la Eurocopa hizo tanto como el que m\u00e1s por el campeonato.<\/p>\n<p>P.- Hola Alfredo, ya doy por perdido a Henry, y mirando a la temporada que viene, \u00bfLe damos galones a Pedrito en la banda izquierda o se ficha a alguien? Un saludo.<\/p>\n<p>R.- S\u00ed, se fichar\u00e1 a alguien, Silva posiblemente. O Mata, que tambi\u00e9n le gusta a Guardiola. Pedro seguir\u00e1 ah\u00ed, con sus ratos para marcar goles.<\/p>\n<p>P.- Hola Alfredo. Si Benzem\u00e1 sigue siendo suplente habitualmente y si el Madrid ficha alg\u00fan delantero m\u00e1s para la pr\u00f3xima temporada, ya que se habla del Kun, Villa, Negredo&#8230; crees que Benzem\u00e1 seguir\u00eda en el Madrid?\u00bfse ceder\u00eda o se traspasar\u00eda?Un saludo.<\/p>\n<p>R.- Hay que ver qu\u00e9 pasa con Benzema estos meses. De momento le ha adelantado Higua\u00edn, pero a\u00fan no ha acabado la primera vuelta. Benzema tiene muchas posibilidades de triunfar en el Madrid, porque tiene mucha clase. Necesita trabajar m\u00e1s, y cuando se convenza lo har\u00e1.<\/p>\n<p>P.- Rela\u00f1o, siempre he sido un ferviente cr\u00edtico con Vald\u00e9s, pero llevo un a\u00f1o demostrando que se ha convertido en un portero de garant\u00edas. Su evoluci\u00f3n es exponencial, y creo que YA est\u00e1 entre los mejores 7 porteros del mundo, cuando antes no estaba ni entre los 20 mejores \u00bfNo est\u00e1s de acuerdo conmigo?. Gracias por tu tiempo!<\/p>\n<p>R.- A m\u00ed me gusta. Yo siempre le he visto un portero bueno. Entr\u00f3 muy joven en el Bar\u00e7a, tuvo quiz\u00e1 la mala suerte de una cierta sombra que Casillas proyect\u00f3 sobre \u00e9l. Pero s\u00ed, yo le veo uno de los grandes porteros del momento. Siempre me extra\u00f1\u00f3 cierta desconfianza en \u00e9l que vi en el mundo cul\u00e9.<\/p>\n<p>P.- Hola Alfredo usted a que 21 jugadores llevarias al Mundial 2010 m\u00f3jate gracias el peridico AS es el mejor<\/p>\n<p>R.- Valen 23. Llevar\u00eda a Casillas, Reina y Diego L\u00f3pez; Ramos, Arbeloa, Puyol, Piqu\u00e9, Albiol, Marchena, Capdevila; Senna, Busquets, Xabi Alonso, Cesc, Xavi, Iniesta, Silva; Villa, Torres, G\u00fciza y Mata. Dos m\u00e1s entre Cazorla, Llorente, Navas y un lateral izquierdo si aparece. Y sigo con un ojo puesto en Negredo. Eso hoy. Luego, por desgracia, habr\u00e1 bajas que pueden hacer aconsejable alg\u00fan nombre m\u00e1s.<\/p>\n<p>P.- Hola don Alfredo, parece que este Canales del Racing empieza a confirmarse como crack, \u00bfcrees que deberia el Madrid atarlo y dejarle cedido por Cantabria un par de a\u00f1itos?, asi luego no pagariamos una pasta por el (como siempre). Y una de cine, \u00bfque pelis te gustan? \u00bfalguna recomendaci\u00f3n?, un abrazo y muchas gracias<\/p>\n<p>R.- Eso ser\u00eda una buena idea. Bueno para el Madrid y bueno para el Racing. Respecto al cine, me gusta casi todo, no sabr\u00eda recomendarte nada en especial. <\/p>\n<p>P.- Hola Rela\u00f1o \u00bfque te parece Dom\u00ednguez, el central del Atl\u00e9tico? \u00bfno deber\u00eda ir a la seleccion en vez de Albiol?<\/p>\n<p>R.- Me gusta Dom\u00ednguez, pero para eso es todav\u00eda muy pronto. Acaba de entrar a jugar con continuidad. Y Albiol est\u00e1 francamente bien.<\/p>\n<p>P.- Alfredo, viendo a Garay, no tenemos central de garantias para unos a\u00f1os??<\/p>\n<p>R.- Alfredo, viendo a Garay, no tenemos central de garantias para unos a\u00f1os??<\/p>\n<p>P.- Sr. Rela\u00f1o, Oigo a Beckham decir que no deber\u00eda haber dejado el ManUtd por el Madrid. Kak\u00e1 dijo poco despu\u00e9s de llegar aqu\u00ed que no quer\u00eda haberse ido del Milan. \u00bfRealmente el Madrid tiene capacidad de atraer grandes cracks en este momento o es que vienen s\u00f3lo por la pasta?<\/p>\n<p>R.- Todos van y vienen por la pasta a todas partes, no crea que es cosa del Madrid. Tienen poco tiempo para ganar dinero, y todo el que ganan les parece poco.<\/p>\n<p>P.- Estimado Sr. Rela\u00f1o, \u00bfCree Ud. de verdad que el Kak\u00e1 que nos han vendido vale 65 millones? Hoy yo no dar\u00eda por \u00e9l mucho m\u00e1s de 30. M\u00e1s all\u00e1 de su pubalgia, le veo en cuesta abajo.<\/p>\n<p>R.- Vino tocado, se curar\u00e1. Kak\u00e1 es el Bal\u00f3n de Oro 2007. No tiene edad para estar pasado. Es un grande. Reactiv\u00f3 la ilusi\u00f3n, junto con Cristiano. Yo, a d\u00eda de hoy, no creo que haya sido una mala operaci\u00f3n.<\/p>\n","protected":false},"excerpt":{"rendered":"<p>Alfredo Rela\u00f1o, director del Diario As, ha charlado con los internautas sobre la actualidad deportiva. <\/p>\n<p>ARCHIVO DE ENTREVISTAS:<\/p>\n<p>04 de enero &#8211; 21 de diciembre &#8211; 14 de diciembre &#8211; 07 de diciembre &#8211; 30 de noviembre &#8211; 23 de noviembre &#8211; 16 de noviembre &#8211; 10 de noviembre &#8211; 02 de noviembre &#8211; 26 de octubre &#8211; 13 de octubre &#8211; 05 de octubre &#8211; 28 de septiembre &#8211; 21 de septiembre &#8211; 16 de septiembre &#8211; 07 de septiembre &#8211; 31 de agosto &#8211; 24 de agosto &#8211; 29 de junio &#8211; 24 de junio &#8211; 16 de junio &#8211; 08 de junio &#8211; 01 de junio &#8211; 25 de mayo &#8211; 18 de mayo &#8211; 11 de mayo &#8211; 4 de mayo &#8211; 27 de abril &#8211; 20 de abril &#8211; 13 de abril &#8211; 30 de marzo &#8211; 23 de marzo &#8211; 16 de marzo &#8211; 9 de marzo &#8211; 2 de marzo &#8211; 23 de febrero &#8211; 16 de febrero &#8211; 9 de febrero <\/p>\n","protected":false},"author":1,"featured_media":0,"comment_status":"open","ping_status":"open","sticky":false,"template":"","format":"standard","meta":{"footnotes":""},"categories":[],"tags":[],"class_list":["post-9416","post","type-post","status-publish","format-standard","hentry"],"_links":{"self":[{"href":"https:\/\/intervius.com\/index.html\/wp-json\/wp\/v2\/posts\/9416","targetHints":{"allow":["GET"]}}],"collection":[{"href":"https:\/\/intervius.com\/index.html\/wp-json\/wp\/v2\/posts"}],"about":[{"href":"https:\/\/intervius.com\/index.html\/wp-json\/wp\/v2\/types\/post"}],"author":[{"embeddable":true,"href":"https:\/\/intervius.com\/index.html\/wp-json\/wp\/v2\/users\/1"}],"replies":[{"embeddable":true,"href":"https:\/\/intervius.com\/index.html\/wp-json\/wp\/v2\/comments?post=9416"}],"version-history":[{"count":0,"href":"https:\/\/intervius.com\/index.html\/wp-json\/wp\/v2\/posts\/9416\/revisions"}],"wp:attachment":[{"href":"https:\/\/intervius.com\/index.html\/wp-json\/wp\/v2\/media?parent=9416"}],"wp:term":[{"taxonomy":"category","embeddable":true,"href":"https:\/\/intervius.com\/index.html\/wp-json\/wp\/v2\/categories?post=9416"},{"taxonomy":"post_tag","embeddable":true,"href":"https:\/\/intervius.com\/index.html\/wp-json\/wp\/v2\/tags?post=9416"}],"curies":[{"name":"wp","href":"https:\/\/api.w.org\/{rel}","templated":true}]}}