{"id":9411,"date":"2011-11-16T00:00:00","date_gmt":"2006-11-06T00:00:00","guid":{"rendered":"https:\/\/intervius.com\/index.html\/?p=9411"},"modified":"2006-11-06T00:00:00","modified_gmt":"2006-11-06T00:00:00","slug":"Juan_Lopez_de_Uralde9411","status":"publish","type":"post","link":"https:\/\/intervius.com\/index.html\/Juan_Lopez_de_Uralde9411\/","title":{"rendered":"Juan L\u00f3pez de Uralde"},"content":{"rendered":"<p>Pregunta.- Estoy 100% con vuestro programa, pero si os votamos \u00bfno estaremos engordando al partido mas votado? seguramente PP<\/p>\n<p>Respuesta.- Gracias. Es al contrario. Los estudios muestran que a partir de una cierta distancia entre el primero y el segundo, la mejor forma de quitar esca\u00f1os al PP es votar a partidos peque\u00f1os como EQUO. De hecho las encuestas muestran que nuestro esca\u00f1o en Madrid est\u00e1 compitiendo con restos del PP.<\/p>\n<p>P.- Soy un votante constante de psoe. Viendo su programa electoral, en el caso hipotetico de que ganaran las elecciones y dejando los aspectos &#8220;verdes&#8221; y demas temas propios&#8230; Que vas a hacer para eliminar paro, y mejorar nuestra estabilidad economica. Repito. Piensa que vas a tener 180 esca\u00f1os y no tienes que pactar. No te vayas por las ramas y di cuestiones claras. Muchas gracias y mucha suerte!!<\/p>\n<p>R.- En el programa de EQUO tienen mucho peso los aspectos econ\u00f3micos y sociales. Apostamos abiertamente por un nuevo modelo para nuestro pa\u00eds, que impulse decididamente los sectores emergentes como las energ\u00edas renovables, la movilidad sostenible, la agricultura ecol\u00f3gica, la rehabilitaci\u00f3n de edificios para hacerlos eficientes, el reciclaje, la gesti\u00f3n de espacios naturales&#8230; en estos sectores se pueden crear 2,7 millones de empleo, seg\u00fan datos del propio gobierno. Para financiar este cambio apostamos por una nueva pol\u00edtica fiscal basada en tres aspectos: lucha contra el fraude, y que pague m\u00e1s quien m\u00e1s tiene y quien m\u00e1s contamine. Por ello apostamos por m\u00e1s impuestos a las rentas del capital. por un IVA a los productos de lujo, y por nuevas tasas como el c\u00e9ntimo de la gasolina. <\/p>\n<p>P.- El candidato de IU-Los Verdes en Murcia, el ecologista Pedro Costa, dijo ayer que Equo es un chiringuito personal \u00bfQu\u00e9 le parece esta opini\u00f3n y en general la campa\u00f1a de IU-Los Verdes? <\/p>\n<p>R.- Nosotros hacemos una campa\u00f1a respetuosa y sin descalificaciones. Ponemos propuestas encima de la mesa para el debate. Esa declaraci\u00f3n le define porque demuestra muy poco respeto por las miles de personas que est\u00e1n trabajando muy duramente en este proyecto.<\/p>\n<p>P.- \u00bfCu\u00e1l ha sido el papel que Equo ha otorgado a las redes sociales de cara a esta campa\u00f1a?<\/p>\n<p>R.- EQUO ha apostado desde el principio por las redes sociales. Para nosotros son un instrumento muy importante para dar a conocer nuestro proyecto y comunicarnos con la gente. Aprovecho para aclarar que mis perfiles en facebook y twitter los llevo yo personalmente. Adem\u00e1s nosotros entendemos la comunicaci\u00f3n en redes de forma bidireccional. Quiz\u00e1s por todo esto ahora mismo somos l\u00edderes en facebook y crecemos en twitter muy r\u00e1pidamente. <\/p>\n<p>P.- qu\u00e9 har\u00edais con las nucleares? a 10, 20, 50 a\u00f1os..<\/p>\n<p>R.- Apostamos por un modelo energ\u00e9tico 100% renovable en el a\u00f1o 2030, y el cierre progresivo de las centrales nucleares para llegar al apag\u00f3n nuclear en el a\u00f1o 2020. Es posible prescindir de las nucleares, y algunos pa\u00edses de nuestro entorno como Alemania, B\u00e9lgica o Suiza han aprobado ya planes de cierre de las nucleares. Despu\u00e9s de Fukushima, el renacimiento nuclear ha muerto antes de nacer. <\/p>\n<p>P.- El domingo votar\u00e9 a EQUO, pero tengo una espinita clavada desde que ayer le\u00ed la noticia de Comprom\u00eds-EQUO sobre el apoyo incondicional al trasvase Tajo-Segura y J\u00facar-Vinalop\u00f3, que choca frontalmente con la NUEVA CULTURA DEL AGUA que se recoge en el programa electoral de EQUO \u00bfqu\u00e9 piensa al respecto de estas declaraciones?<\/p>\n<p>R.- EQUO tiene una posici\u00f3n clara en contra de los trasvases. Est\u00e1 en nuestro programa, y y no hay ninguna duda al respecto. Abogamos por una pol\u00edtica de aguas dentro de las propias cuencas hidrogr\u00e1ficas. <\/p>\n<p>P.- \u00bfQu\u00e9 papel tiene la cultura en el programa de un partido verde como Equo? Gracias y \u00e1nimo.<\/p>\n<p>R.- La cultura es un elemento muy importante en nuestro programa y tenemos un cap\u00edtulo entero dedicada a la misma. Para el cambio de modelo econ\u00f3mico que promovemos la cultura es fundamental. Entre las medidas que est\u00e1n llamando m\u00e1s la atenci\u00f3n destaca la potenciaci\u00f3n de la sociedad de la informaci\u00f3n como herramienta de cohesi\u00f3n social y desarrollo social y econ\u00f3mico. Por ejemplo, apostamos por la introducci\u00f3n del software libre en las administraciones p\u00fablicas. <\/p>\n<p>P.- \u00bfVan a priorizar el cambio de ley electoral como supervivencia del propio partido?<\/p>\n<p>R.- Para nosotros es un tema prioritario, pero no por supervivencia de EQUO sino de salud democr\u00e1tica. El sistema pol\u00edtico est\u00e1 dise\u00f1ado para perpetuar el bipartidismo, y eso est\u00e1 empobreciendo la vida pol\u00edtica espa\u00f1ola y las instituciones pol\u00edoticas no representan bien la diversidad de opiniones que existe en nuestra sociedad.<\/p>\n<p>P.- Si consigue representaci\u00f3n parlamentaria, \u00bfir\u00e1 usted en bicicleta al congreso?<\/p>\n<p>R.- Normalmente me muevo en transporte p\u00fablico y algunas veces en bicicleta. Mantendr\u00e9 la misma forma de transportarme cuando llegue al Congreso, ya que no veo ning\u00fan motivo para dejar de hacerlo. <\/p>\n<p>P.- He le\u00eddo por ah\u00ed que Equo seguir\u00e1 tras las elecciones generales sea cual sea el resultado. \u00bfTen\u00e9is intenci\u00f3n de presentaros a elecciones auton\u00f3micas, como las andaluzas de marzo, o s\u00f3lo acudir\u00e9is a generales y europeas?. Un saludo y \u00e1nimo<\/p>\n<p>R.- Estamos convencidos de que los resultados ser\u00e1n buenos. En cualquier caso EQUO seguir\u00e1 adelante y por tanto estaremos en las pr\u00f3ximas citas electorales, comenzando por las auton\u00f3micas andaluzas que se celebran en marzo. Ah\u00ed estar\u00e1 EQUO. <\/p>\n<p>P.- Os habeis planteado sumaros a otras formaciones despues del 20?<\/p>\n<p>R.- EQUO surge de la confluencia de 35 partidos verdes con personas independientes comprometidas en diversas luchas sociales. Se trata de un proyecto pol\u00edtico diferenciado que llenar\u00e1 el espacio que en Europa ocupan los partidos verdes. Estamos abiertos al dialogo con otros en causas concretas que estoy seguro que compartiremos en los pr\u00f3xmos a\u00f1os, pero somos una opci\u00f3n pol\u00edtica aut\u00f3noma. <\/p>\n<p>P.- Hola Juan, \u00bfcrees que entre todos podremos lograr eliminar el brutal poder de los mercados?\u00bfSe conseguir\u00e1 poner en marcha una tasa tipo Tobin para controlar y desincentivar los movimientos especulativos de capitales?<\/p>\n<p>R.- Que la ciudadan\u00eda recupere el control de la situaci\u00f3n es una emergencia europea en la que desde luego EQUO est\u00e1 empe\u00f1ado. EQUO tiene en esta cuesti\u00f3n una propuesta compartida con los verdes europeos para regular los mercados financieros y frenar la espculaci\u00f3n. Entre las medidas que promovemos est\u00e1 desde luego la tasa a las transacciones financieras internacionales, y otras como la prohibici\u00f3n de operar a instituciones que tengan presencia en paraisos fiscales, la creaci\u00f3n de una agencia de calificaci\u00f3n p\u00fablica europea o la emisi\u00f3n de eurobonos para hacer frente al problema de la deuda. <\/p>\n<p>P.- Hola Juancho llevo muchos a\u00f1os votando nulo por no encontrar mi sitio en ningun partido, siempre he sido una persona de izquierdas sin partido q me represente, este a\u00f1o estoy pensando muy seriamente en votaros \u00bfq me dirias para terminar de convencerme?<\/p>\n<p>R.- Que hace falta aire nuevo en el Congreso que lleve otros temas y lo haga de otra manera que los partidos pol\u00edticos cl\u00e1sicos. Eso es lo que aportar\u00e1 EQUO &#8211; adem\u00e1s de un programa lleno de propuestas que vamos a defender los pr\u00f3ximos 4 a\u00f1os &#8211; en una legislatura que va a ser tremendamente gris, con una mayor\u00eda del PP y un PSOE ensimismado en su crisis interna. \u00a1Lleva color al Congreso votando a EQUO!<\/p>\n<p>P.- Buenos d\u00edas, Juantxo: \u00bfC\u00f3mo se pueden potenciar las energ\u00edas renovables y el coche el\u00e9ctrico cuando se ponen tantas trabas desde la Adminsitraci\u00f3n y las compa\u00f1\u00edas el\u00e9ctricas? Suerte y gracias<\/p>\n<p>R.- Hace falta una visi\u00f3n nueva, y una voluntad pol\u00edtica que no existe en la actualidaden los grandes partidos para que soluciones como las que propones se pongan en marcha. EQUO se convertir\u00e1 en la voz que defienda estas tecnolog\u00edas en las instituciones espa\u00f1olas, para que avancemos de una vez hacia un nuevo modelo m\u00e1s sostenible. <\/p>\n<p>P.- No veo en el programa de casi ninguno de los partidos que apuesten por el desarrollo rural, tanto econ\u00f3mico como social. \u00bfQu\u00e9 plate\u00e1is vosotros? Adem\u00e1s de lo econ\u00f3mico y de la generaci\u00f3n de empeo, creo que hay programas muy centrados en las ciudades. \u00bfQu\u00e9 pasa con la tolerancia y la diversidad en las \u00e1reas rurales? Se necesitan programas de concienciaci\u00f3n y educaci\u00f3n<\/p>\n<p>R.- La apuesta de EQUO de avanzar hacia un nuevo modelo recupera en muchos aspectos la importancia de innovar tambi\u00e9n mundo rural. Los sectores econ\u00f3micos que promovemos &#8211; como las energ\u00edas renovables &#8212; generan empleo de forma descentralizada y dan trabajo en muchos pueblos; la agricultura y ganader\u00eda ecol\u00f3gicas son para nostros el futuro de un sector que debe apostar por la calidad como elemento diferenciador. Sin duda la educaci\u00f3n es un aspecto clave tambi\u00e9n en este aspecto como en todos los de nuestro programa, y por eso apostamos por elevar el presupuesto educativo hasta llegar al 7% del PIB. Creemos que la innovaci\u00f3n es clave para recuperar el medio rural en muchos lugares de nuestro pa\u00eds. <\/p>\n<p>P.- \u00bfQu\u00e9 les dir\u00eda a aquellos que piensan que votar a partidos peque\u00f1os como el suyo es tirar el voto? Un saludo cargado de mis mejores deseos para estas elecciones y todas las siguientes \u00a1\u00e1nimo!<\/p>\n<p>R.- Al contrario, ese es el voto \u00fatil. Porque lo que es verdaderamento in\u00fatil es votar algo que no te representa, y con lo que no te sientes a gusto despu\u00e9s de haber votado. EQUO es una propuesta nueva, diferente que quiere llevar aire fresco al congreso. \u00a1Hace falta m\u00e1s color en nuestro Parlamento!<\/p>\n","protected":false},"excerpt":{"rendered":"<p>Juan L\u00f3pez de Uralde, candidato de Equo al Congreso de los Diputados, charla sobre la recta final de la campa\u00f1a. (Foto: Samuel S\u00e1nchez)<\/p>\n","protected":false},"author":1,"featured_media":0,"comment_status":"open","ping_status":"open","sticky":false,"template":"","format":"standard","meta":{"footnotes":""},"categories":[],"tags":[],"class_list":["post-9411","post","type-post","status-publish","format-standard","hentry"],"_links":{"self":[{"href":"https:\/\/intervius.com\/index.html\/wp-json\/wp\/v2\/posts\/9411","targetHints":{"allow":["GET"]}}],"collection":[{"href":"https:\/\/intervius.com\/index.html\/wp-json\/wp\/v2\/posts"}],"about":[{"href":"https:\/\/intervius.com\/index.html\/wp-json\/wp\/v2\/types\/post"}],"author":[{"embeddable":true,"href":"https:\/\/intervius.com\/index.html\/wp-json\/wp\/v2\/users\/1"}],"replies":[{"embeddable":true,"href":"https:\/\/intervius.com\/index.html\/wp-json\/wp\/v2\/comments?post=9411"}],"version-history":[{"count":0,"href":"https:\/\/intervius.com\/index.html\/wp-json\/wp\/v2\/posts\/9411\/revisions"}],"wp:attachment":[{"href":"https:\/\/intervius.com\/index.html\/wp-json\/wp\/v2\/media?parent=9411"}],"wp:term":[{"taxonomy":"category","embeddable":true,"href":"https:\/\/intervius.com\/index.html\/wp-json\/wp\/v2\/categories?post=9411"},{"taxonomy":"post_tag","embeddable":true,"href":"https:\/\/intervius.com\/index.html\/wp-json\/wp\/v2\/tags?post=9411"}],"curies":[{"name":"wp","href":"https:\/\/api.w.org\/{rel}","templated":true}]}}