{"id":9405,"date":"2011-11-16T00:00:00","date_gmt":"2006-11-06T00:00:00","guid":{"rendered":"https:\/\/intervius.com\/index.html\/?p=9405"},"modified":"2006-11-06T00:00:00","modified_gmt":"2006-11-06T00:00:00","slug":"Francisco_Caamano_Dominguez9405","status":"publish","type":"post","link":"https:\/\/intervius.com\/index.html\/Francisco_Caamano_Dominguez9405\/","title":{"rendered":"Francisco Caama\u00f1o Dom\u00ednguez"},"content":{"rendered":"<p>Pregunta.- Se\u00f1or Caama\u00f1o, a min gustar\u00edame saber se no PSOE van dar un xiro definitivo cara \u00e1 socialdemocracia ou pensan seguir facendo pol\u00edticas econ\u00f3micas neoliberais.<\/p>\n<p>Respuesta.- Abonda con ver o programa elecoral para comprobar que o xiro e real e firme. . <\/p>\n<p>P.- Me gustar\u00eda saber hasta que punto pueden presionar a la Xunta para que desarrollen un modelo de tranporte p\u00fablico en Galicia. M\u00e1s en concreto la situaci\u00f3n en el \u00e1rea metropolitana de A Coru\u00f1a es lamentable. \u00bfQu\u00e9 iniciativas va a emprender para resolver el problema? \u00bfEstar\u00edan dispuestos a recuperar competencias y buscar la soluci\u00f3n ustedes si ganasen, desde la Moncloa?<\/p>\n<p>R.- En efecto, las competencias de transporte son de la Xunta de Galicia, y poco puede hacer el Gobierno de Espa\u00f1a, pero el PSdeG es un partido comprometido con Galicia y A Coru\u00f1a, y no dudes que vamos a poner todo nuestro empe\u00f1o para reclamar en las instituciones y desde la sociedad un plan de transporte real, pensado para las necesidades de todos los ciudadanos, incluyendo la adecuada financiaci\u00f3n p\u00fablica cuando sea necesaria. La movilidad es imprescindible para el empleo, por eso un transporte p\u00fablico resulta clave.<\/p>\n<p>P.- Se\u00f1or Caama\u00f1o, \u00bfNo cree que ser\u00eda de &#8220;justicia&#8221; que pagaran el IRPF de las &#8220;dietas&#8221; que cobran a cargo del Estado que suponen miles de euros anuales &#8230; cada uno de ustedes?<\/p>\n<p>R.- Los ministros no cobran ninguna dieta. Tenemos un salario como cualquier otro trabajador, por cierto, sin pagas extras, como puedes consultar leyendo los Presupuestos Generales del Estado. Los ministros pagamos impuestos como cualquier otro espa\u00f1ol.<\/p>\n<p>P.- Xa sei que o regulamento, en concreto e por exemplo, do Congreso prohibe falar en galego, vasco ou catal\u00e1n no Hemiciclo, pero, \u00bfTi est\u00e1s a favor do pluriling\u00fcismo nas instituci\u00f3ns estatais, ou defendes que siga como ata o de agora? Grazas.<\/p>\n<p>R.- Eu estou a favor do uso das linguas oficiais do Estado no Senado, que \u00e9 a C\u00e1mara de representaci\u00f3n territorial, e polo tanto debe simbolizar a pluralidade de Espa\u00f1a. TAm\u00e9n aposto pola potenciaci\u00f3n uso das linguas oficiais na administraci\u00f3n de Xustiza.<\/p>\n<p>P.- Buenas tardes, \u00bfpor qu\u00e9 cree que no cala el discurso de Pachi V\u00e1zquez en Galicia pese al desastre de Feij\u00f3o? \u00bfSe anima como candidato a la Xunta? Gracias y \u00e1nimo<\/p>\n<p>R.- No tengo la misma percepci\u00f3n. Pachi V\u00e1zquez y otros muchos socilistas gallegos estamos advirtiendo sobre el falso mito de que las derecha &#8220;gestiona&#8221;mejor. Feijoo y su gobierno nunca est\u00e1n cuando hacen falta. Y todo lo que tocan, lo empeoran. Eso s\u00ed, culpan a otros. Concentro todos mis esfuertos en ser diputado. <\/p>\n<p>P.- \u00bfTiene usted algun proyecto para solucionar el problema de las construcciones que se est\u00e1n desmoronando en las aldeas?<\/p>\n<p>R.- Galicia tiene una poblaci\u00f3n envejecida y dispersa. El primer reto es fijar poblaci\u00f3n en el territorio. Al hacerlo, se conserva el medio ambiente, el paisaje, las tradiciones, y un modo de ser y de estar que es el propio de los gallegos. Se puede ser muy feliz viviviendo en una aldea. Yo vivo en una de nueve vecinos. Debemos tambi\u00e9n combatir el fe\u00edsmo.<\/p>\n<p>P.- Ahora dicen y dicen, pero es dif\u00edcil entender por que no lo hicieron: si al bajar los sueldos a los funcionarios (que en su inmesa mayor\u00eda no pasan de los 1800 euros al mes) hubiesen subido en la misma cuant\u00eda los impuestos a los muy ricos, hoy no tendr\u00edan ustedes esa desafecci\u00f3n entre los trabajadores p\u00fablicos. \u00bfNo lo cree as\u00ed? Y \u00bfno piensa usted que ya es hora de que la Iglesia Cat\u00f3lica pague al menos el IBI?<\/p>\n<p>R.- Comenzando por el final, estoy absolutamente de acuerdo contigo. No deben existir privilegios fiscales por motivos religiosos. En cuanto a lo primero, fue muy dif\u00edcil para nosotros adoptar esa medida. Yo soy funcionario y s\u00e9 el esfuerzo que hacen d\u00eda a d\u00eda los empleados p\u00fablicos de este pa\u00eds y lo injusto que muchas veces se es con ellos. Pero el Estado, como las familias, atraviesa en ciertos momentos problemas de liquidez, y debe tomar algunas medidas dif\u00edciles para salir al paso y seguir defendi\u00e9ndose en una situaci\u00f3n de dura crisis econ\u00f3mica. Nosotros hemos rebajado los salarios, en efecto, pero no hemos despedido empleados p\u00fablicos, como ocurre en Grecia, Portugal y me temo que pronto en Italia.<\/p>\n<p>P.- Hola, \u00bfCu\u00e1nto cuesta la campa\u00f1a del PSOE y c\u00f3mo se financia? saludos.<\/p>\n<p>R.- Lo desconozco. Como candidato por A Coru\u00f1a, te puedo decir que mi campa\u00f1a es de una enorme austeridad. Si paseas por las calles ver\u00e1s carteles con las fotos de candidatos de otros partidos, pero no con los candidatos del PSOE. Nos importa m\u00e1s el trato directo con las personas en una situaci\u00f3n de crisis como la que vivimos.<\/p>\n<p>P.- Bo d\u00eda Sr. Caama\u00f1o, una pregunta \u00bfconsidera a Galicia una naci\u00f3n? gracias<\/p>\n<p>R.- Como sabes, eu son un federalista convencido, e o debate arredor da idea de naci\u00f3n par\u00e9ceme un pouco antigo. Galicia ten unha tradici\u00f3n pol\u00edtica que hai que respectar, e este pa\u00eds ser\u00e1 aquelo que os galegos e galegas democraticamente queiran. <\/p>\n<p>P.- Bo d\u00eda. \u00c1s protestas que, hai anos, existen sobre as imperfecci\u00f3ns na representatividade da actual lei electoral, PSOE e PP responderon pactando unha reforma que endurece as condici\u00f3ns aos novos partidos para presentar listas. Os dous grandes partidos temen o pluralismo pol\u00edtico?<\/p>\n<p>R.- Non. Un sistema electoral \u00e9 unha ecuaci\u00f3n moi complexa na que se combinan a pluralidade, os territorios e a gobernabilidade dun pa\u00eds. Un sistema electoral que non permitira o goberno razonable da comunidade pol\u00edtica ser\u00eda un fracaso. Polo tanto, creo que temos que mellorar a proporcionalidade do noso sistema electoral, pero que esta, como noutros pa\u00edses, debe ter l\u00edmites. Un parlamento de oitenta partidos pode ser un marabilloso foro de opini\u00f3n pero dificilmente ser\u00e1 un parlamento.<\/p>\n<p>P.- Por que a Constituci\u00f3n, para PSOE e PP, era intoc\u00e1bel ate que os mercados mandaron parar e introducir un principio da econom\u00eda neoliberal no texto? Iso pode chamarse &#8220;democracia&#8221;?<\/p>\n<p>R.- Para o PSOE a Constituci\u00f3n sempre se pode tocar cando se siguen os procedementos nela establecidos para ser reformada. Nesta \u00faltima reforma respectouse escrupulosamente o que a Constituci\u00f3n di, e ademais \u00e9 evidente que o principio de estabilidade orzamentaria non \u00e9 das materias que est\u00e1n reservadas pola Constituci\u00f3n ao chamado procedemento agravado, que esixe sempre referendo.<\/p>\n<p>P.- \u00bfPor qu\u00e9 ha recuperado a Francisco V\u00e1zquez para la campa\u00f1a? \u00bfConsidera que su permanente coqueteo con el PP y su porte de derechas es un modelo a seguir para los militantes socialistas?<\/p>\n<p>R.- Esta es una campa\u00f1a compleja y profundamente ideol\u00f3gica. Paco V\u00e1zquez y yo somos socialistas muy distintos, pero nos unen unos mismos fundamentos: la defensa de la p\u00fablico y de la igualdad de oportunidades para todos. Ante unas elecciones como estas todos somos necesarios, y sumar es mejor que dividir. <\/p>\n<p>P.- \u00bfQu\u00e9 valor tiene el voto de los ciudadanos si son la UE y los mercados quienes deciden las pol\u00edticas de los Gobiernos, cuando no los Gobiernos mismos? \u00bfPuede haber democracia sin soberan\u00eda?. Gracias <\/p>\n<p>R.- Todo el valor. Son los ciudadanos con su voto los que pueden cambiar las cosas, y s\u00f3lo ellos, haciendo pol\u00edtica, pueden vencer a la econom\u00eda. Para eso tenemos que abandonar la c\u00f3moda posici\u00f3n de &#8220;consumidores&#8221; y &#8220;regresar&#8221; a la pol\u00edtica comprometi\u00e9ndonos de verdad, convirti\u00e9ndonos en aut\u00e9nticos protagonistas. S\u00f3lo as\u00ed saldremos de esta y s\u00f3lo as\u00ed vencer\u00e1 la democracia.<\/p>\n<p>P.- Se\u00f1or Caama\u00f1o para cuando la dacion en pago?<\/p>\n<p>R.- Nosotros hemos modificado la Ley HIpotecaria para evitar enriquecimientos injustos, pero conviene no enga\u00f1ar a las personas. La posibilidad de constituir una hipoteca con daci\u00f3n en pago ya existe en nuestro Derecho, lo que ocurre es que nadie la quiso utilizar porque entonces te dar\u00edan un cr\u00e9dito mucho menor. A m\u00ed me parece muy bien avanzar en la daci\u00f3n en pago pero hay que decir a quienes ya tienen hipoteca queesa nueva ley que la regulase no se les aplicar\u00eda a ellos sino s\u00f3lo a las nuevas hipotecas que se constituyesen tras la entrada en vigor de la ley. Por tanto debemos ser inteligentes y trabajar en soluciones complementarias, que tambi\u00e9n existen (aplazamientos de pagos, financiaci\u00f3n en parte de los intereses&#8230;).<\/p>\n<p>P.- \u00bfHa tramitado ya el Ministerio los indultos solicitados por Alfredo S\u00e1enz y por los Albertos?<\/p>\n<p>R.- No.<\/p>\n<p>P.- \u00bfPara cuando una ley de regulaci\u00f3n de los servicios de bomberos que ponga coto al afan privatizador de la xunta del PP en Galicia? En Galicia los bomberos son gestionados por empresas privadas, mientras que en el resto del estado espa\u00f1ol son funcionarios p\u00fablicos y agentes de autoridad en el ejercicio de sus funciones.<\/p>\n<p>R.- Le respondo con una pregunta: \u00bfpara cu\u00e1ndo una Xunta que crea en los servicios p\u00fablicos? Pues para cuando la izquierda gobierne, que espero sea muy pronto.<\/p>\n<p>P.- A d\u00eda de hoxe, 17 investigadores Parga Pondal da Universidad de Santiago non saben si a USC seguir\u00e1 manteniendo o compromiso de estabilizaci\u00f3n de este personal. Dende o PSdG se nos transmitiu o apoio e, de feito, tom\u00e1ronse inicitativas parlamentarias. Pero sen embargo, non entendemos como a vicerreitora de profesorado da USC (secretaria executvia do Psoe &#8211; Coru\u00f1a ) pode optar pola postura contraria. \u00bfApostan o Psoe pola investigaci\u00f3n ou non?<\/p>\n<p>R.- Desco\u00f1ezo a posici\u00f3n concreta da vicerrectora, pero podo afirmar que o compromiso do PSdeG coa investigaci\u00f3n e univrsiade e pleno. Galicia ser\u00e1 no futuro o que sexan as s\u00faas universidades p\u00fablicas.<\/p>\n<p>P.- \u00bfQu\u00e9 piensa de la p\u00e9rdida de inversi\u00f3n en I+D y de la fuga de cerebros formados con nuestro dinero y que ahora aprovechan otros?<\/p>\n<p>R.- Los gobiernos del presidente Zapatero han hecho la mayor inversi\u00f3n en la historia de Espa\u00f1a en I+D. Como universitario e investigador creo que la movilidad es buena porque favorece la experiencia y el intercambio del conocimiento. La clave est\u00e1 en c\u00f3mo recuperar para nuestro pa\u00eds aquellos investigadores que se han ido. El Gobierno espa\u00f1ol ha hecho un gran esfuerzo, pero necesita de la acci\u00f3n complementaria de las comunidades aut\u00f3nomas, de quien depende la financiaci\u00f3n de la univrsidad p\u00fablica. Desgraciadamente, all\u00ed donde gobierna el PP no ven de este modo las cosas. El error favorito de la derecha es recortar en educaci\u00f3n e investigaci\u00f3n.<\/p>\n<p>P.- \u00bfPor que los ministros, inclu\u00eddo usted, siguen jurando su cargo delante de un crucifijo en un pa\u00eds que es aconfesional?<\/p>\n<p>R.- Es una previsi\u00f3n del protocolo del Estado que creo que hay que revisar.<\/p>\n<p>P.- Sr. CAAMA\u00d1O MI PREGUNTA ES SIMPLE Y, SI ES POSIBLE, QUIERO UNA RESPUESTA SIMPLE TAMBIEN GRACIAS. \u00bfPOR QUE LOS POLITICOS CORRUPTOS NO ENTRAN EN LA CARCEL, NO DEVUELVEN LO ROBADO Y PARA MAS RECOCHINEO SIGUE EN PUESTOS RELEVANTES COMO SI FUERAN MAGNIFICOS CIUDADANOS AL SERVICIO DEL PAIS?. \u00bfESTAMOS YA EN TIEMPOS DE LA CAMORRA O ESTO ES DE SIEMPRE ASI?. SALUDOS<\/p>\n<p>R.- No conozco a ning\u00fan pol\u00edtico condenado cuya sentencia no se hubiese cumplido cuando es firme. Y por supuesto, si se ha acordado el embargo de su patrimonio, as\u00ed se ha ejecutado.<\/p>\n<p>P.- Siempre se ha caracterizado usted por la defensa de los valores socialdem\u00f3cratas y federalistas, as\u00ed como por no sucumbir a estrategias electoralistas&#8230;sin embargo en esta campa\u00f1a, ha aseverado usted que le unen valores socialdem\u00f3cratas a Paco V\u00e1zquez y le ha incorporado a su carrera por un esca\u00f1o en el Congreso, sinceramente \u00bfcree que el fin justifica los medios, como afirmaba Maquiavelo?<\/p>\n<p>R.- Creo que ya he respondido a esta pregunta anteriormente. <\/p>\n<p>P.- Se\u00f1or Ministro \u00bfQue van a hacer con los inmigrantes clandestinos que est\u00e1n viviendo a cuenta de los espa\u00f1oles? \u00bfNo ser\u00eda mucho mejor en los tiempos que estamos pasando en toda EUROPA que cada pa\u00eds cuide de los suyos?.<\/p>\n<p>R.- No creo que existan personas de primera y personas de segunda. S\u00f3lo creo en las personas y en su dignidad. All\u00ed donde est\u00e9 un ser humano que me necesite yo estar\u00e9 a su lado.<\/p>\n<p>P.- Vaya por delante mi admiraci\u00f3n por su carrera profesional y pol\u00edtica. \u00bfQu\u00e9 opini\u00f3n tiene sobre la supeditaci\u00f3n del PSdeG a la pol\u00edtica estatal del PSOE y sobre la falta de l\u00edderes gallegos socialdem\u00f3cratas que defiendan los intereses de Galicia por encima de las siglas del partido en el que militan?<\/p>\n<p>R.- Los socialistas de Galicia deben reforzar su autonom\u00eda pol\u00edtica dentro del PSOE. Defender los intereses de Galicia as\u00ed lo exige. Y al hacerlo, estamos tambi\u00e9n defendiendo los intereses de Espa\u00f1a y del PSOE.<\/p>\n<p>P.- \u00bf Por qu\u00e9 el PSOE se hace de izquierdas en campa\u00f1a electoral, y cuando gobierna hace politicas de derechas favoreciendo al gran capital y a la oligarquia financiera, poniendo en el Banco de Espa\u00f1a, CNMV&#8230;etc. a oligarcas que su discurso es el ir en contra de los trabajadores y clase media?.<\/p>\n<p>R.- \u00bfA usted le parece que mejorar la ley del aborto, introducir la ley de dependencia, aprobar la ley de la memoria hist\u00f3rica dignificando a las v\u00edctimas del franquismo, o que todas la pol\u00edticas que hemos desplegado en defensa de la igualdad, son de derechas?<\/p>\n<p>P.- Buenos d\u00edas \u00bfse siente responsable de incremento de paro, del 8% en 2004 al 22% actual? <\/p>\n<p>R.- C\u00f3mo no vamos a sentir la desolaci\u00f3n de las personas que se han quedado sin empleo? Trabajamos d\u00eda a d\u00eda por superar esta situaci\u00f3n. Pero no es este gobierno el causante de la crisis econ\u00f3mica tan profunda que vivimos. Ni como sabes pueden los gobiernos crear empleo. Eso lo hace la econom\u00eda y las empresas. La pol\u00edtica puede ayudar a dar mayores seguridades (prestaci\u00f3n por desempleo, ense\u00f1anza p\u00fablica, hospitales p\u00fablicos, dependencia&#8230;), as\u00ed como a incentivar la inversi\u00f3n y el consumo. Para ello hacen falta m\u00e1s ingresos, por eso desde el PSOE proponemos que aporten m\u00e1s los que m\u00e1s tienen.<\/p>\n<p>P.- \u00bfPor que hay tanto desconocimiento sobre el funcionamiento de la Justicia? \u00bfNo interesa que los comunes de los mortales lo sepamos?<\/p>\n<p>R.- Porque la derecha espa\u00f1ola ha promovido una deliberada confusi\u00f3n, mezclando el concepto de independencia judicial (que es garant\u00eda de cada juez en el ejercicio de su funci\u00f3n) con el CGPJ, que es el \u00f3rgano de gobierno de los jueces, y por tanto, un \u00f3rgano pol\u00edtico, en sentido constitucional.<\/p>\n","protected":false},"excerpt":{"rendered":"<p>El ministro de Justicia y candidato del PSdeG por A Coru\u00f1a ha charlado con los lectores.<\/p>\n","protected":false},"author":1,"featured_media":0,"comment_status":"open","ping_status":"open","sticky":false,"template":"","format":"standard","meta":{"footnotes":""},"categories":[],"tags":[],"class_list":["post-9405","post","type-post","status-publish","format-standard","hentry"],"_links":{"self":[{"href":"https:\/\/intervius.com\/index.html\/wp-json\/wp\/v2\/posts\/9405","targetHints":{"allow":["GET"]}}],"collection":[{"href":"https:\/\/intervius.com\/index.html\/wp-json\/wp\/v2\/posts"}],"about":[{"href":"https:\/\/intervius.com\/index.html\/wp-json\/wp\/v2\/types\/post"}],"author":[{"embeddable":true,"href":"https:\/\/intervius.com\/index.html\/wp-json\/wp\/v2\/users\/1"}],"replies":[{"embeddable":true,"href":"https:\/\/intervius.com\/index.html\/wp-json\/wp\/v2\/comments?post=9405"}],"version-history":[{"count":0,"href":"https:\/\/intervius.com\/index.html\/wp-json\/wp\/v2\/posts\/9405\/revisions"}],"wp:attachment":[{"href":"https:\/\/intervius.com\/index.html\/wp-json\/wp\/v2\/media?parent=9405"}],"wp:term":[{"taxonomy":"category","embeddable":true,"href":"https:\/\/intervius.com\/index.html\/wp-json\/wp\/v2\/categories?post=9405"},{"taxonomy":"post_tag","embeddable":true,"href":"https:\/\/intervius.com\/index.html\/wp-json\/wp\/v2\/tags?post=9405"}],"curies":[{"name":"wp","href":"https:\/\/api.w.org\/{rel}","templated":true}]}}