{"id":9404,"date":"2010-01-05T00:00:00","date_gmt":"2006-11-06T00:00:00","guid":{"rendered":"https:\/\/intervius.com\/index.html\/?p=9404"},"modified":"2006-11-06T00:00:00","modified_gmt":"2006-11-06T00:00:00","slug":"Inako_Diaz_Guerra9404","status":"publish","type":"post","link":"https:\/\/intervius.com\/index.html\/Inako_Diaz_Guerra9404\/","title":{"rendered":"I\u00f1ako D\u00edaz Guerra"},"content":{"rendered":"<p>Pregunta.- Hola I\u00f1ako. \u00bfQue le pasa a Raul Garc\u00eda?. Le ten\u00eda por buen futbolista, pero est\u00e1 jugando horrible. \u00bfY con Simao? empiezo a tener dudas tambi\u00e9n&#8230; no me vale que pusiese el bal\u00f3n del segundo gol, esta haciendo una temporada nefasta. Un saludo crack<\/p>\n<p>Respuesta.- Me da la sensaci\u00f3n de que Ra\u00fal Garc\u00eda se ha estancado. Cuando lleg\u00f3, era un centrocampista a\u00fan sin definir pero con posibilidades de evolucionar en varios sentidos (para m\u00ed, donde m\u00e1s potencial ten\u00eda era como mediocentro llegador tipo Ballack). No lo ha hecho y ahopra es un jugador indefinido. Ni pivote defenssivo, ni organizador, ni creativo, ni llegador. Correcto en todo, brillante en nada. Una pena, aunque a\u00fan es joven y, bien dirigido, recuperable. Simao est\u00e1 mal este a\u00f1o, es evidente. Pero en este caso no hay tantas dudas, es un caso similar al de Forl\u00e1n: buen futbolista en mal momento<\/p>\n<p>P.- Hola I\u00f1ako!!!. Una pregunta \u00bfSinc\u00e9ramente te parece que lo de Forl\u00e1n es una mala racha?. Porque yo voy al Calder\u00f3n todos los partidos y lo que me parece es que no tiene el menor inter\u00e9s por jugar los partidos. Entiendo que est\u00e9 mosqueado porque no le dejaron salir este verano (seguro que es eso lo que le ocurre) pero me parece una falta tremenda de profesionalidad hacer lo que est\u00e1 haciendo. Con todos los respetos no estar\u00eda de m\u00e1s que en alguna cr\u00f3nica se le diera alguna &#8220;colleja&#8221; que se tiene merecid\u00ediisima.<\/p>\n<p>R.- Me cuesta dudar de la profesionalidad de Forl\u00e1n. Le veo desquiciado y desesperado, pero porque no mete goles. Eso de que no le dejaron salir es muy relativo, al final el BAr\u00e7a prefiri\u00f3 a Ibrahimovic. Si de verdad hubiera venido con el dinero por delante, habr\u00eda que haber visto que pasaba.<\/p>\n<p>P.- Buenas I\u00f1ako!!A ver si alguien como tu puede explicar a los dirigentes y tambien a tu amigo Manolete que el KUN AG\u00dcERO ES INTOCABLE (conf\u00edo en ti) si quieren hacer caja que se quiten de en medio a gente como Forl\u00e1n (20 mill. aprox), Cleber (5 mill.aprox), R.Garc\u00eda (7 mill.aprox), Perea(1,5 mill.aprox), &#8220;Posturitas&#8221; Jurado (6 mill. aprox) y gente que acaba contrato como Pern\u00eda y Pablo para ahorrar fichas (seguramente se ahorren 4mill. tranquilamente o m\u00e1s).\u00bfcomo lo ves? Aupa Atleti!<\/p>\n<p>R.- Lo veo evidente. Lo que pasa es que les hablan de darles 55 kilos as\u00ed de golpe y se les hacen los ojos chiribitas. Pero es un error. A Kun, como a Torres, s\u00f3lo se le puede vender si \u00e9l llega y dice que se quiere largar a toda costa. Si no, es una estupidez<\/p>\n<p>P.- Que ha pasado con Molinaro?, la han vuelto a cagar?, no me digas que vamos a acabar la temporada con Antonio y Mariano?, dime que no que me da un chungo?&#8230; como se pueden hacer las cosas tan mal&#8230; Un saludo y Forza Union.<\/p>\n<p>R.- COn Molinaro se han jutado dos cosas: que el Stuttgart ofrec\u00eda algo de dinero por la cesi\u00f3n y el Atleti no y que el futbolista, viendo todas las cr\u00edticas que hab\u00eda recibido en algunos medios espa\u00f1oles antes de jugar, pens\u00f3 que para empezar ya as\u00ed, se iba a Alemania. Supongo que a\u00fan fichar\u00e1n un lateral, lo que pasa es que puede ser para cualquiera de las dos bandas. Si es para la derecha, de lateral izquierdo Dom\u00ednguez u UJfalusi, central. Si es zurdo, Dom\u00ednguez central y Ujfalusi lateral derecho<\/p>\n<p>P.- Hola I\u00f1ako. \u00bfqu\u00e9 opciones tiene Quique de continuar el a\u00f1o que viene? Por otro lado, y frivolizando un poco (afortunadamente se ha recuperado bien) \u00bfcrees que con Pernia podemos tener un caso Lard\u00edn invertido? \u00bfLe estas viendo en los entrenamientos? \u00bfest\u00e1 bien? \u00bfVes al Estu en la copa? Saludos <\/p>\n<p>R.- Es pronto para decirlo, porque el equipo lo mismo acaba el 16 sufriendo y no se queda que el s\u00e9ptimo y campe\u00f3n de Copa y le hacen la ola mientras le renuevan. Pern\u00eda est\u00e1 bien f\u00edsicamente, pero futbol\u00edsticamente parece seguir siendo el mismo. Pese a la pifia imperdonable de Alicante, el EStu tiene serias opciones porque juaga en casa contra el Xacobeo y si gana ya elimina a un rival directo. Unicaja juega en Vitoria y Manresa contra el Madrid: derrots probables. Si el Fuenla echa una manita y gana al LAgun Aro en el Fernando Mart\u00edn, salen las cuentas.<\/p>\n<p>P.- Me comen los remordimientos, tengo un sobrino de 3 a\u00f1os y lo he hecho a la fuerza (regal\u00e1ndole la camiseta y todo) del Atleti, merezco perd\u00f3n? no es para que me metan en la c\u00e1rcel?<\/p>\n<p>R.- Al rev\u00e9s, eres un h\u00e9roe, como un ecologista salvando un lince. Est\u00e1s evitando la extinci\u00f3n de una especie<\/p>\n<p>P.- Buenos d\u00edas. Qu\u00e9 opinas de la siguiente opci\u00f3n para Maxi: negociar con \u00e9l para que renueve un a\u00f1o a cambio de cederle a alg\u00fan equipo en el que se gane la selecci\u00f3n para el mundial, y venderle despu\u00e9s de Sud\u00e1frica incluso d\u00e1ndole la comisi\u00f3n que lograr\u00eda como agente libre (o parte). Otra: \u00bfqu\u00e9 opinas de Fran M\u00e9rida? La \u00faltima: \u00bfy de la &#8220;opci\u00f3n Pet\u00f3n&#8221; para que el club salga -poco a poco- de las manos de los Gil? Un abrazo, feliz a\u00f1o y sigue as\u00ed.<\/p>\n<p>R.- No creo que Maxi aceptara eso, porque siempre acabar\u00eda perdiendo dinero. No ya la comisi\u00f3n, sino tambi\u00e9n el pedazo de sueldo que puede firmar al llegar gratis. Y adem\u00e1s, lo mismo no lo colocas luego, le pagas un a\u00f1o m\u00e1s sin contar con \u00e9l y en 12 meses volver a empezar. A Fran M\u00e9ridale he visto s\u00f3lo un par de partidos de Copa y con las inferiores. Se me hace dif\u00edcil establecer su val\u00eda real cuando no le he visto ante competencia de primer nivel. Lo que es evidente es que tiene talento, es potente y la pega de vicio con la zurda. El potencial est\u00e1 ah\u00ed, siente los colores y llega gratis. Me parece una apuesta muy buena. Mucho que ganar, poco que perder<\/p>\n<p>P.- Molinaro, Tiago, Salvio&#8230; blabla y ninguno viene, y por qu\u00e9 no lo intentan con Eboue?? Ese seria el gran fichaje. Por cierto me gust\u00f3 el Atleti el s\u00e1bado, no los cambios y tambi\u00e9n me gusta ya hayan atado a Fran M\u00e9rida. Saludos I\u00f1ako y a segir as\u00ed<\/p>\n<p>R.- Eboue cuesta cerca de seis millones, ya lo intentaron en verano. Y adem\u00e1s ahora est\u00e1 jugando con cierta regularidad, as\u00ed que lo mismo es hasta m\u00e1s caro. Yo creo que Tiago y Salvio van a venir<\/p>\n<p>P.- Buenas, que sabes de las posibles incorporaciones del atletico cara a este mercado invernal?<\/p>\n<p>R.- Lo dicho, Tiago est\u00e1 casi cerrado. Con Salvio van muy en serio y creo que al final encontrar\u00e1n la forma de pagar a Lan\u00fas, ya que con el jugador ya hay acuerdo. Tras el fiasco de Molinaro, siguen buscando un l\u00f1ateral cedido para cualquiera de las dos bandas, porque Fanni, que es el que quieren, es m\u00e1s caro ahora que en julio y esperar\u00e1n<\/p>\n<p>P.- Soy el \u00fanico que ve que Dom\u00ednguez es el central m\u00e1s serio que tenemos?. T\u00fa que opinas. Espero que quique lo vea tambi\u00e9n<\/p>\n<p>R.- Junto a Ujfalusi. Y creo que Quique ya lo ha visto porque el chaval es titular indiscutible. Si llega un lateral zurdo, al fin podr\u00e1 jugar en su sitio que es el centro. Pero si no, le tocar\u00e1 pasarse casi toda la temporada tapando el boquete de la banda izquierda<\/p>\n<p>P.- Qu\u00e9 pasa, crack!! Soy el Friki de nochevieja. Me alegro de conocerte en persona, y me reitero en que me encantan tus cr\u00f3nicas y tu iron\u00eda. Sigue as\u00ed!!Bueno, mi pregunta: siempre leo, en relaci\u00f3n a los fichajes, frases como &#8220;es cuesti\u00f3n de horas&#8221;, &#8220;el acuerdo es total, s\u00f3lo quedan unos flecos&#8221; y dem\u00e1s. Y al final nada de nada. Vale que a veces las cosas son imprevisibles, pero, \u00bfno ser\u00e1 tambi\u00e9n un poco precipitaci\u00f3n y culpa de los medios, que por dar m\u00e1s morbo y vender hinchan las expectativas?? Un saludo!!<\/p>\n<p>R.- Fue una manera extra\u00f1a de comenzar el a\u00f1o, no me hab\u00eda dado tiempo ni de ponerme una copa, pero estuvo bien. S\u00f3lo me preocupa en qu\u00e9 lugar me deja que mis lectores se autodenominen frikis por leerme&#8230; El tema de c\u00f3mo tratar los fichajes es complejo. Todos queremos darlos los primeros y los clubes tambi\u00e9n se expresan en esos t\u00e9rminos. Siempre lo ven muy cerca y luego se complica, porque en estas negociaciones participa tanta gente que siempre hay alguien que pone una pega. Si nosotros no decimos nada hasta que se cierra y los dem\u00e1s medios s\u00ed salen con ello, quedamos como tontos y los lectores, l\u00f3gicamente comprar\u00edan el que s\u00ed ha dado el nombre. As\u00ed que es complicado. Y m\u00e1s con el Atleti, que como siempre anda mal de dinero, intentando aplazar pagos y ahorrar hasta el \u00faltimo instante, m\u00e1s de un fichaje se ha roto ya con el contrato redactado y para firmar.<\/p>\n<p>P.- Hola I\u00f1ako.\u00bfQui\u00e9n crees que es el mejor jugador de los siguientes:Xavi Hern\u00e1ndez,Steven Gerrard o Cesc F\u00e1bregas?<\/p>\n<p>R.- Los colocar\u00eda en ese mismo orden. Pero a los tres entre los 10 o 15 mejores del mundo. Y la edad le da a Cesc la posibilidad de adelantarles en breve<\/p>\n<p>P.- Hola i\u00f1ako que opinas sobre el tema de van de vaart y kaka e higuain y benzema. Anda mojate un poco y dime a quien pondrias en cada posicion <\/p>\n<p>R.- Yo pondr\u00eda a Kak\u00e1 y a Higua\u00edn. Los otros dos, si no juegan, que me los den para el Atleti<\/p>\n<p>P.- El otro d\u00eda, hablando con un colega bastante entendido en NBA me coment\u00f3 que Kobe cada d\u00eda se parece m\u00e1s a Jordan, aunque con mejor tiro de tres. Esto no hace m\u00e1s que corroborar que para jugadores \u00fanicos, Earving Johnson, no crees?<\/p>\n<p>R.- Exacto. Tan bueno como Jordan seguramente no llegue a ser ninguno, pero escoltas de 1,90 y tantos, f\u00edsicamente explosivos y capaces de marcar diferencias en los dos lados de la cancha ha habido y va a haber. Kobe o Wade han hecho buenas imitaciones en los \u00faltimos a\u00f1os. Pero un base puro de 2,06 con semejante visi\u00f3n y esa capacidad para correr la pista ni lo ha habido ni lo habr\u00e1. Camo tampoco habr\u00e1 otro blanco con bogtillo y mullet, incapaz de correr y saltar, pero capaz de promediar 30-8-8. Nunca habr\u00e1 ni otro Magic ni otro Bird. Y no, no me vale Nowitzki, que f\u00edsicamente p\u00f2dr\u00eda meterle una paliza a Larry cada d\u00eda de su vida sin despeinarse<\/p>\n<p>P.- que te parece Ibrahim?<\/p>\n<p>R.- Muy bueno f\u00edrsicamente y de actitud. Muy \u00fatil en la presi\u00f3n y para aguantar la pelota a la espera de compa\u00f1eros. Dej\u00f3 alg\u00fan detallito t\u00e9cnico interesante como el taconazo no recuerdo a qui\u00e9n (\u00bfSimao?) en la segunda parte. Pero le pasaron poco y no creo peligro, por lo que la nota a\u00fan est\u00e1 por definir<\/p>\n<p>P.- \u00bfPor qu\u00e9 no se estrenan peliculas en el cine decentes? La mayoria son bastante malas y algunas pocas mediocres. \u00bfQu\u00e9 le pasa a la industria del cine americano? \u00bfya no tiene ideas?<\/p>\n<p>R.- Es la \u00e9poca. En los pr\u00f3ximos tres meses te vas a hinchar a cine americano bueno. Este mismo viernes estrenan los Coen y el Sherloh Homes de Downey Jr (la semana que viene) tambi\u00e9n puede merecer la pena. Y antes de fin de mes estrenan tambi\u00e9n Up in the air, ddel dirtector de Juno con Clooney de la que hablan muy bien. La cosa mejora ahora<\/p>\n<p>P.- I\u00f1ako!!! Feliz a\u00f1o. El sabado pasado fui por primera vez al Calder\u00f3n y me quede impresionado por el buen ambiente que hay pero me decepciono que el publico saliese contento despu\u00e9s de la mierda de partido que pudimos ver. Eso en el bernabeu no pasa! Tu que opinas? O<\/p>\n<p>R.- Bueno, eso pasa en el Bernabeu y en todos los campos. Si t\u00fa equipo est\u00e1 con el agua al cuello y gana milagrosamente en el \u00faltimo instante, te vas como unas casta\u00f1uelas. Es l\u00f3gico<\/p>\n<p>P.- I\u00f1ako, lo primero felicitarte por ser una isla en el periodismo deportivo espa\u00f1ol. Ahoras las preguntas: \u00bfA quien ves con futuro en el Atleti B? No crees que s\u00ed remontamos algo y entramos en posiciones tranquilas ser\u00eda el momento de dar oportunidades a los Pulido, Atienza, Cedric, Rub\u00e9n .. etc? Recomiendame algun libro para 2010, m\u00e1s all\u00e1 de los de Hornby y Winslow.<\/p>\n<p>R.- Es cierto que la temporada puede ser muy propicia para probar chavales porque hay serias opciones de que en marzo el Atleti est\u00e9 a mitad de tabla, muy lejos de Europa y del descenso. Los nombres son los habituales: Atienza y Pulido entre los defensas. Koke, Rub\u00e9n P\u00e9rez y Sergio Marcos en el medio, Keko y Cedric en las bandas y Borja, Ibra y Pacheco arriba. Entre mis recomendaciones cl\u00e1sicas, aparte de esas, recordaros al gran John Connolly, con \u00e9l hay que empezar por Todo lo que muere. Ha salido una recopilaci\u00f3n de Todo Marlowe en RBA que es un obligado. Me hablan muy bien y a\u00fan no he le\u00eddo de Una ma\u00f1ana radiante, de James Frey <\/p>\n<p>P.- Hola, I\u00f1ako. Al Sevilla le sobreviene anteayer un contratiempo y hoy cierra el fichaje de un defensa. Nosotros nos pasamos meses rastreando el mercado para acabar en nada. En fin, feliz entrada de a\u00f1o.<\/p>\n<p>R.- Ellos tienen dinero, querido Watson<\/p>\n<p>P.- Hola I\u00f1ako.\u00bfquien crees que es el mejor delantero en estos momentos?.mojate . un saludo.<\/p>\n<p>R.- Si hablamos de nueve, nueve, Fernando Jos\u00e9 Torres Sanz<\/p>\n<p>P.- Hola I\u00f1ako. \u00bfSi te ofrecieran un trueque Cristiano por el Kun, aceptar\u00edas?<\/p>\n<p>R.- No<\/p>\n<p>P.- \u00bfPor qu\u00e9 Dominique Wilkins, ganador de un concurso de mates, y finalista en varios frente al mismisimo Air Jordan, no es tan recordado como otros jugadores para mi gusto de menor entidad? \u00bfQuiz\u00e1 haber jugado en Europa (Panathinaikos) baj\u00f3 su cach\u00e9?<\/p>\n<p>R.- Yo recuerdo a Dominique cada d\u00eda de mi vida y a menudo ha sido con odio. \u00bfPor qu\u00e9? Porque era mi jugador preferido y por su culpa soy de los Hawks, lo que me ha condenado a una vida de sufrimiento y mediocridad tambi\u00e9n como aficionado de la NBA. Dominique gan\u00f3 un concurso de mates y fue sometido al robo m\u00e1s escandaloso de la historia en el que le regalaron a Jordan en Chicago. La gente piensa que s\u00f3lo la met\u00eda para abajo, pero Dominque ha sido uno de los anotadores puros m\u00e1s indefendibles de la historia junto a Jordan y Bernard King. Y en el Pana se rasc\u00f3 la barriga hasta la Final Four y luego la gan\u00f3 casi solito (con ayuda de los \u00e1rbitro en aquel tap\u00f3n ilegal de Vrankovic a Montero). As\u00ed que su cach\u00e9 no pudo bajar. Sencillamente, nunca gan\u00f3 un anillo ni jug\u00f3 una final. Ah, y no defend\u00eda un pimiento<\/p>\n<p>P.- Hola I\u00f1ako. Gran documental del Informe Robinson. Parece que todo apunta a rejuvenecer esta plantilla, Fran Merida, Salvio, cantera&#8230;.que te parece? En ese caso, que opinas de traer a un currante de gente joven en equipos de primera como Caparros&#8230;y darle tiempo? Irias a por Belletti ahora que acaba contrato? y Deco?<\/p>\n<p>R.- Me parece perfecto si se mantiene a Kun y se construye a su alrededor. LO que no se puede hacer es lo de jug\u00e1rtela todo con j\u00f3venes y pasar 3 o 4 a\u00f1os peleando abajo hasta que el equipo florezca. La gente no lo aguantar\u00eda, con raz\u00f3n. Belletti y Deco no entran precisamente en esa filosof\u00eda, aunque por Deco, si est\u00e1 medio motivado, yo har\u00eda una excepci\u00f3n.<\/p>\n<p>P.- Hola,otra vez I\u00f1ako. No se si te acuerdas de mi soi alex y quiero que me expliques eso de entre los 10 o 15 mejores del mundo? No acabo de entenderte. Gracias.<\/p>\n<p>R.- Pues eso, que para m\u00ed los tres (Xavi, Gerrard y Cesc) est\u00e1n entre los 10 o 15 mejores futbolistas del mundo. Que aunque los coloque en ese orden, si cualquiera de los tres jugara en mi equipo ser\u00eda tremendamente feliz<\/p>\n<p>P.- I\u00f1ako, in extremis pero a ver si entra. Vale, si vendemos ahora a Maxi sacamos un pellizco que no sacar\u00edamos en verano, pero \u00bfno quedar\u00eda bastante descompensada la plantilla con su salida? Un saludo y gracias por la enciclopedia<\/p>\n<p>R.- Si es que Maxi no cuenta ya. Ni cuenta ni aporta, en realidad. Salvo la labor de maquillaje contra el Marbella, su aportaci\u00f3n ha sido casi nula. Ahora la banda derecha es de Reyes, Salvio es probable que llegue en breve y tambi\u00e9n puede jugar ah\u00ed y, de broche, y Cedric o Keko son soluciones m\u00e1s que aprovechables. Maxi sobra, as\u00ed que cualquier dinero que llegue, bien recibido ser\u00eda. Nada, un placer<\/p>\n<p>P.- no dices nada de lo de peton<\/p>\n<p>R.- Se me olvid\u00f3. Pet\u00f3n no da puntada sin hilo. Si ha publicado esa teor\u00eda es que, con sus dificultades, podr\u00eda serr realizable. Ojal\u00e1. Pero te digo lo que ya le coment\u00e9 a \u00e9l. A m\u00ed lo que me tira el asunto por tierra es que necesita la colaboraci\u00f3n de los actuales due\u00f1os, y eso no lo veo. Pero ojal\u00e1 la cosa siga evolucionando, porque ser\u00eda la mejor alternativa que ha tenido el Atleti desde que llegaron los Gil<\/p>\n<p>P.- Wenas \u00bfno crees que la gente que te pregunta por aqu\u00ed y escribe en los foros sobre tus cr\u00f3nicas o noticias, est\u00e1n un poco cegados y pierden el criterio solo porque firmas tu, y que si las mismas cosas que dices tu las dijera por ej. Manolete lo criticar\u00edan? se te sube a la cabeza? Un saludo.<\/p>\n<p>R.- Lo dudo. Creo en el criterio de la gente. A menudo escribo textos que no valen mucho y opiniones que se demuestran equivocadas, como todos. Espero que la gente que me lee sea cr\u00edtica y no me molesta, es m\u00e1s lo agradezco. Pero es evidente que el personaje a menudo predispone. A Manolete le persigue y algunos no ven que, a menudo, entre tanta paja esconde perlas. No se me sube a la cabeza. Cualquiera de mis amigos te dir\u00eda que soy un est\u00fapido engre\u00eddo desde peque\u00f1ito, as\u00ed que lo bueno es que ya no puedo empeorar. Lo agradezco, eso s\u00ed<\/p>\n<p>P.- I\u00f1ako, Manolete te filtra noticiones de fichajes?<\/p>\n<p>R.- Manolete colabora muy estrechamente con nosotros, es casi uno m\u00e1s de la secci\u00f3n aunque no pertenezca a ella como tal. Claro que da noticias<\/p>\n<p>P.- Cual es el tema de Pet\u00f3n??? Estoy perdido<\/p>\n<p>R.- Una interesante teor\u00eda para que sean los propios atl\u00e9ticos los que compren el club. Como es compleja, te dejo el link al art\u00edculo para que puedas leerlo entero: http:\/\/www.as.com\/opinion\/articulo\/comprar-atletico-posible\/dasopi\/20091219dasdaiopi_6\/Tes <\/p>\n<p>P.- Unas cuestiones sin m\u00e1s&#8230; \u00bfno te irrita a veces tener la sensaci\u00f3n de que Ibra solo da el 70% de lo que tiene?\u00bfpor qu\u00e9 demonios un tipo como Higua\u00edn (mucho m\u00e1s justito) ganar\u00e1 todo y \u00e9l no?\u00bfno te parece Wayne Rooney un infravalorado en toda regla(much\u00edsimo mejor futbolista que Kak\u00e1)?\u00bfno te parece un gran entrenador Van Gaal(pese a su caracter)?\u00bfno te parecen las suecas algo espectacular?<\/p>\n<p>R.- Unas cuestiones sin m\u00e1s&#8230; \u00bfno te irrita a veces tener la sensaci\u00f3n de que Ibra solo da el 70% de lo que tiene?\u00bfpor qu\u00e9 demonios un tipo como Higua\u00edn (mucho m\u00e1s justito) ganar\u00e1 todo y \u00e9l no?\u00bfno te parece Wayne Rooney un infravalorado en toda regla(much\u00edsimo mejor futbolista que Kak\u00e1)?\u00bfno te parece un gran entrenador Van Gaal(pese a su caracter)?\u00bfno te parecen las suecas algo espectacular?<\/p>\n<p>P.- Me gustar\u00eda conocer tu opini\u00f3n personal sobre los actuales propietarios del Atleti. <\/p>\n<p>R.- Me llevo bien con ambos, creo que de verdad quieren sacar adelante el club. Creo que no han demostrado que sean capaces. Creo que su pasado es oscur\u00edsimo y les deslegitima como due\u00f1os. Creo que deber\u00edan vender por su bien y el del club. <\/p>\n<p>P.- Una maliciosa \u00bfCrees que actualmente Quique Sanchez Flores (con 43 tacos) podr\u00eda jugar de lateral?<\/p>\n<p>R.- Indiscutible<\/p>\n<p>P.- Hola, I\u00f1ako, una pregunta sobre ocio: \u00bfhas l\u00e9ido los libros de &#8220;Canci\u00f3n de Hielo y Fuego&#8221;? Si es as\u00ed, \u00bfqu\u00e9 te parecen? A m\u00ed me encantan. \u00bfY la serie &#8220;Big Bang Theory&#8221;? Me parto de risa con ella. Un abrazo.<\/p>\n<p>R.- Curiosamente y pese a que El Se\u00f1or de los Anillos sea uno de mis libros favoritos y el que m\u00e1s veces me he le\u00eddo, no soy un gran aficionado al g\u00e9nero. Esta pregunta se la voy a trasladar a mi chica que los ha le\u00eddo y ve la serie. Dice: &#8220;Los libros bien, correctos&#8221; y la serie &#8220;estupenda&#8221;. Claro, ella es f\u00edsica y coge los chistes. Y s\u00f3lo entiendo cuando babean con la vecina<\/p>\n<p>P.- para mi el mejor jugador de todos los tiempos es y sera ronaldo de brasil ya que mesi solo a jugado en un solo equipo y en su selecion debe su actuacion, deberia haber un debate para que el fifa world player tenga opciones de otros continentes, porque el futbol europeo lo hace vistoso sus escenarios &#8220;estadios &#8221; pero la calidad puede ser mucho mejor en otros lados.<\/p>\n<p>R.- William, debes ser muy joven. PAra m\u00ed el mejor de la historia es Maradona, pero coincido contigo en que el primer Ronaldo, el del Bar\u00e7a, ha sido el mejor futbolista de los \u00faltimos 15 a\u00f1os. En cuanto a lo de las dem\u00e1s ligas, yo veo a menudo la argentina y la brasile\u00f1a hay calidad, pero falta ritmo. Creo que ahora mismo, al final, casi todos los grandes talentos pasan su fase de plenitud en Europa. Aunque esto puede camiar, porque las ligas brasile\u00f1as y mexicana empiezan a mover dinero como para competir con las europeas a la hora de pagar a los futbolistas<\/p>\n<p>P.- Buenas I\u00f1ako.\u00bfPara ti cual seria el once ideal o perfecto?.Mojate.<\/p>\n<p>R.- \u00bfActual? Casillas; Alves, Terry, Piqu\u00e9, Ashley Cole; Xavi, Gerrard, Cesc; Cristiano, Torres y Messi. 4-3-3. Banquillo: Cech, Puyol, Maicon, Essien, Ibra, Kun y Drogba<\/p>\n<p>P.- hola i\u00f1ako! decir que me pareces un grande de los que pocos hay. A la pregunta, que hay de cierto en los fichajes que estan sonando? cada vez que miro en internet dicen que hay ya algun jugador fichado o casi cerrado, y luego de repente todo cambia y ese jugador ya no viene, caso de Molinaro por poner uno reciente. Fran Merida, Salvio, Bentley, &#8230; Porr cierto que te parece Bentley?<\/p>\n<p>R.- Fran M\u00e9rida viene seguro. Est\u00e1 firmado. Bentley me levanta serias sospechas porque ni se hizo hueco en el Arsenal ni ahora en el Tottenham. S\u00f3lo brill\u00f3 en el Blackburno, lo que me hace dudar de que tenga car\u00e1cter y\/o talento para un equipo importante <\/p>\n<p>P.- \u00bf Crees que Cerezo dimitir\u00e1 a final de temporada?<\/p>\n<p>R.- No<\/p>\n","protected":false},"excerpt":{"rendered":"<p>El redactor del Diario AS I\u00f1ako D\u00edaz-Guerra analiza cada semana la situaci\u00f3n del Atl\u00e9tico de Madrid. El periodista ha charlado con los lectores sobre la delicada situaci\u00f3n deportiva que atraviesa Atl\u00e9tico de Madrid as\u00ed como otros temas tan mundanos como la el baloncesto, la m\u00fasica o el cine.<\/p>\n<p>ARCHIVO DE ENTREVISTAS:<\/p>\n<p>29 de diciembre &#8211; 22 de diciembre &#8211; 16 de diciembre &#8211; 10 de diciembre &#8211; 01 de diciembre &#8211; 24 de noviembre &#8211; 17 de noviembre &#8211; 10 de noviembre &#8211; 6 de noviembre &#8211; 3 de noviembre &#8211; 27 de octubre &#8211; 20 de octubre &#8211; 13 de octubre &#8211; 06 de octubre &#8211; 29 de septiembre &#8211; 22 de septiembre &#8211; 15 de septiembre &#8211; 08 de septiembre &#8211; 01 de septiembre &#8211; 25 de agosto &#8211; 18 de agosto &#8211; 11 de agosto &#8211; 27 de julio &#8211; 21 de julio &#8211; 14 de julio &#8211; 07 de julio &#8211; 30 de junio &#8211; 23 de junio &#8211; 16 de junio &#8211; 09 de junio &#8211; 02 de junio -26 de mayo -19 de mayo &#8211; 12 de mayo &#8211; 05 de mayo &#8211; 28 de abril &#8211; 21 de abril &#8211; 14 de abril &#8211; 07 de abril &#8211; 24 de marzo &#8211; 17 de marzo &#8211; 10 de marzo &#8211; 3 de marzo &#8211; 24 de febrero &#8211; 10 de febrero &#8211; 17 de febrero &#8211; 13 3 de enero &#8211; 2 3 de diciembre &#8211; 2 de diciembre &#8211; 25 de noviembre &#8211; 4 de noviembre &#8211; 18 de noviembre &#8211; 4 de noviembre &#8211; 11 de noviembre &#8211; 4 de noviembre &#8211; 24 de octubre &#8211; 7 de octubre &#8211; 30 de septiembre &#8211; 23 de septiembre &#8211; 16 de septiembre <\/p>\n","protected":false},"author":1,"featured_media":0,"comment_status":"open","ping_status":"open","sticky":false,"template":"","format":"standard","meta":{"footnotes":""},"categories":[],"tags":[],"class_list":["post-9404","post","type-post","status-publish","format-standard","hentry"],"_links":{"self":[{"href":"https:\/\/intervius.com\/index.html\/wp-json\/wp\/v2\/posts\/9404","targetHints":{"allow":["GET"]}}],"collection":[{"href":"https:\/\/intervius.com\/index.html\/wp-json\/wp\/v2\/posts"}],"about":[{"href":"https:\/\/intervius.com\/index.html\/wp-json\/wp\/v2\/types\/post"}],"author":[{"embeddable":true,"href":"https:\/\/intervius.com\/index.html\/wp-json\/wp\/v2\/users\/1"}],"replies":[{"embeddable":true,"href":"https:\/\/intervius.com\/index.html\/wp-json\/wp\/v2\/comments?post=9404"}],"version-history":[{"count":0,"href":"https:\/\/intervius.com\/index.html\/wp-json\/wp\/v2\/posts\/9404\/revisions"}],"wp:attachment":[{"href":"https:\/\/intervius.com\/index.html\/wp-json\/wp\/v2\/media?parent=9404"}],"wp:term":[{"taxonomy":"category","embeddable":true,"href":"https:\/\/intervius.com\/index.html\/wp-json\/wp\/v2\/categories?post=9404"},{"taxonomy":"post_tag","embeddable":true,"href":"https:\/\/intervius.com\/index.html\/wp-json\/wp\/v2\/tags?post=9404"}],"curies":[{"name":"wp","href":"https:\/\/api.w.org\/{rel}","templated":true}]}}