{"id":9399,"date":"2011-11-15T00:00:00","date_gmt":"2006-11-06T00:00:00","guid":{"rendered":"https:\/\/intervius.com\/index.html\/?p=9399"},"modified":"2006-11-06T00:00:00","modified_gmt":"2006-11-06T00:00:00","slug":"Antonio_Hernando9399","status":"publish","type":"post","link":"https:\/\/intervius.com\/index.html\/Antonio_Hernando9399\/","title":{"rendered":"Antonio Hernando"},"content":{"rendered":"<p>Pregunta.- Hola Antonio: \u00bfNo habeis sido un poco cautos en el tema de la memoria hist\u00f3rica en el programa electoral?Prop\u00f9estas ha habido. Los familiares de las v\u00edctimas y organismos de Derecho Internacional esperaban m\u00e1s. <\/p>\n<p>Respuesta.- Hola Manuel, impulsamos y aprobamos la Ley de Memoria, 52\/2007, y lo hic\u00edmos por convicci\u00f3n y porque era y es de justicia. Elaboramos la Ley en en colaboraci\u00f3n y dialogo con las Asociaciones de la memoria. Ayer estuve en Teruel, en Cella, a\u00fan hay muchas fosas, a\u00fan hay mucho dolor por el olvio, pero creo que hemos cumplido con nuestro compromiso de recuperar la memoria, y pretendemos seguir haci\u00e9ndolo la pr\u00f3xima legislatura porque la tarea est\u00e1 inacaba. <\/p>\n<p>P.- En primer lugar: El PP acu\u00f1o durante en la campa\u00f1a que los 5 millones de parados son responsabilidad del PSOE. En la epoca de pleno empleo (se incorporan 3 millones emigrantes) la tasa ofical de paro esta en 2 millones. (Diferencial 3 millones).<\/p>\n<p>R.- Sentimos mucho todos esos desempelados. Sabemos que lo est\u00e1n pasando mal. No me parece bien que se les use electoralmente. Las causas del desempleo con por todos conocidas, aunque algunos pretenden obviarlas y reducir la complejidad de la crisis econ\u00f3mica y finaciera que padecemos. Es cierto que hemos llegado en al a\u00f1o 2007 a la tasa de desempleo menor de nuestra historia, 7,95%. Pero ahora eso no es un consuelo para los desempleados. Tampoco lo es, aunque si representa una garant\u00eda que haya una tasa de cobertura del desempleo del 71,29% frente al 58% que hab\u00eda en 2001. Lo importante ahora, en lugar de tirarse los trastos a la cabeza, es que estamos en un momento en que los partidos ofrecemos alos ciudadanos nuestra respuestas a ese gran problema. Y sinceramente creo que las propuestas de Alfredo P\u00e9rez Rubalcaba para cambiar la pol\u00edtica econ\u00f3mica y recuperar el empleo son mucho m\u00e1s eficaces que la presenta Mariano Rajoy, que me recuerdan al cuento de la lechera. <\/p>\n<p>P.- Antonio, \u00bfcree que si el Partido Popular gana las elecciones del pr\u00f3ximo domingo aplicar\u00e1 la pol\u00edtica de recortes que ya han iniciado los presidententes auton\u00f3micos en las comunidades que gobiernan? <\/p>\n<p>R.- Beatriz, creo lo que veo, y como t\u00fa misma dices el PP est\u00e1 ensayado la f\u00f3rmula de los recortes en Madrid, Valencia, Castilla La Mancha, etc. El PP recorta, pero adem\u00e1s cuanto m\u00e1s poder tiene m\u00e1s recorta. La mayor\u00eda absoluta de Aguirre, Fabra o Cospedal les da para recortar sin complejos. Deber\u00edamos tomar nota. <\/p>\n<p>P.- \u00bfno cree que era hora de un gobierno de coalici\u00f3n? \u00bfno cree que si el PSOE hubiera incluido esta idea en la campa\u00f1a electoral tenbdr\u00eda much\u00edsimos m\u00e1s votos que los que se esperan? \u00bfno cree que lo del miedo a la derecha es una antig\u00fcalla que ya no cuela?<\/p>\n<p>R.- Creo en la normalidad democr\u00e1tica. En que lo mejor, salvo situaciones excepcionales como las que se han vivido en Grecia o Italia, es que los Gobiernos los elijan los ciudadanos en las urnas. Los programas, proyectos y propuestas con las que nos presentamos PSOE y PP son muy divergentes, son dos modelos diferentes. En todo caso, el PP ha tenido a lo largo de esta legislatura muchas oportunidades para apoyar, siquiera puntualmente al Gobierno, y no lo ha hecho. Al rev\u00e9s, el 12 de mayo, cuando nos lo jug\u00e1bamos todo, lo que intent\u00f3 Rajoy, en lugar de apoyar los acuerdos adoptados con el resto de socios eurpeos, fue derribar al Gobierno. El miedo lo producen algunas de las medidas contenidas en el PP. siempre digo lo mismo. no me crean a mi, lean el programa de Rajoy. <\/p>\n<p>P.- Buenos d\u00edas, don Antonio. Una pregunta que me ronda desde hace much\u00edsimos a\u00f1os: la derecha, cuando gobierna, pone en pr\u00e1ctica sin complejos pol\u00edticas de derecha; \u00bfen cambio, por qu\u00e9 cuando gobierna la izquierda, lo hace procurando no molestar mucho a la derecha? Un saludo.<\/p>\n<p>R.- Alberto, creo que te refieres a algunas de las medidas que hemos tenido que adopatr en estos a\u00f1os. Algunas han sido muy dif\u00edciles para nosotros, hemos pedido importantes esfuerzos a los ciudadanos, que han tenido un importante coste pol\u00edtico para nuestro partido. Pero cre\u00edamos y creemos que eran necesarias para que ahora no est\u00e9mos en la situaci\u00f3n en la que est\u00e1n otros pa\u00edses europeos. En cuanto al resto de pol\u00edticas, creo que a la derecha no le gustado la ley de interrupci\u00f3n voluntaria del embarazo, ni la Ley de Igualdad, ni de la que reconoce el matrimonio de personas del mismo sexo, etc, pero las hemos aprobado porque responden a nuestros compromisos y convicciones. <\/p>\n<p>P.- \u00bfpor qu\u00e9 pesa m\u00e1s en esta campa\u00f1a la pol\u00edtica interna que la exterior, cuando, seg\u00fan los diagn\u00f3sticos, la crisis y su prolongaci\u00f3n vienen b\u00e1sicamente del exterior aunque con nuestra peculiaridad de la burbuja inmobiliaria?<\/p>\n<p>R.- Buenos d\u00edas, es cierto que el debate electoral, y las propuestas, pueden parecer muy locales o nacionales. Pero lo cierto es que desde la propia introducci\u00f3n de nuestro programa electoral hacemos hincapi\u00e9 en la complejidad y la globalidad de la crisis. Asimismo, manifestamos la necesidad de reformas de instituciones internacionales, intergubernamentales y de profundizaci\u00f3n en la gobernanza econ\u00f3mica de la UE. A pesar de eso, estoy de acuerdo en que este aspecto, que es fundamental, no ocupa mucho espacio dentro de la campa\u00f1a. <\/p>\n<p>P.- IU est\u00e1 manteniendo el gobierno del PP en Extremadura y m\u00e1s de 80 alcaldes del PP. Piensas que votar a IU es desperdiciar un voto para la izquierda?<\/p>\n<p>R.- Erasmo, creo que muchos ciudadanos extreme\u00f1os que votaron a IU se han sentido traicionados cuando han visto que su voto ha servido para abrir paso a la derecha. Cuantos m\u00e1s votos y m\u00e1s diputados tenga el PSOE mejor podremos impulsar y defender la igualdad, las pensiones, la prestaci\u00f3n por desempleo, la sanidad y la educaci\u00f3n p\u00fablicas o una nueva pol\u00edtica econ\u00f3mica. En mi opini\u00f3n, el \u00fanico voto de izquierda capaz de parar a la derecha es el voto al PSOE. <\/p>\n<p>P.- Buenos d\u00edas Sr. Hernando: Soy una militante socialista desde hace 25 a\u00f1os y, aunque yo estoy motivada porque creo que hay que estarlo mucho m\u00e1s en los momentos dif\u00edciles, observo como en general el militante socialista est\u00e1 &#8220;agarrotado&#8221; o &#8220;arrugado&#8221;. Mi pregunta: \u00bfPodr\u00edais hacer algo desde la direcci\u00f3n de campa\u00f1a para invertir esta situaci\u00f3n de aqu\u00ed a las elecciones?. Un cordial saludo <\/p>\n<p>R.- Estimada compa\u00f1era, creo que durante los \u00faltimos meses ha habido motivos para que muchos militantes estuvieran, como tu dices, &#8220;agarrotados&#8221;. Sin embargo, lo que yo estoy percibiendo cuando hago m\u00edtines o cuando acompa\u00f1o a Alfredo en la campa\u00f1a, es que ese clima ya ha cambiado, que ahora la militancia est\u00e1 trabajando sin descanso, igual que hizo ayer Alfredo, con seis actos en un d\u00eda. Gracias por tu apoyo, \u00e1nimo y a trabajar hasta el 20. <\/p>\n<p>P.- Hola Antonio, El modelo productivo espa\u00f1ol est\u00e1 caducado. Sin ciencia y tecnologia probablemente no vamos a ir muy lejos ya. \u00bfTiene el PSOE propuestas claras sobre la innovaci\u00f3n?<\/p>\n<p>R.- Hola Pedro, efectivamente hay un modelo caucado, es el del ladrillo, el modelo del 96, al que al parecer, algunos quieren volver. Fueron falsos buenos tiempos cuyas consecuencias estamos padeciendo ahora. el objetivo es cambiar ese modelo. Ser\u00eda muy largo exponer aqu\u00ed todas las propuestas del programa, por eso te animo a verlas en la web de Alfredo, www.rubalcaba.es Est\u00e1n en el cap\u00edtulo primero, &#8220;Una econom\u00eda sana y competitiva&#8221;, y las puedes leer a partir de la p\u00e1gina 20: &#8220;los motores del cambio: innovaci\u00f3n, nuevas tecnolog\u00edas, ciencia y cultura&#8221;. Un saludo. <\/p>\n<p>P.- Se\u00f1or Hernando, \u00bfcu\u00e1ndo recuperar\u00e1 el PSOE algunos de los ideales m\u00e1s caracetr\u00edsticos, como por ejemplo el republicanismo o la laicidad del Estado? Muchas gracias.<\/p>\n<p>R.- Estimado amigo, me gusta el ejemplo que pone Rubalcaba, dice que si Pablo Iglesias levantase la cabeza y viera nuestro programa, habr\u00eda muchas cosas que no entender\u00eda, como wifi, internet, twitter, etc, pero inmediatamente identificar\u00eda el programa, porque los valores y principios son los mismos que inspiraron a nuestros fundadores. Un saludo. <\/p>\n<p>P.- Buenos d\u00edas.\u00bfqu\u00e9 le dir\u00eda a una familia, con todos sus miembros en paro,que ya no reciben ninguna prestaci\u00f3n por desempleo y sin ninguna pespectiva halg\u00fce\u00f1a para salir adelante? \u00bfCree que esos votantes se animar\u00e1n a votar a su partido con los mensajes que est\u00e1n trasladando en esta campa\u00f1a? <\/p>\n<p>R.- Marina, lo primero que le dir\u00eda es que lamento mucho su situaci\u00f3n y que comprendo su enfado y desaz\u00f3n. Lo que le dir\u00eda, es que nosotros garantizamos que mientras encuentran empleo, sus hijos van a recibir una educaci\u00f3n p\u00fablica de calidad, y que si se ponen enfermos van a recibir atenci\u00f3n sanitaria y que si se jubila alg\u00fan miembro de la familia va tener derecho a una pensi\u00f3n digna. Eso se lo garantizamos nosotros y no lo puede garantizar el PP en aplicaci\u00f3n del programa con el que se presenta a las elecciones. Tambi\u00e9n les dir\u00eda que no se dejen enga\u00f1ar, que un cambio de Gobierno no va suponer la creaci\u00f3n de puestos de trabajo como si Rajoy tuviese una barita m\u00e1gica. Le invitar\u00eda ver lo que ha pasado tras el cambio de Gobierno en Portugal, donde la situaci\u00f3n para los trabajadores ha empeorado. Y por \u00faltimo, le dir\u00eda que confi\u00e9n en que vamos a salir adelante, y que terminar\u00e1n encontrando empleo, con el esfuerzo de todos, y en ese sentido nuestro programa tiene propuestas para incentivar de forma inmediata la contrataci\u00f3n y reactivar la econom\u00eda. En todo caso, les invitar\u00eda a participar en las pr\u00f3ximas elecciones. Son fundamentales para esa familia y para muchas otras. Un cordial saludo. <\/p>\n<p>P.- Como van a atender desde el PSOE si llegan nuevamente al Gobierno la situaci\u00f3n maltrecha del 1.600.000 viudas que hay en Espa\u00f1a? Que respuesta van a dar ?<\/p>\n<p>R.- Arancha, en el Congreso de los Diputados ya hemos aprobado el incremento de la base reguladora del 52% al 60%. Esa medida va a suponer cerca de 1.000 \u20ac m\u00e1s al a\u00f1o para cada viuda. Tendremos que seguir trabajando en ese sentido, como lo hemos hecho estos a\u00f1os, pero creo que las pensiones de las viudas han mejorado y se han dignificado en los \u00faltimos 7 a\u00f1os. Un saludo. <\/p>\n<p>P.- \u00bfDebemos poner topes (como en otros paises) a la solidaridad interterritorial?<\/p>\n<p>R.- Pere creo que en Espa\u00f1a hemos conseguido un buen nivel de cohesi\u00f3n territorial, y ha sido posible precisamente gracias a la solidaridad entre territorios, a que las Comunidades que m\u00e1s desarrollo industrial y econ\u00f3mico tienen han hecho un esfuerzo a favor de los que, por razones fundamentalmente hist\u00f3rica, tienen un menor nivel de desarrollo. Ese creo que tiene que seguir siendo el camino. Gracias por tu pregunta. <\/p>\n","protected":false},"excerpt":{"rendered":"<p>El diputado socialista charla con los lectores sobre la recta final de la campa\u00f1a electoral<\/p>\n","protected":false},"author":1,"featured_media":0,"comment_status":"open","ping_status":"open","sticky":false,"template":"","format":"standard","meta":{"footnotes":""},"categories":[],"tags":[],"class_list":["post-9399","post","type-post","status-publish","format-standard","hentry"],"_links":{"self":[{"href":"https:\/\/intervius.com\/index.html\/wp-json\/wp\/v2\/posts\/9399","targetHints":{"allow":["GET"]}}],"collection":[{"href":"https:\/\/intervius.com\/index.html\/wp-json\/wp\/v2\/posts"}],"about":[{"href":"https:\/\/intervius.com\/index.html\/wp-json\/wp\/v2\/types\/post"}],"author":[{"embeddable":true,"href":"https:\/\/intervius.com\/index.html\/wp-json\/wp\/v2\/users\/1"}],"replies":[{"embeddable":true,"href":"https:\/\/intervius.com\/index.html\/wp-json\/wp\/v2\/comments?post=9399"}],"version-history":[{"count":0,"href":"https:\/\/intervius.com\/index.html\/wp-json\/wp\/v2\/posts\/9399\/revisions"}],"wp:attachment":[{"href":"https:\/\/intervius.com\/index.html\/wp-json\/wp\/v2\/media?parent=9399"}],"wp:term":[{"taxonomy":"category","embeddable":true,"href":"https:\/\/intervius.com\/index.html\/wp-json\/wp\/v2\/categories?post=9399"},{"taxonomy":"post_tag","embeddable":true,"href":"https:\/\/intervius.com\/index.html\/wp-json\/wp\/v2\/tags?post=9399"}],"curies":[{"name":"wp","href":"https:\/\/api.w.org\/{rel}","templated":true}]}}