{"id":9393,"date":"2011-11-14T00:00:00","date_gmt":"2006-11-06T00:00:00","guid":{"rendered":"https:\/\/intervius.com\/index.html\/?p=9393"},"modified":"2006-11-06T00:00:00","modified_gmt":"2006-11-06T00:00:00","slug":"Jose_Samano9393","status":"publish","type":"post","link":"https:\/\/intervius.com\/index.html\/Jose_Samano9393\/","title":{"rendered":"Jos\u00e9 S\u00e1mano"},"content":{"rendered":"<p>Pregunta.- \u00bf Es Del Bosque un entrenador sobrevalorado?<\/p>\n<p>Respuesta.- Hola, buenas tardes a todos y gracias por la participaci\u00f3n. Todo lo contrario. Me parece que, a\u00fan en algunos sectores, Del Bosque es un t\u00e9cnico infravalorado. Opino que es un excelente entrenador, alguien que naturaliza el f\u00fatbol, que ya es mucho en estos tiempos de entrenadores 2.0. Tiene una sensibilidad especial para dirigir al grupo, asume y recapacita sobre las cr\u00edticas y es uno de los entrenadores m\u00e1s sensatos que he conocido. No necesita el autobombo, correr por la banda o sacar a su peor gui\u00f1ol en rueda de prensa. Y es un analista de primera.<\/p>\n<p>P.- Me aburre el Barca,me preocupo?<\/p>\n<p>R.- No, para nada. Cuesti\u00f3n de gustos. A unos les gusta la m\u00fasica cl\u00e1sica y a otros el heavy metal. Aunque no me parece incompatible, sino cuesti\u00f3n de momentos, de estado de \u00e1nimo. Yo disfruto con este Bar\u00e7a y con muchos, pero muchos, partidos de este Madrid, como la goc\u00e9 con el Brasil del 70, la Holanda del 74, el Milan de Sacchi, el Madrid de la Quinta y algo de los gal\u00e1cticos, el primer Atl\u00e9tico de Luis, el Dream Team, etc&#8230;<\/p>\n<p>P.- Hola Jos\u00e9. Mantiene alguna relaci\u00f3n personal con futbolistas o con alg\u00fan entrenador? Y con otro tipo de deportistas?<\/p>\n<p>R.- Solo tengo espor\u00e1dicas relaciones y con muy pocos. Siempre he mantenido la distancias debida por mi profesi\u00f3n -no es f\u00e1cil intimar con alquien al que juzgas- y, tambi\u00e9n, por una cuesti\u00f3n vital: digamos que sus universos distan mucho de los m\u00edos. <\/p>\n<p>P.- Aunque leo habitualmente sus charlas jam\u00e1s he visto contestada esta pregunta, y seguro que se la habr\u00e1n hecho. \u00bfTiene pensado hacerse una cuenta en twitter? \u00bfQu\u00e9 opina de este medio? Muchas gracias.<\/p>\n<p>R.- Es un medio que me asusta, porque no me veo capacitado para tener cosas relevantes que decir varias veces al d\u00eda, pero me seducen y admiro profundamente a los que lo consiguen. Y le aseguro que sigo a unos cuantos que me fascinan por su ingenio y capacidad de s\u00edntesis. Me atemoriza tambi\u00e9n por el desnudo personal de algunos, por su capacidad para generar barricadas y por la tendencia a confundir lo personal de lo profesional. Me gusta la herramienta, y como todas, depende de su uso.<\/p>\n<p>P.- Buenas noches Sr. S\u00e1mano, perm\u00edtame decirle que su cr\u00f3nica del Inglaterra-Espa\u00f1a me pareci\u00f3 un tanto ben\u00e9vola con la Roja; \u00bfno cree que se est\u00e1 jugando con fuego debido a tanta indolencia?, \u00bfno piensa que, aunque a todos nos caiga fenomenal, Pepe Reina est\u00e1 ya un tanto fond\u00f3n para cubrir la porter\u00eda de la Selecci\u00f3n? Muchas gracias<\/p>\n<p>R.- La cr\u00f3nicas solo son una aproximaci\u00f3n del cronista a su verdad, que jam\u00e1s es \u00fanica, as\u00ed que usted puede tener toda la raz\u00f3n del mundo. A veces, cuando pasan las horas tras los partidos, uno, ya sin las prisas del momento de escribir, modula su reflexi\u00f3n inicial, o recapacita sobre ciertos aspectos. En este caso, dos d\u00edas despu\u00e9s sostengo que a Espa\u00f1a no le puede la indolencia, sino un exceso de ret\u00f3rica que a veces hace pensar que sus jugadores se creen ganadores solo por tener el bal\u00f3n. Ese es el medio para un fin, solo eso. Del Bosque est\u00e1 probando con el sistema del Bar\u00e7a, en el que este a\u00f1o, en ocasiones, se suma un centrocampista m\u00e1s en detrimento de un extremo. Pero falta Messi, que acelera y pica con cada pelota que le llega, y Pedro\/Cuenca ensanchan el campo para dejar calle a los volantes y centrocampistas como Cesc se convierten en arietes. A Espa\u00f1a, sin Messi, todo le cuesta m\u00e1s, porque no hay quien meta otra marcha. En el primer tiempo ante Inglaterra solo hab\u00eda un jugador capaz de resolver un uno contra uno e ir de frente: Iniesta. No es cuesti\u00f3n de qui\u00e9n sea mejor o peor, pero cuando, bajo ese dibujo, aceler\u00f3 Mata y Cesc lleg\u00f3 al \u00e1rea de Hart por fin Espa\u00f1a estuvo cerca del gol. Del Bosque seguro que encontrar\u00e1 compensar unas cosas y otras. Reina me parece id\u00f3neo como tercer portero y alguien capital en la convivencia del grupo. <\/p>\n<p>P.- Buenos dias se\u00f1or, mi pregunta es la siguiente, no le parece que el Barcelona juega mas lento mas previsible, como que ya no tiene ese poder de sorpresa.<\/p>\n<p>R.- A mi me sorprende a menudo. Con Messi en el campo siempre hay una chistera. Y falta por ver el equipo id\u00f3neo que tenga Guardiola en la cabeza. Las lesiones en defensa, de Iniesta, Cesc, Alexis, Pedro&#8230; <\/p>\n<p>P.- Hola Jose, \u00bfqu\u00e9 te parece la Roma de Luis Enrique? Un amigo me cuenta que en Roma conf\u00edan en el nuevo proyecto pero que se les est\u00e1 acabando la paciencia. \u00bfTu crees que tiene futuro? Y qu\u00e9 tal lo est\u00e1n haciendo los fichajes de la Liga (Osvaldo, Bojan, Gago, Jos\u00e9 \u00c1ngel, etc.)? \u00daltima pregunta: \u00bfqu\u00e9 opinas de Francesco Totti? Muchas gracias y saludos.<\/p>\n<p>R.- No he visto todos los partidos del Roma, pero me parece desde la distancia que el modelo de Luis Enrique tiene algo de contracultural en el &#8220;calcio&#8221;, donde todo es m\u00e1s r\u00edgido, m\u00e1s pragm\u00e1tico. Como todo modelo, Luis Enrique necesita primero resultados y luego imponer poco a poco sus ideas. Con el viento a favor, toda transici\u00f3n es m\u00e1s f\u00e1cil. Respecto a Totti, le tengo por uno de esos mohicanos que produce el f\u00fatbol italiano, gente exclusiva por su fantas\u00eda en un juego demasiado tuerto. Zola, Baggio, Del Piero y Totti son los futbolistas italianos que m\u00e1s me han divertido en los \u00faltimos 25 a\u00f1os.<\/p>\n<p>P.- \u00bfEs verdad que la secci\u00f3n de Deportes suele estar menos integrada en la redacci\u00f3n de un peri\u00f3dico que otras? <\/p>\n<p>R.- En cierto modo, s\u00ed. En un peri\u00f3dico de informaci\u00f3n general es un poco una isla, por sus especificidades: los horarios, las coberturas de fin de semana, los viajes, las coberturas veraniegas de grandes eventos como Mundiales, Eurocopas y Juegos, etc&#8230; <\/p>\n<p>P.- Muchas gracias por su atenci\u00f3n. \u00bfCree que el modelo que tanto sirvi\u00f3 a Espa\u00f1a contra Escocia ha demostrado no ser v\u00e1lido para siempre? \u00bfCree que Del Bosque -tan sensato como es- habr\u00e1 tomado nota para buscar otras f\u00f3rmulas? \u00bfPasan esas f\u00f3rmulas por m\u00e1s extremos -Navas, Mata&#8230;- y m\u00e1s &#8220;nueves&#8221; &#8211; Torres, Llorente, Negredo&#8230;-? Si es as\u00ed \u00bfpor qu\u00e9 Del Bosque no prob\u00f3 antes? \u00bfSe puede prescindir de Alonso o Busquets con equipos que hacen cerrojazo, o son ellos el pilar b\u00e1sico que asegura la posesi\u00f3n?<\/p>\n<p>R.- No he hablado con Del Bosque tras el partido de Inglaterra, pero segruo que ha sacado sus conclusiones y la mayor\u00eda ser\u00e1n acertadas, porque no es un entrenador impermeable, de los que se consideran \u00fanicos. Espa\u00f1a tiene que dar con la f\u00f3rmula de conjugar el principio (el toque, como se conoce popularmente) con el fin (remates, goles). No siempre podr\u00e1 ganar un campeonato con seis victorias por la m\u00ednima en siete partidos (Sud\u00e1frica, 2010). <\/p>\n<p>P.- Se lo preguntan muy a menudo,pero si Busquets es el \u00fanico pivote en el Bar\u00e7a y Alonso en el Madrid,\u00bfpara qu\u00e9 juntarles?Vale,se gan\u00f3 as\u00ed el mundial, pero al equipo le pasaba los mismo que ahora:en muchos momentos le sobraba un jugador por detr\u00e1s de la l\u00ednea de bal\u00f3n a cambio de faltarle otro jugador m\u00e1s espec\u00edfico (Pedro,Cesc o Navas).En casi todos los partidos del mundial sustiuy\u00f3 a 1 del doble pivote cuando quer\u00eda acelerar el encuentro.\u00bfSe podr\u00e1 ver un equipo como contra Escocia,con s\u00f3lo 1?<\/p>\n<p>R.- Me consta que el seleccionador est\u00e1 muy satisfecho de la pareja Alonso-Busquets. No tengo claro que el problema pase por su convivencia, sino porque el equipo utilice mejor su repertorio cuando llega a la periferia del \u00e1rea rival. Porque tiene muchas posibilidades y lo ha demostrados sobradamente. La posesi\u00f3n no debe acomodarle. El partido de Wembley, de alguna manera, me record\u00f3 al primero del Mundial, ante Suiza: mucho abanicarse con la pelota, un accidente en \u00e1rea propia y muchas prisas al final cuando el v\u00e9rtigo puede sobre la cabeza. <\/p>\n<p>P.- \u00bfQu\u00e9 opina del actual momento de Uruguay y en particular de Luis Su\u00e1rez? Le digo, de paso, que me llam\u00f3 la atenci\u00f3n que la goleada uruguaya sobre Chile apenas mereciera de la p\u00e1gina digital de El Pa\u00eds una anotaci\u00f3n lateral en el art\u00edculo sobre la crisis del seleccionado chileno. <\/p>\n<p>R.- Uruguay me cautiv\u00f3 durante el Mundial y me sigue pareciendo una de las selecciones con m\u00e1s pujanza. Me gusta, y mucho, Luis Su\u00e1rez, calidad t\u00e9cnica al margen, tiene algo de ese ariete barrial, que por falta de cuerpo siempre se busc\u00f3 muy bien la vida en la plaza del pueblo. Es pillo y tiene una inteligencia natural cuando huele el gol. La mejor noticia para Uruguay ahora que Forl\u00e1n no es el mismo Forl\u00e1n. Respecto a la valoraci\u00f3n, por supuesto que todo es opinable, pero coincido con el que tom\u00f3 la decisi\u00f3n de que la crisis de Chile y sus turbulencias previas al partido merec\u00edan mayor titular.<\/p>\n<p>P.- Hola Jos\u00e9, a ver si esta vez hay suerte porque es la tercera semana intentandolo&#8230;Me gustaria conocer tu opinion sobre el jugador del Arsenal Arteta. Personalmente creo que si no fuera por la media tan extraoridnariamente florida que tiene Espa\u00f1a estaria jugando en la selecci\u00f3n de caj\u00f3n&#8230;Solo hay que verlo en el Arsenal. Como lo ves? Crees que puede llegar su oportunidad?<\/p>\n<p>R.- Es un jugador que ha hecho una meritoria y notable carrera en la Premier, pero no le veo con un hueco en una Espa\u00f1a con la mejor n\u00f3mina de centrocampistas del planeta. S\u00ed en una segunda l\u00ednea. <\/p>\n<p>P.- Buenas tardes Sr. S\u00e1mano: Cree Usted que la pertenencia a equipos m\u00e1s grandes (Chelsea y Bar\u00e7a) que aquellos que eran sus equipos de origen (At\u00e9tico &#038; Liverpool y Valencia respectivamente) ha mermado, en cierto modo, la capacidad goleadora de Torres y Villa ? Porque lo cierto es que brillaban m\u00e1s en equipos algo m\u00e1s modestos y ahora parecen agotados, all\u00ed donde el nivel de exigencia es &#8220;de \u00e9lite&#8221; absoluta.. Muchas gracias.<\/p>\n<p>R.- Torres paga el formato de Espa\u00f1a. Es un futbolista para correr, justamente para hacer el gol de Viena 2008 a Alemania. Al toque, sin espacios, con paredes, de espaldas o como depredador del \u00e1rea todo le cuesta mucho m\u00e1s, parece que se vulgariza. \u00c9l se enroca y lo paga con creces. El caso de Villa me parece otro. Su adaptaci\u00f3n al formato del Bar\u00e7a ha sido muy superior a la de Torres a esta Espa\u00f1a. Villa, desde el costado, a\u00fan encuentra el gol y es picante.<\/p>\n<p>P.- Hola, Jos\u00e9. Enhorabuena por tu trabajo, es un placer leer tus art\u00edculos. Creo que Sergio Ramos es buen\u00edsimo como central, pero tambi\u00e9n creo que si Puyol est\u00e1 bien, Ramos debe ser lateral derecho en la selecci\u00f3n, pues Arbeloa es demasiado defensivo y ataca bastante peor que Sergio. \u00bfC\u00f3mo lo ves? Gracias &#038; salu2.<\/p>\n<p>R.- Con Puyol y Piqu\u00e9 en plenitud, supongo que Del Bosque devolver\u00e1 a Sergio Ramos al lateral. Y estoy de acuerdo con usted, a falta de un lateral con su mismo recorrido, Sergio, excelente central, es la mejor alternativa como lateral. Arbeloa me parece complementario, conoce el oficio y es aplicado. <\/p>\n<p>P.- Qu\u00e9 dificultar\u00eda m\u00e1s sacar adelante una secci\u00f3n de deportes de cualquier medio impreso: \u00bfque se lesionen varios meses Cristiano y Messi o que se estropeen todas las rotativas de Espa\u00f1a a la vez?<\/p>\n<p>R.- No descarte lo peor, que las lesiones de CR y Messi causen tal estruendo que hagan estallar las rotativas. Caos total.<\/p>\n<p>P.- Aprovechando que no hay (pospartido de) ni Barcelona ni Madrid, me gustar\u00eda preguntarle sobre el Betis: \u00bfc\u00f3mo ha podido encadenar dos rachas tan extremas en Liga? Y, sobre todo, \u00bfd\u00f3nde cree que acabar\u00e1? Un saludo, Jos\u00e9, \u00a1y enhorabuena por estas charlas!<\/p>\n<p>R.- Si no recuero mal, la temporada pasada ya tuvo una mala racha a ra\u00edz de su gran eliminatoria copera contra el Barcelona. Es un reci\u00e9n ascendido y debe asentarse, pero le veo con capacidad para quedarse en media tabla. Me gusta la mano de Pepe Mel.<\/p>\n<p>P.- Sr. S\u00e1mano, enhorabuena por su secci\u00f3n, soy fiel seguidor. \u00bfNo cree usted que ser\u00eda mejor si las selecciones de f\u00fatbol se jugasen la clasificaci\u00f3n a las grandes competiciones en verano? Es decir, no parar las ligas, competiciones continentales, copas, etc&#8230; y adecuar el sistema para jug\u00e1rtelo todo en el mes de junio o mayo de cada a\u00f1o. El a\u00f1o ser\u00eda m\u00e1s corto y m\u00e1s suave para los futbolistas&#8230;<\/p>\n<p>R.- Que no se entere la AFE de sus intenciones. Veo imposible que se sobrecargue a\u00fan m\u00e1s el calendario. Tal y como est\u00e1 el tinglado, los veranos son para que los grandes recauden pasta con giras por todo el Globo. Para cambiar el modelo habr\u00eda que empezar por reducir las Ligas, la Champions y el formato de las fases de clasificaci\u00f3n para las finales de los grandes campeonatos. <\/p>\n<p>P.- \u00bfQu\u00e9 le pareci\u00f3 la peineta de Cristiano en Bosnia? Su an\u00f3nimo corresponsal volvi\u00f3 a ensa\u00f1arse con alguien que, con ese gesto, demostr\u00f3 ser un ser humano normal. En cambio no recuerdo ning\u00fan comentario respecto a los env\u00edos de bal\u00f3n a la grada por parte de Messi, ni sobre los insultos racistas de Luis Aragon\u00e9s, Busquets o Cesc. \u00bfComprende por qu\u00e9 hablamos de la falta de profesionalidad de una buena parte de la plantilla de deportes de El Pa\u00eds?<\/p>\n<p>R.- Fue CR quien hizo la peineta, no ning\u00fan corresponsal. Y le aseguro que hubo piezas sobre todos los casos que usted cita y no digamos respecto a lo de Luis con Reyes. Otra cosa es que, como en el asunto de Cesc, se haya podido demostrar que hubiera insulto racista. Tambi\u00e9n nos hicimos eco del corte de mangas de Vald\u00e9s tras un gol de Messi creo recordar que al Racing en el Camp Nou. <\/p>\n<p>P.- Buenas tardes. La semana pasada mor\u00eda el exboxeador Joe Frazier por un c\u00e1ncer de h\u00edgado, haci\u00e9ndose eco tanto su secci\u00f3n web como el diario al d\u00eda siguiente en obituarios. El Pa\u00eds no informa de este deporte salvo &#8220;accidentes sufridos por los p\u00fagiles o informaciones que reflejen el s\u00f3rdido mundo que le rodea&#8221;.Quisiera que me aclarara el criterio de su peri\u00f3dico para informar de boxeo, o si la muerte de una leyenda del deporte lo considera dentro de la definici\u00f3n de &#8220;accidente&#8221;.Saludos.<\/p>\n<p>R.- Soy un buen aficionado al boxeo, siempre lo he sido, pero los &#8220;padres&#8221; fundacionales de EL PA\u00cdS decidieron desde el inicio que no se &#8220;fomentar\u00eda&#8221; este deporte. La muerte de Frazier cre\u00f3 un debate interno entre algunos, yo mismo entre ellos, y me pareci\u00f3 que la necrol\u00f3gica era esencial porque no fomentaba nada y se trataba de un personaje de extraordinaria relevancia. Otra cosa es que no fuera oportuno, a tenor de la regla del libro de estilo, la difusi\u00f3n del v\u00eddeo de su combate con Ali en Manila. Por eso se retir\u00f3 de acuerdo con los responsables de la edici\u00f3n digital. \u00bfSer\u00eda concebible que muriera un personaje como Ali y alg\u00fan peri\u00f3dico del mundo no informara al respecto? Otra cosa es el seguimiento puntual del boxeo.<\/p>\n","protected":false},"excerpt":{"rendered":"<p>El redactor Jefe de Deportes ha charlado con los lectores de EL PA\u00cdS.<\/p>\n","protected":false},"author":1,"featured_media":0,"comment_status":"open","ping_status":"open","sticky":false,"template":"","format":"standard","meta":{"footnotes":""},"categories":[],"tags":[],"class_list":["post-9393","post","type-post","status-publish","format-standard","hentry"],"_links":{"self":[{"href":"https:\/\/intervius.com\/index.html\/wp-json\/wp\/v2\/posts\/9393","targetHints":{"allow":["GET"]}}],"collection":[{"href":"https:\/\/intervius.com\/index.html\/wp-json\/wp\/v2\/posts"}],"about":[{"href":"https:\/\/intervius.com\/index.html\/wp-json\/wp\/v2\/types\/post"}],"author":[{"embeddable":true,"href":"https:\/\/intervius.com\/index.html\/wp-json\/wp\/v2\/users\/1"}],"replies":[{"embeddable":true,"href":"https:\/\/intervius.com\/index.html\/wp-json\/wp\/v2\/comments?post=9393"}],"version-history":[{"count":0,"href":"https:\/\/intervius.com\/index.html\/wp-json\/wp\/v2\/posts\/9393\/revisions"}],"wp:attachment":[{"href":"https:\/\/intervius.com\/index.html\/wp-json\/wp\/v2\/media?parent=9393"}],"wp:term":[{"taxonomy":"category","embeddable":true,"href":"https:\/\/intervius.com\/index.html\/wp-json\/wp\/v2\/categories?post=9393"},{"taxonomy":"post_tag","embeddable":true,"href":"https:\/\/intervius.com\/index.html\/wp-json\/wp\/v2\/tags?post=9393"}],"curies":[{"name":"wp","href":"https:\/\/api.w.org\/{rel}","templated":true}]}}