{"id":9387,"date":"2011-11-16T00:00:00","date_gmt":"2006-11-06T00:00:00","guid":{"rendered":"https:\/\/intervius.com\/index.html\/?p=9387"},"modified":"2006-11-06T00:00:00","modified_gmt":"2006-11-06T00:00:00","slug":"Leopoldo_Barreda9387","status":"publish","type":"post","link":"https:\/\/intervius.com\/index.html\/Leopoldo_Barreda9387\/","title":{"rendered":"Leopoldo Barreda"},"content":{"rendered":"<p>Pregunta.- Hola Leopoldo. Soy un ciudadano vasco que tiene una gran preocupaci\u00f3n en cuanto a la gesti\u00f3n que se est\u00e1 llevando a cabo con el tema del tren de alta velocidad. Sabiendo que una gran parte de la ciudadania vasca est\u00e1 en contra de este proyecto \u00bfpor qu\u00e9 el PP no opto por realizar un referendum, para saber lo que la sociedad vasca opinaba sobre este proyecto? \u00bfpor qu\u00e9 a sido un tema tab\u00fa? \u00bfqu\u00e9 intereses hab\u00eda detr\u00e1s de todo esto?<\/p>\n<p>Respuesta.- El trazado del TAV en Euskadi fue largamente debatido, cuenta con un amplio consenso y se tomaron todas las medidas de correccci\u00f3n en relacion con su impacto ambiental, descartando numerosos trazados inasumibles. La oposici\u00f3n es minoritaria en lo pol\u00edtico y social. Y estamos ante una inversi\u00f3n fundamental para nuestro futuro, la mayor de nuestra historia.<\/p>\n<p>P.- Se\u00f1or Barreda, buenas tardes. Se lo dije el ayer al se\u00f1or Erkoreka que tuvo la amabilidad de responderme a una pregunta en este mismo foro y se lo digo igualmente a usted: felicidades por el fin de ETA, que es un \u00e9xito de todos los democr\u00e1tas. En Euskadi ha sido posible un pacto PP-PSOE para acabar con tema \u00bfPor qu\u00e9 no es posible igualmente a nivel estatal un pacto PP-PSOE para abordar la crisis econ\u00f3mica? Saludos<\/p>\n<p>R.- Nuestra voluntad es sumar con todos, si contamos con la confianza de los ciudadanos el pr\u00f3xmo d\u00eda 20. Pactos ha habido, el \u00faltimo para la reforma constitucional. No hemos podido respaldar decisiones desacertadas, que nos han conducido a la situaci\u00f3n presente de 5 millones de parados.<\/p>\n<p>P.- Hola Leopoldo, le conozco en la pol\u00edtica desde que era una ni\u00f1a. Me gustar\u00eda saber si\u00bf considera que la pol\u00edtica es una carrera personal o un servicio a la sociedad?. Saludos<\/p>\n<p>R.- Hola, Nerea. Ya son tres d\u00e9cadas de dedicaci\u00f3n a la pol\u00edtica. Es evidente que la vocaci\u00f3n es de servicio p\u00fablico, contribuir a dar soluci\u00f3n a los problemas de la sociedad. Los ciudadanos tienen ocasi\u00f3n en las urnas y a trav\u00e9s de la opini\u00f3n p\u00fablica de valorar ese trabajo. Carrera personal, como tal, no debe ser. Creo en la formaci\u00f3n, en la experiencia, en el trabajo en equipo; y todo eso va m\u00e1s all\u00e1 de lo estrictamente personal.<\/p>\n<p>P.- No voto PP, pero tiene vd. y los suyos todo mi admiracion y respeto por el valor que demuestran y han ejercido todos estos a\u00f1os. Saludos y suerte<\/p>\n<p>R.- Muchas gracias. Lo importante es el \u00e9xito colectivo de los dem\u00f3cratas y que, ahora que &#8220;nos han dejado en paz&#8221; podamos alcanzar un futuro de democracia en libertad. Seguimos trabajando para lograr la disoluci\u00f3n definitiva e incondicional de ETA.<\/p>\n<p>P.- Aprueba el proceder de Pedro Sanz al dejar sin asistencia medica a la Rioja Alavesa?<\/p>\n<p>R.- Evidentemente, no creo que los desencuentros entre administraciones deben tener por paganos a los ciudadanos. Me da igual el color de las admnistraciones implicadas. Conf\u00edo que esto se resuelva en breve, al menos estamos trabajando para ello.<\/p>\n<p>P.- Hola, \u00bfse sigue llevando escolta en Euskadi? saludos<\/p>\n<p>R.- S\u00ed, por ahora parece prematuro tomar decisiones de seguridad solo con los anuncios de un grupo terrorista. En cualquier caso, son los responsables de los cuerpos de seguridad los que toman las decisiones y a ello nos atendremos todos, como hicimos cuando se nos asignaron las escoltas.<\/p>\n<p>P.- Hola Leopoldo,me gustar\u00eda saber si usted se opon\u00e9 a que sea la sociedad vasca la que decida, libre y democratiamente, su futuro constitucional, ya sea dentro de Espa\u00f1a o fuera de ella. Un saludo<\/p>\n<p>R.- Los vascos tomamos decisiones en las materias y \u00e1mbitos de decisi\u00f3n que constitucionalmente nos corresponde. Y las tomamos junto con el resto de los espa\u00f1oles cuando procede, como el pr\u00f3ximo d\u00eda 20. Defiendo la Constituci\u00f3n y el Estatuto, que son las reglas de convivencia y de articulaci\u00f3n pol\u00edtica de nuestra sociedad que los vascos hemos respaldado en las urnas. Las pretensiones del nacionalismo nunca han obtenido ese aval, ni se pueden invocar a la luz del derecho internacional. Existe una monograf\u00eda muy ilustrativa sobre el tema, un n\u00famero monogr\u00e1fico de la revista del IVAP, creo que de la \u00e9poca en que lo dirig\u00eda el Sr. Erkoreka -no tengo la seguridad-.<\/p>\n<p>P.- \u00bfHar\u00e1n despu\u00e9s de las elecciones, un frente com\u00fan con PSE, tal como lo han hecho hasta ahora en el Gobierno Vasco, con todo lo que sea euskald\u00fan o abertzale?<\/p>\n<p>R.- Ni lo hemos hecho, ni lo haremos. Euskald\u00fan y abertzale no son conceptos a confundir. Mi abuelo era euskald\u00fan y mis hijos, algunos al menos, van camino de serlo. Como lo son muchos miles de votantes del PP. Y en cuanto al concepto de abertzale, tan solo defendemos un modo diferente de ver el pa\u00eds y de concebir su futuro. Lo propio de la democracia es el pluralismo y, por tanto, solo aspiramos a defender nuestra visi\u00f3n en democracia y libertad, puesto que nos corresponde la misma legitimidad, al menos, que a cualquier otro proyecto&#8230;democr\u00e1tico.<\/p>\n<p>P.- \u00bf Va a ser al fin en esta legislatura en la que se despolitice la justicia?<\/p>\n<p>R.- Esa es nuestra voluntad en lo que se refiere a \u00f3rganos como el Consejo General del Poder Judicial y el Tribunal Constitucional. Para ello hacen falta consensos y mayor\u00edas amplias, que permitan modificar, por ejemplo, los sisitemas de elecci\u00f3n. El actual sistema de elecci\u00f3n responde a una interpretaci\u00f3n notablemente forzada de la Constituci\u00f3n.<\/p>\n<p>P.- \u00bfCree que la irrupci\u00f3n de Amaiur puede llevar a una radicalizaci\u00f3n del PNV?<\/p>\n<p>R.- Creo que el PNV se equivoca en su radicalidad para competir con quienes son el &#8220;original&#8221; en materia de radicalidad. El Plan Urkullu es una mala copia del Plan de Ibarretxe, plantera m\u00e1s tensi\u00f3n, divisi\u00f3n y enfrentamiento entre vascos. Y tambi\u00e9n entre nosotros lo que importa a la gente es el empleo, salir adelante, reactivar la econom\u00eda. Tam\u00b4bi\u00e9n quienes votan PNV quieren ver a su partido tirando del carro, sumando con todos, y no dedicado a asuntos que nada tienen que ver con los problemas de los ciudadanos.<\/p>\n<p>P.- \u00bf En qu\u00e9 cambiar\u00e1 la pol\u00edtica exterior de Espa\u00f1a si ganan ustedes?<\/p>\n<p>R.- Hemos hablado de dos aspectos fundamentales. La defensa del prestigio y de la posici\u00f3n de Europa en el mundo. Y, en particular, de un servicio diplom\u00e1tico volcado en la econom\u00eda, en abrir puertas, en facilitar contactos a las empresas espa\u00f1olas; es decir, lo que ya hacen la diplomacia francesa o las de otros pa\u00edses.<\/p>\n<p>P.- Sr Leopoldo, no soy ciudadano vasco, pero tengo interes en saber, por que hay cierta parte de ciudadanos vascos que no quieren el Tav, no llego a comprenderlo porque alli donde llega les cambia la vida. gracias<\/p>\n<p>R.- Son minor\u00eda quienes se oponen. Tampoco todos los cambios son positivos y tiene sus impactos. Aqu\u00ed se hizo un importante esfuerzo de consenso y de correcci\u00f3n de los impactos ambientales que pudiera producir. En todo caso, abre oportunidades, mejora las comunicaciones, acerca poblaciones y supone la myor inversi\u00f3n de nuestra historia. Por cierto, pagada por el gobierno de la Naci\u00f3n.<\/p>\n<p>P.- Hola Leopoldo, le propongo una pregunta \u00bfcu\u00e1l ser\u00eda su argumento para un humilde espa\u00f1ol de renta baja, de cara a hacerle conectar con los valores y con las personajes de la derecha espa\u00f1ola y conseguir su voto? \u00bfpodr\u00eda responder sin mencionar al PSOE? gracias<\/p>\n<p>R.- Creo que parte de un cierto prejuicio. Hay millones de espa\u00f1oles de renta baja que votan PP hace muchos a\u00f1os. Cada uno por las razones que entienda oportuno. No se muy bien quienes son los &#8220;personajes&#8221; de la derecha espa\u00f1ola. Pero los valores que defiende el PP, claramente reflejados en nuestros estatutos y programas, son fundamentalmente valores constitucionales. La mayor\u00eda compartidos mucho m\u00e1s all\u00e1 de nuestra base electoral. No hay divisiones de voto en Espa\u00f1a por capas de renta, ni tampoco en funci\u00f3n de la geograf\u00eda. Me gustar\u00eda que todos emiti\u00e9ramos nuestro en la confianza de que quien lo recibe es m\u00e1s capaz de solucionar aquello que nos preocupa que otros opciones. Creo que es as\u00ed, y no en base a prejuicios, como la mayor\u00eda emite su voto en democracia.<\/p>\n<p>P.- Hola Leopoldo, \u00bfQu\u00e9 opini\u00f3n te merece el matrimonio homosexual? \u00bf Lo prohibire\u00eds?<\/p>\n<p>R.- Ni prohibiremos las uniones homosexuales ni hemos cuestionado su existencia. Hay uniones matrimoniales, uniones homosexuales, uniones de hecho&#8230; El debate, que resolver\u00e1 el TC, es puramente nominal, no afecta a las consecuencias jur\u00eddicas.<\/p>\n<p>P.- \u00bfCu\u00e1l es la postura del PP sobre los para\u00edsos fiscales? Tengo entendido que en Europa el PP europeo vot\u00f3 en contra de su desaparici\u00f3n.<\/p>\n<p>R.- Se est\u00e1 haciendo un gran esfuerzo desde Europa para lograr una mayor transparencia de los llamados para\u00edsos fiscales. El objetivo es evitar que sirvan de refugio a quienes actuan al margen de la legalidad. Por supuesto, las propuestas han sido diversas y los modos de proceder para lograr ese objetivo tambi\u00e9n. Pero la finalidad es la misma.<\/p>\n<p>P.- Una pregunta no concreta ni conceptual. Realmente la filosof\u00eda de un partido, sea cual fuere \u00e9ste, cambiar\u00e1 en algo la situaci\u00f3n de Espa\u00f1a para mejor antes de que nuestros nietos vayan a la universidad o lo que quede de la sociedad que les dejemos?<\/p>\n<p>R.- Creo que es necesario superar las tentaciones de resignaci\u00f3n y desesperanza. Lo mismo se dec\u00eda en 1996 y la sociedad espa\u00f1ola supo salir ademante. El cambio de liderazgo y de pol\u00edticas es imprescindible, pero no suficiente, para salir de esta situaci\u00f3n. El fracaso del PSOE -con el apoyo imprescindible del PNV- frente a la crisis no es el fracaso de toda la sociedad espa\u00f1ola. Congelar pensiones, aprobar presupuestos disparatados o subir el IVA -juntos socialistas y nacionalistas- se ha demostrado ineficaz. Por tanto, cambio de liderazgo y de pol\u00edticas, con la atenci\u00f3n centrada en la reactivaci\u00f3n econ\u00f3mica y el empleo. No es filosof\u00eda, es un programa de actuaci\u00f3n a partir de reconocer la realidad, decir la verdad a los ciudadanos y apoyar a los emprendedores -aut\u00f3nomos, comerciantes, pymes-, que crean en Espa\u00f1a 4 de cada 5 empleos.<\/p>\n<p>P.- Si todos buscamos una sociedad vasca en la que sus ciudadanos y ciudadanas sepan al menos las dos lenguas oficiales de Euskadi, \u00bfpor qu\u00e9 ese empe\u00f1o en mantener el modelo A, que no sirve para aprender nuestras dos lenguas?<\/p>\n<p>R.- La educaci\u00f3n es mucho m\u00e1s que euskaldunizaci\u00f3n. Los mismos que defend\u00edan la educaci\u00f3n en euskera porque era la lengua materna de los ni\u00f1os hace 25 a\u00f1os, ahora tratan de imponer la educaci\u00f3n en euskera para todos sin respetar la libertad de elecci\u00f3n de las familias ni tomar en cuenta la lengua materna de los ni\u00f1os. El absurdo, que ya denunciamos cuando se aprob\u00f3 la ley, es juzgar los modelos educativos por el nivel de euskera, y no por otros conceptos. O fijar un nivel de exigencia de euskera igual para alumnos de todos los modelos. Creemos en la libertad de elecci\u00f3n y tambi\u00e9n en la igualdad. Ha existido discriminaci\u00f3n econ\u00f3mica entre modelos y, por supuesto, decisiones inducidas de muchos centros, cuando no simples enga\u00f1os a las familias.<\/p>\n<p>P.- \u00bf Van a reformar la ley del menor para que no queden pr\u00e1cticamente impunes menores con delitos muy graves ? <\/p>\n<p>R.- Es un compromiso que hemos adquirido p\u00fablicamente hace tiempo.<\/p>\n<p>P.- \u00bf Por qu\u00e9 no se llega a un gran pacto para la Educaci\u00f3n con el PSOE que erradique la tendencia vigente de bajar el list\u00f3n del conocimiento para que todo el mundo consiga el aprobado ? <\/p>\n<p>R.- Tenga la seguridad de que ese es nuestro prop\u00f3sito. Mariano Rajoy da una gran importancia a la educaci\u00f3n, como deja claro en el libro que recientemente ha publicado, en el que dedica varios cap\u00edtulos a este tema.<\/p>\n<p>P.- \u00bfva el PP a bajar el IVA?<\/p>\n<p>R.- Creeomos que lo primero es bajar los impuestos, de forma selectiva, a los emprendedores. Y, posteirormente, en todo aquello que se entienda eficaz para la reactivaci\u00f3n de la actividad econ\u00f3mica.<\/p>\n<p>P.- \u00bfUn mal resultado del PSE y un voto al alza de los nacionalistas puede aumentar la presi\u00f3n sobre Patxi L\u00f3pez para unas elecciones anticipadas en Euskadi?<\/p>\n<p>R.- La legitimidad del Gobierno Vasco no est\u00e1 en entredicho. La decisi\u00f3n de adelanto o no corresponde a P. L\u00f3pez. Pero nosotros no entendemos procedente esa convocatoria.<\/p>\n<p>P.- Ya que han basado toda la campa\u00f1a achacando como \u00fanico culpable del paro al gobierno \u00bfC\u00f3mo piensan bajar el paro? \u00bfCual es esa f\u00f3rmula milagrosa que esconden bajo la manga?<\/p>\n<p>R.- Destruimos cuatro de cada cinco empleos que se pierden en Europa. Es un fen\u00f3meno espa\u00f1ol, la caracter\u00edstica de la crisis en Espa\u00f1a. Es obvio que alguna responsabilidad tiene quien no ha logrado atajar esta situaci\u00f3n, reforma laboral incluida. No hay f\u00f3rmulas milagrosas. Solo lo que han hecho otros: Confianza, apoyo a los emprendedores, reformas para favorecer la competitividad, reformas laborales, financieras o fiscales con esa misma finalidad, etc&#8230; Todo lo que hemos hecho tarde, y casi siempre mal, con el PSOE en el poder en Espa\u00f1a&#8230;Y con el apoyo imprescindible del PNV.<\/p>\n<p>P.- \u00bfte gustar\u00eda que ETB pusiese en marcha las 3 desconexiones provinciales vascas en euskera y castellano?<\/p>\n<p>R.- Creo que todas las decisiones de futuro de ETB deben tomarse conforme a un plan que, en primer lugar, aborde una sitiaci\u00f3n insostenible: Perdemos m\u00e1s de 300.000 euros diarios en EITB.<\/p>\n<p>P.- \u00bfPor qu\u00e9 usted fue tan pol\u00e9mico por sus declaraciones sobre Mar\u00eda San Gil? \u00bfDesde hace cu\u00e1ndo que no habla con ella?<\/p>\n<p>R.- Siempre le he deseado lo mejor a Mar\u00eda San Gil. Y hay situaciones que uno desear\u00eda no haber vivido nunca.<\/p>\n","protected":false},"excerpt":{"rendered":"<p>Bilba\u00edno de 51 a\u00f1os, Lepoldo Barreda es parlamentario vasco por Bizkaia desde 1990. Tambi\u00e9n es portavoz del Grupo Popular desde 1995 y vocal electo del Comit\u00e9 Ejecutivo Nacional del PP.<\/p>\n","protected":false},"author":1,"featured_media":0,"comment_status":"open","ping_status":"open","sticky":false,"template":"","format":"standard","meta":{"footnotes":""},"categories":[],"tags":[],"class_list":["post-9387","post","type-post","status-publish","format-standard","hentry"],"_links":{"self":[{"href":"https:\/\/intervius.com\/index.html\/wp-json\/wp\/v2\/posts\/9387","targetHints":{"allow":["GET"]}}],"collection":[{"href":"https:\/\/intervius.com\/index.html\/wp-json\/wp\/v2\/posts"}],"about":[{"href":"https:\/\/intervius.com\/index.html\/wp-json\/wp\/v2\/types\/post"}],"author":[{"embeddable":true,"href":"https:\/\/intervius.com\/index.html\/wp-json\/wp\/v2\/users\/1"}],"replies":[{"embeddable":true,"href":"https:\/\/intervius.com\/index.html\/wp-json\/wp\/v2\/comments?post=9387"}],"version-history":[{"count":0,"href":"https:\/\/intervius.com\/index.html\/wp-json\/wp\/v2\/posts\/9387\/revisions"}],"wp:attachment":[{"href":"https:\/\/intervius.com\/index.html\/wp-json\/wp\/v2\/media?parent=9387"}],"wp:term":[{"taxonomy":"category","embeddable":true,"href":"https:\/\/intervius.com\/index.html\/wp-json\/wp\/v2\/categories?post=9387"},{"taxonomy":"post_tag","embeddable":true,"href":"https:\/\/intervius.com\/index.html\/wp-json\/wp\/v2\/tags?post=9387"}],"curies":[{"name":"wp","href":"https:\/\/api.w.org\/{rel}","templated":true}]}}