{"id":9377,"date":"2011-11-14T00:00:00","date_gmt":"2006-11-06T00:00:00","guid":{"rendered":"https:\/\/intervius.com\/index.html\/?p=9377"},"modified":"2006-11-06T00:00:00","modified_gmt":"2006-11-06T00:00:00","slug":"Juan_Mora9377","status":"publish","type":"post","link":"https:\/\/intervius.com\/index.html\/Juan_Mora9377\/","title":{"rendered":"Juan Mora"},"content":{"rendered":"<p>Pregunta.- Buenos d\u00edas Juan. Quiero preguntarte como ves a F. Alonso de cara a los pr\u00f3ximos a\u00f1os ya q , en mi opi\u00f3n, ha perdido un poco de estrella. Am\u00e9n de la mala suerte q, de manera historica, se ceba con un gran n\u00famero de pilotos espa\u00f1oles en los deportes de 4 ruedas. Un abrazo fiera.<\/p>\n<p>Respuesta.- M\u00e1s que perder estrella, lo que creo que ha pasado es que de la relaci\u00f3n Ferrari-Alonso esper\u00e1bamos m\u00e1s, como cuando la \u00e9poca de Schumacher, y eso nos ha dejado algo fr\u00edos. Ya sabes, quien no gana no sale en la foto. Esto es as\u00ed. Pero a\u00fan hay tiempo por delante y entre las condiciones de Alonso est\u00e1 la ambici\u00f3n. \u00c9l no se va a rendir. Respecto a la mala suerte de nuestros pilotos, no creo en ella. Lo que sucede es que de los nuestros sabemos todo, y de sus rivales, s\u00f3lo algo. Al final, todos acaban atropellando gacelas, sufriendo accidentes por una tuerca mal apretada o que se la hayan olvidado echar gasolina, que eso ha llegado a pasar y no precisamente a Alonso.<\/p>\n<p>P.- Hola Juan. \u00bfCrees que al margen de Alberto Contador existe alg\u00fan otro lider definido dentro del mundo del ciclismo? Creo que los Scheleck no estan preparados y Evans ya est\u00e1 acabando su carrera. Gracias.<\/p>\n<p>R.- Ninguno, por una sencilla raz\u00f3n. Nadie ha ganado tanto como Contador. \u00c9l, adem\u00e1s, de llevar m\u00e1s grandes que nadie entre los ciclistas en activo, ha ganado las tres grandes. Evans, efectivamente, ya no puede dar mucho de s\u00ed, y los Schleck parecen un poco blanditos.<\/p>\n<p>P.- Hola Juan \u00bfCrees que la pr\u00f3xima final de Copa Davis va a ser tan exigente como la que jugo Espa\u00f1a en Argentina? Saludos<\/p>\n<p>R.- Por supuesto. El deportista argentino es competitivo al m\u00e1ximo cuando la bandera de su pa\u00eds est\u00e1 en juego. Argentina lo ha ganado pr\u00e1cticamente todo. Ha sido campeona del mundo de f\u00fatbol, de baloncesto, hasta de hockey sobre patines, e incluso en rugby est\u00e1 al m\u00e1ximo nivel y lleg\u00f3 a ser tercera en una Copa del Mundo. O sea que \u00a1cuidado!<\/p>\n<p>P.- Menuda primera parte del Madrid ayer en M\u00e1laga! \u00bfEst\u00e1n preparados los de Laso para plantar cara y derrotar al Bar\u00e7a?<\/p>\n<p>R.- Esa es la prueba que le falta. De momento en los grandes compromisos en Europa ha dado la cara, pero ha acabado perdiendo fuera de casa. La plantilla es muy buena, y hay que confiar por tanto en que hay equipo para enfrentarse a cualquiera. Desde luego hay jugadores capaces por s\u00ed solos de derrotar al Bar\u00e7a y a cualquiera, pero si luego les quitan&#8230;<\/p>\n<p>P.- \u00bfC\u00f3mo pueden suceder cosas como la del accidente de Loeb en Gales?<\/p>\n<p>R.- Porque, como dec\u00eda antes a Lordbaros, aqui llueve para todos. Loeb fue v\u00edctima, no culpable, y cualquiera se puede encontrar a unos de frente. La responsabilidad ser\u00e1 de quienes conduc\u00edan por el carril contrario y sin tener previsto que pod\u00edan pasar los coches del rally, porque el tramo era de enlace. <\/p>\n<p>P.- crees que el pilotes posada de vigo podria conseguir plaza europea en asobal ?<\/p>\n<p>R.- Est\u00e1 en una magn\u00edfica situaci\u00f3n para conseguirlo, y todo el balonmano lo celebrar\u00eda, porque es un cl\u00e1sico y con toda su modestia compite con toda dignidad frente a presupuestos mucho mayores.<\/p>\n<p>P.- Ayer me llev\u00e9 una gran alegr\u00eda al ver que Federer vuelve a ganar. \u00bfNo crees que muchos le hab\u00edan enterrado antes de tiempo? \u00bfLe ves volviendo al n\u00famero uno?<\/p>\n<p>R.- Todo el mundo del tenis creo que se alegr\u00f3, pero una cosa es eso y otra creer que volver\u00e1 a su anterior nivel. Federer sigue siendo buen\u00edsimo, nadie le ha enterrado, sino simplemente se ha dicho que ha comenzado su declive. Un declive que es lento, que le permite ganar torneos, pero de ah\u00ed a volver a ganar en Grand Slam&#8230; Ah\u00ed la exigencia es superlativa y Federer ya no tiene ese juego compacto que se necesita en los Grandes.<\/p>\n<p>P.- Buenos d\u00edas Juan. La Vuelta ha retrasado su presentaci\u00f3n a finales de Enero. \u00bfEs este retraso un s\u00edntoma de que est\u00e1n teniendo dificultades a la hora de cerrar el recorrido de la edici\u00f3n 2012? La falta de noticias\/rumores sobre el recorrido es otro s\u00edntoma que apunta a dificultades a la hora de cerrar el recorrido.<\/p>\n<p>R.- La pasada edici\u00f3n tambi\u00e9n se retras\u00f3 a enero, y no creo que a estas alturas falten muchos detalles en el recorrido. La Vuelta se programa con much\u00edsima antelaci\u00f3n, y los retrasos se deben m\u00e1s bien a problemas de agenda de los pol\u00edticos para presentarla, y siendo las elecciones ahora, pues la verdad, creo que es muy dif\u00edcil cerrar cualquier fecha con ellos a corto plazo.<\/p>\n<p>P.- Menudo esc\u00e1ndalo lo de Pacquiao. \u00bfNo crees que este tipo de victorias, tan pol\u00e9micas, perjudican m\u00e1s que ayudan al boxeo?<\/p>\n<p>R.- La pol\u00e9mica es consustancial al boxeo. Ha sido as\u00ed, es y ser\u00e1 siempre. Cuando no hay un dominio evidente, las decisiones son discutidas, incluso interesadas. No creo que nadie se rasgue las vestiduras por ello. En el boxeo, cuanto m\u00e1s se hable de \u00e9l, aunque sea para mal, mejor. As\u00ed seguir\u00e1 vivo. No es lo ideal, pero es as\u00ed.<\/p>\n<p>P.- \u00bfCrees que los jugadores de la NBA acabar\u00e1n hoy con el lock Out? \u00bfEn qu\u00e9 punto se encuentran?<\/p>\n<p>R.- Despu\u00e9s de tantos meses de negociaci\u00f3n, el final tiene que estar necesariamente cerca. Ambas partes siguen reuni\u00e9ndose, lo cual es prueba de que desean un acuerdo, y hay una pista: han dicho a los jugadores que tengan las maletas preparadas.<\/p>\n<p>P.- Buenos d\u00edas Juan, \u00bfLograr\u00e1 Alonso el subcampeonato? \u00bfCrees que McLaren dejar\u00e1 a Button que finalice por delante de Hamilton para imped\u00edrle al asturiano acabar segundo en el Mundial?<\/p>\n<p>R.- Alonso tiene que remontar 20 puntos a Button y s\u00f3lo queda una carrera. La empresa es dificil\u00edsima. Esto s\u00f3lo se ha podido ver en una carrera, cuando Alonso gan\u00f3 en Inglaterra y Button abandon\u00f3. Button no ha bajado esta temporada del sexto puesto, que supone 8 puntos, por lo cual a Alonso no le valdr\u00eda ni la victoria para alcanzarle.<\/p>\n<p>P.- Hola Juan. \u00bfQu\u00e9 opini\u00f3n tienes de Desesper-Ante Tomic? I\u00f1ako opina que es de los mejores pivots de Europa pero a m\u00ed me saca de mis casillas cada vez que un t\u00edo de metro ochenta le machaca en las narices. Un saludo.<\/p>\n<p>R.- Tomic no est\u00e1 teniendo un buen comienzo de temporada. La competencia que ha encontrado en su propio equipo parece que no le ha ido bien. Esto puede ser un problema. Se le empieza a ver blandito y ya no es ning\u00fan ni\u00f1o.<\/p>\n<p>P.- Bunos dias Juan. \u00bfcomo se distribuir\u00e1 la alta monta\u00f1a en la pr\u00f3xima edici\u00f3n de la vuelta ciclista a espa\u00f1a? \u00bfveremos alg\u00fan nuevo final tipo muro parecido a Valdepe\u00f1as de Ja\u00e9n o El Escorial?<\/p>\n<p>R.- De verdad que lo ignoro. S\u00f3lo me consta la subida a la Bola del Mundo. Sobre los finales en cuesta, imagino que se mantendr\u00e1n. No dejan de ser un \u00e9xito y una peculiaridad de la carrera.<\/p>\n<p>P.- Buenas. Cree que la superioridad mostrada por Vetel en 2011 es superior al 2004 de Michael Schumacher?? mejor o pero? gracias<\/p>\n<p>R.- Pues sin entrar en los detalles, m\u00e1s o menos parecida. Y no s\u00f3lo en 2004, que en los \u00faltimos buenos a\u00f1os de Schumacher su superioridad tambi\u00e9n fue aplastante.<\/p>\n<p>P.- Hola Juan. \u00bfCrees que Rafa Nadal ha perdido su duelo mano a mano por as\u00ed decirlo con Djokovic? Ya que haace unos cuantos campeonatos cuando se enfrentan mano a mano no consigue derrotarlo<\/p>\n<p>R.- En absoluto. La explosi\u00f3n de Djokovic en la primera parte de la temporada no tiene precedentes, lo cual nos obliga a analizar su trayectoria a m\u00e1s largo plazo. Ya vemos lo que le est\u00e1 sucediendo \u00faltimamente&#8230; Creo que todav\u00eda hay partido en los enfrentamientos Nadal-Djokovic.<\/p>\n<p>P.- \u00bfPor qu\u00e9 al parecer las ruedas de Vettel ten\u00edan poca presi\u00f3n?<\/p>\n<p>R.- Lo de la poca presi\u00f3n es una hip\u00f3tesis. La realidad es el pinchazo y Red Bull tendr\u00e1 que decir las causas. Si quiere.<\/p>\n<p>P.- Hola Juan. Adem\u00e1s de la visita a los Pirineos con el anunciado estreno del Coll de la Gallina (Andorra), \u00bftiene conocimiento de d\u00f3nde podremos ver el resto de la monta\u00f1a de la edici\u00f3n 2012 de La Vuelta? Algunos rumores apuntan a Andalucia, otros a Ancares y los menos aluden a la tradicional visita a Asturias. <\/p>\n<p>R.- A Miguel le he dado la plena confirmaci\u00f3n que tengo de que la Bola se sube. Sobre las dem\u00e1s monta\u00f1as s\u00f3lo he escuchado rumores, y \u00e9stos apuntan m\u00e1s a Asturias que a los Pirineos.<\/p>\n","protected":false},"excerpt":{"rendered":"<p>Porque el deporte va m\u00e1s all\u00e1 del f\u00fatbol, Juan Mora, subdirector del diario AS, ha charlado con los internautas sobre las diversas disciplinas deportivas al margen del f\u00fatbol:atletismo, baloncesto, motor, tenis&#8230;<\/p>\n","protected":false},"author":1,"featured_media":0,"comment_status":"open","ping_status":"open","sticky":false,"template":"","format":"standard","meta":{"footnotes":""},"categories":[],"tags":[],"class_list":["post-9377","post","type-post","status-publish","format-standard","hentry"],"_links":{"self":[{"href":"https:\/\/intervius.com\/index.html\/wp-json\/wp\/v2\/posts\/9377","targetHints":{"allow":["GET"]}}],"collection":[{"href":"https:\/\/intervius.com\/index.html\/wp-json\/wp\/v2\/posts"}],"about":[{"href":"https:\/\/intervius.com\/index.html\/wp-json\/wp\/v2\/types\/post"}],"author":[{"embeddable":true,"href":"https:\/\/intervius.com\/index.html\/wp-json\/wp\/v2\/users\/1"}],"replies":[{"embeddable":true,"href":"https:\/\/intervius.com\/index.html\/wp-json\/wp\/v2\/comments?post=9377"}],"version-history":[{"count":0,"href":"https:\/\/intervius.com\/index.html\/wp-json\/wp\/v2\/posts\/9377\/revisions"}],"wp:attachment":[{"href":"https:\/\/intervius.com\/index.html\/wp-json\/wp\/v2\/media?parent=9377"}],"wp:term":[{"taxonomy":"category","embeddable":true,"href":"https:\/\/intervius.com\/index.html\/wp-json\/wp\/v2\/categories?post=9377"},{"taxonomy":"post_tag","embeddable":true,"href":"https:\/\/intervius.com\/index.html\/wp-json\/wp\/v2\/tags?post=9377"}],"curies":[{"name":"wp","href":"https:\/\/api.w.org\/{rel}","templated":true}]}}