{"id":9375,"date":"2011-11-14T00:00:00","date_gmt":"2006-11-06T00:00:00","guid":{"rendered":"https:\/\/intervius.com\/index.html\/?p=9375"},"modified":"2006-11-06T00:00:00","modified_gmt":"2006-11-06T00:00:00","slug":"Xavi_Puig_y_Juanra_Bonet9375","status":"publish","type":"post","link":"https:\/\/intervius.com\/index.html\/Xavi_Puig_y_Juanra_Bonet9375\/","title":{"rendered":"Xavi Puig y Juanra Bonet"},"content":{"rendered":"<p>Pregunta.- Vuestro libro sale el martes, \u00bfd\u00f3nde me recomend\u00e1is leerlo, en el metro o en el v\u00e1ter?<\/p>\n<p>Respuesta.- Es un buen libro para leer cagando en el metro. O viajando en el v\u00e1ter.<\/p>\n<p>P.- \u00bfOrganizar\u00e9is alg\u00fan tipo de concurso para conseguir vuestro librote? Estoy pobre.<\/p>\n<p>R.- Algo haremos. Estamos en pleno braynsth\u00f6rming. De todos modos, pronto estar\u00e1 en Megaupload.<\/p>\n<p>P.- Para empezar, felicidades por el \u00e9xito de la web, el programa de radio y dem\u00e1s. Mi pregunta es sencilla: \u00bfC\u00f3mo se involucr\u00f3 Juanra Bonet con el proyecto? Un saludo.<\/p>\n<p>R.- Era nuestro plan C. En realidad quer\u00edamos a Francino o a Chema Nierga. Muy majos ambos. Pero bueno, Juanra est\u00e1 dando buen resultado. Se deja hacer de todo.<\/p>\n<p>P.- \u00bfEs cierto lo que dicen?<\/p>\n<p>R.- Suele ser cierto, pero tambi\u00e9n es verdad que se ha exagerado much\u00edsimo. Hay muchos intereses creados. En el fondo nada es lo que parece, pero entre broma y broma la verdad asoma.<\/p>\n<p>P.- En qu\u00e9 secci\u00f3n de la Casa del Libro podremos encontrar vuestro libro, \u00bfen ficci\u00f3n o en salud y dietas?<\/p>\n<p>R.- Esperamos que est\u00e9 en Novedades durante diez a\u00f1os como m\u00ednimo.<\/p>\n<p>P.- \u00bfEl libro de El Mundo Today es como el de Ana Rosa? \u00bfLo ha escrito un negro o es producto de un error inform\u00e1tico?<\/p>\n<p>R.- En realidad lo han escrito esas voces que o\u00edmos en nuestras cabezas. <\/p>\n<p>P.- \u00bfA qui\u00e9n hay que sobornar para lograr tomarse un caf\u00e9 con vosotros?<\/p>\n<p>R.- Primero m\u00e1ndanos una foto con el libro. Luego quedamos, te lo dedicamos, Y LO QUE SURJA.<\/p>\n<p>P.- \u00bfQu\u00e9 fue de vuestra agria pol\u00e9mica con I\u00f1aki Gabilondo?<\/p>\n<p>R.- Le regalamos la webcam esa en la que hace sus mon\u00f3logos e hicimos las paces.<\/p>\n<p>P.- Yo pregunto \u00bfqu\u00e9 tiene el co\u00f1o de la Bernarda que no tenga el m\u00edo? No me explico por qu\u00e9 tiene que ser declarado patrimonio nacional, habiendo tantos co\u00f1os patrios con tanto o m\u00e1s merecimiento.<\/p>\n<p>R.- Sin ver el tuyo nos faltan elementos de juicio, como comprender\u00e1s. El co\u00f1o de la Bernarda es un co\u00f1o global, es el molde del que salen los dem\u00e1s.<\/p>\n<p>P.- Buenas tardes, \u00bfEl titulo sali\u00f3 despu\u00e9s de maratonianas sesiones de &#8220;tormentas de ideas&#8221; o tras una borrachera de fin de semana? Saludos<\/p>\n<p>R.- No entendemos de marketing, pero se ve que ahora solo se venden los libros de Punset y los que tienen co\u00f1os en la portada.<\/p>\n<p>P.- Es cierto que se pudo ver a Juanra saltando como una loca en un concierto de Pignoise?<\/p>\n<p>R.- El \u00faltimo concierto al que fui era de Joan Baez.<\/p>\n<p>P.- Preguntas dirigida a Xavi Puig: \u00bfSer c\u00f3mico es la \u00fanica salida que le viste a la carrera de Filosof\u00eda? \u00bfCon esa imaginaci\u00f3n desbordante no podr\u00edas haber pasado a la historia como el nuevo Nietszche?<\/p>\n<p>R.- Eh, que no soy c\u00f3mico. YO NO TE HE FALTADO. <\/p>\n<p>P.- ME CORTO LAS VENAS O ME LAS DEJO LARGAS??<\/p>\n<p>R.- SUELTA LA CUCHILLA Y C\u00d3MPRATE EL LIBRO.<\/p>\n<p>P.- \u00bfQu\u00e9 opin\u00e1is del Colisionador de Hadrones? \u00bfCr\u00e9eis que est\u00e1 en peligro la F\u00edsica Cu\u00e1ntica moderna si se demuestra la existencia del Bosson de Higgs?<\/p>\n<p>R.- En el libro hay un cap\u00edtulo entero dedicado a Higgs. Te copiamos un fragmento a modo de SPOYLER: &#8220;(&#8230;) e igual a 246 GeV. La existencia de un VEV no nulo tiene una importancia fundamental: da una masa a cada part\u00edcula elemental, incluido el mismo bos\u00f3n de Higgs. En particular, la adquisici\u00f3n espont\u00e1nea de un VEV diferente de cero rompe la simetr\u00eda gaugiana (&#8230;) el marido de la Infanta Do\u00f1a Cristina realiz\u00f3 unas declaraciones que fueron difundidas por la agencia Efe. Urdangar\u00edn asegur\u00f3 que defender\u00e1 su &#8220;honorabilidad e inocencia&#8221;. Y a\u00f1ad\u00eda: &#8220;Cuando conozca los pormenores de las diligencias previas del Juzgado de Instrucci\u00f3n n\u00famero 3 de Palma de Mallorca, que en este momento son formalmente secretas, podr\u00e9 pronunciarme sobre su contenido (..) Los dos componentes cargados y uno del neutro son bosones de Goldstone, que no tienen masa y se convierten, respectivamente, en los componentes longitudinales de tercera polarizaci\u00f3n de los bosones W y Z (&#8230;) <\/p>\n<p>P.- No estais demasiado delgados para escribir un libro?<\/p>\n<p>R.- El hambre, querido amigo, es lo que nos impuls\u00f3 a escribir un superventas.<\/p>\n<p>P.- \u00bfDentro del libro nos encontraremos &#8220;nuevas noticias&#8221; o cuando lo escribais estabais de vago subido y s\u00f3lo hicisteis Copy\/Paste de las ya existentes en la web?<\/p>\n<p>R.- Hay noticias in\u00e9ditas, por supuesto. Bueno, ahora que se han publicado en forma de libro ya no son in\u00e9ditas. Menuda paradoja, \u00bfno? To loko nen.<\/p>\n<p>P.- A quien le regalarias el libro a Rajoy o a Rubalcaba<\/p>\n<p>R.- \u00bfRegalar? \u00bfREGALAR?<\/p>\n<p>P.- \u00bfAlguno sois fans de Super\u00f3pez?<\/p>\n<p>R.- Juanra era muy fan de Superl\u00f3pez. Xavi era m\u00e1s de Mortadelo y Filem\u00f3n. Kike siempre ha sido m\u00e1s de Nietzsche.<\/p>\n<p>P.- Creo que deber\u00edan declararos Patrimonio de la Humanidad<\/p>\n<p>R.- Mam\u00e1, por favor, no me abochornes delante de todos estos se\u00f1ores.<\/p>\n<p>P.- \u00bfCu\u00e1ndo sentar\u00e9is cabeza y har\u00e9is algo digno con vuestras vidas?<\/p>\n<p>R.- Mam\u00e1, por favor.<\/p>\n<p>P.- \u00bfUh uh ah ah UH UH grompf UH UH?<\/p>\n<p>R.- Javi, deja el teclado que este es el ordenador del director de la SER.<\/p>\n<p>P.- \u00bfUH UH? \u00a1AAAAH! \u00a1AAAAAAAAH! \u00a1BANG! \u00a1BANG!<\/p>\n<p>R.- Javi, deja la pistola que es del director de la SER.<\/p>\n<p>P.- \u00bfEs comparable &#8220;El co\u00f1o de la Bernarda&#8221; con &#8220;El pito del sereno&#8221;? No veo el concepto igualdad en vuestro ttulo&#8230;<\/p>\n<p>R.- &#8220;El pito del sereno&#8221; ser\u00e1 el t\u00edtulo del pr\u00f3ximo libro. Todo a su tiempo. Primero esperamos llegar a la quinta edici\u00f3n del primero, que se titular\u00e1 &#8220;El quinto co\u00f1o de la Bernarda&#8221;.<\/p>\n<p>P.- Qui\u00e9n, verdaderamente, sois?<\/p>\n<p>R.- Todas, las, respuesta, est\u00e1, en, el, libro.<\/p>\n<p>P.- Oye, si me leo el libro \u00bfQue me vais a dar a cambio?<\/p>\n<p>R.- Perdona, es que no va as\u00ed. T\u00fa primero nos das el dinero y nosotros a cambio te damos el libro.<\/p>\n<p>P.- Si es una hora solo habeis contestado 18 preguntas, \u00bfcu\u00e1nto habeis tardado en componer este libro? \u00bfuna d\u00e9cada? \u00bfun lustro?<\/p>\n<p>R.- \u00bfCu\u00e1nto tard\u00f3 Beethoven en componer el politono ese de Nokia? <\/p>\n<p>P.- que tengo que hacer para ser presidente de Espa\u00f1a?<\/p>\n<p>R.- Se\u00f1or Rubalcaba, por favor, que la entrevista es para hablar de nuestro libro.<\/p>\n<p>P.- Sois la contnuidad de La Codorniz&#8230;EL Jueves&#8230;EL mundo Today?<\/p>\n<p>R.- Primero vino Mocedades, luego El Consorcio y ahora nosotros.<\/p>\n<p>P.- \u00bfEn el libro os haceis eco de los comentarios vertidos por la muchedumbre en vuestras noticias de la web? Comenta la leyenda que hay mejores mentes pensantes entre los comentaristas de la web que en los redactores de las propias noticias&#8230; <\/p>\n<p>R.- Habr\u00eda que publicar otro libro solo con los comentarios de nuestros lectores.<\/p>\n","protected":false},"excerpt":{"rendered":"<p>El martes 15 de noviembre sale a la venta El co\u00f1o de la Bernarda es declarado Patrimonio de la Humanidad y otras noticias de El Mundo Today. Xavi Puig y Juanra Bonet han charlado con los oyentes en directo.<\/p>\n","protected":false},"author":1,"featured_media":0,"comment_status":"open","ping_status":"open","sticky":false,"template":"","format":"standard","meta":{"footnotes":""},"categories":[],"tags":[],"class_list":["post-9375","post","type-post","status-publish","format-standard","hentry"],"_links":{"self":[{"href":"https:\/\/intervius.com\/index.html\/wp-json\/wp\/v2\/posts\/9375","targetHints":{"allow":["GET"]}}],"collection":[{"href":"https:\/\/intervius.com\/index.html\/wp-json\/wp\/v2\/posts"}],"about":[{"href":"https:\/\/intervius.com\/index.html\/wp-json\/wp\/v2\/types\/post"}],"author":[{"embeddable":true,"href":"https:\/\/intervius.com\/index.html\/wp-json\/wp\/v2\/users\/1"}],"replies":[{"embeddable":true,"href":"https:\/\/intervius.com\/index.html\/wp-json\/wp\/v2\/comments?post=9375"}],"version-history":[{"count":0,"href":"https:\/\/intervius.com\/index.html\/wp-json\/wp\/v2\/posts\/9375\/revisions"}],"wp:attachment":[{"href":"https:\/\/intervius.com\/index.html\/wp-json\/wp\/v2\/media?parent=9375"}],"wp:term":[{"taxonomy":"category","embeddable":true,"href":"https:\/\/intervius.com\/index.html\/wp-json\/wp\/v2\/categories?post=9375"},{"taxonomy":"post_tag","embeddable":true,"href":"https:\/\/intervius.com\/index.html\/wp-json\/wp\/v2\/tags?post=9375"}],"curies":[{"name":"wp","href":"https:\/\/api.w.org\/{rel}","templated":true}]}}