{"id":9363,"date":"2009-12-23T00:00:00","date_gmt":"2006-11-06T00:00:00","guid":{"rendered":"https:\/\/intervius.com\/index.html\/?p=9363"},"modified":"2006-11-06T00:00:00","modified_gmt":"2006-11-06T00:00:00","slug":"Tomas_Guasch9363","status":"publish","type":"post","link":"https:\/\/intervius.com\/index.html\/Tomas_Guasch9363\/","title":{"rendered":"Tom\u00e1s Guasch"},"content":{"rendered":"<p>Pregunta.- \u00bfPor qu\u00e9 nadie de la Federaci\u00f3n ha conseguido explicar eso de celebrar el Centenario 4 a\u00f1os antes del debido? Huele a que algui\u00e9n (Villar)quiere la gloria de ser el presidente de la Espa\u00f1a campeona y centenaria, todo eso a costa del trapicheo. \u00bfPor qu\u00e9 los medios no presion\u00e1is m\u00e1s para conseguir la transparencia de la federaci\u00f3n? Sabemos qu\u00e9 hay chanchullos al l\u00edmite del c\u00f3digo penal y permanecemos impasibles<\/p>\n<p>Respuesta.- Pues porque bailan unas fechas y ellos lo interpretan as\u00ed. Pero no, Villar no hubiese tenido ning\u00fan problema en esperar tres a\u00f1os o 25, va a ser presidente hasta que su cuerpo serrano aguante: \u00a1\u00e9ste s\u00ed lo tiene todo atado y bien atado! Y sobre la transparencia, m\u00e1s no se puede pedir. Los medios vamos informando, la responsabilidad es de quienes eligen con sus votos al presidente&#8230; y lo hacen por \u00e9ste. El c\u00f3digo penal es materia de los jueces, te lo digo as\u00ed, a lo bruto, y ellos deciden si es menester. Pienso que hay m\u00e1s pecado de &#8220;aprovechategui&#8221; que otra cosa. Pero el f\u00fatbol espa\u00f1ol quiere esto&#8230; y lo tiene. Per secula seculorum, adem\u00e1s.<\/p>\n<p>P.- Tom\u00e1s, \u00bfcuando eras joven te gustaba el rock? Cu\u00e1l era y es tu grupo favorito? Y guitarrista? Gracias Crack!<\/p>\n<p>R.- Pues me gustaban Dire Straits y Clapton, pero no era un loco de eso. A m\u00ed la m\u00fasica que m\u00e1s me ha puesto y me pone es la \u00f3pera italiana, Verdi y esas cosas. Y la zarzuela. Yo es que soy as\u00ed de raro&#8230; <\/p>\n<p>P.- Hola Peri-Guasch, ya que nadie dice nada quisiera preguntarte por el derribo del portero del Estudiantes a Xavi en la final del mundialito. \u00bf Fue o no fue penalti?. Saludos crack<\/p>\n<p>R.- Pues se pudo pitar, en efecto. Pero ya sabes que en finales y tal hay que asesinar al delantero para que lo piten. La acci\u00f3n no es comparable a las que se trag\u00f3 el \u00e1rbitro noruego en el Chelsea-Bar\u00e7a, por poner un ejemplo palmario. <\/p>\n<p>P.- Buenas Tomas! Veo que Messi se lleva el balon de oro y el FIFA, Xavi es tercero en los dos, Iniesta cuarto&#8230; no crees que han sido injustos con el arbitro calvo noruego? Al fin y al cabo fue el jugador mas determinate del Barsa en la Champions. Se merecia el balon de oro, digo yo!<\/p>\n<p>R.- \u00a1Cooooorrecto! El tipo debi\u00f3 entregar el Bal\u00f3n de Oro por lo menos. Y darle a \u00e9l el Pito de Oro, que bien lo mereci\u00f3. Yo no recuerdo una cosa igual en una semifinal de la Champions. Ni del torneo de la Bufanda.<\/p>\n<p>P.- \u00bfQue te parec\u00eda El Poli como futbolista en el aspecto tecnico?<\/p>\n<p>R.- No era Zidane, pero tampoco un tronco. Sab\u00eda lo que hac\u00eda con la pelota, pero sobre todo era un hombre de \u00e1rea, un magn\u00edfico delantero, valiente, fuerte, r\u00e1pido, siempre listo para el remate&#8230; que sigue siendo el m\u00e1ximo goleador de la historia del Betis y fue internacional sin jugar en el Madrid ni en el Bar\u00e7a; vamos, que no lo tuvo f\u00e1cil. Hoy no tendr\u00eda precio para Lopera. <\/p>\n<p>P.- Buen dia tenga Usted, queridis\u00edmo hombrecillo. Mi pregunta de hoy. Ahora que parece que el Madrid ha empezado a arrancar en serio y jugar bien al balompi\u00e9. Eres partidario de sacar a Van der Vart (con lo bien que lo viene haciendo ultimamente) del 11 titular en detrimento de Kak\u00e1?. O bien deberia de esperarse un tiempo el brasile\u00f1o para volver a ser titular?. Me interesa mucho tu opini\u00f3n. Un saludo y Felices Fiestas.<\/p>\n<p>R.- Buenas. Es complicado sentar a Kak\u00e1 y, de hecho, se que jugar\u00e1 en cuanto se recupere. Pero si hilamos fino y nos referimos a m\u00e9ritos, Van der Vaart merece seguir de titular. Yo as\u00ed lo decidir\u00eda si fuera el entrenador, pero como no es el caso&#8230; Pienso que en el f\u00fatbol, como todo en la vida, el que rinde merece recompensa. Pero no se estila&#8230;<\/p>\n<p>P.- Hola Tomas. Te hice un pregunta sobre el Real Madrid la anterior semana y me dijiste que habia dado grandes pasos para hacer equipo y te queria decir que tienes bastante razon la verdad.\u00bf no piensas que el Madrid se esta formando muy rapidamente? yo sinceramente pensaba que iba tardar mas en hacer equipo y me esta sorprendiendo un abrazo y dale ca\u00f1a a Pakito Gonzalez en los cara a caras<\/p>\n<p>R.- Bueno, el f\u00fatbol es extra\u00f1o. Yo recuerdo como hace un par de a\u00f1os el Madrid le hizo 4-1 al Bar\u00e7a en el Bernab\u00e9u, fue un baile y ya viste c\u00f3mo evolucion\u00f3 el asunto&#8230; Es curioso porque ese avance empez\u00f3 en Marsella, sigui\u00f3 en Valencia sin Cristiano ni Kak\u00e1, continu\u00f3 en Zaragoza sin Kak\u00e1 y Xabi Alonso&#8230; Era cuesti\u00f3n de tiempo, pues la calidad est\u00e1. Tambi\u00e9n el estado de \u00e1nimo del equipo, que es otro para bien. <\/p>\n<p>P.- Hola Tom\u00e1s, soy un madridista de Bilbao me hizo ilusi\u00f3n hacerme una foto contigo crack en el ecuentro de los ases. Ah\u00ed va una facil: el madrid tiene a los 2 futuros mejores delanteros de europa higuain y benzema pero tambien tiene a los 2 que fueron mejores delanteros de europa raul y van gol, pero no juegan no seria mejor buscarles un a salida a europa para que los futuros jueguen tranquilos se les quite presion y se hinchen a meter goles sabiendo que ellos son el futuro y que no hay mas. y gutierrez en navidad fuera ya y el a\u00f1o ke viene ribery no, silva. adios perico<\/p>\n<p>R.- Van Gol se ir\u00eda encantado, incluso le ha comentado al club esta posibilidad para enero. Pero creo que el Madrid quiere mantenerlo en la plantilla por si las moscas. Acaba contrato en junio y entonces s\u00ed se ir\u00e1. Ra\u00fal se retirar\u00e1 en el Bernab\u00e9u, no le veo en otro lado. Y echar\u00e1 una mano, segur\u00edsimo. Ya la est\u00e1 echando colaborando con Pellegrini, haciendo equipo. Lo de Guti est\u00e1 chungo, no nos vamos a enga\u00f1ar. A ver qu\u00e9 pasa cuando se recupere de su lesi\u00f3n. Y sobre Rib\u00e9ry parece que est\u00e1 atadillo: yo, si pudiera, los fichar\u00eda a los dos, al frenc\u00e9s y a Silva.<\/p>\n<p>P.- Tomas,porque Cristiano tiene fama de &#8220;fiestero&#8221; cuando nunca se le ha visto de noche en mitad de temporada, mientras de otros no se hablo tanto (Benjamin, Ronaldinho, Ronaldo&#8230;)?<\/p>\n<p>R.- Pues porque aqu\u00ed te ponen una etiqueta y no te la quitas en la vida. De fiesta se ha visto a Cristiano en vacaciones, como todo quisque. Pero es as\u00ed. Me consta, ya desde sus tiempos en Manchester, que es el primero en llegar a los entrenamientos y el \u00faltimo en irse. No tiene nada que ver con otros, desde luego,. <\/p>\n<p>P.- Tomas, Porque no aplica el Espa\u00f1ol una politica como la del Getafe de coger cedidos jugadores del Madrid? Imaginate a Soldado, Parejo y compa\u00f1ia jugando en Sarria!!!<\/p>\n<p>R.- Pues eso le he dicho yo a S\u00e1nchez Llibre desde hace no s\u00e9 cu\u00e1nto tiempo y nada. Soldado, Parejo, Negredo&#8230; Pienso que el Getafe lo tiene m\u00e1s claro y as\u00ed le luce de bien. De todas maneras, en Sarri\u00e1 ser\u00eda dif\u00edcil que jugaran: est\u00e1 lleno de pisos y de se\u00f1oras paseando ni\u00f1os&#8230; <\/p>\n<p>P.- Buenos d\u00edas amigo Tom\u00e1s,desde Jerez s\u00f3lo para desearte Felices Fiestas, y que sigas con ese humor ir\u00f3nico e inteligente con el que desarrollas tu labor, que hace que tus art\u00edculos sean de los primeros y m\u00e1s le\u00eddos, incluidos los cul\u00e9s pese a sus criticas.<\/p>\n<p>R.- Pues lo mismo te deseo, amigo: felicidad y mucha suerte ahora y siempre. Y tratar\u00e9 de no defraudarte. Muchas gracias.<\/p>\n<p>P.- Don Guasch, \u00bfse recordar\u00e1 a Laporta cuando dentro de veinte a\u00f1os se hable de este barca? yo creo que no. Aunque \u00e9l no lo sabe. <\/p>\n<p>R.- Se le recordar\u00e1 como el presidente que fue, pero recordar en serio se recordar\u00e1 a Messi, a Xavi, a Iniesta&#8230; Si resulta que sale Guardiola en Abu Dhabi y dice que a \u00e9l lo fich\u00f3 un ex directivo&#8230; En fin&#8230;<\/p>\n<p>P.- Don Guasch. Vaya lecci\u00f3n period\u00edstica de su hija anoche en la sexta. Lidiar con esos dos toros en el banquillo y sacarle todo ! Magistral. Enhorabuena. \u00bfDe qui\u00e9n lo aprendi\u00f3? ja ja<\/p>\n<p>R.- Si aprendi\u00f3 algo fue de su madre, \u00a1ja, ja! Y s\u00ed, los toros embistieron bien, con nobleza, entraron limpios a la muleta. \u00a1Es lo que pasa cuando no hay puntos de por medio! Un abrazo.<\/p>\n<p>P.- Tom\u00e1s, qu\u00e9 hace Sergio Garc\u00eda en segunda? Ayer lo vi con Catalunya y me encant\u00f3. Para mi es jugador nivel Bar\u00e7a<\/p>\n<p>R.- Pues sufrir, eso hace, pues sin duda es un futbolista de Primera y de los buenos. Forma parte de un equipo que atraviesa por una larga etapa complicada que acab\u00f3 en el descenso y le toca purgar. Pero su val\u00eda no se discute, desde luego. A m\u00ed me gust\u00f3 siempre,<\/p>\n<p>P.- Como no se venga al Madrid, Torres va a quedar como el Crack nadador. Nada en el Atl\u00e9tico y nada en el Liverpool. Suerte que est\u00e1 la roja. \u00bfQu\u00e9 opinas?<\/p>\n<p>R.- Pues que la fue muy bien irse a Inglaterra y ahora apechuga con una mala racha en el Liverpool. Que entre unas cosas y otras Fernando ha ganado mucho menos de lo que su calidad merece, sin duda. Y que la Roja es un desahogo para \u00e9l, pues tambi\u00e9n. Pero en el Madrid no le veo; su entorno y \u00e9l son muy del Atleti.<\/p>\n<p>P.- Se\u00f1or Guasch, \u00bfqu\u00e9 piensa acerca de que en la selecci\u00f3n catalana jueguen m\u00e1s jugadores del Espanyol que del Bar\u00e7a?<\/p>\n<p>R.- Esta vez Cruyff reclut\u00f3 a los cul\u00e9s que ven\u00edan de Kuwait y la cosa se equilibr\u00f3. Otras veces pas\u00f3 que los del Bar\u00e7a se escaquearon m\u00e1s que los pericos y ex pericos y dominaron en el equipo. En todo caso es saludable para confirmar que Catalu\u00f1a no es s\u00f3lo el Bar\u00e7a&#8230; a Dios gracias.<\/p>\n<p>P.- A ver, Tom\u00e1s, como catal\u00e1n, no crees que si empiezan prohibiendo por los toros acabar\u00e1n por los entrecots que al fin y al cabo son tambi\u00e9n para disfrute del personal.<\/p>\n<p>R.- Pues a m\u00ed me joroba soberanamente que acaben prohibi\u00e9ndolos porque me gusta la fiesta&#8230; y la libertad. Y me parece de broma que los pol\u00edticos de mi tierra no hablen de otros festejos taurinos catalanes que, por la misma regla de tres, tambi\u00e9n deber\u00edan perseguir. El famoso correbou, con el bicho perseguido por el pueblo con fuego en los cuernos o cosa as\u00ed. Total, una broma que conf\u00edo no pase a mayores, pues la prohibici\u00f3n no lleg\u00f3 todav\u00eda. <\/p>\n<p>P.- \u00bfQu\u00e9 tiene que decir sobre esas portadas ajenas que pregonaban que Pellegrini no se comer\u00eda el turr\u00f3n? Luego se las dan de amos y se\u00f1ores de las grandes exclusivas. Prefiero la verdad rutinaria que la mentira disfrazada de exclusiva.<\/p>\n<p>R.- Pues que ir\u00e1n muy bien para envolver el turrr\u00f3n esta Nochebuena&#8230; Pero, bueno, van rectificando y dedic\u00e1ndole p\u00e1ginas enternas al chileno diciendo ahora que es poco m\u00e1s o menos el inventor del f\u00fatbol. Cosas&#8230;<\/p>\n<p>P.- \u00bfQu\u00e9 piensa sobre la situacion de Tamudo? \u00a1Viva Guasch y la madre que lo pari\u00f3!<\/p>\n<p>R.- Pues que se arregl\u00f3 un poquito en asunto, ya que volvi\u00f3 al equipo, y quedamos a la espera de saber si tendr\u00e1 una oferta en enero para irse. Esos problemas de convivencia en un vestuario dif\u00edcilmente se arreglan del todo. A m\u00ed me gustar\u00eda que se quedara y saliera por la puerta que merece: la m\u00e1s grande del mundo. \u00a1Viva la tuya!<\/p>\n<p>P.- Hola Guasch, hay gente que opina que el problema del Espanyol es la falta de gol, entre ellos Poche, pero mi opini\u00f3n es que el problema es la creaci\u00f3n de juego, que no generamos muchas ocasiones, y creo que este problema, se vio contra el Almeria, lo puede arreglar Marquez con su buena salida de bal\u00f3n. \u00bfTu que opinas?<\/p>\n<p>R.- Corecto: si no generas f\u00fatbol no hay ocasiones y no meter\u00eda goles ni Pel\u00e9 que volviera con 20 a\u00f1os. Por eso, en efecto, es importante Javi, que tiene esa salida de pelota buena y calidad. Debe ser un gran socio de Verd\u00fa y compa\u00f1\u00eda. debe ser el gran fichaje de invierno.<\/p>\n<p>P.- \u00bfLa porteria crees que va a estar bien cubierta con la ausencia de Kameni por la Copa Africa?<\/p>\n<p>R.- Pues hay que confiar en Cristiann \u00c1lvarez, que trabaja para ello. Kameni jugar\u00e1 en Valencia y se ir\u00e1; lo sab\u00edamos y ser\u00e1 el turno del argentino. Como siempre, depender\u00e1 de \u00e9l y de lo que trabaje el equipo en defensa. El titular es Carlos, pero no me parece que el otro sea de madera.<\/p>\n<p>P.- Buenos d\u00edas. \u00bfQui\u00e9n son para t\u00ed los 5 mejores delanteros del mundo actualmente?<\/p>\n<p>R.- Pues Cristiano, Messi, Drogba, Villa y Torres. <\/p>\n<p>P.- Hola Tom\u00e1s: Joan Verd\u00fa y Bojan, sencillamente impresionantes en el partido Cat-Argentina. Algunos minimizan la importancia de este choque pero creo que calidad y ganas pusieron los dos equipos. \u00bfCrees qu\u00e9 estos dos jugadores pudieran entrar en los planes futuros del seleccionador espa\u00f1ol? Un saludo<\/p>\n<p>R.- S\u00ed, fue un partido bonito, entretenido, pues hab\u00eda excelentes jugadores como esos dos y otros m\u00e1s, por ambos lados. Lo de la Selecci\u00f3n lo tienen dif\u00edcil: donde Verd\u00fa juegan Silva y compa\u00f1\u00eda y Bojan tiene por delante a Torres, Villa y G\u00fciza. Pero que no desentonar\u00edan, seguro. Sencillamente porque juegan muy bien.<\/p>\n<p>P.- Hola Tomas&#8230;. Desde Zaragoza un abrazo muy fuerte&#8230; Los aficionados zaragocistas estamos resignados a nuestra suerte que no es otra que la del descenso. Pero \u00bfque opina un experto como tu?. \u00bfSomos muy catastrofistas o es que realmente el equipo que tenemos es carne de segunda? Un abrazo para todos los pericos.<\/p>\n<p>R.- Otro abrazo para t\u00ed. Opino que est\u00e1 bien la preocupaci\u00f3n, pues lo del Bernab\u00e9u fue fuerte, pero queda un mundo. No creo que sea carne de Segunda el Zaragoza, lo que s\u00ed opino es que hay seis u ocho equipos que no van a vvir tranquilos pues las fuerzas est\u00e1n muy igualadas y el que m\u00e1s se despiste se ir\u00e1 al pozo. Y uno de ellos es el tuyo, desde luego. La receta para la afici\u00f3n es estar con el equipo y no montar un n\u00famero en La Romareda cada partido. Si el jugador se ve respaldado, mejor.<\/p>\n<p>P.- Hola Tom\u00e1s, anoche en El Larguero dijistes que te tem\u00edas lo peor en cuanto al Barcelona este a\u00f1o \u00bfQuieres decir que para ti el Barcelona ganar\u00e1 otra vez el triplete o un doblete? un saludo y Feliz Navidad<\/p>\n<p>R.- Lo dije para excitar a Emilio P\u00e9rez de Rozas y pas\u00f3 que se qued\u00f3 pasmado. Vamos a ver: lo normal es que el Bar\u00e7a gane algo este 2010 pues tiene equipo para hacerlo. Es el campe\u00f3n de todo, luego hay que considerarle el primer favorito en todas las competiciones. Que gane tres, dos, una o ninguna est\u00e1 por ver. Pero hay que ser respetuoso con el campe\u00f3n. <\/p>\n<p>P.- Oye, Tom\u00e1s. Nadie me da bola con mi reflexi\u00f3n. Vamos a ver c\u00f3mo lo ves t\u00fa. El Bar\u00e7a ha logrado algo objetivamente \u00fanico, como lo es ganar 6 trofeos en un a\u00f1o. Pero yo no puedo olvidar que lo que ha logrado en un a\u00f1o es una efem\u00e9ride que no se puede comparar con lo que ha ganado el Madrid en cien a\u00f1os. Lo del Bar\u00e7a es casi posible volver a lograrlo en un a\u00f1o, pero para lo del Madrid se necesitan cien. La dificultad de encadenar muchos equipos en un club que rompan este record me huele a imposible. \u00bfQu\u00e9 opinas?<\/p>\n<p>R.- Pues que, efectivamente, no se puede comparar un a\u00f1o con una historia y el asunto se comenta solo: el Madrid fue elegido mejor club del siglo XX y el Bar\u00e7a, el mejor de 2009. En cuanto a palmar\u00e9s no hay color, pero la actualidad, el d\u00eda a d\u00eda, es azulgrana. Veremos qu\u00e9 pasa en mayo, claro. Yo no creo que por ganar seis t\u00edtulos un equipo sea el mejor de la historia; para eso hay que ganar mucho durante muchos a\u00f1os. El Bar\u00e7a ha conseguido lo que nadie pudo hasta ahora, alzar seis copas consecutivas. Pero la palabra Historia, en may\u00fascula, es otra cosa. Tiempo al tiempo.<\/p>\n","protected":false},"excerpt":{"rendered":"<p>El subdirector del Diario As, Tom\u00e1s Guasch, ha charlado con los lectores sobre toda la actualidad futbol\u00edstica. <\/p>\n<p>ARCHIVO DE ENTREVISTAS:<br \/>\n18 de diciembre 27 de noviembre 13 de noviembre 5 de noviembre 30 de octubre 5 de noviembre 23de octubre 16de octubre 9 de octubre &#8211; 2 de octubre &#8211; 25 de septiembre &#8211; 16 de septiembre &#8211; 10 de septiembre &#8211; 04 de septiembre &#8211; 21 de agosto &#8211; 14 de agosto &#8211; 7 de agosto &#8211; 31 de julio &#8211; 23 de julio &#8211; 17 de julio &#8211; 10 de julio &#8211; 03 de julio &#8211; 26 de junio &#8211; 19 de junio &#8211; 12 de junio &#8211; 04 de junio &#8211; 29 de mayo &#8211; 22 de mayo &#8211; 15 de mayo &#8211; 08 de mayo &#8211; 30 de abril &#8211; 24 de abril &#8211; 17 de abril &#8211; 03 de abril &#8211; 27 de marzo &#8211; 20 de marzo &#8211; 13 de marzo &#8211; 6 de marzo &#8211; 20 de febrero &#8211; 23 de enero &#8211; 16 de enero &#8211; 9 de enero &#8211; 2 de enero &#8211; 26 de diciembre &#8211; 5 de diciembre &#8211; 28 de noviembre &#8211; 21 de noviembre &#8211; 14 de noviembre &#8211; 28 de junio &#8211; 25 de junio &#8211; 21 de junio &#8211; 17 de junio &#8211; 13 de junio &#8211; 9 de junio <\/p>\n","protected":false},"author":1,"featured_media":0,"comment_status":"open","ping_status":"open","sticky":false,"template":"","format":"standard","meta":{"footnotes":""},"categories":[],"tags":[],"class_list":["post-9363","post","type-post","status-publish","format-standard","hentry"],"_links":{"self":[{"href":"https:\/\/intervius.com\/index.html\/wp-json\/wp\/v2\/posts\/9363","targetHints":{"allow":["GET"]}}],"collection":[{"href":"https:\/\/intervius.com\/index.html\/wp-json\/wp\/v2\/posts"}],"about":[{"href":"https:\/\/intervius.com\/index.html\/wp-json\/wp\/v2\/types\/post"}],"author":[{"embeddable":true,"href":"https:\/\/intervius.com\/index.html\/wp-json\/wp\/v2\/users\/1"}],"replies":[{"embeddable":true,"href":"https:\/\/intervius.com\/index.html\/wp-json\/wp\/v2\/comments?post=9363"}],"version-history":[{"count":0,"href":"https:\/\/intervius.com\/index.html\/wp-json\/wp\/v2\/posts\/9363\/revisions"}],"wp:attachment":[{"href":"https:\/\/intervius.com\/index.html\/wp-json\/wp\/v2\/media?parent=9363"}],"wp:term":[{"taxonomy":"category","embeddable":true,"href":"https:\/\/intervius.com\/index.html\/wp-json\/wp\/v2\/categories?post=9363"},{"taxonomy":"post_tag","embeddable":true,"href":"https:\/\/intervius.com\/index.html\/wp-json\/wp\/v2\/tags?post=9363"}],"curies":[{"name":"wp","href":"https:\/\/api.w.org\/{rel}","templated":true}]}}