{"id":9353,"date":"2009-12-23T00:00:00","date_gmt":"2006-11-06T00:00:00","guid":{"rendered":"https:\/\/intervius.com\/index.html\/?p=9353"},"modified":"2006-11-06T00:00:00","modified_gmt":"2006-11-06T00:00:00","slug":"Juanma_Trueba9353","status":"publish","type":"post","link":"https:\/\/intervius.com\/index.html\/Juanma_Trueba9353\/","title":{"rendered":"Juanma Trueba"},"content":{"rendered":"<p>Pregunta.- Que papel crres que desempe\u00f1ar\u00e1n los pross en el mundial de Sudafrica?. En las ultimas competiciones se han ido a casa sin perder, o sea a penaltys<\/p>\n<p>Respuesta.- Ser\u00e1 un equipo rocoso y complicado de ganar, con el sello de Capello. Adem\u00e1s, cuentan con buenos futbolistas a los que falta, lo mismo que echaba en falta la Selecci\u00f3n espa\u00f1ola antes del \u00faltimo Europeo: confianza y felicidad.<\/p>\n<p>P.- \u00bfCual es tu opini\u00f3n, de Fernando Redondo, para mi el mejor jugador que ha jugado en su puesto?<\/p>\n<p>R.- Debo admitir que tengo opiniones encontradas al respecto, y s\u00e9 que mis dudas no son pol\u00edticamente correctas. Redondo era el futbolista perfecto cuando hab\u00eda que controlar los partidos, retenerlos, pausarlos. Pienso en la final de la Champions 2000 y en alguna visita a Old Trafford. Sin embargo, cuando tocaba acelerar el juego me parec\u00eda demasiado lento y horizontal. Soy un pecador, lo asumo. <\/p>\n<p>P.- En medio de la &#8220;edad de oro del f\u00fatbol espa\u00f1ol&#8221;, el Atl\u00e9tico es una ruina que no aporta un jugador a la Selecci\u00f3n desde hace 3 a\u00f1os. La sensaci\u00f3n es que, durante dos d\u00e9cadas, los medios no han prestado al hundimiento del Atl\u00e9tico la atenci\u00f3n que merec\u00eda. Se ve que les ven\u00eda muy bien la presencia de aquel grotesco personaje que les llenaba las p\u00e1ginas en los marasmos de la competici\u00f3n. Mientras, el Club se pudr\u00eda ante la indiferencia general. No obstante, me gustar\u00eda conocer su opini\u00f3n.<\/p>\n<p>R.- No tengo la misma percepci\u00f3n que t\u00fa. El Atl\u00e9tico jam\u00e1s pasa inadvertido, pero s\u00ed comparto que desde el club hubo un tiempo en que se promocion\u00f3 esa imagen que tu llamas grotesca y que fue jaleada por no pocos atl\u00e9ticos, que participaron de la verbena, de las cabalgatas y de las banderas gigantes. La p\u00e9rdida de solemnidad del club es algo que se genera desde dentro y desde all\u00ed se extiende. Explotar el halo rom\u00e1ntico de la derrota era una idea inteligente que capt\u00f3 muy bien la agencia de publicidad del club, pero no se control\u00f3 deportivamente.<\/p>\n<p>P.- Hola Juanma, \u00bfQue estilo de musica te gusta?\u00bfCual es tu compositor cl\u00e1sico favorito? y \u00bfCual es tu grupo y guitarrista de rock favorito?Gracias!<\/p>\n<p>R.- No soy un gran gourmet musical, vaya esto por delante. Me gusta mucho y variado, pero no me tengo por experto de absolutamente nada. Igual me gustan los cantautores espa\u00f1oles tipo Serrat o Humet, que tipos como Bubl\u00e9 o Cullum. Tambi\u00e9n me agrada el jazz, aunque me temo que debe ser el jazz facil\u00f3n y \u00faltimamente ando encantado con Melodie Gardot. Por no hablarte de la m\u00fasica pop de los 80, que es la que me mueve el esqueleto. De aquello \u00e9poca me surgen los grupos preferidos, Dire Straits, Duran-Duran, The Cars\u2026 Pero estos conocimientos superficiales no me alcanzan para decirte un guitarrista preferido (quiz\u00e1 Knopfler), pero preguntar\u00e9 a I\u00f1ako, que es hippy.<\/p>\n<p>P.- Buenos d\u00edas Juanma!! Con el manido tema Messi-Cristiano&#8230;\u00bfno crees que Messi es lo que es con Xavi e Iniesta al lado (como dice Victor Fern\u00e1ndez) y Cristiano es el mismo tenga a quien tenga al lado? Adem\u00e1s de que Cristiano me parece mucho m\u00e1s completo. \u00bfPiensas que Pellegrini le dar\u00e1 una oportunidad a Marquitos Alonso?<\/p>\n<p>R.- No lo tengo tan claro como t\u00fa. Piensa que Cristiano tambi\u00e9n baja su rendimiento con la selecci\u00f3n portuguesa, que se las ha visto canutas para clasificarse para el Mundial. Todos los talentos necesitan un equipo, bueno o mejor, pero que se adapte a sus caracter\u00edsticas. Tengo la sensaci\u00f3n de que la falta de adaptaci\u00f3n de Messi con la selecci\u00f3n argentina est\u00e1 m\u00e1s relacionada con la cabeza del jugador que con el talento de sus compa\u00f1eros. Por alguna raz\u00f3n, Messi no se siente querido ni integrado.<\/p>\n<p>P.- Hola Juanma, me pregunto porque el periodismo deportivo espa\u00f1ol siempre ensalza el futbol argentino, cuando su selecci\u00f3n ha ganado dos mundiales: uno robado politicamente y otro con &#8220;la mano de Dios&#8221;, a costa de ningunear el futbol mas bonito de Inglaterra, Alemania, incluso Italia cuando juega bien al futbol (mundial 82).<\/p>\n<p>R.- No te gusta mucho el f\u00fatbol argentino, tengo la sensaci\u00f3n. Y me temo que eres injusto. La selecci\u00f3n argentina del 78 era un equipo formidable (Passarella, Ardiles, Kempes\u2026), capaz de pelear por el t\u00edtulo, incluso sin ayudas arbitrales que no negar\u00e9. De hecho, esa inercia de buenos equipos (competitivos, si lo prefieres) se prolonga hasta el 90, cuando alcanzan la final del Mundial. Por otra parte, jam\u00e1s se me ocurrir\u00eda decir que Argentina elimin\u00f3 a Inglaterra por la \u201cmano de Dios\u201d, ni tengo a los ingleses por ejemplo de f\u00fatbol bonito. <\/p>\n<p>P.- Hola Juanma, para mi, Iniesta se merec\u00eda el trofeo Puskas, por lo que ese gol significaba \u00bfQuien vota en el trofeo Puskas? Feliz Navidad<\/p>\n<p>R.- Se supone que el trofeo lo votaban los internautas que acced\u00edan a FIFA.COM. Y vote quien vote la pol\u00e9mica es segura y se repetir\u00e1. Lo primero que habr\u00eda que dejar claro es qu\u00e9 se valora m\u00e1s, si la ejecuci\u00f3n (la complicaci\u00f3n) o la importancia. Si es la ejecuci\u00f3n, el de Cristiano supera al de Iniesta (y a su vez es superado por otros), pero si se cuenta la importancia, no hay otro m\u00e1s trascendente que el de Iniesta, pues vali\u00f3 tres t\u00edtulos, la Champions, la Supercopa y el Mundialito. Me parece, no obstante, que otro aspecto que punt\u00faa es el relieve medi\u00e1tico del protagonista. <\/p>\n<p>P.- Buenos d\u00edas Juanma, \u00bfde verdad cre\u00e9s que Kak\u00e1 podr\u00e1 adaptar su juego y buscar mas pases al hueco y triangulaciones que regates(que tambi\u00e9n, solo que menos)? Es lo que hace V.Vaart y mira que fluido se hace el juego en el ataque del Madrid.Gracias<\/p>\n<p>R.- No tengo la m\u00e1s m\u00ednima duda de que Kak\u00e1 terminar\u00e1 por encajar y asumir su papel protagonista. Es un futbolista maravilloso que aparecer\u00e1 en los momentos de la verdad. Entonces, y ante la inminencia del Mundial, estar\u00e1 en su mejor momento.<\/p>\n<p>P.- Hola Juanma, felicidades por estas charlas y por el blog. Me interesa saber tu opini\u00f3n acerca de esta decada que termina. En el plano deportivo, social y pol\u00edtico, con que momentos te quedas? Yo por ejemplo: La eurocopa 2008, Lance Armstrong, Phelps, Usain Bolt, Fernando Alonso, Gasol y la selecci\u00f3n de Basket, los duelos Federer-Nadal, el Madrid de Florentino y el Barcelona de Guardiola. Los atentados islamicos en New York, Madrid y Londres (tristemente importantes xq cambiaron el plano social y pol\u00edtico. Gracias, un saludo amigo.<\/p>\n<p>R.- Me lo pones d\u00edficil y me dejas pocas opciones para ser original. Tal vez incluir\u00eda, porque vuelve a estar de actualidad, el fracaso internacional en la lucha contra el cambio clim\u00e1tico.<\/p>\n<p>P.- Hola genio, \u00bfCrees de verdad que Marcelo puede ser el &#8220;3&#8221; del Madrid para el futuro? otra, \u00bfel posible fichaje de Cesc no derrumbar\u00eda a Lass? o pondrias un centro del campo con Cesc, Xabi y Lass, cosa que me encanta por cierto. Por \u00faltimo, \u00bf\u00bf\u00bfno deber\u00edan ponerle a Kak\u00e1 videos de Zizou jugando por la banda izquierda??? creo que esa posicion le va al pelo. Gracias crack!<\/p>\n<p>R.- Marcelo ha demostrado que no es un lateral zurdo de garant\u00edas, aunque s\u00ed ha encontrado acomodo, y bueno, como interior izquierdo. El fichaje de Cesc creo que s\u00f3lo derrumbar\u00eda al Barcelona y no veo que Kak\u00e1 necesite ning\u00fan v\u00eddeo para volver a recuperar el tono (aunque los de Zidane no sobran): est\u00e1 bien ense\u00f1ado.<\/p>\n<p>P.- Buenos d\u00edas, \u00bfcree que ahora que Ra\u00fal ya no juega ser\u00e1 Casillas el que pase a ser foco de las cr\u00edticas? Por desgracia me parece que va a ser as\u00ed, porque ya sabemos como somos en este pa\u00eds&#8230;<\/p>\n<p>R.- Somos curiosos en este pa\u00eds, tienes raz\u00f3n, pero espero que Iker quede a salvo de nuestros impulsos destructivos. Le acompa\u00f1a un mejor talante.<\/p>\n<p>P.- Hola Juanma, una dif\u00edcil, \u00bfCre\u00e9s que existe la vida inteligente fuera de nuestro planeta? (por inteligente tmbi\u00e9n me refiero a animales o bichos) Muchas gracias<\/p>\n<p>R.- Cielos, Gonzalo, te contestar\u00e9, aunque no merezco m\u00e1s cr\u00e9dito que el de los bichos que pueden estar pululando por el espacio exterior. Es decir, que s\u00ed, que puede haber algo y que puede ser inteligente porque nos huye.<\/p>\n<p>P.- Buenas Juanma, \u00bfQu\u00e9 te parece Marko Jaric para el Real Madrid de Baloncesto? Gracias<\/p>\n<p>R.- No me gusta, ni me hace gracia, ni me motiva. Me parece un jugador de vuelta y ese tipo de deportistas no son buenos para el grupo. Espero que Messina no se equivoque, no suele&#8230;<\/p>\n<p>P.- \u00bfCual fue el motivo del descenso de nivel repentino de Eugeni Berzin, cuya carrera duro muy poco?<\/p>\n<p>R.- Piensa mal y acertar\u00e1s. De pleno.<\/p>\n<p>P.- No crees que el Pipita Higuain est\u00e1 infravalorado?. Por qu\u00e9 en el Real Madrid se valora solo a los jugadores mediaticos cuando son otros como en su d\u00eda, Ra\u00fal y ahora Higuain los que sacan las casta\u00f1as del fuego cuando a los craks no les apetece jugar o desparecen de los partidos? <\/p>\n<p>R.- Cada vez hay menos gente que no se rinde ante el inmenso talento de Higua\u00edn, guardado, eso s\u00ed, en un cuerpo que es m\u00e1s bien un disfraz de torpe.<\/p>\n","protected":false},"excerpt":{"rendered":"<p>El subdirector del Diario AS, Juanma Trueba ha charlado con los lectores sobre la actualidad que rodea al deporte en general y al f\u00fatbol en particular. ARCHIVO DE ENTREVISTAS:<br \/>\n15de diciembre &#8211;<br \/>\n09de diciembre &#8211;<br \/>\n02de diciembre &#8211;<br \/>\n25de noviembre &#8211;<br \/>\n18 de noviembre &#8211;<br \/>\n11 de noviembre &#8211;<br \/>\n29 de octubre &#8211;<br \/>\n21 de octubre &#8211;<br \/>\n14 de octubre &#8211;<br \/>\n8 de octubre &#8211;<br \/>\n30 de septiembre &#8211; 23 de septiembre &#8211; 16 de septiembre &#8211; 09 de septiembre &#8211; 02 de septiembre &#8211; 29 de Julio &#8211; 22 de Julio &#8211; 15 de Julio &#8211; 8 de Julio &#8211; 1 de Julio &#8211; 24 de junio &#8211; 17 de junio &#8211; 10 de junio &#8211; 03 de junio &#8211; 27 de mayo &#8211; 20 de mayo &#8211; 13 de mayo &#8211; 06 de mayo &#8211; 29 de abril &#8211; 22 de abril &#8211; 15 de abril- 8 de abril &#8211; 1 de abril &#8211; 25 de marzo &#8211; 18 de marzo &#8211; 11 de marzo &#8211; 4 de marzo &#8211; 25 de febrero &#8211; 11 de febrero &#8211; 28 de enero &#8211; 22 de enero &#8211; 14 de enero &#8211; 7 de enero &#8211; 17 de diciembre &#8211; 3 de diciembre &#8211; 26 de Noviembre &#8211; 20 de Noviembre &#8211; 13 de Noviembre &#8211; 6 de Noviembre &#8211; 30 de Octubre &#8211; 22 de Octubre &#8211; 16 de Octubre &#8211; 8 de Octubre &#8211; 1 de Octubre &#8211; 24 de Septiembre &#8211; 17 de Septiembre &#8211; 11 de Septiembre &#8211; 3 de Septiembre<\/p>\n","protected":false},"author":1,"featured_media":0,"comment_status":"open","ping_status":"open","sticky":false,"template":"","format":"standard","meta":{"footnotes":""},"categories":[],"tags":[],"class_list":["post-9353","post","type-post","status-publish","format-standard","hentry"],"_links":{"self":[{"href":"https:\/\/intervius.com\/index.html\/wp-json\/wp\/v2\/posts\/9353","targetHints":{"allow":["GET"]}}],"collection":[{"href":"https:\/\/intervius.com\/index.html\/wp-json\/wp\/v2\/posts"}],"about":[{"href":"https:\/\/intervius.com\/index.html\/wp-json\/wp\/v2\/types\/post"}],"author":[{"embeddable":true,"href":"https:\/\/intervius.com\/index.html\/wp-json\/wp\/v2\/users\/1"}],"replies":[{"embeddable":true,"href":"https:\/\/intervius.com\/index.html\/wp-json\/wp\/v2\/comments?post=9353"}],"version-history":[{"count":0,"href":"https:\/\/intervius.com\/index.html\/wp-json\/wp\/v2\/posts\/9353\/revisions"}],"wp:attachment":[{"href":"https:\/\/intervius.com\/index.html\/wp-json\/wp\/v2\/media?parent=9353"}],"wp:term":[{"taxonomy":"category","embeddable":true,"href":"https:\/\/intervius.com\/index.html\/wp-json\/wp\/v2\/categories?post=9353"},{"taxonomy":"post_tag","embeddable":true,"href":"https:\/\/intervius.com\/index.html\/wp-json\/wp\/v2\/tags?post=9353"}],"curies":[{"name":"wp","href":"https:\/\/api.w.org\/{rel}","templated":true}]}}