{"id":9351,"date":"2009-12-22T00:00:00","date_gmt":"2006-11-06T00:00:00","guid":{"rendered":"https:\/\/intervius.com\/index.html\/?p=9351"},"modified":"2006-11-06T00:00:00","modified_gmt":"2006-11-06T00:00:00","slug":"Tomas_Roncero9351","status":"publish","type":"post","link":"https:\/\/intervius.com\/index.html\/Tomas_Roncero9351\/","title":{"rendered":"Tom\u00e1s Roncero"},"content":{"rendered":"<p>Pregunta.- Buenas tomas!! aqui un admirador que te envidia&#8230; dime por qu\u00e9 no se fue a por Filipe Luis en verano?? es el mejor lateral izquierdo de la liga!! y ya estuvo en el Castilla!!<\/p>\n<p>Respuesta.- Gracias crack. Tienes raz\u00f3n. Filipe Luis es un lateral con recorrido, muy ofensivo y que defiende con bastante correcci\u00f3n. Algo inusual en los tiempos que corren., El problema es que el Depor lo tas\u00f3 en 12 millones de euros y pareci\u00f3 un poco caro. <\/p>\n<p>P.- \u00bfDas credito a los que dicen que Raul esta negociando irse al Blackburn con Michel Salgado?<\/p>\n<p>R.- Por supuesto que no. Ra\u00fal es el capit\u00e1n del Real Madrid y jam\u00e1s se arrastrar\u00e1 por los campos de f\u00fatbol. Seguro que al final de la temporada habr\u00e1 tenido su protagonismo y todos venerar\u00e1n su figura. Ra\u00fal, siempre fieles. <\/p>\n<p>P.- A ver Tom\u00e1s explicanos. Dices que Ribery est\u00e1 fichado y ahora se dice que Silva esta interesado: Los 2 no caben \u00bfsi o si?<\/p>\n<p>R.- Por supuesto que s\u00ed. Los buenos nunca son incompatibles. Me parece un futbolista especial el franc\u00e9s, por su car\u00e1cter ganador y su versatilidad. En cuanto a Silva es como un cuchillo jamonero. Vertical, r\u00e1pido y listo como pocos. <\/p>\n<p>P.- Tom\u00e1s, para cuando un cambio de foto en la web? Que esa corbata es la que usaba Jes\u00fas Hermida, tio, renovarse o morir!<\/p>\n<p>R.- Morir. Los que estamos acabados por edad (pero no por pensamiento) debemos dejar un legado basado en el cuidado de la imagen. La corbata antigua representa mi esp\u00edritu, que es innovador pero respetuoso con la historia. Por eso soy del Madrid, porque el club representa el sabor a esos maravillosos a\u00f1os que alegraron la vida en este pa\u00eds. <\/p>\n<p>P.- Hola Tom\u00e1s, \u00bfDonde te gusta mas que juegue Sergio Ramos?<\/p>\n<p>R.- De central me encanta por su fortaleza en el juego a\u00e9reo y por su capacidad de anticipaci\u00f3n, pero de dos tambi\u00e9n porque atacando es una m\u00e1quina y porque posee un despliegue f\u00edsico bestial. Ramos me gusta donde sea. El que es bueno&#8230;, es bueno. Y punto. <\/p>\n<p>P.- D\u00e1me \u00e1nimos Tom\u00e1s. Veo que esto est\u00e1 cambiando, el Bar\u00e7a es la referencia, tiene el reconocimiento de todo el mundo, juega bien y lo gana todo, y lo que es peor veo que todos los ni\u00f1os quieren ser del Bar\u00e7a. Lo percibo cuando viajo por europa. El otro dia le\u00ed que desde que tenemos democracia ellos tienen m\u00e1s titulos que nosotros y esto me preocupa.<\/p>\n<p>R.- No es verdad, en los \u00falitmos veinticinco a\u00f1os tenemos m\u00e1s Ligas que ellos y las mismas Copas de Europa. Adem\u00e1s, tenemos una Intercontinental m\u00e1s (2 a 1). Los ni\u00f1os siguen siendo el Madrid porque el mensaje de Laporta no cuela. Y no te agobies. Cada uno que sea del eqque quiera. Lo importante es que los que son del Madrid est\u00e1n en la parte del r\u00edo adecuada. Yo nunca me acomplejar\u00e9 por sentirme madridista. S\u00f3lo faltaba amigo. <\/p>\n<p>P.- Roncero eres mi ilodo! Crees que este equipo colectivamente ha llegado a su l\u00edmite? De que es capaz este Madrid? Un saludo<\/p>\n<p>R.- De todo. Est\u00e1 en rampa de lanzamiento y es el equipo m\u00e1s completo de Primera con diferencia. El Bar\u00e7a est\u00e1 saciado y el hambre es clave en el f\u00fatbol. <\/p>\n<p>P.- Hola Tom\u00e1s, esta semana vuelvo a insistir en la misma pregunta, espero esta vez sea la vencida. \u00bfqu\u00e9 sabes de Alipio esa joven promesa que fich\u00f3 el Madrid en la \u00e9poca de Calder\u00f3n? <\/p>\n<p>R.- Pues que el chaval se ha estancado un poco porque su crecimiento f\u00edsico ha condicionado su progresi\u00f3n futbol\u00edstica. Sigo creyendo que ser\u00e1 muy bueno, pero ser\u00e1 preciso cederle a un Primera para que explote de verdad. <\/p>\n<p>P.- Michel no acaba de despegar con el Geta, Hugo en la calle&#8230;\u00bfT\u00fa crees que alg\u00fan d\u00eda el madrid tendr\u00e1 un Pep? No me vale la respuesta de Ra\u00fal, porque creo que Ra\u00fal no tiene inteligencia t\u00e1ctica para ser entrenador<\/p>\n<p>R.- Discrepo, querida Manolita. Ra\u00fal sabe y lee el f\u00fatbol como Guardiola. Los dos son fan\u00e1ticos del f\u00fatbol y unos estudiosos de este maravilloso invento. Seguro que ambos funcionar\u00e1n igual, Guardiola ya lo ha demostrado. Ra\u00fal lo har\u00e1 dentro de dos a\u00f1os. Admito apuestas. <\/p>\n<p>P.- Buenos d\u00edas Sr. Roncero, \u00bfrecuerda cuando logr\u00f3 el \u00faltimo &#8220;Doblete&#8221; el R. Madrid?, y no me incluya torneos menores. Le agradecer\u00eda me informara ya que no lo encuentro.<\/p>\n<p>R.- Muy reciente. En el a\u00f1o 2002. El Madrid gan\u00f3 la Champions, la Intercontinental y la Supercopa de Europa. Triplete bestial. Y el doblete de Liga y Copa del Rey se remonta a 1989, con la Quinta del Buitre a todo trapo. <\/p>\n<p>P.- Hola Tomas, una pregunta de un Cule. Sin forofismos, usted realmente cree que Kaka se merecia estar nominado para el FIFA World Player? Que ha conseguido este jugador el a\u00f1o pasado? Saludos<\/p>\n<p>R.- Te lo cuento r\u00e1pido compa\u00f1ero. Kak\u00e1 gan\u00f3 con Brasil la Copa Confederaciones y fue designado como el mejor jugador del torneo. Ah\u00ed no estaban Messi, Cristiano y compa\u00f1\u00eda. Y Xabi, Iniesta y mi Casillas fueron s\u00f3lo semifinalistas. Kak\u00e1 deslumbr\u00f3 en el mejor torneo de selecciones del a\u00f1o 2009. \u00bfTe parece poco para estar ah\u00ed?<\/p>\n<p>P.- Tom, para quedar en Paz en esta epoca del a\u00f1o&#8230; concuerdas lo siguiente: Madrid el club mas grande de la historia, el Barca\/09 el mejor equipo de la histoia. Que dices?<\/p>\n<p>R.- Cierto lo primero pero falso lo segundo. No me lo tomes a mal. Si un alumno saca las mejores notas en un curso, no no puedes decir que es el mejor alumno de la historia de Oxford. Puedes decir que es el mejor un un curso concreto, pero lo importante es la trayectoria. Y ah\u00ed, el Madrid arrasa. Es lo que hay&#8230;<\/p>\n<p>P.- Pedazo de gol de CR9, el que le ha valido el premio Puskas. \u00a1Que gran nombre para un trofeo, pardiez!<\/p>\n<p>R.- Un acierto de la FIFA que les honra. Puskas fue grandioso y va siendo hora de venerar a los que nos han hecho diferentes, mejores y mas dignos. El f\u00fatbol debe mucho al artillero h\u00fangaro. Por eso, la portada de AS ha ido en su nombre: Ca\u00f1oncito Cristiano. Maravilloso homenaje. <\/p>\n<p>P.- \u00bfHa sido Casillas el mejor portero del a\u00f1o cuando en dos de los partidos m\u00e1s importantes que ha jugado con su equipo [Liverpool, Bar\u00e7a] recibi\u00f2 la friolera de 10 goles?<\/p>\n<p>R.- Sencillo. S\u00f3lo los n\u00fameros uno tienen derecho a equivocarse un d\u00eda. Si no, ser\u00edan asquerosos y funcionariales. Casillas es la leche y es l\u00f3gico que lo designen como mejor portero del Mundo. No se me ocurre otro que se acerque siquiera a \u00e9l&#8230; <\/p>\n<p>P.- Hola Tom\u00e1s, un gran saludo desde la pe\u00f1a cirbonera de Cintru\u00e9nigo. Te veo en Punto Pelota. No desistas nunca en denunciar lo del Chelsea, pese a quien pese. Sin ese robo no habr\u00eda 6 t\u00edtulos, solo 3, as\u00ed que no nos vendan la moto, y mant\u00e9n alta la dignidad del Real. Una pregunta, \u00bfqu\u00e9 rival crees que va a ser el otro finalista de la Champions? Yo creo que el arsenal.<\/p>\n<p>R.- Grandiosa pe\u00f1a. Lo del \u00e1rbitro del Chelsea es la gran verdad. S\u00f3lo s\u00e9 que si no es por el noruego al menos tres t\u00edtulos se hubieran quedado en el camino (Champions, Mundialito y Supercopa de Europa). La verdad es la que es y no es ni envidia ni rencor. Es sensatez. Me alegro por ser un club espa\u00f1ol, pero eso es tan cierto como que sin ayudas y esa suerte que a veces tienen los campeones, los seis t\u00edtulos se hubieran quedado en dos o tres como m\u00e1ximo. El f\u00fatbol tiene estas cosas&#8230; <\/p>\n","protected":false},"excerpt":{"rendered":"<p>El redactor jefe del Diario AS, Tom\u00e1s Roncero ha charlado con los lectores de la actualidad del Real Madrid. <\/p>\n<p>ARCHIVO DE ENTREVISTAS:<\/p>\n<p>15 de diciembre &#8211; 09 de diciembre &#8211; 01 de diciembre &#8211; 24 de noviembre &#8211; 17 de noviembre &#8211; 10 de noviembre &#8211; 5 de noviembre &#8211; 27 de octubre &#8211; 20 de octubre &#8211; 13 de octubre &#8211; 06 de octubre &#8211; 29 de septiembre &#8211; 22 de septiembre &#8211; 15 de septiembre &#8211; 08 de septiembre &#8211; 01 de septiembre &#8211; 25 de agosto &#8211; 28 de julio &#8211; 20 de julio &#8211; 14 de julio &#8211; 07 de julio &#8211; 30 de junio &#8211; 16 de junio &#8211; 16 de junio &#8211; 09 de junio &#8211; 02 de junio &#8211; 26 de mayo &#8211; 19 de mayo &#8211; 12 de mayo &#8211; 5 de mayo &#8211; 28 de abril &#8211; 21 de abril &#8211; 14 de abril &#8211; 07 de abril &#8211; 31 de marzo &#8211; 25 de marzo &#8211; 17 de marzo &#8211; 24 de febrero &#8211; 17 de febrero &#8211; 10 de febrero &#8211; 2 de julio &#8211; 14 de junio <\/p>\n","protected":false},"author":1,"featured_media":0,"comment_status":"open","ping_status":"open","sticky":false,"template":"","format":"standard","meta":{"footnotes":""},"categories":[],"tags":[],"class_list":["post-9351","post","type-post","status-publish","format-standard","hentry"],"_links":{"self":[{"href":"https:\/\/intervius.com\/index.html\/wp-json\/wp\/v2\/posts\/9351","targetHints":{"allow":["GET"]}}],"collection":[{"href":"https:\/\/intervius.com\/index.html\/wp-json\/wp\/v2\/posts"}],"about":[{"href":"https:\/\/intervius.com\/index.html\/wp-json\/wp\/v2\/types\/post"}],"author":[{"embeddable":true,"href":"https:\/\/intervius.com\/index.html\/wp-json\/wp\/v2\/users\/1"}],"replies":[{"embeddable":true,"href":"https:\/\/intervius.com\/index.html\/wp-json\/wp\/v2\/comments?post=9351"}],"version-history":[{"count":0,"href":"https:\/\/intervius.com\/index.html\/wp-json\/wp\/v2\/posts\/9351\/revisions"}],"wp:attachment":[{"href":"https:\/\/intervius.com\/index.html\/wp-json\/wp\/v2\/media?parent=9351"}],"wp:term":[{"taxonomy":"category","embeddable":true,"href":"https:\/\/intervius.com\/index.html\/wp-json\/wp\/v2\/categories?post=9351"},{"taxonomy":"post_tag","embeddable":true,"href":"https:\/\/intervius.com\/index.html\/wp-json\/wp\/v2\/tags?post=9351"}],"curies":[{"name":"wp","href":"https:\/\/api.w.org\/{rel}","templated":true}]}}