{"id":9342,"date":"2011-11-07T00:00:00","date_gmt":"2006-11-06T00:00:00","guid":{"rendered":"https:\/\/intervius.com\/index.html\/?p=9342"},"modified":"2006-11-06T00:00:00","modified_gmt":"2006-11-06T00:00:00","slug":"Inmaculada_Rodriguez-Pinero9342","status":"publish","type":"post","link":"https:\/\/intervius.com\/index.html\/Inmaculada_Rodriguez-Pinero9342\/","title":{"rendered":"Inmaculada Rodr\u00edguez-Pi\u00f1ero"},"content":{"rendered":"<p>Pregunta.- Buen d\u00eda. \u00bfC\u00f3mo valora el cambio de discurso del PP en materia de pol\u00edtica h\u00eddrica?<\/p>\n<p>Respuesta.- Buenos d\u00edas Robert, me parece inadmisible que el PP haya utilizado el trasvase del Ebro como un arma arrojadiza y de desgaste del gobierno y haya enga\u00f1ado a todos los valencianos. Como tambi\u00e9n me parece inadmisible que hayan impedido que entren en funcionamiento las desaladoras que hemos construido como la de Torrevieja y que Dolores de Cospedal niegue el trasvase Tajo &#8211; Segura. Fabra y el PP valenciano debe exigir sin m\u00e1s demora que autoricen el trasvase y demostrar que si creen en una pol\u00edtica h\u00eddrica la tienen que defender dentro de su partido.<\/p>\n<p>P.- \u00bfEs usted una alternativa en el PSPV?<\/p>\n<p>R.- No Josep.<\/p>\n<p>P.- Con respecto a la Administraci\u00f3n del Estado, cual va a ser la pol\u00edtica econ\u00f3mica a desarrollar?<\/p>\n<p>R.- Hemos elaborado un programa ambicioso pero realista. Todas las medidas estas cuantificadas y son financiables. Los cuatro ejes del programa econ\u00f3mico pasan por, primero, cumplir el plan de estabilidad realizando un ajuste inteligente por el lado de los gastos y de los ingresos, para que los que m\u00e1s tienen contribuyan m\u00e1s a financiar las pol\u00edticas de empleo y los servicios p\u00fablicos esenciales. Segundo, adoptar las medidas necesarias para que vuelva a fluir el cr\u00e9dito a las familias y las empresas, y eso pasa necesariamente por reivindicar en Europa una pol\u00edtica monetaria fuerte, con un tesoro europeo que emita eurobonos, con el BCE comprometido con la reactivaci\u00f3n econ\u00f3mica y por una agencia de calificaci\u00f3n europea. Tercero, conseguir una economia m\u00e1s competitiva facilitando la creaci\u00f3n de m\u00e1s y mejores empresas mediante una Ley de fomento empresarial con medidas financieras y fiscales para potenciar la innovaci\u00f3n, la internacionalizaci\u00f3n y el desarrollo empresarial. Cuarto, pol\u00edticas activas de empleo diferenciando seg\u00fan las necesidades de los colectivos en paro, especialmente los j\u00f3venes y las posibilidades de empleo de nuestras empresas. Por eso proponemos un plan de empleo juvenil por importe de 2400 millones de euros y 16 planes sectoriales para potenciar la creaci\u00f3n de empleo en los sectores que tienen m\u00e1s potencial. <\/p>\n<p>P.- \u00bfQue % de trabajo en negro hay en la Comunidad Valenciana?<\/p>\n<p>R.- A nivel nacional se estima entorno a un 20% &#8211; 25% la economia sumergida es un lastre, ya que compite de manera desleal con las empresas que si pagan impuestos y niegan a los trabajadores sus derechos, por eso nosotros proponemos en nuestro programa electoral, una oficina integral contra el gran fraude que incluir\u00e1 a todos los agentes que luchan contra el fraude organizado incluyendo a la inspecci\u00f3n de trabajo.<\/p>\n<p>P.- \u00bfVe bien que el PP no haya incluido una referencia expl\u00edcita el trasvase del Ebro en su programa electoral? Gracias. <\/p>\n<p>R.- Hola Emma, me parece un enga\u00f1o a los valencianos la campa\u00f1a de agua para todos que hemos pagado con dinero de la Generalitat reivindicando el trasvase del Ebro, que ahora rechazan porque el PP gobierna en Aragon y los pactos electorales con el PAR lo exigieron como moneda de cambio. Nuestra pol\u00edtica h\u00eddrica siempre ha sido la misma, y doy la bienvenida al PP al cambio de posici\u00f3n.<\/p>\n<p>P.- Buenos d\u00edas. \u00bfVa a alardear de haber llevado el AVE a Valencia? <\/p>\n<p>R.- Buenos d\u00edas David, no creo que sea alardear reconocer que ha sido el gobierno socialista el que ha traido el AVE a Valencia. Cuando llegamos al gobierno en el 2004 se habia colocado una traviesa y la mayoria de proyectos sin hacer. En 6 a\u00f1os hemos invertido, ejecutado y pagado toda la infraestructura, poniendo en servicio el AVE en diciembre del a\u00f1o pasado. Alardear no es reconocer lo que se ha hecho, alardear es lo que ha hecho el PP con el corredor mediterraneo, que no lo apoyo, ahora ha intentado apuntarse el tanto y adem\u00e1s no lo incluyen en su programa electoral y nosotros si.<\/p>\n<p>P.- \u00bfCree usted que su partido ha llevado a cabo pol\u00edticas en materia de econom\u00eda y empleo para remediar la crisis econ\u00f3mica?Si es as\u00ed, \u00bfCu\u00e1les han sido?<\/p>\n<p>R.- Evidentemente, Espa\u00f1a no ha sido intervenida y esta fuera de la primera l\u00ednea de peligro gracias a las reformas llevadas a cabo, a las pol\u00edticas de ajuste aplicadas y al cumplimiento del plan de estabilidad. La reforma del mercado de trabajo, la de las pensiones y la reestructuraci\u00f3n bancaria, que han sido apoyadas por los Organismos Internacionales y la Comisi\u00f3n Europea, son un buen ejemplo. En materia de empleo, se ha mejorado la pol\u00edtica de bonificaciones y reducci\u00f3n de la dualidad de tipos de contrato y se han adoptado medidas urgentes como bonificaciones de hasta el 50% en las cuotas a la Seguridad Social para mantener los puestos de trabajo y reformas en las pol\u00edticas activas de empleo para adaptarlas a la realidad del mercado laboral y aumentar su eficac\u00eda para la reinserci\u00f3n en el mercado de los desempleados.<\/p>\n<p>P.- Si el programa econ\u00f3mico del PSOE apuesta por la industria para la creaci\u00f3n de empleo, \u00bfno ser\u00eda necesario desarrollar una pol\u00edtica energ\u00e9tica m\u00e1s realista, que abarate la energ\u00eda?<\/p>\n<p>R.- La pol\u00edtica energ\u00e9tica tambi\u00e9n es un eje de nuestro programa y para conseguir su abaratamiento es imprescindible que sea m\u00e1s intensiva en las fuentes energ\u00e9ticas propias que son las energias renovables. Por eso apostamos por el desarrollo de estas energias limpias.<\/p>\n<p>P.- Algunas de las reivindicaciones del Movimiento 15M las apoyar\u00edamos todos, como es la desaparici\u00f3n de los paraisos fiscales y perseguir con m\u00e1s ahinco las evasiones de capital y a los defraudadores \u00bfHasta qu\u00e9 punto el PSOE ha escuchado estas reivindicaciones?<\/p>\n<p>R.- Estamos completamente de acuerdo, apoyamos seguir trabajando coordinadamente a nivel internacional para acabar con el lastre que suponen los paraisos fiscales. Una de nuestras medidas m\u00e1s importantes es la creaci\u00f3n de la Oficina integral contra el fraude fiscal, para conseguir una mayor eficacia contra los defraudadores.<\/p>\n<p>P.- Buenos d\u00edas. Ni el caso G\u00fcrtel ni las presuntas corrupciones del ex presidente de la Diputaci\u00f3n de Castell\u00f3n, Carlos Fabra, han mermado las posibilidades del PP en la Comunidad Valenciana. \u00bfA qu\u00e9 obedece el desplome del socialismo valenciano?<\/p>\n<p>R.- El PP ha sido muy eficaz en ofrecer una realidad virtual de la que los valencianos estan despertando. El azote de la crisis en esta Comunidad y la mala gesti\u00f3n econ\u00f3mica, financiera y social de la Generalitat Valenciana va calando. Nuestro objetivo sigue siendo ponerlo de manifiesto y en ese sentido tenemos que seguir avanzando, analizando nuestros errores y corrigiendolos. La manera en que el PP ejerce su mayoria absoluta y los obstaculos que pone a los partidos como el nuestro que estamos en la oposici\u00f3n, dificultan nuestra tarea.<\/p>\n<p>P.- Me parece bien que existan recortes en todos los \u00e1mbitos de la sociedad espa\u00f1ola para poder salir de la crisis, pero lo que no me parece correcto es que los pol\u00edticos sigan cobrando el mismo salario o m\u00e1s que antes de la recesi\u00f3n econon\u00f3mica e incluso rentas vitalicias, como el caso de los ex presidentes del gobierno. \u00bfSe plantean alg\u00fan cambio en cuanto a bajadas de salarios y equiparaci\u00f3n de derechos al resto de ciudadanos de a pie en la pr\u00f3xima legislatura? gracias. saludos<\/p>\n<p>R.- Hola Anais, debes saber que el principal recorte salarial se ha producido en los sueldos de los pol\u00edticos que ocupan puestos en la administraci\u00f3n del Estado. En nuestro programa llevamos que un pol\u00edtico, un sueldo, algo que ya practicamos los socialistas por nuestras propias reglas internas. Tambi\u00e9n debes de saber que los diputados, por ejemplo no tienen derecho al paro. Respecto a lo que comentas de los ex presidentes del gobierno, en todos los paises democr\u00e1ticos esta regulado que tengan un estatus especial. Lo que no se debe es abusar de ello.<\/p>\n<p>P.- Hola Inmaculada \u00bfPor qu\u00e9 crees que el PP sigue encandilando a los ciudadanos con rebajas fiscales y no habla ni de Europa como unidad econ\u00f3mica o de incrementar la progresividad fiscal gravando a los que mas tienen? Un saludo<\/p>\n<p>R.- Hola Esteban, creo que el PP no se ha enterado de que va esta crisis y no le interesa reconocer que estamos viviendo la mayor y m\u00e1s compleja crisis desde 1929. Ellos siempre defienden que paguen menos los que m\u00e1s tienen, justo lo contrario de lo que nosotros defendemos. Nosotros tenemos que explicar a los ciudadanos que la ecuaci\u00f3n del PP de bajar impuestos, mantener el estado de bienestar y cumplir el plan de estabilidad no es posible, es una ecuaci\u00f3n irresoluble. Mira lo que esta pasando en la Comunidad Valenciana, Madrid o Murcia. Respecto a Europa, sinceramente no tienen posici\u00f3n y de esta crisis no se sale si no es con m\u00e1s y mejor Europa, con autenticos l\u00edderes europeos, con instituciones m\u00e1s \u00e1giles y eficientes capaces de implementar las medidas acordas con rapidez, con una pol\u00edtica monetaria com\u00fan m\u00e1s potente, con m\u00e1s instrumentos, como los eurobonos que son imprescindibles.<\/p>\n<p>P.- \u00bfLe parece una soluci\u00f3n posible, ante la falta de trabajo y dado que buena parte de esta falta es estructural, repartir el que hay, manteniendo los costes para no perjudicar la competitividad? <\/p>\n<p>R.- Si, es el modelo alem\u00e1n, Espa\u00f1a necesita ser m\u00e1s competitiva porque producimos mejor y no bajando los costes salariales como propone el PP.<\/p>\n","protected":false},"excerpt":{"rendered":"<p>Inmaculada Rodr\u00edguez-Pi\u00f1ero, cabeza de lista del PSOE en Valencia, fue hasta el pasado mes de octubre secretaria general de Infraestructuras del Ministerio de Fomento. Adem\u00e1s, es una de las diez personas que el candidato socialista a la Presidencia del Gobierno, Alfredo P\u00e9rez Rubalcaba, eligi\u00f3 para preparar las elecciones y el programa electoral. Dentro de este equipo, es la responsable del \u00e1rea econ\u00f3mica del programa del PSOE. <\/p>\n","protected":false},"author":1,"featured_media":0,"comment_status":"open","ping_status":"open","sticky":false,"template":"","format":"standard","meta":{"footnotes":""},"categories":[],"tags":[],"class_list":["post-9342","post","type-post","status-publish","format-standard","hentry"],"_links":{"self":[{"href":"https:\/\/intervius.com\/index.html\/wp-json\/wp\/v2\/posts\/9342","targetHints":{"allow":["GET"]}}],"collection":[{"href":"https:\/\/intervius.com\/index.html\/wp-json\/wp\/v2\/posts"}],"about":[{"href":"https:\/\/intervius.com\/index.html\/wp-json\/wp\/v2\/types\/post"}],"author":[{"embeddable":true,"href":"https:\/\/intervius.com\/index.html\/wp-json\/wp\/v2\/users\/1"}],"replies":[{"embeddable":true,"href":"https:\/\/intervius.com\/index.html\/wp-json\/wp\/v2\/comments?post=9342"}],"version-history":[{"count":0,"href":"https:\/\/intervius.com\/index.html\/wp-json\/wp\/v2\/posts\/9342\/revisions"}],"wp:attachment":[{"href":"https:\/\/intervius.com\/index.html\/wp-json\/wp\/v2\/media?parent=9342"}],"wp:term":[{"taxonomy":"category","embeddable":true,"href":"https:\/\/intervius.com\/index.html\/wp-json\/wp\/v2\/categories?post=9342"},{"taxonomy":"post_tag","embeddable":true,"href":"https:\/\/intervius.com\/index.html\/wp-json\/wp\/v2\/tags?post=9342"}],"curies":[{"name":"wp","href":"https:\/\/api.w.org\/{rel}","templated":true}]}}