{"id":9341,"date":"2009-12-21T00:00:00","date_gmt":"2006-11-06T00:00:00","guid":{"rendered":"https:\/\/intervius.com\/index.html\/?p=9341"},"modified":"2006-11-06T00:00:00","modified_gmt":"2006-11-06T00:00:00","slug":"Jose_Samano9341","status":"publish","type":"post","link":"https:\/\/intervius.com\/index.html\/Jose_Samano9341\/","title":{"rendered":"Jos\u00e9 S\u00e1mano"},"content":{"rendered":"<p>Pregunta.- \u00bfEn que se parece este Madrid de Pelegrini al del Villarreal?. <\/p>\n<p>Respuesta.- Buenas tardes a todos y gracias por vuestra intervenci\u00f3n. No creo que el Madrid y el Villarreal se parezcan en casi nada, salvo en la movilidad ofensiva. De entrada, en el Villarreal a Pellegrini le gustaba m\u00e1s jugar con interiores (Cazorla, Pires), que con extremos, es decir, con jugadores que lleguen de bander\u00edn a bander\u00edn. En Madrid, Marcelo juega m\u00e1s pegado a la orilla y Lass, por la derecha, no es extremo ni interior. S\u00ed advierto similitudes en ataque, donde ni entonces ni ahora Pellegrini apuesta por un ariete cl\u00e1sico, sino por jugadores que barren todo el frente de ataque y ofrecen mucho dinamismo (Nihat, De Rossi \/ CR, Higua\u00edn&#8230;) <\/p>\n<p>P.- Muy buenas tardes.\u00bfno cree usted que el Real Madrid ha terminado jugando mejor que el Barcelon este a\u00f1o(refiriendome al ultimo mes,diciembre)?por otro lado yo pienso que el Barcelona puede que pague la escasez de plantilla y sobre todo el exceso de partidos, aumentado con inutiles bolos como el de Kuwait que se juega hoy,\u00bfque opina usted al respecto? Aun asi creo que la liga que nos espera puede ser historica y extremadamente competitiva<\/p>\n<p>R.- Me quedo con su reflexi\u00f3n final. Tambi\u00e9n espero un campeonato apasionante, un pulso entre los dos mejores y m\u00e1s atractivos equipos de Europa. El Madrid ha terminado jugando bien, al estilo que corresponde al perfil de su plantilla: energ\u00eda, v\u00e9rtigo, dinamismo, movilidad, intensidad&#8230; Lo del Bar\u00e7a es otra sinton\u00eda: posesi\u00f3n, pausa, enga\u00f1o, extremos, la pelota con MAY\u00daSCULAS. Las dos v\u00edas son v\u00e1lidas. El Bar\u00e7a est\u00e1 cuajado; para el Madrid, cualquier diagn\u00f3stico es a\u00fan prematuro, pero en Mestalla y ante el Zaragoza me ha dejado pistas que no le ve\u00eda desde la primera galaxia. En cuanto al calendario, claro que el Bar\u00e7a puede pagarlo, pero recuerde una m\u00e1xima: ganar no cansa a nadie. <\/p>\n<p>P.- Hola Jos\u00e9. Le pregunto sobre dos jugadores j\u00f3venes y con talento. Pedro Le\u00f3n y Pedro. \u00bfLes ve con posibilidades de ir al Mundial? Gracias y un saludo.<\/p>\n<p>R.- Los dos me gustan mucho, pero les veo lejos del Mundial, m\u00e1s que nada porque el grupo de Del Bosque est\u00e1 muy hecho y lo que funciona casi nunca debe tocarse demasiado. De Pedro Le\u00f3n me encanta sobremanera su forma de pegar al bal\u00f3n, pero corre el riesgo de limitarse a esa suerte y creo que puede participar m\u00e1s en otros registros. Con M\u00edchel aprender\u00e1. En cuanto a Pedro, me parece un producto gen\u00e9ticamente guardiolista y tengo algunas de dudas de que pudiera rendir igual en otro paisaje que no fuera el Bar\u00e7a. Es curioso su caso: es un extremo sin regate (lo mismo le suced\u00eda a Stoichkov) y su gran cualidad es poner su velocidad al servicio del equipo. Lo mismo hac\u00eda el &#8220;dream team&#8221; con el b\u00falgaro. Y, por lo visto, como aquel, Pedro tiene gol. Veremos si s\u00f3lo es una racha. Para un equipo que ensancha el campo y tiene interiores tan precisos e imaginativos como Xavi e Iniesta, Pedro es un abrelatas cuando esprinta con su marcador y recibe la pelota a espaldas de \u00e9ste. Conoce bien, muy bien, la pizarra de Guardiola.<\/p>\n<p>P.- Buenas tardes: \u00bfQue en todos los partidos, se vaya ganando, empatando o perdiendo los cambios de Pelegrini sean meter delanteros (Ra\u00fal y Benzema) lo considera una valent\u00eda t\u00e1ctica o una cobard\u00eda en favor de los ilustres?<\/p>\n<p>R.- Un ejercicio de valent\u00eda. Al fin y al cabo, la delantera es la l\u00ednea m\u00e1s y mejor poblada de la plantilla, luego me parece l\u00f3gico que sea la veta que m\u00e1s se explote. Eso s\u00ed: no siempre con m\u00e1s delanteros en el campo se ataca m\u00e1s y mejor, ni con m\u00e1s defensas se baja la persiana con mayor firmeza. Nada como el equilibrio.<\/p>\n<p>P.- Buenas tardes; si analizamos aspecto por aspecto, resulta de gran complejidad argumentar que el futbol que ha desarrollado el FC Barcelona en 2009, no roza la perfecci\u00f3n. No obstante, \u00bfes l\u00edcito elogiar siempre a un equipo &#8220;mon\u00f3logo&#8221; que esconde el bal\u00f3n al equipo contrario durante al menos el 75% del tiempo de juego?<\/p>\n<p>R.- No s\u00f3lo es que sea l\u00edcito, por supuesto, sino que es una gozada. Al menos para m\u00ed apetito.<\/p>\n<p>P.- Yo creo que CR9 es mejor jugador que Messi. El gran barca hace de sus jugadores mucho m\u00e1s de lo que son&#8230; \u00bfqu\u00e9 ser\u00eda de Keita en el Madrid? CR9 tiene un poco menos de regate electrico, pero en disparo, pase, t\u00e9cnica, velocidad, gol, remate de cabeza, faltas, potencia, f\u00edsico&#8230;. (belleza, soberbia)&#8230; gana a Messi&#8230; \u00bfqu\u00e9 opinas? No hay mas que ver a Messi en la selecci\u00f3n Argentina y a CR9 en la portuguesa.<\/p>\n<p>R.- Llega un momento que el debate sobre ambos resulta similar al de si se quiere m\u00e1s a pap\u00e1 o a mam\u00e1. Los dos son excelentes, un potos\u00ed para la Liga espa\u00f1ola. Los dos ganan partidos por su cuenta y ambos hacen mejores a sus equipos; lo mismo que sus equipos a ellos, aunque en el caso de Messi, por su mayor integraci\u00f3n, es algo m\u00e1s evidente. Me quedo con la velocidad de ambos, el regate de Messi, el disparo de CR, la picard\u00eda del argentino, la potencia del luso. No estoy tan seguro de que Messi vaya a rebufo en visi\u00f3n de juego (s\u00f3lo hay que ver qu\u00e9 sucede cuando se ubica a espaldas de Ibrahimovic) ni en el remate de cabeza (recuerdo la cara de susto de Van der Saar en Roma). Por el aire, CR explota su potencia; Messi se busca una rendija entre la selva del \u00e1rea. Dos lujos.<\/p>\n<p>P.- Como se comparan las 2 fotos deportivas de estas portadas? http:\/\/www.elpais.com\/archivo\/hemeroteca.html?cals=0&#038;day=4&#038;month=12&#038;year=2002 http:\/\/www.elpais.com\/archivo\/hemeroteca.html?ed=&#038;day=20&#038;month=12&#038;year=2009&#038;cals=0<\/p>\n<p>R.- Puro periodismo, no veamos fantasmas donde no los hay. En 2002, cuando el Madrid gan\u00f3 su tercera Intercontinental, el desastre del Prestige amenazaba como la peste a las costas gallegas. Aqu\u00e9l d\u00eda, Francia declar\u00f3 la alerta en sus costas. El pasado domingo, no hubo un hecho informativo de similar relevancia y la victoria cul\u00e9 tuvo m\u00e1s portada. Un acierto de la direcci\u00f3n; adem\u00e1s era el broche a una temporada hist\u00f3rica, quiz\u00e1 irrepetible. <\/p>\n<p>P.- \u00bfQue le pasa al Sevilla que en las \u00faltimas cuatro jornadas solo ha conseguido ganar al Sporting por la m\u00ednima, empatar contra rivales como Valladolid y Malaga y esta jornada ha perdido contra el Getafe?<\/p>\n<p>R.- Es curioso lo que le ha sucedido. Se ha desplomado de forma inesperada y, si no me falla la memoria, la cuesta abajo empez\u00f3 en un partido sin demasiada trascendencia, en Rumania ante el Urinea con la clasificaci\u00f3n ya ganada. Desde entonces no ha remontado. La baja de Luis Fabiano tambi\u00e9n tiene su peso. No obstante, es habitual que algunos equipos cargados en el calendiario hagan el acorde\u00f3n. Me parece que el Sevilla volver\u00e1 en plenitud.<\/p>\n<p>P.- Buenas tardes, Jos\u00e9 \u00bfQu\u00e9 te parece la opci\u00f3n inglesa de seguir jugando partidos en Navidad? \u00bfCrees que es beneficioso para la liga inglesa?<\/p>\n<p>R.- Por supuesto. Ojal\u00e1 Espa\u00f1a tomara nota de la Premier en esas y otras muchas cuestiones. Es l\u00f3gico que un espect\u00e1culo no pare cuando m\u00e1s tiempo de ocio tiene su clientela.<\/p>\n<p>P.- En mi opini\u00f3n el planteamiento de Guardiola, condicionado por la falta de Iniesta, que oblig\u00f3 a ubicar a Messi en una posici\u00f3n an\u00f3mala, y por lo pegajoso del adversario, provoc\u00f3 que el Barcelona careciese de variantes t\u00e1cticas a lo largo del partido, lo que habitualmente es una de sus se\u00f1as de identidad, y de ah\u00ed ese juego dominador, pero aburrido y poco efectivo que vimos, y el recurso a la caballer\u00eda en los \u00faltimos 20 minutos \u00bfno lo consider\u00f3 Ud. as\u00ed?<\/p>\n<p>R.- Al contrario, vi una gran variedad t\u00e1ctica en Guardiola, que movi\u00f3 las teclas con gran acierto. Primer cambio: Pedro al extremo y Messi tras Ibra; luego, Jeffren m\u00e1s punzante que Henry; Piqu\u00e9 hizo al final de Alexanco (suyo fue el cabezazo para el gol de Pedro); y en el pr\u00f3rroga, vuelta al sistema inicial pero ya con cuatro delanteros.<\/p>\n<p>P.- Buenas tardes, viendo la trayectoria actual del Atl\u00e9tico de Madrid, \u00bfusted cree que va a sufrir mucho toda la temporada que queda?, \u00bfcu\u00e1l ser\u00eda la soluci\u00f3n para remediar esto?. Espero como aficionado colchonero no sufrir tanto, un saludo<\/p>\n<p>R.- Me temo que a los atl\u00e9ticos les queda un tiempo de calvario. El equipo no despega, no hay forma, por mucho que cambie al t\u00e9cnico. Creo que est\u00e1 demasiado supeditado al Kun y a Forl\u00e1n, y no le vale ya con uno, sino que necesita a los dos en plenitud. Su defensa es calamitosa y el centro del campo no tiene chicha. Le falta talento, voluntad y, por lo que dicen, chequera. Mal asunto.<\/p>\n<p>P.- Buenas tardes, se\u00f1or S\u00e1mano, ante todo, mis felicitaciones por su modelo de redacci\u00f3n period\u00edstica. Mi pregunta es: \u00bfSabr\u00eda usted explicarme por qu\u00e9 un f\u00fatbol como el alem\u00e1n, tan competitivo a nivel de selecciones, presenta un nivel que se acerca a la mediocridad a nivel de clubs? me resulta bastante llamativo que no haya, salvo el Bayern de Munich, grandes equipos competitivos, y que haya clubes que ganen la Liga y a\u00f1os posteriores mantengan un nivel rampl\u00f3n. Muchas gracias. Un saludo<\/p>\n<p>R.- Gracias. Quiz\u00e1 la &#8220;dictadura&#8221; del Bayern M\u00fanich tenga algo que ver. Cada verano se encarga de arrasar en el mercado a todos sus rivales. Por ello, detr\u00e1s del Bayern, en un tiempo est\u00e1 el Dortmund, en otro el Schalke, el Wolsburgo, el Leverkusen o el Werder Bremen. Son clubes vendedores y pierden regularidad.<\/p>\n<p>P.- \u00bfEs mala la cantera del Real Madrid o simplemente es que la del Bar\u00e7a es extraordinaria?<\/p>\n<p>R.- Son dos formas de entender estos tiempos: el Bar\u00e7a cocina para s\u00ed mismo; el Madrid, para los dem\u00e1s.<\/p>\n<p>P.- Hola Jos\u00e9. \u00bfCu\u00e1l es la causa, seg\u00fan su opini\u00f3n, de que Pep Guardiola no haya todav\u00eda renovado su contrato con el bar\u00e7a? Gr\u00e1cias y adelante.<\/p>\n<p>R.- En alguien tan obsesivo y entregado a la causa, el desgaste f\u00edsico y mental que lleva a cuestas hace que se lo piense. Guardiola es alguien con muchas inquietudes, personales, deportivas y culturales, y no le veo mucho tiempo atado a la misma silla. Adem\u00e1s, me puedo imaginar sus escalofr\u00edos ante las inminentes turbulencias electorales.<\/p>\n<p>P.- Buenas tardes, Jos\u00e9. Se ha escrito mucho sobre este Barcelona. A\u00fan as\u00ed, al final he echado en falta un art\u00edculo tuyo analizando lo que sinifica este Bar\u00e7a para los aficionados al f\u00fatbol, para la historia de este deporte, en general, para el deporte. Es, en un deporte colectivo, de los equipos m\u00e1s grandes que he visto en mi vida. <\/p>\n<p>R.- He escrito mucho sobre este Bar\u00e7a. Le resumir\u00e9 mi opini\u00f3n: es el equipo que m\u00e1s se acerca a la perfecci\u00f3n de cuantos he visto; sin duda, es el m\u00e1s tractivo. Guardiola me parece el mejor ventilador que ha tenido el f\u00fatbol en muchos, muchos a\u00f1os, por su capacidad t\u00e1ctica, por su entrega, por su forma de manejar los egos, por su respeto en la victoria y en la derrota, por su capacidad de an\u00e1lisis. Por todo. Si alguien tambi\u00e9n ha salido beficiado de esre Bar\u00e7a ha sido la selecci\u00f3n espa\u00f1ola, hoy con m\u00e1s gancho que nunca y triunfal <\/p>\n<p>P.- Buenas tardes, Jos\u00e9, quer\u00eda preguntarle por Marc Muniesa. En un art\u00edculo de El Pa\u00eds, creo que era suyo, hablaban de Muniesa como &#8220;la futura estrella&#8221; ya identificada por Guardiola. Sin embargo, parece que no ha tenido hasta ahora especial protagonismo, y s\u00ed otros jugadores como Pedro, Jeffren, Dos Santos e incluso Assulin y Font\u00e1s. \u00bfCree que se trata de un jugador de gran proyecci\u00f3n? Gracias.<\/p>\n<p>R.- El a\u00f1o pasado estuvo en las finales de Copa y Champions. Me consta que Guardiola le da cr\u00e9dito, pero el chico tuvo una lesi\u00f3n grave hace no mucho y quiz\u00e1 se haya frenado un poco. Le he visto en la selecci\u00f3n y es un defensa muy vers\u00e1til, con buen manejo de la pelota y f\u00edsicamente bien forrado para la tarea defensiva. Los jugadores, con otros tantos j\u00f3venes en la vida, no siempre tienen un crecimiento regular.<\/p>\n<p>P.- Afectar\u00e1 el proceso electoral a este Barcelona que creo adem\u00e1s se encuentra fisicamente flojo?<\/p>\n<p>R.- M\u00e1s de lo que Guardiola y los suyos desear\u00edan. Laporta no es precisamente alguien prudente y cauteloso.<\/p>\n<p>P.- \u00bfC\u00f3mo se explica que un equipo como el almer\u00eda de tan limitada plantilla y posibilidades se permita el lujo de andar cesando entrenadores un a\u00f1o tras otro? \u00bfha fracasado hugo s\u00e1nchez a su entender? MUCHAS GRACIAS Y FELIZ NAVIDAD.<\/p>\n<p>R.- No. Ha fracasado quien le utiliza como escudo para esconder la realidad de un modesto equipo sin apenas fichajes que, como tantos otros, deber\u00e1 luchar por evitar el descenso. Hay quien vive en Marte.<\/p>\n<p>P.- Segun su amplia experiencia y objetividad, cual es la mejor solucion para que el zaragoza no vuelva a segunda? Gracias.<\/p>\n<p>R.- \u00bfQu\u00e9 tal un central y un aiete para empezar?<\/p>\n","protected":false},"excerpt":{"rendered":"<p>El redactor Jefe de Deportes de EL PA\u00cdS Jos\u00e9 S\u00e1mano, ha charlado con los lectores sobre la final del Mundial de Clubes, la jornada de Liga y de toda la actualidad deportiva.<br \/>\nARCHIVO DE ENTREVISTAS:<br \/>\n14 de diciembre &#8211; 7 de diciembre<br \/>\n30 de noviembre &#8211; 23 de noviembre<br \/>\n&#8211; 16 de noviembre &#8211; 9 de noviembre<br \/>\n&#8211; 2 de noviembre -26 de octubre<br \/>\n&#8211; 26 de octubre -19 de octubre<br \/>\n&#8211; 5 de octubre &#8211; 28 de septiembre<br \/>\n&#8211; 21 de septiembre &#8211; 14 de septiembre<\/p>\n","protected":false},"author":1,"featured_media":0,"comment_status":"open","ping_status":"open","sticky":false,"template":"","format":"standard","meta":{"footnotes":""},"categories":[],"tags":[],"class_list":["post-9341","post","type-post","status-publish","format-standard","hentry"],"_links":{"self":[{"href":"https:\/\/intervius.com\/index.html\/wp-json\/wp\/v2\/posts\/9341","targetHints":{"allow":["GET"]}}],"collection":[{"href":"https:\/\/intervius.com\/index.html\/wp-json\/wp\/v2\/posts"}],"about":[{"href":"https:\/\/intervius.com\/index.html\/wp-json\/wp\/v2\/types\/post"}],"author":[{"embeddable":true,"href":"https:\/\/intervius.com\/index.html\/wp-json\/wp\/v2\/users\/1"}],"replies":[{"embeddable":true,"href":"https:\/\/intervius.com\/index.html\/wp-json\/wp\/v2\/comments?post=9341"}],"version-history":[{"count":0,"href":"https:\/\/intervius.com\/index.html\/wp-json\/wp\/v2\/posts\/9341\/revisions"}],"wp:attachment":[{"href":"https:\/\/intervius.com\/index.html\/wp-json\/wp\/v2\/media?parent=9341"}],"wp:term":[{"taxonomy":"category","embeddable":true,"href":"https:\/\/intervius.com\/index.html\/wp-json\/wp\/v2\/categories?post=9341"},{"taxonomy":"post_tag","embeddable":true,"href":"https:\/\/intervius.com\/index.html\/wp-json\/wp\/v2\/tags?post=9341"}],"curies":[{"name":"wp","href":"https:\/\/api.w.org\/{rel}","templated":true}]}}