{"id":9335,"date":"2011-11-10T00:00:00","date_gmt":"2006-11-06T00:00:00","guid":{"rendered":"https:\/\/intervius.com\/index.html\/?p=9335"},"modified":"2006-11-06T00:00:00","modified_gmt":"2006-11-06T00:00:00","slug":"Joan_Coscubiela_9335","status":"publish","type":"post","link":"https:\/\/intervius.com\/index.html\/Joan_Coscubiela_9335\/","title":{"rendered":"Joan Coscubiela"},"content":{"rendered":"<p>Pregunta.- Hola Joan, me he fijado en im\u00e1genes de televisi\u00f3n que siempre llevas un pin rojo. \u00bfA qu\u00e9 se debe? <\/p>\n<p>Respuesta.- Buenas tardes a tod@s. Mar\u00eda : Se trata de la insignia de la CGIL, el m\u00e1s importante sindicato italiano. La llevo porqu\u00e9 me gusta su dise\u00f1o y para reivindicar la fuerza de lo rojo<\/p>\n<p>P.- \u00bfque propuestas hay altenativas y m\u00e1s efectivas propone para salir de la crisis en nuestra casa y cuales de ellas podemos implementar desde Catalunya y desde Espa\u00f1a ?<\/p>\n<p>R.- Isabel La salida de la crisis s\u00f3lo es posible si se ponen en marcha instrumentos financieros p\u00fablicos para garantizar que el cr\u00e9dito llega a las empresas, especialmente la PIMES y si se pone en marcha una Reforma Fiscal que permita al sector p\u00fablico apoyar la reactivaci\u00f3n y garantizar derechos. Los recortes s\u00f3lo producen sufrimiento in\u00fatil y destrucci\u00f3n del empleo. <\/p>\n<p>P.- Com han conseguit patrimonialitzar les retallades quan vost\u00e8s v\u00e0ren estar al govern? No tenen part de culpa de la situaci\u00f3? P.S: Sanitat i educaci\u00f3 son el 70% del pressupost<\/p>\n<p>R.- elnoiroig : El tripartit va garantir la prestaci\u00f3 de drets educatius, sanitaris i socials. Les retallades no es justifiquen per raons econ\u00f2miques, sino per la voluntat de promoure processos de privatitzaci\u00f3. No sembla molt raonable retallar serveis i al mateix moment fer desapar\u00e8ixer impost de succesions que afecta sols al 6% de la poblaci\u00f3<\/p>\n<p>P.- \u00bfC\u00f3mo podemos evitar que manden los mercados en un mundo capitalista y tan globalizado? \u00bfC\u00f3mo se hace para escaquearse de los dict\u00e1menes de la UE? Gracias y mucha suerte!<\/p>\n<p>R.- Noelia : El \u00fanico mecanismo para que la pol\u00edtica recupere su capacidad de regular los mercados financieros pasa pos las pol\u00edticas de izquierda y por avanzar en la construcci\u00f3n pol\u00edtica de la UE. Justo en el sentido contrario al que propone el duo &#8220;Merkozy&#8221;<\/p>\n<p>P.- Quines prioritats t\u00e9 vost\u00e9 per a formar grup parlamentari?<\/p>\n<p>R.- Carles : Intentar formar grup propi i si no es possible agrupar al m\u00e0xim de forces de lesquerra alternativa<\/p>\n<p>P.- \u00bfTrabajar en ESADE no es trabajar para el enemigo? \u00bfQu\u00e9 explica un sindicalista en una escuela de negocios, las estrategias sindicales?<\/p>\n<p>R.- Paco : No le parece un poco simplista su pregunta ?. He dado clases en la UAB, en ESADE y soy investigador asociado en la UOC. En todas estas responsabilidades profesionales he mantenido los mismos criterios. No cuesta mucho explicar los derechos colectivos de los trabajadores en una Facultad de Derecho. Como se puede demostrar con todos los art\u00edculos publicados y opiniones emitidas en los medios de comunicaci\u00f3 <\/p>\n<p>P.- Muchos miembros de EUiA son militantes comunistas. \u00bfQue opinas del marxismo?<\/p>\n<p>R.- H Marcuse : Personalmente lo utilizo como metod\u00f3logia de an\u00e1lisis social, en aquello que me parece \u00fatil teniendo en cuenta el tiempo pasado. Especialmente en lo que hace referencia a la batalla ideol\u00f3gica y las referencias de Gramsci, cuando dice que no es posible ganar el gobierno si no se gana la hegemon\u00eda ideol\u00f3gica. Suelo record\u00e1rselo a los amigos del PSC- PSOE<\/p>\n<p>P.- En un refer\u00e9ndum sobre la independencia de Catalu\u00f1a de Espa\u00f1a, \u00bfqu\u00e9 votar\u00eda? Gracias.<\/p>\n<p>R.- Carles : En ICV- EUiA hay diferentes opiniones al respecto de como articular o no la relaci\u00f3n Catalunya Espa\u00f1a, pero todos coincidimos en la defensa del derecho a la autodeterminaci\u00f3n que es una de las maneras enq ue se expresa la soberan\u00eda de la ciudadan\u00eda. <\/p>\n<p>P.- Politica Internacional: Joan, \u00bfc\u00f3mo percibes los derechos de las mujeres \u00e1rabes en las llamadas &#8220;primaveras \u00e1rabes&#8221;?<\/p>\n<p>R.- Tadeo : en un xat s\u00f3lo puedo destacar dos ideas. Aunque con desigual incid\u00e9ncia en cada pa\u00eds, la participaci\u00f3n en algunas de estos procesos de las mujeres pone de manifiesto que la realidad social es m\u00e1s compleja que los esteriotipos. Se corre el riesgo de que las primaveras \u00e1rabes no supongan un avance en los derechos de las mujeres. Como tambi\u00e9n puede suceder con los derechos de los trabajadores. Lo fundamental es garantizar que se abre paso a una democr\u00e1cia real, que pueda facilitar el avance en t\u00e9rminos de g\u00e9nero. <\/p>\n<p>P.- \u00bfQu\u00e9 le parece el v\u00eddeo que ha retirado el PSC? \u00bfConsidera que es leg\u00edtimo llegar a esos extremos o que se est\u00e1 cuartando la libertad de expresi\u00f3n?<\/p>\n<p>R.- Carlos : No tengo ning\u00fan inter\u00e9s en entrar en la pol\u00e9mica. Lo que si puedo decir es que se puede criticar las pol\u00edticas de ajuste y recortes y apostar por un giro en las pol\u00edticas econ\u00f3micas de otra manera. Por ejemplo, les recomiendo que vean el video de nuestra coalici\u00f3n. &#8220;Set accions per canviar-ho tot&#8221;. Se puede encontrar en www.iniciativa.cat<\/p>\n<p>P.- \u00bfCu\u00e1l es el futuro para la Casa Real? \u00bfNo cree que hay demasiada opacidad y vetos sobre ella? El caso de Urdangarin nos deja insinuar que hay muchos trapos sucios en la monarqu\u00eda que habr\u00eda que airear..?<\/p>\n<p>R.- republicano: Como jurista debo reiterar la presunci\u00f3n de inocencia, para a continuaci\u00f3n insistir en que todos los ciudadanos deben responder en condiciones ante los Tribunales y que por fromar parte de la Casa Real sus obligaciones \u00e9ticas son mayores. ICV-EUIA hemos solicitado en diversas ocasiones que se d\u00e9 publicidad al detalle de los gastos de la Casa Real<\/p>\n<p>P.- \u00bfUsar\u00e1s el Congreso como tribuna para fomentar la movilizaci\u00f3n para parar los planes neoliberales globales? \u00bfNo crees que hace falta una movilizaci\u00f3n coordinada en toda Europa para conseguir alg\u00fan resultado?<\/p>\n<p>R.- Cesc : Nuestro eslogan que llama a &#8220;no callar&#8221; plantea la necesidad de que la ciudadan\u00eda hable antes del 20 N, el 20 N y despu\u00e9s de las elecciones. Mi concepto de la pol\u00edtica no se limita a las instituciones si no que considera b\u00e1sica la participaci\u00f3n de la ciudadan\u00eda tambi\u00e9n en la sociedad. La mobilizaci\u00f3n es a los sectores populares, lo que los lobbys es a los poderes econ\u00f3micos.<\/p>\n<p>P.- C\u00faal es el principal objetivo de vuestra candidatura y c\u00f3mo esperais conseguirlo?<\/p>\n<p>R.- VErde : Que la gente no calle el 20N, ni despu\u00e9s y la manera de conseguirlo es activando la participaci\u00f3n a trav\u00e9s de las redes sociales, las presenciales y las digitales<\/p>\n<p>P.- Cual es su proyecto de pol\u00edtica econ\u00f3mica? Se queja a menudo de los recortes, que otra opcion tiene que ofrecer? Tenemos que mirar a los a\u00f1os de ICV en el tripartito o no?<\/p>\n<p>R.- Joan BOSCH: La cr\u00edtica social y econ\u00f2mica a los recortes no s\u00f3lo es nuestra. Economistas, Premios Nobel, informes de la OIT y del FMI insisten en que los ajustes presupuestarios, al deprimir el consumo profundizan a\u00fan m\u00e1s en la crisis y nos hunden en la recesi\u00f3n. Por eso estamos planteando la creaci\u00f3n de instrumentos financieros p\u00fablicos para hacer fluir el cr\u00e9dito a la economia, especialmente las PIMES y una Reforma Fiscal que aporte m\u00e1s recursos a los poderes p\u00fablicos con los que garantizar los derechos sociales y dar apoyo a la econom\u00eda privada. <\/p>\n<p>P.- Referente a Sanidad \/Farmacia. El sistema actual de dispensaci\u00f3n y venta de f\u00e1rmacos est\u00e1 obsoleta. Las farmacias cobran un % por medicamento dispensado. Por qu\u00e9 no copiar sistemas como el ingl\u00e9s, donde las farmacias cobran por el servicio de dispensaci\u00f3n (ser\u00eda una especie de copago) en lugar de por medicamento.<\/p>\n<p>R.- dobalsp: Es evidente que debe intervenirse en el gasto farmac\u00e9utico del Servicio Nacional de Salud, que se lleva el 24% del gasto p\u00fablic sanitario. Para ello algunas experiencias pueden ser \u00fatiles, pero en una situaci\u00f3n en que el consumo sanitario lo determina muchas veces la oferta de servicios no tiene sentido pretender limitarlo por la via de la demanda de servicios. Hoy el copago en general en las prestaciones sanitarias no creo que contribuya a mejorar la atenci\u00f3n, ni a racionalizar el gasto y sin embargo puede poner barreras de acceso a la salud por razones de capacidad econ\u00f3mica y adem\u00e1s generar m\u00e1s inequidad. Recuerdo que nuestro sistema fiscal inequitativo provoca que los trbajador@s declaren como ingresos medios m\u00e1s que sus empresarios. <\/p>\n<p>P.- Buenas tardes Sr. Coscubiela, he escuchado a Laia Ort\u00edz hablar de la promoci\u00f3n de empleos vinculados a pol\u00edticas de sostenibilidad, rehabilitaci\u00f3n, energ\u00edas renovables y movilidad. \u00bfPodr\u00eda, por favor, darnos algunos ejemplos de puestos de trabajos concretos? \u00bfC\u00f3mo se incentivan esos trabajos cuando parece que en Espa\u00f1a los campos fotovoltaicos de peque\u00f1a producci\u00f3n han fracasado?<\/p>\n<p>R.- Mj : Apuntar\u00e9 uno que esta muy relacionado con un sector que debe reciclarse, el de la construcci\u00f3n. Las obras de rehabilitaci\u00f3n de edificios para hacerlos m\u00e1s eficientes energ\u00e9ticamente, especialmente los construidos antes del a\u00f1o 1979, fecha del cambio de normativa, pueden aportar dos efectos positivos : crear empleo en un sector que lo necesita y al tiempo contribuir al necesario ahorro energ\u00e9tico.<\/p>\n<p>P.- \u00bfA que se debe que su coalici\u00f3n tenga distintas parejas de baile en Catalunya y en Espa\u00f1a? \u00bfNo es buena compa\u00f1era de viaje IU?<\/p>\n<p>R.- Pedro : ICV EUiA hemos jugado siempre una funci\u00f3n de generar unidad y espacios de colaboraci\u00f3n y para ello es imprescindible tener buenas relaciones con todo el mundo. Nuestro acuerdo electoral des de hace muchos a\u00f1os en Catalunya es con EUiA. Y como somos dos organizaciones autonomas que nos presentamos coaligadas, eso no impide que cada uno tenga sus propios referentes en Espa\u00f1a y en Europa. <\/p>\n<p>P.- Sr. Coscubiela: Piensa usted que es sostenible el sistema de salud tal y como est\u00e1? le cambiar\u00eda algo?<\/p>\n<p>R.- Ana : Por supuesto que es sostenible en t\u00e9rminos econ\u00f3micos. Recuerdo que nuestro gasto sanitario p\u00fablico es en t\u00e9rminos absolutos y per capita inferior a la media de la UE y de la OCDE. Tambi\u00e9n lo \u00e9s en t\u00e9rminos sanitarios si no se continua con las pol\u00edticas de ajuste quee stan provocando mucha presi\u00f3n asistencial. Siempre se puede racionalizar, pero el nivel de eficiencia de nuestro SNS aguanta perfactamente cualquier comparaci\u00f3n con otros sistemas p\u00fablicos y privados. <\/p>\n","protected":false},"excerpt":{"rendered":"<p>Joan Coscubiela i Conesa (Barcelona, 1954) es licenciado en Derecho y procede del mundo sindicalista. Su nombre est\u00e1 estrechamente ligado al de CC OO, donde ocup\u00f3 el cargo de secretario general en Catalu\u00f1a entre 1995 y 2008. Ahora se presenta como cabeza de lista de ICV-EUiA en las elecciones generales, con la meta de mejorar el resultado de dos diputados que obtuvo la coalici\u00f3n hace tres a\u00f1os. <\/p>\n","protected":false},"author":1,"featured_media":0,"comment_status":"open","ping_status":"open","sticky":false,"template":"","format":"standard","meta":{"footnotes":""},"categories":[],"tags":[],"class_list":["post-9335","post","type-post","status-publish","format-standard","hentry"],"_links":{"self":[{"href":"https:\/\/intervius.com\/index.html\/wp-json\/wp\/v2\/posts\/9335","targetHints":{"allow":["GET"]}}],"collection":[{"href":"https:\/\/intervius.com\/index.html\/wp-json\/wp\/v2\/posts"}],"about":[{"href":"https:\/\/intervius.com\/index.html\/wp-json\/wp\/v2\/types\/post"}],"author":[{"embeddable":true,"href":"https:\/\/intervius.com\/index.html\/wp-json\/wp\/v2\/users\/1"}],"replies":[{"embeddable":true,"href":"https:\/\/intervius.com\/index.html\/wp-json\/wp\/v2\/comments?post=9335"}],"version-history":[{"count":0,"href":"https:\/\/intervius.com\/index.html\/wp-json\/wp\/v2\/posts\/9335\/revisions"}],"wp:attachment":[{"href":"https:\/\/intervius.com\/index.html\/wp-json\/wp\/v2\/media?parent=9335"}],"wp:term":[{"taxonomy":"category","embeddable":true,"href":"https:\/\/intervius.com\/index.html\/wp-json\/wp\/v2\/categories?post=9335"},{"taxonomy":"post_tag","embeddable":true,"href":"https:\/\/intervius.com\/index.html\/wp-json\/wp\/v2\/tags?post=9335"}],"curies":[{"name":"wp","href":"https:\/\/api.w.org\/{rel}","templated":true}]}}