{"id":9329,"date":"2011-11-10T00:00:00","date_gmt":"2006-11-06T00:00:00","guid":{"rendered":"https:\/\/intervius.com\/index.html\/?p=9329"},"modified":"2006-11-06T00:00:00","modified_gmt":"2006-11-06T00:00:00","slug":"Antonio_San_Jose_9329","status":"publish","type":"post","link":"https:\/\/intervius.com\/index.html\/Antonio_San_Jose_9329\/","title":{"rendered":"Antonio San Jos\u00e9"},"content":{"rendered":"<p>Pregunta.- \u00bfDe qu\u00e9 habla en su libro? <\/p>\n<p>Respuesta.- Buenos d\u00edas a todos. Es un placer estar aqu\u00ed con vosotros y con tantos queridos y veteranos compa\u00f1eros de EL PA\u00cdS que hacen que me encuentre en casa. Genaro, el libro trata de aquellas peque\u00f1as cosas que est\u00e1n en nuestra vida cotidiana y que, bien apreciadas y disfrutadas, pueden proporcionarnos felicidad. Una felicidad accesible, posible y cercana. Placeres sencillos para que el oficio de vivir merezca m\u00e1s la pena. <\/p>\n<p>P.- Hola Antonio se le echa de menos en la televisi\u00f3n&#8230;. \u00bfqu\u00e9 panorama informativo vaticina a corto plazo a la caja tonta?<\/p>\n<p>R.- Gracis, Alberto. Es mucha la gente que echa de menos los contenidos y la forma de hacer televisi\u00f3n de CNN+. Aquella fue una aventura apasionante. La informaci\u00f3n en televisi\u00f3n tiene que acompasarse, poco a poco, a los nuevos usos del p\u00fablico. \u00bfTiene sentido un gran resumen a las nueve e la noche cuando todo el mundo conoce ya las noticias de la jornada? Seguramente iremos viendo una transformaci\u00f3n en los modos y maneras de hacer periodismo en televisi\u00f3n. <\/p>\n<p>P.- \u00bfCu\u00e1ndo podremos disfrutar nuevamente de su calidad profesional en TV?<\/p>\n<p>R.- Cuando una empresa quiera contar con mis servicios. Yo estoy temporalmente apartado de la televisi\u00f3n pero no me considero retirado de la pantalla ni del micr\u00f3fono. <\/p>\n<p>P.- Hola, \u00bfse atreveria decir dos o tres nombres referentes del periodismo nacional actual? mojese&#8230; gracias.<\/p>\n<p>R.- I\u00f1aki Gabilondo y Fernando \u00d3nega. As\u00ed, de entrada. Cada uno con su estilo, su ideolog\u00eda y su oficio. Me pides dos referentes, y ellos, sin duda, lo son. Otros dos: Forges y Peridis. Lo que hacen ellos o El Roto es mucho m\u00e1s serio de lo que nos toca leer y escuchar cada d\u00eda en algunos sitios. <\/p>\n<p>P.- Se\u00f1or San Jos\u00e9, buenos d\u00edas. Hace tiempo o\u00ed decir a una amiga m\u00eda que los buenos perfumes se guardan en envases peque\u00f1os. O algo as\u00ed. A la felicidad tal como usted narra en el libro le pasa algo parecido, q est\u00e1 en las peque\u00f1as cosas y q efectivamente muchas veces no reparamos en ellas. \u00bfNo le parece q a veces somos demasiado exigentes? Saludos. Patricio Sim\u00f3<\/p>\n<p>R.- As\u00ed es. En ocasiones so\u00f1ando con una gran felicidad imposible, dejamos de reparar en placeres cotidianos que bien aprovechados elevan nuestro estado de \u00e1nimo y nos proporcionan una felicidad peque\u00f1a y confortable, pro muy real. La acumulaci\u00f3n de todos esos peque\u00f1os momentos es la que da como resultado una tasa vital de felicidad razonable. <\/p>\n<p>P.- La Internet se ha vuelto parte de la cotinianidad y con ello el exceso de informaci\u00f3n. \u00bfNos hace felices estar todo el tiempo &#8220;conectados&#8221;?<\/p>\n<p>R.- Cada uno busca sus propios momentos de felicidad. La m\u00e1xima ser\u00eda, desde mi punto de vista, &#8220;nada en demas\u00eda&#8221;. Internet est\u00e1 muy bien y resulta imprescindible en nuestras vidas, pero si nos pasamos las horas enganchados a la Red nos perderemos momentos, situaciones y personas que pueden proporcionarnos mucha m\u00e1s felicidad que todo el ciberespacio junto. Adem\u00e1s en ese \u00e1mbito no hay sol, ni luna ni estrellas, a diferencia del espacio real. <\/p>\n<p>P.- Se le echa mucho de menos! Espero que vuelva a presentar un programa de entrevistas. \u00bfEn qu\u00e9 est\u00e1 ocupado ahora? Un saludo, suerte con el libro.<\/p>\n<p>R.- En estos momentos trabajo como Director de Comunicaci\u00f3n de Loter\u00edas, una gran empresa que vende &#8220;sue\u00f1os&#8221;. Estoy aprendiendo, y disfrutando, con una faceta del periodismo que no hab\u00eda tocado hasta ahora. Tambi\u00e9n aprendiendo cosas nuevas, lo cual, a estas alturas, me parece todo un privilegio. <\/p>\n<p>P.- Con la desaparici\u00f3n de CNN PLUS y sus magn\u00edficas noticias, debate y tertulias serias, solo nos queda CANAL 24 HORAS. Le pido su pronostico. \u00bfSi gana el PP respetar\u00e1 lo \u00fanico que nos queda o la dejar\u00e1n caer con la excusa de las audiencias?. Y felicidades por el premio recibido en 2010 del Obserbatorio de Violencia de G\u00e9nero del Poder Judicial, yo estaba all\u00ed. <\/p>\n<p>R.- Yo creo que el futuro de la Radiotelevisi\u00f3n p\u00fablica est\u00e1 garantizado. Nadie ha cuestionado su existencia y constituye un factor de cohesi\u00f3n que hay que resaltar en lo que vale. Adem\u00e1s, las audiencias se\u00f1alan la excelente aceptaci\u00f3n de algunos productos de gran dignidad que justifican, por si solos, la existencia, e incluso la potenciaci\u00f3n, de RTVE. <\/p>\n<p>P.- \u00bfPlaceres sencillos? , \u00bfEn la sociedad de hoy en dia? \u00bfEs posible?&#8230;.Tendre que leer su libro,pero ya le anticipo que sera ardua tarea el contertarme como lo hacia frente a la pantalla&#8230; \u00bfcomo puedo encontrar el mas leve asomo de felicidad, mientras sigan existiendo personas del calado de la clase politica de hoy en dia?<\/p>\n<p>R.- La felicidad es una actitud que est\u00e1 en nosotros mismos. Si la hacemos depender de los dem\u00e1s, pol\u00edticos incluidos, ser\u00e1 realmente dif\u00edcil que la logremos. Lo importante es que cada cual haga las cosas lo mejor posible y sepa disfrutar de aquellas r\u00e1fagas de satisfacci\u00f3n cotidiana que ofrece la vida. <\/p>\n<p>P.- Antonio Hablar de la felicidad con la que est\u00e1 cayendo, \u00bfes una provocaci\u00f3n?<\/p>\n<p>R.- En absoluto es una provocaci\u00f3n. Se trata m\u00e1s bien de una necesidad. En tiempos tan duros como los que estamos viviendo no hay que renunciar a disfrutar de una sonrisa, un libro, un caf\u00e9 compartido o un paseo por un lugar que nos gusta especialmente. Todo ello nos hace mejores personas. <\/p>\n<p>P.- Buenos d\u00edas Antonio, \u00bfPiensa usted que en esta sociedad de las prisas, la competetividad y la depersonalizaci\u00f3n que se da sobre todo en las grandes ciduades permite a los ciudadanos recrearse en las peque\u00f1as cosas\u00bf. Si miro a mi alrededor veo mucha gente sola, tensa y seria.<\/p>\n<p>R.- Totalmente de acuerdo contigo, Rom\u00e1n. Hay &#8220;gente t\u00f3xica&#8221;, personas &#8220;plomo&#8221;, que son cenizos andantes. La prisa no est\u00e1 mal siempre que no se transforme en atolondramiento. Vivir m\u00e1s despacio, sin caer en la pachorra o el desinter\u00e9s universal, resulta mucho m\u00e1s recomendable. Desde luego, hace que vivamos conscientemente y esa es la primera premisa para poder percibir, apreciar y valorar lo que nos rodea. <\/p>\n<p>P.- Hola, Antonio. \u00bfNo te parece que a veces esa felicidad de las peque\u00f1as cosas se ve expuesta a la mediatizaci\u00f3n que sufrimos diariamente por parte de los medios de comunicaci\u00f3n?<\/p>\n<p>R.- Espero que no, sinceramente. Nuestra peque\u00f1a felicidad nos pertenece y nadie, tampoco los medios de comunicaci\u00f3n, deben de tener el poder de arrebatarnos los mejores momentos de cada d\u00eda. <\/p>\n<p>P.- Buenos d\u00edas. Quisiera felicitarle por las entrevistas que realizaba en CNN . El t\u00edtulo de su libro me recuerda a una de ellas en las que entrevist\u00f3 al Sr. Jos\u00e9 Antonio Marina hablando de c\u00f3mo educar a nuestros hijos en la felicidad, y a ra\u00edz de aquella entrevista estoy matriculada en la Universidad de Padres. Por eso pienso leer su libro y, m\u00e1s que una pregunta, lo que quiero es darle las gracias por adelantado, s\u00e9 que no me defraudar\u00e1. \u00bfQu\u00e9 recuerda de aquella entrevista?<\/p>\n<p>R.- Jos\u00e9 Antonio Marina es, adem\u00e1s de una persona a la que aprecio y admiro mucho, uno de los mejores pensadores con los que contamos en este pa\u00eds. Lo bueno de entrevistarle es que siempre terminaba el programa aprendiendo algo de su magisterio lleno de sentido com\u00fan. <\/p>\n<p>P.- Dame alguna raz\u00f3n para la cual tuviera que comprar tu libro<\/p>\n<p>R.- Porque quieras leer algo que te ayude a reparar y disfrutar de cosas obvias, pero sabias, que, a lo mejor, te pasan inadvertidas. <\/p>\n<p>P.- \u00bfCu\u00e1l fue el detonante para plasmarlo en p\u00e1ginas? \u00bfEra un proyecto desde hace tiempo o surgi\u00f3 con algo concreto? Es usted maravilloso.<\/p>\n<p>R.- Muchas gracias, Marta. El proyecto surgi\u00f3 por si solo. Se me ocurri\u00f3 que como periodista, y con lenguaje period\u00edstico, pod\u00eda posar mi mirada sobre aspectos concretos de la realidad cotidiana que pudieran proporcionar felicidad sin costar dinero. Fue un reto, un ejercicio al que aport\u00e9 con mucho gusto mi experiencia vital y profesional. <\/p>\n<p>P.- Me gusta el mensaje. Y me recuerda a una pel\u00edcula espa\u00f1ola que interpretaron Eduard Fern\u00e1ndez y Ana Bel\u00e9n &#8220;Cosas que hacen que la vida valga la pena&#8221;. \u00bfQu\u00e9 fue lo que hizo que decidiera escribir un libro con este mensaje? Muchas gracias<\/p>\n<p>R.- Es que resulta una gran verdad que la vida merece la pena por algunas cosas, algunas personas y determinadas circunstancias, que contribuyen a que esta aventura apasionante que es enfrentarse al d\u00eda a d\u00eda sea confortable y nos resulte grata. <\/p>\n<p>P.- Buenos d\u00edas Sr. San Jos\u00e9, Tiene much\u00edsima raz\u00f3n, a veces, nos tomamos un caf\u00e9 sin pararnos a olerlo y disfrutar de su sabor, perdiendo lo realmente m\u00e1gico de ese momento \u00bfLo que cuenta en su libro se basa en su experiencia personal?<\/p>\n<p>R.- Siempre que se escribe algo resulta inevitable recurrir a las propias vivencias. Este es un libro nacido de la experiencia por lo que hay en \u00e9l mucho de m\u00ed. Son algunas de las cosas que me proporcionan un nivel grato de felicidad. Los lectores se sentir\u00e1n identificados, sin duda, con muchas de ellas y pueden pensar, despu\u00e9s de leerlo, en sus propias &#8220;peque\u00f1as cosas&#8221; que les hacen felices. De eso se trata. <\/p>\n<p>P.- Es cierto, en las peque\u00f1as cosas de la vida est\u00e1 lo m\u00e1s grande. Me cuesta mucho educar a mis hijos en ello&#8230; \u00bfc\u00f3mo conseguir, en una sociedad que fomenta el consumo, que los m\u00e1s peque\u00f1os, aprendan a disfrutar de las peque\u00f1as cosas cercanas? Gracias, y enhorabuena por tu trabajo<\/p>\n<p>R.- Se trata de educar a los ni\u00f1os para que sean felices y eso no implica darles todos los caprichos ni hacerles consumidores precoces. Un ni\u00f1o que no conoce la frustraci\u00f3n no podr\u00e1 ser plenamente feliz nunca de adulto, porque la vida est\u00e1 llena de renuncias y de situaciones adversas a las que hay que saber hacer frente con inteligencia. Esa tarea educativa es apasionante, imprescindible&#8230; y muy dif\u00edcil. <\/p>\n<p>P.- Yo tenia un peque\u00f1o placer sin importancia que era, hasta hace muy poco, verte entrevistar cada tarde. \u00bfpodremos recuperar ese placer?.<\/p>\n<p>R.- Ojal\u00e1, Enrique. \u00bfPor qu\u00e9 vamos a ponerle puertas al futuro?<\/p>\n<p>P.- Antonio, \u00bfqu\u00e9 opini\u00f3n te merece el movimiento 15-M? \u00bfCrees que contribuir\u00e1 a hacernos m\u00e1s felices?. Un saludo y enhorabuena por cuanto haces profesionalmente.<\/p>\n<p>R.- No s\u00e9 si m\u00e1s felices, pero s\u00ed m\u00e1s conscientes de que hay que cambiar determinadas cosas para que el mundo que conocemos no se nos vaya al garete. Me parece loable la intenci\u00f3n y preocupante que algunos &#8220;aprovechateguis&#8221; intenten sacar tajada de algo noble manipul\u00e1ndolo a su antojo o recurriendo a determinadas actitudes que les hacer perder la raz\u00f3n a ojos del conjunto de los ciudadanos. <\/p>\n<p>P.- \u00bfTiene Twitter? \u00bfQu\u00e9 opina de las redes sociales?<\/p>\n<p>R.- No, no tengo Twitter&#8230; a\u00fan. Para darme de alta me planteo que hay que tener cosas muy interesantes que contar y mucho tiempo para alimentarlo. De tiempo ando escaso y de lo primero, tambi\u00e9n. Francamente no entiendo el exhibicionismo de quienes pregonan a los cuatro vientos lo que desayunan o lo que hacen en cada instante, con un \u00e9nfasis digno de mejor causa. Respeto a todo el mundo, pero esa es mi opini\u00f3n. <\/p>\n","protected":false},"excerpt":{"rendered":"<p>El periodista Antonio San Jos\u00e9 expone su filosof\u00eda de vida en el libro La felicidad de las peque\u00f1as cosas. San Jos\u00e9 pasa su mirada por las cosas cotidianas que nos hacen felices sin apenas reparar en ellas.<br \/>\nFoto: Eva Tom\u00e9<\/p>\n","protected":false},"author":1,"featured_media":0,"comment_status":"open","ping_status":"open","sticky":false,"template":"","format":"standard","meta":{"footnotes":""},"categories":[],"tags":[],"class_list":["post-9329","post","type-post","status-publish","format-standard","hentry"],"_links":{"self":[{"href":"https:\/\/intervius.com\/index.html\/wp-json\/wp\/v2\/posts\/9329","targetHints":{"allow":["GET"]}}],"collection":[{"href":"https:\/\/intervius.com\/index.html\/wp-json\/wp\/v2\/posts"}],"about":[{"href":"https:\/\/intervius.com\/index.html\/wp-json\/wp\/v2\/types\/post"}],"author":[{"embeddable":true,"href":"https:\/\/intervius.com\/index.html\/wp-json\/wp\/v2\/users\/1"}],"replies":[{"embeddable":true,"href":"https:\/\/intervius.com\/index.html\/wp-json\/wp\/v2\/comments?post=9329"}],"version-history":[{"count":0,"href":"https:\/\/intervius.com\/index.html\/wp-json\/wp\/v2\/posts\/9329\/revisions"}],"wp:attachment":[{"href":"https:\/\/intervius.com\/index.html\/wp-json\/wp\/v2\/media?parent=9329"}],"wp:term":[{"taxonomy":"category","embeddable":true,"href":"https:\/\/intervius.com\/index.html\/wp-json\/wp\/v2\/categories?post=9329"},{"taxonomy":"post_tag","embeddable":true,"href":"https:\/\/intervius.com\/index.html\/wp-json\/wp\/v2\/tags?post=9329"}],"curies":[{"name":"wp","href":"https:\/\/api.w.org\/{rel}","templated":true}]}}