{"id":9325,"date":"2011-11-10T00:00:00","date_gmt":"2006-11-06T00:00:00","guid":{"rendered":"https:\/\/intervius.com\/index.html\/?p=9325"},"modified":"2006-11-06T00:00:00","modified_gmt":"2006-11-06T00:00:00","slug":"Ricardo_Sixto9325","status":"publish","type":"post","link":"https:\/\/intervius.com\/index.html\/Ricardo_Sixto9325\/","title":{"rendered":"Ricardo Sixto"},"content":{"rendered":"<p>Pregunta.- En Espa\u00f1a, la tasa de poblaci\u00f3n entre 18 y 24 a\u00f1os que abandona el sistema educativo en primaria es del 30%, 15 puntos superior a la media europea. \u00bfVe usted en ello alguna relaci\u00f3n con la elevada tasa de desempleo, en especial entre los j\u00f3venes? \u00bfCu\u00e1l es su opini\u00f3n a cerca del nivel de formaci\u00f3n de la poblaci\u00f3n en edad laboral? <\/p>\n<p>Respuesta.- Hola, buenos d\u00edas. Encantado de estar con vosotros en el chat de El Pa\u00eds. Josepenric, hay una relaci\u00f3n directa entre nivel de estudios y porcentaje de desempleo. La burbuja inmobiliaria tambi\u00e9n trastoc\u00f3 los estudios de mucha gente. Es muy importante en estos momentos recuperar para el sistema educativo a mucha gente que lo abandon\u00f3 a destiempo. Consideramos important\u00edsimo un plan de formaci\u00f3n.<\/p>\n<p>P.- \u00bfCu\u00e1l es el motivo de que partidos a la izquierda del PSOE no sean capaces de ponerse de acuerdo a la hora de presentar una opci\u00f3n unitaria? Creo que no existen diferencias, bueno existen diferencias de personas y de protagonismos, pero no program\u00e1ticos. Esta situaci\u00f3n es desagradable. Al final, no votar\u00e9 por ninguno, ni EU ni Comprom\u00eds, ir\u00e9 al voto blanco. Adem\u00e1s parece claro que el pescado ya est\u00e1 vendido&#8230;<\/p>\n<p>R.- Miguel, el voto blanco es la opci\u00f3n que prefiere el bipartidismo. S\u00ed que existen diferencias program\u00e1ticas entre las diversas opciones pol\u00edticas y sobretodo est\u00e1n clar\u00edsimas en el protagonismo que nosotros concedemos al Estado y a la banca p\u00fablica para salir de la crisis o al laicismo. Pero, en todo caso, recuerda que la opci\u00f3n del voto blanco refuerza el bipartidismo y las urnas est\u00e1n vac\u00edas hasta el d\u00eda 20.<\/p>\n<p>P.- \u00bfQu\u00e9 temas has echado en falta en los debates de anoche y del lunes?<\/p>\n<p>R.- En el del lunes no se habl\u00f3 de corrupci\u00f3n, ni de una reforma seria de la Ley Electoral, ni de la democratizaci\u00f3n de las instituciones, tampoco de un salario social b\u00e1sico para la gente que no tiene ninguna prestaci\u00f3n, ni de financiaci\u00f3n auton\u00f3mica, ni de banca p\u00fablica&#8230; El cara a cara fue m\u00e1s un espect\u00e1culo pol\u00edtico perfectamente milimetrado que un debate. Por otra parte, s\u00ed que fue un debate lo que vimos anoche. Gaspar Llamazares destac\u00f3 en sus intervenciones todos estos temas y sac\u00f3 lo que Rajoy y Rubalcaba pretendieron mantener oculto.<\/p>\n<p>P.- Hola, se\u00f1or Sixto. \u00bfQu\u00e9 tres medidas urgentes plantear\u00eda en el Congreso?<\/p>\n<p>R.- La revocaci\u00f3n de la reforma de la jubilaci\u00f3n y las pensiones, la revocaci\u00f3n de las contrarreformas laborales hechas por el gobierno y una revisi\u00f3n de la pol\u00edtica fiscal del Estado para equilibrarla haciendo que paguen m\u00e1s quienes m\u00e1s tienen. <\/p>\n<p>P.- Buenos d\u00edas: \u00bfDe d\u00f3nde van a sacar el dinero para hacer las pol\u00edticas estatales de incentivos y apoyos a la creaci\u00f3n de puestos de trabajo? <\/p>\n<p>R.- Es b\u00e1sico reequilibrar el esfuerzo fiscal en Espa\u00f1a. Estamos 8 puntos por debajo de la media europea. Hay que subir el esfuerzo fiscal para las rentas m\u00e1s altas y las del capital, y disminuir la presi\u00f3n fiscal sobre las rentas m\u00e1s bajas y el consumo de productos b\u00e1sicos. La otra v\u00eda fundamental es la lucha real contra el fraude fiscal protagonizado en m\u00e1s de un 70% por las grandes empresas.<\/p>\n<p>P.- \u00bfC\u00f3mo se puede hablar de pol\u00edticas de empleo sin hablar antes de pol\u00edtica educativa y de formaci\u00f3n de especialistas? Hay que cambiar el sistema productivo espa\u00f1ol a un sistema basado en la calidad y la innovaci\u00f3n. \u00bfC\u00f3mo se consigue? \u00bfPor qu\u00e9 no se ha logrado ya tras 25 a\u00f1os en la UE?<\/p>\n<p>R.- Efectivamente nuestra gran asignatura pendiente es la transformaci\u00f3n de nuestro sistema productivo basado en una alta productividad y en una baja cualificaci\u00f3n de la mano de obra. Las propuestas pol\u00edticas del PP y del PSOE van encaminadas esta estructura b\u00e1sica del sistema productivo. Nunca se han planteado transformarlo. Es un reto que tendremos que afrontar en un periodo de crisis, pero o cambiamos las l\u00edneas b\u00e1sicas de la estructura productiva mediante la formaci\u00f3n, la investigaci\u00f3n y la diversificaci\u00f3n productiva o el ladrillo nos acabar\u00e1 enterrando.<\/p>\n<p>P.- Buenos dias, Ricardo. Mi pregunta es la siguiente, \u00bfes sostenible un gran premio de formula1 en la ciudad de Valencia? \u00bfse sabe el balance ec\u00f3nomico que ha generado este a\u00f1o, beneficios o p\u00e9rdidas?<\/p>\n<p>R.- No, por supuesto que no es sostenible, y menos en momentos de crisis como el que estamos viviendo. Todos los c\u00e1lculos sobre posibles beneficios generados son inciertos y dificilmente contrastables. Lo que s\u00ed que es contrastable son los enormes gastos para este deporte elitista que tenemos que pagar entre todos.<\/p>\n<p>P.- Creo que presentarse por separado de EQUO-Comprom\u00eds es contraproducente para ambos partidos y que el voto de muchos valencianos quedar\u00e1 en el limbo. Creo que tienen programas que coinciden en muchos aspectos y que fragmentar el voto as\u00ed os perjudica a todos y favorece al bipartidismo. \u00bfHab\u00e9is compartido alg\u00fan tipo de encuentro o intercambio entre las 3 formaciones para unir esfuerzos?<\/p>\n<p>R.- Desde la direcci\u00f3n federal de IU se propuso a Equo y a otras fuerzas pol\u00edticas alcanzar un gran acuerdo para concurrir juntos a las elecciones. Equo respondi\u00f3 negativamente a nuestra propuesta. Dijeron que prefer\u00edan consolidar su opci\u00f3n electoral antes que subsumirse en un proyecto com\u00fan. Nosotros participamos en una gran coalici\u00f3n entre doce fuerzas pol\u00edticas de todo el Estado. En el Pa\u00eds Valenci\u00e0 la coalici\u00f3n de Esquerra Unida es con Els Verds.<\/p>\n<p>P.- Hola, es evidente que si se computaran los votos en su totalidad en todo el pa\u00eds, partidos como EU tendr\u00edan mucha mas presencia en el parlamento y otros, como los nacionalistas, tendr\u00edan mucho menos peso. \u00bfTiene alguna esperanza de cambio de la ley electoral teniendo en cuenta que a los dos partidos que tienen y tendr\u00e1n mayor\u00eda en el Parlamento no les interesa? Saludos.<\/p>\n<p>R.- La reforma de la Ley Electoral para hacerla m\u00e1s justa y proporcional es una de nuestras reivindicaciones hist\u00f3ricas. El PSOE ha perdido en esta legislatura una oportunidad de oro para haberla modificado en una l\u00ednea de mayor justicia y proporcionalidad. Hab\u00eda mayor\u00eda suficiente para hacerlo as\u00ed. Sin embargo prefiri\u00f3 pactar con el PP y las minor\u00edas nacionalistas, manteniendo y empeorando algunos aspectos de esta ley, como por ejemplo la obligaci\u00f3n a las candidaturas de recoger firmas. Tendremos que lamentar esta falta de voluntad pol\u00edtica del PSOE soportando un sistema injusto durante m\u00e1s a\u00f1os.<\/p>\n<p>P.- Hola. Me considero una miembro del llamado 15-M \u00bfPor qu\u00e9 deber\u00eda votarles? <\/p>\n<p>R.- Compartimos con todas las personas que responsablemente han salido a la calle a mostrar su indignaci\u00f3n, una misma esperanza en que la pol\u00edtica en Espa\u00f1a se debe hacer de otra forma: de cara al pueblo y dando explicaciones. Frente al bipartismo est\u00e9ril, nosotros representamos la defensa de lo que piensa la mayor\u00eda de la poblaci\u00f3n. Estamos contra los recortes de derechos, por la democratizaci\u00f3n de las instituciones, por la participaci\u00f3n popular en la pol\u00edtica, por la defensa de lo p\u00fablico, por una salida de la crisis por lo social&#8230;, y eso son valores que compartimos con la inmensa mayor\u00eda de la gente.<\/p>\n<p>P.- \u00bfCu\u00e1l es tu visi\u00f3n de futuro del barrio del Cabanyal y en general de los barrios que conforman la ciudad de Valencia?<\/p>\n<p>R.- Me comprometo firmemente a trabajar desde el Congreso de los Diputados en la defensa de nuestro patrimonio com\u00fan. No lo va a tener f\u00e1cil el gobierno que entre, tenga el color que tenga, para cambiar el valor del Cabanyal como bien cultural y patrimonial que es. Que no se las pinte tan felices Rita Barber\u00e1 porque el dictamen de los t\u00e9cnicos del ministerio no va a evaporarlo tan f\u00e1cilmente, ni va a hacer que los tribunales cambien ahora sus sentencias. Rita est\u00e1 empecinada en un error y debe rectificar y dialogar. <\/p>\n<p>P.- Todos coinciden en que el problema m\u00e1s grave es el empleo, pero declaraciones de intenciones aparte, no se ofrecen soluciones cre\u00edbles. \u00bfCu\u00e1l es el plan de EU, concreto, para crear empleo?<\/p>\n<p>R.- Un plan de empleo dotado con recursos suficientes para que desde el Estado y el sector p\u00fablico se proceda a contratar personas en empleos verdes, servicios sociales, rehabilitaci\u00f3n sostenible de viviendas, planes de formaci\u00f3n para el empleo,&#8230; Todo ello combinado con un potente plan de inversiones desde el sector p\u00fablico que sirva como lluvia fina para mover la econom\u00eda. Tambi\u00e9n contemplamos incentivos a la peque\u00f1a empresa y a los auton\u00f3mos para favorecer la contrataci\u00f3n de trabajadores. Pero o hacemos que la locomotora p\u00fablica tire de la econom\u00eda, o lo privado s\u00f3lo nos llevar\u00e1 a la recesi\u00f3n. Antes ya he contestado c\u00f3mo obtendr\u00edamos los fondos para financiar esto.<\/p>\n<p>P.- Bon dia, Ricardo. Quines s\u00f3n les causes del desprestigi de la pol\u00edtica, al seu parer? Fins a quin punt contribueixen a eixe desprestigi els pol\u00edtics i la seua tend\u00e8ncia a aferrar-se al c\u00e0rrec? <\/p>\n<p>R.- El major desprestigi \u00e9s que quan venen unes eleccions, els grans partits diuen una cosa i despr\u00e9s fan una altra, plegant-se als dictats dels mercats. Hi ha una conniv\u00e8ncia entre uns i altres i el millor exemple daix\u00f2 \u00e9s com s\u00f3n dintercanviables algunes persones, que passen de la pol\u00edtica als consells dadministraci\u00f3 de grans empreses i bancs, sense cap problema. Ahi tenim a Rodrigo Rato, Jos\u00e9 Luis Olivas, Zaplana, Felipe Gonz\u00e1lez, Aznar, Boyer, etc, etc., etc., Despr\u00e9s daix\u00f2 no \u00e9s destranyar que la corrupci\u00f3 siga un mal end\u00e8mic entre aquells que tendeixen a confondre all\u00f2 privat amb all\u00f2 p\u00fablic. <\/p>\n<p>P.- Ricardo, en primer lloc, enhorabona per tu i per nosaltres, perqu\u00e8 eres un candidat honest i comprom\u00e9s. Magradaria que explicares quines mesures teniu previstes per a ajudar a sobreviure els treballadors aut\u00f2noms, que, tot i ser emprenedors (eixa figura tan elogiada actualment), estem tan desprotegits que cada dia ens hem de plantejar si tanquem la paradeta, com ja han fet di\u00e0riament 170 aut\u00f2noms a Espanya durant el mes doctubre.<\/p>\n<p>R.- Els aut\u00f2noms s\u00f3n un sector capital de leconomia espanyola. Defensarem que els seus drets sequiparen a la resta de treballadors. Cal protegir-los front als impagaments de les administracions p\u00fabliques. Cal facilitar-los el seu finan\u00e7ament mitjan\u00e7ant l\u00ednies espec\u00edfiques de lICO i amb una banca p\u00fablica. Cal que no paguen lIVA fins que no hagen cobrat les factures, aix\u00ed com limpost de societats, lIRPF, etc. Cal bonificar les quotes de la Seguretat Social per al primer contracte indefinit&#8230;<\/p>\n<p>P.- Sr. Sixto, buenos d\u00edas. Vemos que en los comicios se destapan asuntos grandes, ahora con el esc\u00e1ndalo en que est\u00e1 envuelto Urdangar\u00edn. Los pol\u00edticos no tocan el tema en campa\u00f1a y solo hablan de recortes y que lo pague el ciudadano corriente. \u00bfPor qu\u00e9 nadie habla de recortar a la familia real?<\/p>\n<p>R.- Nosotros estamos por una Rep\u00fablica, no por mantener una familia real que a la que nos descuidamos, encima, presuntamente desv\u00eda fondos p\u00fablicos. La igualdad, la justicia y la libertad exige que la Jefatura del Estado sea elegida por el conjunto de la ciudadan\u00eda y no est\u00e9 sometida al capricho de una herencia familiar. Lo de la sangre azul es totalmente anacr\u00f3nico.<\/p>\n<p>P.- Buenos dias Ricardo. Cuando seas diputado en el Congreso \u00bfImpulsar\u00e1s la creaci\u00f3n de una comision parlamentaria que investigue el uso que las entidades financieras estan dando a las ayudas que reciben del FROB? \u00bf Eres partidario de exigir responsabilidades penales a los directivos de bancos y cajas por su mala gestion? Gracias y mucha suerte el 20-N<\/p>\n<p>R.- Gracias. Por supuesto. Seguir\u00e9 el ejemplo de nuestro grupo parlamentario en las Cortes Valencianas que ya ha exigido comisi\u00f3n de investigaci\u00f3n y responsabilidades pol\u00edticas por la quiebra de nuestros bancos y cajas (CAM, Banco de Valencia&#8230;). Es inmoral, injusto y un mont\u00f3n de calificativos m\u00e1s, lo que han hecho los directivos que han llevado a la quiebra a las cajas de ahorro, llen\u00e1ndose los bolsillos sin ninguna verg\u00fcenza. Hay que exigirles responsabilidades y que devuelvan lo que se han llevado.<\/p>\n<p>P.- Dice que a la politica le urge un cambio radical. \u00bfPuede resumir en qu\u00e9 consistir\u00eda?<\/p>\n<p>R.- En que se haga de abajo hacia arriba, en lugar de arriba hacia abajo. Que seamos los ciudadanos los que dictemos a los parlamentos, gobiernos y mercados, y que no nos impongan sus vergonzosos recortes y desigualdades. <\/p>\n<p>P.- Hola Ricardo \u00bfpor qu\u00e9 crees que los exvotantes socialistas deben votaros a vosotros y no a otra opci\u00f3n? \u00bfC\u00f3mo nos convencer\u00edas?<\/p>\n<p>R.- El PSOE ha defraudado a sus electores, ha practicado en el gobierno lo contrario a lo que se hab\u00eda comprometido, y en esta campa\u00f1a vuelve a prometer lo que no ha hecho. La \u00fanica garant\u00eda de defender de verdad lo que quieren los electores socialistas y progresistas, est\u00e1 en Esquerra Unida-Els Verds, en Izquierda Unida-Los Verdes. Nosotros s\u00ed que vamos a defender de verdad que no se nos recorten m\u00e1s derechos, que no se alargue la edad de jubilaci\u00f3n, que no se concedan m\u00e1s regalos fiscales a los ricos, que no se nos privatice la sanidad o la educaci\u00f3n, que no se de m\u00e1s dinero a los banqueros&#8230; Ese es nuestro programa.<\/p>\n<p>P.- Hola, se meten ustedes mucho con los grandes eventos, pero \u00bfqu\u00e9 alternativa ofrecen?<\/p>\n<p>R.- Frente a gastarnos 35 millones de euros en un m\u00e1ster de golf en Castell\u00f3, preferimos que ese dinero se destine a financiar la investigaci\u00f3n en el Centre de Investigaci\u00f3n Cient\u00edfica Pr\u00edncipe Felipe. \u00bfNo crees que es mejor gastar el dinero de todos en cosas \u00fatiles para el conjunto de la poblaci\u00f3n, que en eventos deportivos para los ricos?<\/p>\n<p>P.- \u00bfDe qu\u00e9 manera beneficiar\u00eda a la ciudadan\u00eda la conversi\u00f3n de la CAM en banca p\u00fablica?<\/p>\n<p>R.- La banca p\u00fablica es la \u00fanica forma de garantizar de verdad que vuelva a fluir el cr\u00e9dito para reactivar la econom\u00eda. La banca privada s\u00f3lo est\u00e1 preocupada ahora mismo por capitalizarse para enjugar sus inversiones ruinosas. S\u00f3lo la banca p\u00fablica puede solucionar el problema de cr\u00e9dito de la econom\u00eda espa\u00f1ola.<\/p>\n","protected":false},"excerpt":{"rendered":"<p>Ricardo Sixto (Burjassot, 1967) encabeza la lista de Esquerra Unida-Els Verds al Congreso por Valencia. Militante de la coalici\u00f3n desde que se fund\u00f3, Sixto ocupa actualmente la secretar\u00eda de Administraci\u00f3n y Finanzas. Ha sido concejal de Burjassot durante tres mandatos y diputado provincial de Valencia. Ahora busca dar el salto a Madrid. \u201cA la pol\u00edtica le urge un cambio radical que potencie la voz de la gente en las instituciones\u201d, ha afirmado en la precampa\u00f1a. <\/p>\n","protected":false},"author":1,"featured_media":0,"comment_status":"open","ping_status":"open","sticky":false,"template":"","format":"standard","meta":{"footnotes":""},"categories":[],"tags":[],"class_list":["post-9325","post","type-post","status-publish","format-standard","hentry"],"_links":{"self":[{"href":"https:\/\/intervius.com\/index.html\/wp-json\/wp\/v2\/posts\/9325","targetHints":{"allow":["GET"]}}],"collection":[{"href":"https:\/\/intervius.com\/index.html\/wp-json\/wp\/v2\/posts"}],"about":[{"href":"https:\/\/intervius.com\/index.html\/wp-json\/wp\/v2\/types\/post"}],"author":[{"embeddable":true,"href":"https:\/\/intervius.com\/index.html\/wp-json\/wp\/v2\/users\/1"}],"replies":[{"embeddable":true,"href":"https:\/\/intervius.com\/index.html\/wp-json\/wp\/v2\/comments?post=9325"}],"version-history":[{"count":0,"href":"https:\/\/intervius.com\/index.html\/wp-json\/wp\/v2\/posts\/9325\/revisions"}],"wp:attachment":[{"href":"https:\/\/intervius.com\/index.html\/wp-json\/wp\/v2\/media?parent=9325"}],"wp:term":[{"taxonomy":"category","embeddable":true,"href":"https:\/\/intervius.com\/index.html\/wp-json\/wp\/v2\/categories?post=9325"},{"taxonomy":"post_tag","embeddable":true,"href":"https:\/\/intervius.com\/index.html\/wp-json\/wp\/v2\/tags?post=9325"}],"curies":[{"name":"wp","href":"https:\/\/api.w.org\/{rel}","templated":true}]}}