{"id":9314,"date":"2009-12-18T00:00:00","date_gmt":"2006-11-06T00:00:00","guid":{"rendered":"https:\/\/intervius.com\/index.html\/?p=9314"},"modified":"2006-11-06T00:00:00","modified_gmt":"2006-11-06T00:00:00","slug":"Tomas_Guasch9314","status":"publish","type":"post","link":"https:\/\/intervius.com\/index.html\/Tomas_Guasch9314\/","title":{"rendered":"Tom\u00e1s Guasch"},"content":{"rendered":"<p>Pregunta.- Buenas genio, \u00a1\u00a1Oh, Se\u00f1or de los Cag\u00f3metros!!. Un Cag\u00f3metro para dominarlos a todos y atarlos en las tinieblas&#8230; Es que con todo ese rollo de la Caverna Mediatica me viene a la cabeza la Caverna de Gollum y me l\u00edo&#8230; Oye figura, dos preguntillas: La primera es que me comentes algo sobre el nuevo estadio de tu Espanyol. Me parece un estadio magn\u00edfico. Mira que era entra\u00f1able el viejo Sarri\u00e1, pero me gustar\u00eda saber si los pericos est\u00e1is contentos con esa maravilla que os han puesto. Y la segunda es sobre mi Madrid: \u00bfCrees que con todo el l\u00edo de Pepe, Pellegrini se atrever\u00e1 a subir a &#8220;Marquitos&#8221; al primer equipo y pasar a Ramos al centro? Creo que es una joyita el chaval&#8230; Un abrazo y no cambies.<\/p>\n<p>Respuesta.- Pues claro que el pueblo perico est\u00e1 contento. Ni el m\u00e1s optimista pudo pensar en que ver\u00eda algo as\u00ed cuando dinamitaron Sarri\u00e1. La verdad es que la obra es magn\u00edfica, lo mejor que se puede decir de ella es que es un campo de f\u00fatbol, cosa que se agradece tras el paso por Montju\u00efc, que ser\u00e1 por siempre un estadio m\u00edtico&#8230; de atletismo. Sobre el Madrid, pues la verdad es que no lo s\u00e9. Creo que lo primero es darle bola a Garay, que por algo lo ficharon. Es cierto que no tiene la velocidad de Pepe, pero tampoco creo que Otamendi, el que m\u00e1s suena, sea mejor. Y s\u00ed, Marquitos tiene buena pinta pero no se si est\u00e1 ya para el primer equipo del Madrid. <\/p>\n<p>P.- Frohe Weinachten und Sehr Gutes Neues Jahr \u00bfTe han felicitado la Navidad y A\u00f1o Nuevo en Aleman alguna vez amigo Tom\u00e1s? Al grano&#8230;Butrague\u00f1o sacando las bolas, incluyendo la del Barca, y hablando en figura estelar del Madrid como favorito en un ingl\u00e9s decente Si el sorteo estuviese controlado hubiese tocado Real Madrid Inter, Barca Milan y Bayern Sevilla pero otra vez Capello se quejar\u00e1 en Inglaterra de que a los ingleses les toque eliminarse con los italianos que fue una de las razones por las que el a\u00f1o pasado al Barca le tocaron peritas en dulce hasta semifinales Me gustaria un Madrid-Barca en cuartos, a doble partido. Seguro que Roncero y t\u00fa no est\u00e1is de acuerdo <\/p>\n<p>R.- Pues s\u00ed, mi amigo Peter Hoffman lo ha hecho m\u00e1s de una vez. Correcto el ingl\u00e9s del Buitre, que por algo estudi\u00f3 un tiempo en Estados Unidos, como recordar\u00e1s. Sobre el bombo, yo no le har\u00eda ascos a un Bar\u00e7a-Madrid en cuartos. Los dos quieren ser campeones y eso exige cargarte a los mejores&#8230; si el bombo te los pone en suerte, claro. No me importar\u00eda y lo ver\u00eda al 50 por ciento. Pues eso, Frohe y tal y tal.<\/p>\n<p>P.- Don Tom\u00e1s \u00bfes cierto que los dos mafiosos a los que se refiere Sneijder cuando habla de su salida del Madrid son Johnny y Walker? Menos mal que los Caciques le dieron el Passport&#8230;<\/p>\n<p>R.- Pues podr\u00eda ser. Tambi\u00e9n Ron y Bacard\u00ed, por ejemplo. Lo de los caciques es cuesti\u00f3n de gustos, lo que m\u00e1s me sorprendi\u00f3 de las declaraciones del holand\u00e9s fue eso de que \u00e9l habr\u00eda hecho lo mismo que Xabi Alonso: \u00a1si no se parecen ni en el blanco de los ojos! En fin, que tenga el chico mucha suerte.<\/p>\n<p>P.- Hola figura. Te la voy a poner botando para que te luzcas. Nada de Cristiano o Messi, \u00bfCoro o Messi? Un abrazo.<\/p>\n<p>R.- Aquel gol que le meti\u00f3 a la Real en el alargue del \u00faltimo partido de aquella Liga y le dio la premanencia al Espanyol lo ha llevado a la santidad: imposible pues comparar un santo con un futbolista, por m\u00e1s Bal\u00f3n de Oro que sea: \u00a1Coro for ever! Otro abrazo.<\/p>\n<p>P.- No veo bien el futuro de Benzema. Si jugara m\u00e1s en el Madrid, tendr\u00eda chance de hacerlo con la selecci\u00f3n y viceversa. Pienso que para que no se repita lo de Anelka, toda la instituci\u00f3n deber\u00eda volcarse en \u00e9l para que se encontrara a gusto y se animara a dar todo y m\u00e1s que todo de s\u00ed a fin de gustar y gustarse, porque maneras de grande no le faltan. Gracias.<\/p>\n<p>R.- De acuerdo en lo de las maneras y me consta que el Madrid se ocupa de \u00e9l. Finalmente est\u00e1 en manos de Pellegrini y pienso que despu\u00e9s de lo de Valencia lo tiene claro: Benzema e Higua\u00edn son los delanteros titulares. 21 y 22 a\u00f1os, si no me equivoco, pareja para muchos a\u00f1os y pareja grande.<\/p>\n<p>P.- Hola Tom\u00e1s. Cree que el atl\u00e9tico conseguir llegar a los 6 primeros puestos antes del final de temporada?<\/p>\n<p>R.- Pues si el a\u00f1o pasado con la misma plantilla pr\u00e1cticamente se meti\u00f3 en Champions, \u00bfpor qu\u00e9 no va a acabar de los seis primeros este? Pienso que estamos m\u00e1s ante un problema de confianza, de \u00e1nimo, que de f\u00fatbol: le falta gente creativa, pero lo que tiene arriba lo tienen muy pocos. A m\u00ed no me exta\u00f1ar\u00eda que remontara.<\/p>\n<p>P.- Don Tom\u00e1s \u00bfQue otros deportes le apasionan? Espero que este totalmente recuperado de su hernia<\/p>\n<p>R.- Pues muchos. Desde el boxeo al ciclismo, del baloncesto al hockey, del tenis al balonmano&#8230; Todos los que entiendo. O sea, el cricket, no. Y sobre la hernia sigo peleando con ella, espero driblar la opeaci\u00f3n pero me queda un mesecito de fisioterapia con Manolito Gonz\u00e1lez, el crack del Espanyol en eso y buen amigo.<\/p>\n<p>P.- Gran Guasch. Si tu querido Espa\u00f1ol se metiera en la final de Champions&#8230;\u00bfcual te gustaria que fuera su rival?<\/p>\n<p>R.- El Sevilla, para repetir lo de Glasgow&#8230; al rev\u00e9s. En serio: si eso llegara a suceder, lo de menos ser\u00eda el rival. \u00a1Imag\u00ednate el n\u00famero!<\/p>\n<p>P.- \u00a1Gran Guasch! \u00a1Porra para campe\u00f3n de Liga, Copa y Copa de Europa!<\/p>\n<p>R.- Pues veamos: Liga, Bar\u00e7a; Champions, Madrid y Copa, Sevilla.<\/p>\n<p>P.- Hola Tom\u00e1s Guasch, soy aficionado del F.C Barcelona y me preocupa que A.Iniesta se lesione tanto, a Messi le dan mas patadas y no se lesiona tanto, mi pregunta es \u00bf crees que Iniesta, es mas propenso a las lesiones que los demas jugadores del Bar\u00e7a? gracias .<\/p>\n<p>R.- A m\u00ed tambi\u00e9n me preocupa, son ya cinco lesiones musculares en un a\u00f1o, algo pasa ah\u00ed. Sobre sus lesiones, la verdad es que antes no le pasaba esto, fue forzar para jugar la final de la Champions y no acabar de hacer limpio. Igual es una mala racha, no pienso que el Bar\u00e7a est\u00e9 mal preparado. Lorenzo Buenaventura, Seirul.lo y dem\u00e1s gente, incluido Guardiola, saben de qu\u00e9 va esta copla. Dej\u00e9moslo en mala suerte, pero comparto tu preocupaci\u00f3n.<\/p>\n<p>P.- Tom\u00e1s, tras la reciente ayuda de Iturralde, \u00bfque crees que har\u00e1n cuando ganemos la d\u00e9cima y la liga y nos hagan el pasillo?<\/p>\n<p>R.- \u00a1Ja, ja! Si eso sucediera, que el Madrid invite a Iturralde al pr\u00f3ximo trofeo Santiago Bernab\u00e9u y que pite vestido&#8230; de azulgrana.<\/p>\n<p>P.- Guasch Crack!!! Que tal ves al Racing?? tendremos que estar rezando hasta el final de la temporada??<\/p>\n<p>R.- Creo que tiene equipo para que rec\u00e9is poco por la permanencia, pero no conviene fiarse. La Liga est\u00e1 igualad\u00edsima, al menos 12 equipos tienen un potencial similar y se ir\u00e1n abajo los que m\u00e1s se despisten. Pero no creo que sea el Racing, de verdad.<\/p>\n<p>P.- hola tomas , como ves el partido tenerife atletico , crees que el tenerife tiene una de las mejores aficiones de espa\u00f1a . <\/p>\n<p>R.- Seguro que la tiene y m\u00e1s en este momento de alegr\u00eda que ha supuesto el regreso del equipo a Primera Divisi\u00f3n. Y el partido lo veo igualado, es un poco lo que dec\u00eda antes, que en esta Liga hay muchos equipos separados por una peque\u00f1a distancia. El Atletico no est\u00e1 bien, deber\u00eda ser favorito en el Heliodoro, pero si pierde no me extra\u00f1ar\u00e1 porque el Tenerife juega bien, ese Oltra sabe lo que hace. <\/p>\n<p>P.- \u00bfTomas es cierto que la final del mundialito la pita el noruego de Chelsea? un abrazo crack desde Zaragoza<\/p>\n<p>R.- No, lo pita un mexicano que habla perfectamente noruego&#8230; y catal\u00e1n. \u00a1Pobre Estudiantes, je, je!<\/p>\n<p>P.- Imagino que con este nombre tendr\u00e9 menos puntos, pero soy perico y catal\u00e1n al mismo tiempo. \u00bfCu\u00e1nto calcula que durar\u00e1 esta tortura que es el Bar\u00e7a de Guardiola (evidentemente, no de Laporta)?<\/p>\n<p>R.- \u00bfPor qu\u00e9 vas a tener menos puntos? A m\u00ed me gusta. Sobre la tortura, \u00a1hmm! me temo que hay para rato. El equipo est\u00e1 hecho y muchas de sus piezas claves son j\u00f3venes: Vald\u00e9s, Piqu\u00e9, Busquets, Iniesta, Messi&#8230; Y s\u00ed, es el Bar\u00e7a de Guardiola, la cosa no admite discusi\u00f3n. Total, que paciencia, camarada.<\/p>\n<p>P.- Por qu\u00e9 se est\u00e1 dando tanta bola a la cantera del bar\u00e7a como si fuera una cultura secular, cuando hasta hace nada estaba el equipo plagado de holandeses, portugueses, etc. y su historia tiene solamente una campa\u00f1a (muy existosa) con este equipo y este juego?<\/p>\n<p>R.- Pues no te falta raz\u00f3n, pero tambi\u00e9n es cierto que en esta \u00faltima etapa les ha salido bordada hasta ahora. As\u00ed como no fue f\u00e1cil ver juntos a los de la Quinta del Buitre m\u00e1s Camacho, Gallego y alg\u00fan otro producto de la cantera del Madrid, tampoco es sencillo lo del Bar\u00e7a. Una cosa no se discute: Cruyff le dio una personalidad al equipo y aunque, efectivamente, tuvo etapas delirantes de holandeses y brasile\u00f1os de medio pelo, el sello de su cantera ha estado presente. Que sea con tano \u00e9xito es lo destacable. <\/p>\n<p>P.- \u00bfY hasta las 20:00 de la tarde te quedas un viernes para atender preguntas de tus amigos cul\u00e9s? Deber\u00edas pedir un aumento (por aguantar a cul\u00e9s, digo). \u00bfQu\u00e9 te parece el sorte de Champions? \u00bfQui\u00e9n crees que lo tiene m\u00e1s f\u00e1cil de los espa\u00f1oles?<\/p>\n<p>R.- Es que no he podido antes por la recuperaci\u00f3n de la famosa hernia que me apereci\u00f3 el mes pasado. Pero, bueno, cul\u00e9s aguanto desde que tengo uso de raz\u00f3n. Me echo la muleta a la izquierda y palante, \u00a1je, je! El sorteo me parece tremendo para Inter, Milan, Chelsea, Inter, Bayern y Fiorentina. Sobre los nuestros me parece c\u00f3modo para el Bar\u00e7a, relativamente c\u00f3modo para el Sevilla y simplemente bueno para el Madrid. Ojito con la rapidez del OL, que no tiene a Benzema pero s\u00ed un equipo capaz de li\u00e1rtela si te despistas. Vamos, de los tres rivales espa\u00f1oles es el m\u00e1s peligroso. Aunque coincido con Cristiano: el Madrid debe imponerse.<\/p>\n<p>P.- Hola Guasch!! Puedo prometer y prometo que estaba convencido que le iba a tocar el Stuttgart al Bar\u00e7a, con independencia de lo bien que juegan tienen una suerte endemoniada, no les toca un rival serio hasta cuartos por lo menos, y de los rivales del mundialito \u00e9ste mejor ni hablamos. Un abrazo amigo<\/p>\n<p>R.- Sospecha compartida, \u00a1je, je! De todas maneras pienso que la ronda de octavos ayuda a limpiar la morrallita tipo Stuttgart y como bien dice Cruyff, la Champions empieza en los cuartos de final. <\/p>\n<p>P.- Hola Tom\u00e1s, como periquitio que eres, piensas que la directiva del Espanyol tendr\u00eda que renovarse o crees que la culpa es de los jugadores ?<\/p>\n<p>R.- Pienso que el Espanyol es una SAD, luego mandan los se\u00f1ores que tiene dinero y compran acciones. Luego el cambio radical es complicadillo. Acaban de incoprorar nuevos consejeros, Molinos entre ellos, gente sensata como Oliver\u00f3 o Entrena. Es lo que hay, amigo. Y la construcci\u00f3n del campo tiene mucho que ver en la dificultad de fichar mejor. Es tiempo de paciencia y de que el consejo directivo acierte.<\/p>\n<p>P.- Hola Tom\u00e1s. Que opinas del rival del Madrid en Champions? el OL es un rival duro que al Madrid siempre se le complica y aunque perdieron a Benzema tienen a Lisandro L\u00f3pez que es un delanterazo&#8230;<\/p>\n<p>R.- Pues ya coment\u00e9 que me parece el mejor de los tres rivales espa\u00f1oles. Es un buen equipo, sobre todo muy r\u00e1pido en la transici\u00f3n. Y de acuerdo: ese Lisandro es bueno. Por tanto, el Madrid favorito, pero ojito. Me ha salido un versito.<\/p>\n<p>P.- \u00bfQue jugador para ti actualmmente es el mejor del Barcelona?: Xavi, Iniesta, Messi o Iturralde.<\/p>\n<p>R.- Iturralde es un todo terreno, los otros tres son macanudos. Digamos que en el podio el oro ser\u00eda para Iturralde y los dem\u00e1 se repartir\u00edan plata y bronce. Elige t\u00fa&#8230; <\/p>\n<p>P.- Tom\u00e1s, \u00bfque te parece el rendimiento de Ibra hasta el momento? a mi me ha sorprendido gratamente y demuestra lo mucho que se desaprovecha el talento en seg\u00fan que equipos por culpa de entrenadores que no ven m\u00e1s alla de sus sistemas t\u00e1cticos, \u00bfno crees? Saludos.<\/p>\n<p>R.- Me parece muy bueno, lo que se pod\u00eda esperar de un gran delantero como \u00e9l en un equipo excelente y bien hecho, y que domina la mayor\u00eda de sus partidos. Y sobre lo otro, hijo, es que la criatura se fue a jugar a Italia. \u00bfTe imaginas que Zidane hubiese fichado por el Madrid sin pasar por la Juve? Que \u00e9l hubiese sido m\u00e1s feliz, seguro.<\/p>\n<p>P.- hola guash tengo 16 a\u00f1os, en principio quiero decirte que eres bastante gracioso y ahora te pregunto, que piensas sobre cristiano ronaldo(en cuanto su actitud y juego) y que cuanto tiempo crees que el real madrid hara equipo y se adapten todos sus jugadores un saludo desde merida y cuidate<\/p>\n<p>R.- Pues pienso que Cristiano es as\u00ed, tiene ese temperamento tan suyo que a veces puede irritar al adversario. Pero estamos ante un tipo \u00edntegro, un deportista de verdad. Y sobre lo de hacer equipo el Madrid, en Marsella y Valencia dio varios pasos adelante y creo que ha encontrado el camino. Cu\u00eddate tu tambi\u00e9n.<\/p>\n<p>P.- \u00bfTe imaginas, en tus sue\u00f1os humedos, un madrid con Cesc y Ribery con el consiguiente cagometro disparado en las ramblas?<\/p>\n<p>R.- \u00a1Si despu\u00e9s de lo de Valencia lo est\u00e1 con lo que hay ahora, que no es poco! De esos dos, uno seguro que lo ficha Florentino. Y si son los dos, que los presenten directamente en la Cibeles. \u00a1Visca el Cag\u00f3metro!<\/p>\n<p>P.- Saludos de un cul\u00e9 al que, casi siempre, caes bien. No es una pregunta sin\u00f3 una reflexi\u00f3n para un d\u00eda tan se\u00f1alado como hoy en Catalu\u00f1a. Sobre el debate sobre qui\u00e9n juega mejor, si el Madrid o el Bar\u00e7a, creo, siguiendo un s\u00edmil taurino, que el Madrid representa el Tremendismo de El Cordob\u00e9s o Jesul\u00edn de Ubrique, con arranques espectaculares, mientras que el Bar\u00e7a es m\u00e1s torista, como Jos\u00e9 Tom\u00e1s, capaz de torear sobre dos palmos de arena. \u00bfC\u00f3mo lo ves?<\/p>\n<p>R.- Pues podr\u00eda aceptar toro como animal de compa\u00f1\u00eda. Es cierto que el Bar\u00e7a es acad\u00e9mico, por as\u00ed decirlo, y tambi\u00e9n que el Madrid, al estar en formaci\u00f3n, tiene que arrimarse m\u00e1s de la cuenta para hacer una buena faena. En cualquier caso es cierto que estamos ante dos estilos diferentes, como Tom\u00e1s y el de Ubrique. <\/p>\n","protected":false},"excerpt":{"rendered":"<p>El subdirector del Diario As, Tom\u00e1s Guasch, ha charlado con los lectores sobre toda la actualidad futbol\u00edstica. <\/p>\n<p>ARCHIVO DE ENTREVISTAS:<br \/>\n27 de noviembre 13 de noviembre 5 de noviembre 30 de octubre 5 de noviembre 23de octubre 16de octubre 9 de octubre &#8211; 2 de octubre &#8211; 25 de septiembre &#8211; 16 de septiembre &#8211; 10 de septiembre &#8211; 04 de septiembre &#8211; 21 de agosto &#8211; 14 de agosto &#8211; 7 de agosto &#8211; 31 de julio &#8211; 23 de julio &#8211; 17 de julio &#8211; 10 de julio &#8211; 03 de julio &#8211; 26 de junio &#8211; 19 de junio &#8211; 12 de junio &#8211; 04 de junio &#8211; 29 de mayo &#8211; 22 de mayo &#8211; 15 de mayo &#8211; 08 de mayo &#8211; 30 de abril &#8211; 24 de abril &#8211; 17 de abril &#8211; 03 de abril &#8211; 27 de marzo &#8211; 20 de marzo &#8211; 13 de marzo &#8211; 6 de marzo &#8211; 20 de febrero &#8211; 23 de enero &#8211; 16 de enero &#8211; 9 de enero &#8211; 2 de enero &#8211; 26 de diciembre &#8211; 5 de diciembre &#8211; 28 de noviembre &#8211; 21 de noviembre &#8211; 14 de noviembre &#8211; 28 de junio &#8211; 25 de junio &#8211; 21 de junio &#8211; 17 de junio &#8211; 13 de junio &#8211; 9 de junio <\/p>\n","protected":false},"author":1,"featured_media":0,"comment_status":"open","ping_status":"open","sticky":false,"template":"","format":"standard","meta":{"footnotes":""},"categories":[],"tags":[],"class_list":["post-9314","post","type-post","status-publish","format-standard","hentry"],"_links":{"self":[{"href":"https:\/\/intervius.com\/index.html\/wp-json\/wp\/v2\/posts\/9314","targetHints":{"allow":["GET"]}}],"collection":[{"href":"https:\/\/intervius.com\/index.html\/wp-json\/wp\/v2\/posts"}],"about":[{"href":"https:\/\/intervius.com\/index.html\/wp-json\/wp\/v2\/types\/post"}],"author":[{"embeddable":true,"href":"https:\/\/intervius.com\/index.html\/wp-json\/wp\/v2\/users\/1"}],"replies":[{"embeddable":true,"href":"https:\/\/intervius.com\/index.html\/wp-json\/wp\/v2\/comments?post=9314"}],"version-history":[{"count":0,"href":"https:\/\/intervius.com\/index.html\/wp-json\/wp\/v2\/posts\/9314\/revisions"}],"wp:attachment":[{"href":"https:\/\/intervius.com\/index.html\/wp-json\/wp\/v2\/media?parent=9314"}],"wp:term":[{"taxonomy":"category","embeddable":true,"href":"https:\/\/intervius.com\/index.html\/wp-json\/wp\/v2\/categories?post=9314"},{"taxonomy":"post_tag","embeddable":true,"href":"https:\/\/intervius.com\/index.html\/wp-json\/wp\/v2\/tags?post=9314"}],"curies":[{"name":"wp","href":"https:\/\/api.w.org\/{rel}","templated":true}]}}