{"id":9306,"date":"2011-10-31T00:00:00","date_gmt":"2006-11-06T00:00:00","guid":{"rendered":"https:\/\/intervius.com\/index.html\/?p=9306"},"modified":"2006-11-06T00:00:00","modified_gmt":"2006-11-06T00:00:00","slug":"Emilio_Palacio9306","status":"publish","type":"post","link":"https:\/\/intervius.com\/index.html\/Emilio_Palacio9306\/","title":{"rendered":"Emilio Palacio"},"content":{"rendered":"<p>Pregunta.- Sr Palacio acaso la opini\u00f3n no tiene l\u00edmites o por el simple hecho de poder opinar en un medio de comunicaci\u00f3n se puede decir cualquier cosa de una persona??<\/p>\n<p>Respuesta.- No pedimos que se de carta libre a todos para que insulten, pero s\u00ed nos oponemos a que env\u00eden tres a\u00f1os a la c\u00e1rcel a una persona por criticar al presidente. <\/p>\n<p>P.- He escuchado muchas de sus entrevistas, he le\u00eddo su blog y sus art\u00edculos, desde que se fue del Ecuador, ha llamado varias veces &#8220;ASESINO&#8221; a Correa, pero yo creo que USTED NUNCA HA TENIDO UNA ORDEN DE CAPTURA? \u00bfO ME EQUIVOCO? \u00bfPor qu\u00e9 entonces se fue? \u00bfQu\u00e9 pasar\u00eda si toda la gente que tiene que enfrentar procesos judiciales como usted, se fuera del Pa\u00eds? \u00bfNo le parece que una persona que afirma algo, como usted, deber\u00eda, enfrentar con valent\u00eda las consecuencias de sus actos?<\/p>\n<p>R.- Sali de Guayaquil, como he aclarado varias veces, porque el Fiscal General me convoc\u00f3 a su oficina para que le entregue el nombre de una fuente an\u00f3nima. Como yo me iba a negar, porque mi obligaci\u00f3n es defender a mis fuentes, en ese mismo momento el Fiscal hubiese ordenado mi captura y yo estar\u00eda preso. <\/p>\n<p>P.- Usted dice que es asilado pol\u00edtico pero \u00bfHa presentado ya una solicitud de aslio? A m\u00ed me parece que usted nom\u00e1s se fue a Miami, como se puede ir cualquier persona, como se han ido un mont\u00f3n de banqueros y gente que tiene juicios pendientes con la Ley.<\/p>\n<p>R.- Mis abogados todav\u00eda no concluyen cu\u00e1l es el camino legal que debo tomar. Es verdad que aqu\u00ed hay muchos banqueros ladrones, pero ellos y sus familias tienen con qu\u00e9 vivir, mientras que nosotros nos estamos comiendo los pocos ahorros que tenemos. Adem\u00e1s, supongo que usted lo sabe bien, nunca es agradable abandonar la tierra de uno. <\/p>\n<p>P.- la prensa est\u00e1 para decir la verdad, solo la verdad, del color que sea. Como han comentado ya otros, sus afirmaciones tienen que demostrarse, no en su columna \u00fanicamente.Leo el universo y usted se dedica casi exclusivamente a atacar no solo a Correa, si no al gobierno y los cambios que pretenden.Su peri\u00f3dico defiende a ultranza a Solca p.ej. Y usted sabe y lo ver\u00e1 si es que se ha exiliado en Espa\u00f1a, que es una instituci\u00f3n obsoleta e<\/p>\n<p>R.- Mi madre muri\u00f3 en las instalaciones de Solca y no comparto su criterio. <\/p>\n<p>P.- La libertad de Empresa disfrazada de Libertad de expresi\u00f3n mantiene un secuestro permanente a la informaci\u00f3n en Ecuador, todo lo maleable negativamente se publica, lo beneficioso se oculta, as\u00ed tabajan las mafias med\u00edaticas, Palacio debe pagar por su error.<\/p>\n<p>R.- Usted me acusa de ser parte de una mafia pero nadie lo demandar\u00e1, no pasar\u00e1 tres a\u00f1os en la c\u00e1rcel y no tendr\u00e1 que pagar 80 millones de d\u00f3lares. Es su opini\u00f3n. <\/p>\n<p>P.- Emilio palacio dice que est\u00e1 refugiado, pero en realidad no es perseguido pol\u00edtico. Se fue a Miami debido a un juicio por injuria calumniosa, que en Ecuador es un delito com\u00fan. Si no ha podido demostrar que el presidente ordeno disparar contra un hospital, \u00bfpor qu\u00e9 no rectifica?<\/p>\n<p>R.- En realidad la Constituci\u00f3n actual de Ecuador derog\u00f3 los delitos penales objetados por los tratados internacionales de derechos humanos, entre los cuales se encuentra obviamente la injuria. <\/p>\n<p>P.- hola que tal don emilio, mi pregunta es porque no demuestra todas las denuncias documentadas y porque salio del pais sera que no hay las suficientes garantias para un juicio justo e imparcial, muchas gracias don emilio desde madrid.<\/p>\n<p>R.- Hoy en d\u00eda nadie tiene garant\u00edas de un juicio justo en Ecuador. Rafael Correa declar\u00f3 a la Justicia en estado de emergencia. \u00bfUsted acudir\u00eda a un hospital al que lo declaren en emergencia? <\/p>\n<p>P.- Es justo que pueda agredir a toda una familia que se encuentra detr\u00e1s de un ser humano como Rafael Correa con el disfraz de la libertad de expresi\u00f3n?<\/p>\n<p>R.- \u00bfY qu\u00e9 tal las familias de los que Correa insulta todos los s\u00e1bados? \u00bfY de los que env\u00eda presos por no respetar a su majestad? \u00bfY de los cientos de familias de los despedidos del sector p\u00fablico que se quedar\u00e1n en la calle? <\/p>\n<p>P.- despues de leer su articulo y apreciar ese desden hacia su persona en lo que se refiere a la seguridad, ya que no olvidemos que aun estando en un pais democratico, Ecuador sigue siendo Ecuador, yo como joven con doble nacionalidad ( Ecuatoriana y Espa\u00f1ola ) tengo una inquietud magna. No dispongo del tiempo muchas veces para ojear los diarios ecuatorianos tanto como me gustaria, por lo tanto no puedo palpar el ambiente y tension,( no me deja escribir mas)\u00bf cuanto cree que le queda a correa?<\/p>\n<p>R.- Solo el pueblo ecuatoriano sabe cu\u00e1nto tiempo le queda a Correa. Solo \u00e9l debe decidir tan importante cuesti\u00f3n. Yo me limito a dar mi opini\u00f3n, la m\u00eda, la de nadie m\u00e1s. <\/p>\n<p>P.- SR Palacios EL ecuador tiene dictador desde que elegido CORREA.tiene amenazado atodo los jueces en Ecuador,adelante que tiene ungran defensor en mi<\/p>\n<p>R.- Gracias a Rodolfo por su comentario. Por favor, acl\u00e1rele a los espa\u00f1oles que este no es un debate entre izquierda y derecha, ni entre socialistas y conservadores. Todas las ideolog\u00edas merecen respeto. Este es un debate entre dictadura y democracia.<\/p>\n<p>P.- Por qu\u00e9 EDITORIALES en la primera plana? Por qu\u00e9 su sueldo astron\u00f3mico comparado a la industria? Por qu\u00e9 fuga del pa\u00eds si sus jefes se mantienen ac\u00e1 y est\u00e1n en la misma situaci\u00f3n? Por qu\u00e9 traicion\u00f3 sus ideales de izquierda para venderse a los due\u00f1os de los Medios de Comunicaci\u00f3n?<\/p>\n<p>R.- En realidad mi sueldo en El Universo no era superior, sino, en algunos casos, inferior al de otros colegas en cargos similares de otros medios. Pero me va a disculpar que no d\u00e9 ninguna cifra porque Correa introdujo la trampa de hacernos discutir en publico asuntos privados como nuestro sueldo y yo resolvi desde el inicio no caer en esa treta. A prop\u00f3sito, \u00bfse enter\u00f3 de que uno de los presentadores de noticias favoritos del gobierno gana much\u00edsimo m\u00e1s que el presidente?<\/p>\n<p>P.- bueno mi pregunta es q se marcho de ecuador teniendo una centecia q lo obliga a pasar tres a\u00f1os de prision y a pagar la multa . sr palacios usted tiene q pagar como todo ciudadano de a pie . <\/p>\n<p>R.- Estimado Antonio: Como todo ciudadano de a pie no tengo la cuarta parte de 40 millones as\u00ed que no tengo como pagar. Y como todo ciudadano de a pie tengo ni\u00f1os, as\u00ed que no puedo ir a la c\u00e1rcel porque no tendr\u00edan qui\u00e9n los sostenga y eduque. <\/p>\n<p>P.- Recuerda que las preguntas enviadas ser\u00e1n previamente seleccionadas por un moderador&#8230;. jjajajaja \u00bf No es es censura previa? jejejejeje<\/p>\n<p>R.- Le ped\u00ed a diario El Pa\u00eds, para quien guardo el mayor de los respetos, que publiquen todas las preguntas pero ellos me explicaron que tienen la pol\u00edtica editorial de no difundir insultos. As\u00ed que lamento que le hayan quitado el derecho de llamarme Pitufo como hace Correa todos los s\u00e1bados. <\/p>\n<p>P.- \u00bfPor qu\u00e9 quedan tan pocos periodistas como usted, con la valent\u00eda y profesionalidad que permiten apostar siempre por contar la verdad? Un saludo y mucho \u00e1nimo, compa\u00f1ero.<\/p>\n<p>R.- Magno, gracias por sus palabras, pero no me considero valiente. Lo he dicho varias veces. Los pol\u00edticos dicen en p\u00fablico que son valientes, como si uno pudiese medir la valent\u00eda o la cobard\u00eda de un ser humano. He visto a mujeres muy fr\u00e1giles, como mi madre, actuar con un coraje incre\u00edble en situaciones dif\u00edciles, y he visto a presidentes revestidos de todo el poder que no se atreven a vejar a una mujer si no van acompa\u00f1ados de sus guardaespaldas. <\/p>\n<p>P.- Se\u00f1or Palacios: Le\u00ed su art\u00edculo en el Universo. Creo que si bien nada, absolutamente nada justifica la reacci\u00f3n del presidente Correa, si hubo en el art\u00edculo afirmaciones que, al no haberse comprobado, no estar\u00edan enmarcadas en el rigor que debe caracterizar a la informaci\u00f3n. <\/p>\n<p>R.- Me hubiera gustado conocer qu\u00e9 afirmaci\u00f3n de mi art\u00edculo usted considera que no est\u00e1 probada. \u00bfConoce el informe del Comando Conjunto de las Fuerzas Armadas que distribu\u00ed en mi bolet\u00edn? All\u00ed encontrar\u00e1 las pruebas de que Correa es el autor del 30 de septiembre. <\/p>\n<p>P.- Buenas tardes. Teniendo en cuenta el talante de Rafael Correa \u00bfComo ha encajado el entorno del presidente y la clase pol\u00edtica ecuatoriana en general ese comentario? Lo pregunto pues no es normal que en la regi\u00f3n se hable tan directamente a los gobernantes. Un saludo.<\/p>\n<p>R.- Lamento discrepar con Juan Mart\u00edn Coppede. En Am\u00e9rica Latina y en Espa\u00f1a es frecuente que los periodistas le hablen directamente a los gobernantes. En realidad ocurre en todo el mundo. La raz\u00f3n es sencilla de entender, ellos manejan nuestras vidas, por lo que son inevitables las reacciones, incluso algunas muy desagradables. Los organismos internacionales de derechos humanos han reflexionado mucho sobre este asunto y han concluido que es leg\u00edtimo ese derecho de los periodistas, y de cualquier ciudadano, de dirigirse en los t\u00e9rminos m\u00e1s fuertes a sus gobernantes. <\/p>\n<p>P.- Buenos dias se\u00f1or Palacio \u00bfNo cree que tanto Carlos Vera como usted, han caido muy facilmente en la trampa de Correa, que es llevar el debate politico al plano personal? El 30 de septiembre no hubo ni golpe ni secuestro, pero su acusacion de fuego a discrecion me parece temeraria. Saludos cordiales.<\/p>\n<p>R.- Le ruego que revise el informe del Comando Conjunto de las Fuerzas Armadas del 30 de septiembre. All\u00ed consta la orden de fuego a discreci\u00f3n, con palabras un poco diferente pero con el mismo sentido. El debate con Correa no es personal, aunque el haya querido destruir mi vida personal. El debate tampoco es entre Correa y Emilio Palacio. Es la vieja lucha entre libertad y esclavitud, entre democracia y tiran\u00eda. <\/p>\n<p>P.- usted cree que el grueso de la poblacion ecuatoriana esta a favor de usted, del periodico y de la prensa libre o estan identificados con la politica del gobierno.? cree que eso indica que el pueblo prefiere &#8221; pan y seguridad socialista &#8220;que libertad y democracia.?<\/p>\n<p>R.- Creo que la mayor\u00eda del pueblo ecuatoriano rompi\u00f3 con Correa en la consulta del 7 de mayo pero que hicieron fraude. En estos precisos instantes en Ecuador la polic\u00eda est\u00e1 ingresando a varias dependencias p\u00fablicas para asegurar el despido de centenares de empleados p\u00fablicos y poner en esas plazas a personas leales al r\u00e9gimen; le aseguro que eso profundizar\u00e1 aun m\u00e1s la ruptura. <\/p>\n<p>P.- Hola Emilio,me hubiese gustado que enfrentes el juicio en ecuador pero ya se no tenias ninguna garant\u00eda de un juicio justo ante el abuso y atropello de este gobierno;mi pregunta es si la corte nacional falla en tu contra se podr\u00eda denunciar tu caso en la audiencia nacional de Espa\u00f1a. Un abrazo<\/p>\n<p>R.- Gracias por la sugerencia. La instancia que corresponde es la Comisi\u00f3n Interamericana de Derechos Humanos. Ya he iniciado las acciones legales necesarias. <\/p>\n<p>P.- Se\u00f1or Palacio, buenas tardes. Para hacer unas afirmaciones como las que usted ha hecho llamando dictador al presidente de su pa\u00eds, Rafael Correa, y lo que en mi opini\u00f3n es m\u00e1s grave acusarle de haber ordenado disparar contra la poblaci\u00f3n civil, me imagino que tendr\u00e1 usted pruebas para aseverar lo que dice y que lo habr\u00e1 puesto en conocimiento de la Justicia. Saludos. Patricio Sim\u00f3<\/p>\n<p>R.- Gracias por la sugerencia. La instancia que corresponde es la Comisi\u00f3n Interamericana de Derechos Humanos. Ya he iniciado las acciones legales necesarias. <\/p>\n<p>P.- En el momento que escribi\u00f3 el articulo sabia que pod\u00eda traerle las repercusiones como las que hoy tiene? aconseja a otros escribir libremente.<\/p>\n<p>R.- Decir la verdad tiene su precio, a veces demasiado alto, por lo que no me siento capacitado para dar consejos de c\u00f3mo enfrentar ese dilema. Cada uno deber\u00eda resolver seg\u00fan las circunstancias que vive. <\/p>\n<p>P.- Sr. Palacio, soy espa\u00f1ol residente en Ecuador. \u00bfQu\u00e9 pruebas ten\u00eda usted para acusar en su art\u00edculo a Correa de haber ordenado el tiroteo del 30 de septiembre? <\/p>\n<p>R.- Lo remito, como a otros lectores, al informe del Comando Conjunto de las Fuerzas Armadas del Ecuador donde se demuestra que Correa orden\u00f3 el tiroteo. Se lo puedo enviar si me lo pide a mi correo epalacio36@gmail.com<\/p>\n<p>P.- Cree que los ecuatorianos hagamos una democracia de todos. Ahora Usted siente en carne propia ser v\u00edctima de una injusticia, creo que es una injusticia, pero tambi\u00e9n El Universo, como medio de comunicaci\u00f3n nunca ha sido un medio plural, sino m\u00e1s bien de extrema derecha, para ejemplo las editoriales en diferentes etapas hist\u00f3ricas como luchas ind\u00edgenas, campesinas, obreros acus\u00e1ndolos de sediciosos, turbas enardecidas. Eso nunca ha ayudado. La pregunta: \u00bfDe qu\u00e9 libertad de prensa se habla?<\/p>\n<p>R.- Lamento no coincidir con Juan Ecuatro. Revise los editoriales de los 10 \u00faltimos a\u00f1os, cuando yo estuve al frente de la secci\u00f3n Opini\u00f3n, y encontrar\u00e1 c\u00f3mo apoyamos los derechos de los indios, los maestros, los estudiantes, los obreros y las mujeres. No olvide usted que el anterior due\u00f1o del pa\u00eds me acus\u00f3 p\u00fablicamente de &#8220;comunista&#8221; por esa postura. Pero estos 10 a\u00f1os no fueron una excepci\u00f3n. En 1944, luego de la revoluci\u00f3n del 28 de mayo, el escritor comunista Joaquin Gallegos Lara escribi\u00f3 que El Universo era uno de los mayores baluartes de la democracia ecuatoriana.<\/p>\n<p>P.- Cuanto tiempo crees tu que podra durar el regimen dictatorial de Correa, considerando que practicamente todo el pais se empieza a levantar en protesta general, y el deterioro mental de correa es acelerado&#8230;<\/p>\n<p>R.- Es cierto que las protestas han comenzado a levantarse en distintos puntos del pa\u00eds, pero hace falta todav\u00eda la unidad de todos los que creemos en la democracia. Mientras cada uno luche por su lado, poco conseguiremos. <\/p>\n<p>P.- Emilio, en el resumen que invita a hacerle preguntas, se afirma algo inexacto sobe el editorial &#8220;NO a las mentiras&#8221;. Yo sigo desde hace tiempo todo lo que toca a este caso y pienso que si la gente en Europa conociera los detalles, se escandalizar\u00eda. \u00bfC\u00f3mo cree que se podr\u00eda informar mejor sobre la situaci\u00f3n en Ecuador, a los espa\u00f1oles y europeos en general?<\/p>\n<p>R.- Le ofrezco disculpas a Alberto Salvat pero no le\u00ed la invitaci\u00f3n escrita que hizo el diario a sus lectores ya que hicieron el contacto conmigo por tel\u00e9fono. Sin embargo, creo que diario El Pa\u00eds ha demostrado un gran inter\u00e9s por la situaci\u00f3n de la libertad de expresi\u00f3n en Ecuador, tema que lo ha cubierto con mucho profesionalismo. Aun as\u00ed, usted tiene raz\u00f3n en que hay much\u00edsimos aspectos todav\u00eda desconocidos en Europa del tema, que har\u00edan poner de punta los pelos a quienes est\u00e1n acostumbrados a vivir en una sociedad democr\u00e1tica. <\/p>\n","protected":false},"excerpt":{"rendered":"<p>Ha sido condenado a tres a\u00f1os de prisi\u00f3n y a pagar una multa de millones de d\u00f3lares por una columna de opini\u00f3n publicada en El Universo y titulada No a las mentiras. En ella, llama dictador a Rafael Correa, presidente de Ecuador y, seg\u00fan la sentencia, le acusa de haber cometido cr\u00edmenes de lesa humanidad el 30 de septiembre de 2010, cuando hubo un intento de golpe de Estado. <\/p>\n","protected":false},"author":1,"featured_media":0,"comment_status":"open","ping_status":"open","sticky":false,"template":"","format":"standard","meta":{"footnotes":""},"categories":[],"tags":[],"class_list":["post-9306","post","type-post","status-publish","format-standard","hentry"],"_links":{"self":[{"href":"https:\/\/intervius.com\/index.html\/wp-json\/wp\/v2\/posts\/9306","targetHints":{"allow":["GET"]}}],"collection":[{"href":"https:\/\/intervius.com\/index.html\/wp-json\/wp\/v2\/posts"}],"about":[{"href":"https:\/\/intervius.com\/index.html\/wp-json\/wp\/v2\/types\/post"}],"author":[{"embeddable":true,"href":"https:\/\/intervius.com\/index.html\/wp-json\/wp\/v2\/users\/1"}],"replies":[{"embeddable":true,"href":"https:\/\/intervius.com\/index.html\/wp-json\/wp\/v2\/comments?post=9306"}],"version-history":[{"count":0,"href":"https:\/\/intervius.com\/index.html\/wp-json\/wp\/v2\/posts\/9306\/revisions"}],"wp:attachment":[{"href":"https:\/\/intervius.com\/index.html\/wp-json\/wp\/v2\/media?parent=9306"}],"wp:term":[{"taxonomy":"category","embeddable":true,"href":"https:\/\/intervius.com\/index.html\/wp-json\/wp\/v2\/categories?post=9306"},{"taxonomy":"post_tag","embeddable":true,"href":"https:\/\/intervius.com\/index.html\/wp-json\/wp\/v2\/tags?post=9306"}],"curies":[{"name":"wp","href":"https:\/\/api.w.org\/{rel}","templated":true}]}}