{"id":9303,"date":"2009-12-15T00:00:00","date_gmt":"2006-11-06T00:00:00","guid":{"rendered":"https:\/\/intervius.com\/index.html\/?p=9303"},"modified":"2006-11-06T00:00:00","modified_gmt":"2006-11-06T00:00:00","slug":"Tomas_Roncero9303","status":"publish","type":"post","link":"https:\/\/intervius.com\/index.html\/Tomas_Roncero9303\/","title":{"rendered":"Tom\u00e1s Roncero"},"content":{"rendered":"<p>Pregunta.- \u00bfEstas seguro que quieres al barcelona en la final de Champion?.Yo prefiero que caiga cuanto antes. <\/p>\n<p>Respuesta.- S\u00ed, quiero. El Barcelona es el gran rival y prefiero ganarle la final para zanjar el debate para los restos. En realidad, Pellegrini tiene raz\u00f3n. Con el juego que ellos hacen aqu\u00ed te pitar\u00edan en diez minutos. El Madrid es como en Mestalla. Un equipo de v\u00e9rtigo, de rompe y rasga. Ese es el Madrid que pone en pie al Bernab\u00e9u. Ganarles la final del Bernab\u00e9u el 22 de mayo ser\u00eda el no va m\u00e1s. Yo no les tengo ning\u00fan miedo. <\/p>\n<p>P.- Buenas tardes Tomas,que le pasa a Casillas,desde hace un mes esta desastroso ?<\/p>\n<p>R.- Siempre en oto\u00f1o tiene un par de partidos malos, pero acostumbra a terminar las temporadas en su mejor versi\u00f3n y es ah\u00ed cuando se juegan los t\u00edtulos. Casillas tuvo una mala noche ante el Mil\u00e1n y en Mestalla, pero a la hora de la verdad volver\u00e1 a ser San Iker. <\/p>\n<p>P.- Hola Tomas! Lo del Penalty no te cansa ya? Al Barcelona le vendria bien jugar una temporada en la premier para aprender que el futbol es un deporte de contacto y no ballet. Ahora erre que erre con que si agarraron a Xavi. En todos los corners que veo los defensas sujetan ligeramente al delantero por la camisa. Aqui se ve que Xavi hace mas por caerse que el central por tirarle. Tu que crees?<\/p>\n<p>R.- El Villarato no es una broma amigo. En el AS lo venimos denunciando porque es un esc\u00e1ndalo lo de los arbitrajes del Bar\u00e7a. Xavi sabe que no fue penalti. Iturralde tambi\u00e9n. Pero es lo que hay&#8230; <\/p>\n<p>P.- Hola Tomas.. \u00bfTe gustaria que el Atleti bajara a segunda?<\/p>\n<p>R.- No. Por supuesto, llegado el caso no dejar\u00eda de dormir a pierna suelta, pero tengo amigos y familiares del Atleti y tampoco es cuesti\u00f3n de desearles un trago tan amargo. No obstante, si el Madrid alguna vez estuviese as\u00ed ellos los celebrar\u00edan con champ\u00e1n. Es la diferencia entre ellos y nosotros. Hay antimadridistas pero no antiatl\u00e9ticos. <\/p>\n<p>P.- Tomas cuentanos del Madrid en Basket? <\/p>\n<p>R.- La lesi\u00f3n de Llull nos ha hecho mucho da\u00f1o y Dasic ha salido un fichaje rana. Por lo dem\u00e1s, conf\u00edo ciegamente en Messina y eso que esta semana el calendario asusta. Panathinaikos, Baskonia&#8230;<\/p>\n<p>P.- Hola Tomas \u00bfQue ha sido de Palanca? Me dejo muy buena impresion lo poco que jugo \u00bfPoque no ha subido al primer equipo?<\/p>\n<p>R.- Porque Juande no lo vio claro en su momento y en el Castilla estaba estancado. Al final se ha ido a Castell\u00f3n cedido y ah\u00ed est\u00e1 cumpliendo el chaval. A m\u00ed no me disgustaba, pero tampoco creo que sea jugador para el Madrid. Para un Primera apa\u00f1ado s\u00ed. <\/p>\n<p>P.- Hola Tom\u00e1s, tengo 42 a\u00f1os, soy del Madrid, y mi hijo, que tiene 23 y es del Bar\u00e7a, siempre se cachondea de mi dici\u00e9ndome que ha celebrado las mismas copas de Europa que yo, con la mitad de edad. Me da que pensar \u00bfnos est\u00e1n comiendo terreno? Desde que mi hijo naci\u00f3, han ganado m\u00e1s ligas y el doble de copas&#8230;\u00a1\u00a1Esto antes no pasaba!! Gracias<\/p>\n<p>R.- Lo de las ligas no es verdad, crack. En su d\u00e9cadao gloriosa, que es \u00e9sta, el Madrid ha ganado una Liga m\u00e1s que ellos (4-3). Esa es la cruz del Bar\u00e7a. Hasta en su mejor momento el Madrid le come la tostada. Lo de las Champions tiene trampa. Han empezado tan tarde que por mucho que corran s\u00f3lo tienen tantos t\u00edtulos como Guti, Ra\u00fal o Roberto Carlos. Les triplicamos (9 a 3). Adem\u00e1s, la del a\u00f1o pasado ni cuenta. Si no es por el arbitraje escandaloso del noruendo el d\u00eda del Chelsea seguirian teniendo s\u00f3lo dos m\u00e1s que el Espanyol de mi amigo Guasch. <\/p>\n<p>P.- Hola Tom\u00e1s, cada vez somos m\u00e1s destapando el Villar Gate..no cejes en tu empe\u00f1o. \u00bfCrees que Van del Vart le ha comido la tostada a Granero y a Guti? <\/p>\n<p>R.- Gracias por tus \u00e1nimos porque ayudan a saber que esta lucha por recuperar la limpieza de la competici\u00f3n cuenta con muchos aliados. En cuanto a Rafael es evidente que ha sabido aprovecharse de la lesi\u00f3n eterna de Guti y los problemas f\u00edsicos de Kak\u00e1. Y Granero ha ca\u00eddo en desgracia con Pellegrini y, adem\u00e1s, tampoco le veo muy killer cuando sale al campo. Debe ser m\u00e1s pirata porque los canteranos deben demostrar el doble para ganarse la confianza del entrenador del Madrid.<\/p>\n<p>P.- Hola Tom\u00e1s!! \u00bfMe podr\u00edas decir los cambios que has visto en el periodismo deportivo en el tiempo que llevas trabajando? Muchas gracias<\/p>\n<p>R.- Sin duda, la jerarqu\u00eda que ha adquirido el periodista deportivo en el \u00e1mbito medi\u00e1tico general. Hemos pasado de ser los plumillas que en las redacciones eran los \u00faltimos de la fila a ser tan valorados casi como los redactores de Politica o Econom\u00eda. El f\u00fatbol es una caldera de pasiones y los privilegiados que podemos cont\u00e1roslo hemos pasado a un escal\u00f3n que permite por lo menos tener un reconocimiento social que antes era ut\u00f3pico. Es una profesi\u00f3n recomendable y excitante. <\/p>\n<p>P.- Hola Tom\u00e1s. Lo de Pepe me cay\u00f3 como un ba\u00f1o de hielo. Cual de las opciones que nos present\u00f3 As escoger\u00edas tu? rodar a Ramos para el centro y fichar un lateral derecho, fichar un central o tirar de la cantera y la banca? yo creo que un lateral es la opcion. Ramos cuando juega de central lo veo mas solvente y ese lateral le servir\u00eda de competencia en el futuro para que no se duerma. Aunque un central no estar\u00eda mal; me gusta Otamendi. lo he visto en V\u00e9lez y es un capo.<\/p>\n<p>R.- A m\u00ed lo de Ramos de central y Arbeloa y Marcelo colocados en sus bandas naturales me parece interesante. Tampoco me disgusta seguir apostando por una dupla Albiol-Garay, con Ramos de 2 y Arbeloa en la izquierda. Esa es la defensa que funcion\u00f3 bien en Valencia tras el palo de Pepe y que ser\u00e1 titular el s\u00e1bado ante el Zaragoza. <\/p>\n<p>P.- hola crack!! Crees que el vilarato podr\u00e0 dar la liga al barca? El madrid debe luchar contra los equipos adversarios y el vilarato lo veo muy dificil para nosotros.hala madrid<\/p>\n<p>R.- Si necesita ayudarle para que as\u00ed sea lo har\u00e1. El Villarato es implacable y s\u00f3lo el Madrid podr\u00e1 ganar la Liga si llega a la \u00faltima recta con una renta de puntos aceptable. <\/p>\n<p>P.- Que te parece Hugo Sanchez para t\u00e9cnico del Madrid? Podr\u00eda ser el Guardiola que necesitan los blancos?<\/p>\n<p>R.- Me gustar\u00eda mucho, pero dentro de un par de a\u00f1os. Pellegrini har\u00e1 una buena labor en el Madrid y merece seguir. Pero Hugo S\u00e1nchez sue\u00f1a con ese cargo desde que dej\u00f3 el club y me parece justo darle esa oportunidad. Es ambicioso, ganador y le gusta el f\u00fatbol de ataque. tiene feeling con el Bernab\u00e9u y es no tiene precio. \u00a1Viva M\u00e9xico!<\/p>\n<p>P.- Tom\u00e1s \u00bfCrees que la baja de Pepe, puede frenar la progresi\u00f3n de buen juego que venia haciendo el Real, estos \u00faltimos partidos? Viva el Real y su capit\u00e1n.<\/p>\n<p>R.- Tranquilo, Pepe es importante pero en el Madrid no hay nadie imprescindible. Cristiano es el n\u00famero uno y, pese a estar dos meses de baja, hemos llegado a estar l\u00edderes en su ausencia. <\/p>\n<p>P.- Saludos Tom\u00e1s!! \u00bfque opinas sobre la suplencia de Ra\u00fal? \u00bfcrees que es justa o no? \u00bfque papel desempe\u00f1ar\u00e1 el capitan a partir de ahora dentro del equipo?<\/p>\n<p>R.- Puedo entender que Ra\u00fal sea suplente ahora por una cuesti\u00f3n pura de rendimiento de Higua\u00edn y Benzema, que est\u00e1n muy bien. Adem\u00e1s, ha vuelto Cristiano. Hasta ah\u00ed no dir\u00e9 nada en contra de la decisi\u00f3n de Pellegrini. Pero lo que s\u00ed me duele es que se plantee la suplencia de Ra\u00fal como un &#8220;Y no vuelvas m\u00e1s&#8221;. Ra\u00fal ha sido y es historia del Real Madrid y se merece un respeto en su \u00faltima recta. Yo le quiero hasta 2011, cuando acaba su contrato, y seguro que volver\u00e1 a ser titular en m\u00e1s de un partido y marcar\u00e1 alg\u00fan gol importante. Ra\u00fal est\u00e1 en mi coraz\u00f3n y el de muchos madridistas. No permitiremos que se vaya por la puerta de atr\u00e1s&#8230;<\/p>\n<p>P.- Hola tom\u00e1s,Actualiza el blog anda&#8230;. \u00bfA qu\u00e9 crees que se debe el enorme baj\u00f3n de forma que han tenido los de Messina en los \u00faltimos partidos?<\/p>\n<p>R.- No te falta raz\u00f3n amigo. Llevo tiempo que no encuentro hueco poque no paro un minuto. Ahora estamos de mudanza de sede en el AS. Antes del par\u00f3n navide\u00f1o te prometo que lo actualizo. Lo del basket tranquilo. Messina es sabio y seguro que esto ha sido s\u00f3lo un lapsus porque la plantilla es excelente. La baja de Llull ha hecho da\u00f1o&#8230;<\/p>\n<p>P.- Hola Tom\u00e1s! sab\u00eda que C.Ronaldo era un genio , el mejor jugador del mundo , pero me esta dejando totalmente alucinado y el otro d\u00eda mi abuelo(que solo ve liga espa\u00f1ola y no conoc\u00eda a C.Ronaldo) me dijo unas palabras que me escandalizaron &#8221; He visto jugar a todos los grandes y Di St\u00e9fano es muy supeior a Pele y Maradona es un chiste , por fin Di St\u00e9fano tiene rival&#8230;.C.Ronaldo&#8221; si supieses la admiraci\u00f3n de mi abuelo &#8220;al Dios Stefano&#8221; entenderias el por que de lo que te digo \u00bfpiensas que es posible la predicc\u00f3n de mi abuelo?<\/p>\n<p>R.- Tu abuelo sabe de f\u00fatbol. Un d\u00eda me dijo Jorge Mendes, agente de Cristiano, que el portugu\u00e9s ser\u00e1 el mejor futbolista de todos los tiempos. El reto es muy dif\u00edcil, pero las cosas que le hemos visto a este chico no son normales. Su partidazo de Marsella es para verlo varias veces. M\u00e1quina total. Un crack en todos los sentidos. Futbolista que marcar\u00e1 un antes y un despu\u00e9s. Grandioso jugador. <\/p>\n","protected":false},"excerpt":{"rendered":"<p>El redactor jefe del Diario AS, Tom\u00e1s Roncero ha charlado con los lectores de la actualidad del Real Madrid. <\/p>\n<p>ARCHIVO DE ENTREVISTAS:<\/p>\n<p>09 de diciembre &#8211; 01 de diciembre &#8211; 24 de noviembre &#8211; 17 de noviembre &#8211; 10 de noviembre &#8211; 5 de noviembre &#8211; 27 de octubre &#8211; 20 de octubre &#8211; 13 de octubre &#8211; 06 de octubre &#8211; 29 de septiembre &#8211; 22 de septiembre &#8211; 15 de septiembre &#8211; 08 de septiembre &#8211; 01 de septiembre &#8211; 25 de agosto &#8211; 28 de julio &#8211; 20 de julio &#8211; 14 de julio &#8211; 07 de julio &#8211; 30 de junio &#8211; 16 de junio &#8211; 16 de junio &#8211; 09 de junio &#8211; 02 de junio &#8211; 26 de mayo &#8211; 19 de mayo &#8211; 12 de mayo &#8211; 5 de mayo &#8211; 28 de abril &#8211; 21 de abril &#8211; 14 de abril &#8211; 07 de abril &#8211; 31 de marzo &#8211; 25 de marzo &#8211; 17 de marzo &#8211; 24 de febrero &#8211; 17 de febrero &#8211; 10 de febrero &#8211; 2 de julio &#8211; 14 de junio <\/p>\n","protected":false},"author":1,"featured_media":0,"comment_status":"open","ping_status":"open","sticky":false,"template":"","format":"standard","meta":{"footnotes":""},"categories":[],"tags":[],"class_list":["post-9303","post","type-post","status-publish","format-standard","hentry"],"_links":{"self":[{"href":"https:\/\/intervius.com\/index.html\/wp-json\/wp\/v2\/posts\/9303","targetHints":{"allow":["GET"]}}],"collection":[{"href":"https:\/\/intervius.com\/index.html\/wp-json\/wp\/v2\/posts"}],"about":[{"href":"https:\/\/intervius.com\/index.html\/wp-json\/wp\/v2\/types\/post"}],"author":[{"embeddable":true,"href":"https:\/\/intervius.com\/index.html\/wp-json\/wp\/v2\/users\/1"}],"replies":[{"embeddable":true,"href":"https:\/\/intervius.com\/index.html\/wp-json\/wp\/v2\/comments?post=9303"}],"version-history":[{"count":0,"href":"https:\/\/intervius.com\/index.html\/wp-json\/wp\/v2\/posts\/9303\/revisions"}],"wp:attachment":[{"href":"https:\/\/intervius.com\/index.html\/wp-json\/wp\/v2\/media?parent=9303"}],"wp:term":[{"taxonomy":"category","embeddable":true,"href":"https:\/\/intervius.com\/index.html\/wp-json\/wp\/v2\/categories?post=9303"},{"taxonomy":"post_tag","embeddable":true,"href":"https:\/\/intervius.com\/index.html\/wp-json\/wp\/v2\/tags?post=9303"}],"curies":[{"name":"wp","href":"https:\/\/api.w.org\/{rel}","templated":true}]}}