{"id":9302,"date":"2009-12-15T00:00:00","date_gmt":"2006-11-06T00:00:00","guid":{"rendered":"https:\/\/intervius.com\/index.html\/?p=9302"},"modified":"2006-11-06T00:00:00","modified_gmt":"2006-11-06T00:00:00","slug":"Maldini9302","status":"publish","type":"post","link":"https:\/\/intervius.com\/index.html\/Maldini9302\/","title":{"rendered":"Maldini"},"content":{"rendered":"<p>Pregunta.- Maldini eres un crack!!Sobre la ausencia de Pepe han salido muchos nombres pero no el de Heiko Westermann, jugador alem\u00e1n del shalke k puede jugar en cualquier posici\u00f3n de la defensa as\u00ed como de mediocentro y siempre lo hace bien, ademas puede jugar champions,\u00bfcrees que ser\u00eda una buena incorporaci\u00f3n?<\/p>\n<p>Respuesta.- Hola Canario. Pues s\u00ed que tienes raz\u00f3n, el otro d\u00eda hice una lista en AS de posibles centrales interesantes para el Real Madrid y se me olvidaron David Luiz (el del Benfica que me encanta) y tambi\u00e9n Westermann, que sobre todo es un jugador muy polivalente e interesante en cualquier plantilla.<\/p>\n<p>P.- Julio! Creo que el Inter va a fracasar otro a\u00f1o mas en Europa. Creo que en octavos a casa, y otro a\u00f1o lejos (muy lejos) del titulo. Y mas aun habiendo quedado 2\u00ba de su grupo. No me parece un equipo fiable ni creo que tenga un estilo definido, mas all\u00e1 de la pegada de sus delanteros y algunos centrocampistas llegadores \u00bfPiensas lo mismo? Aun asi, ganara el triste y enfermo como tu dices Calcio&#8230;<\/p>\n<p>R.- Hola leon. Estoy contigo, no creo que sea capaz de ganar la Champions. Aunque creo que puede pasar de octavos e incluso m\u00e1s lejos dependiendo del sorteo, peroo hay equipos bastante m\u00e1s fuertes. Estilo no tiene, esoo est\u00e1 claro. Tampoco velocidad y creo que algunos de sus jugadores est\u00e1n sobrevalorados. <\/p>\n<p>P.- Genio! \u00bfconsideras a Arshavin uno de los mejores del mundo? Yo si, es increible, un futbolista diferente. Vaya perla la de Anfield! \u00bfpuede ser el CRACK mundial desequilibrador que le haga al Arsenal dar el salto definitivo para pelear codo con codo con Chelsea(mas dificil) y, sobre todo, Manchester? <\/p>\n<p>R.- Desde luego que s\u00ed, es de lo mejor del mundo y junto a Ibra el gran talento que se perder\u00e1 el mundial. Golazo en Anfield, desde luego que s\u00ed. Pero no veo al Arsenal peleando por la Premier ni la Champions<\/p>\n<p>P.- Hola Maldini!! \u00bfQue nos puedes decir del &#8220;Chori&#8221; Dom\u00ednguez? \u00bfY que esperas de \u00e9l en el Valencia? \u00bfVes al Valencia con fuerzas para aguantar ah\u00ed arriba toda la temporada? Un saludo crack!<\/p>\n<p>R.- Me gusta Dominguez, es r\u00e1pido y buena t\u00e9cnica, fenomenal a bal\u00f3n parado. El problema para \u00e9l es econtrar sitio en el Valencia con todo lo que tiene el equipo arriba. Su llegada abre la posible marcha de Villa para la pr\u00f3xima temporada. S\u00ed creo que el Valencia acabar\u00e1 entre los cuatro primeros, ha sido clave la recuperaci\u00f3n de un buen Albelda. <\/p>\n<p>P.- Muy buenas Julio! crees que el lateral derecho Albin Ebondo y el delantero Soukouna, ambos del Toulouse, est\u00e1n para dar el salto a Espa\u00f1a a equipos de mitad tabla arriba?? gracias!<\/p>\n<p>R.- Ebondo s\u00ed, Soukouna casi no juega en el Toulouse, es muy joven, tiene a Gignac por delante y el Toulouse suele jugar con solo un punta. Lo tiene complicado, solo ha sido titular en alg\u00fan partido de UEFA<\/p>\n<p>P.- Hola Maldini mi pregunta es f\u00e1cil \u00bfCrees que el Burnley llegar\u00e1 a algo esta temporada?<\/p>\n<p>R.- Es uno de los representantes que quedan en la Premier de f\u00fatbol directo y de otra \u00e9poca. Mucha gente comenta el topicazo de &#8220;el f\u00fatbol ingl\u00e9s es m\u00e1s r\u00e1pido y m\u00e1s directo y todo el mundo juega al ataque&#8221; y no es verdad para nada. La Premier tambi\u00e9n perdi\u00f3 esa identidad y hay equipos de todo tipo. Pero el Burnley s\u00ed la mantiene. Es duro de ganar en casa, no deber\u00eda tener problemas para mantenerse. <\/p>\n<p>P.- Hola Julio, soy del Benfica, que me podrias decir sobre su nuevo fichaje, Airton, centrocampista del Flamengo de 19 a\u00f1os? Y de Alan Kardec del que se habla tambien como posible fichaje?<\/p>\n<p>R.- Alan Kardec es un delantero muy poderoso f\u00edsicamente, un ariete de \u00e1rea, quiz\u00e1 le recuerdes del mundial sub-20. Ser\u00eda una buena incorporaci\u00f3n. De Airton no tengo una opini\u00f3n clara, cuando le vea m\u00e1s te comento. <\/p>\n<p>P.- Buenas,Maldini! Quer\u00eda saber tu opini\u00f3n sobre Yoann Gourcuff,el crack del Girondins..y crees que saldr\u00e1 en un futuro muy pr\u00f3ximo del club? De ser as\u00ed,d\u00f3nde crees que terminar\u00eda? Gracias y U.Saludo<\/p>\n<p>R.- Gourcuff (acaba de ser elegido por France Football jugador franc\u00e9s del a\u00f1o) est\u00e1 para un grande grande. Es uno de los futbolistas con m\u00e1s talento del momento. <\/p>\n<p>P.- Hola Maldini 1\u00bfCrees que el Liverpool esta en crisis? Yo creo que necesita recueperar a Torres y a Gerrard al 100.Y a partir de ahi empezar a coger moral con buenos resultados 2 \u00bfQuien crees que va a ganar la Premier League ? Y 3 para terminar \u00bfDime 5 jovenes talentos Ingleses que vayan para CRACK? Suerte y un abrazo<\/p>\n<p>R.- Hola Pelayo. Te contesto a lo del Liverpool. S\u00ed est\u00e1 en crisis, desde luego necesita al mejor Torres y Gerrard ha empezado ya la cuesta abajo. No pasa un buen momento. La Premier creo que la ganar\u00e1 el Chelsea. <\/p>\n<p>P.- Hola Maldini. Seg\u00fan t\u00fa, \u00bfqu\u00e9 seleccion nacional tiene m\u00e1s jugadores entre los 50 mejores del mundo?<\/p>\n<p>R.- Espa\u00f1a sin ninguna duda. <\/p>\n<p>P.- Buenas Julio, quer\u00eda preguntarte por la opini\u00f3n que te merece Juan, el central de la Roma, y Zapata, del Udinese. \u00bfApostar\u00edas por la cesi\u00f3n de un jugador consolidado hasta final de temporada o por un jugador de futuro? Gracias!<\/p>\n<p>R.- Zapata me encanta, me parece de los mejores centrales de las grandes ligas europeas ahora mismo. Juan no llega a ese nivel aunque es un central muy fiable, de los que adem\u00e1s sacan bien la pelota jugada y llevan peligro al \u00e1rea rival.<\/p>\n<p>P.- Hola Maldini! soy un gran seguidor tuyo! queria que me dijeras que te parece Ireland el centrocampista del Manchester City<\/p>\n<p>R.- Hola Daniel. Creo que es un jugador muy completo, con calidad y fuerza, l\u00e1stima que por problemas externos (\u00e9l renunci\u00f3 en su d\u00eda a la selecci\u00f3n) juegue poco con Irlanda. Es jugador clave en el Man City. <\/p>\n<p>P.- Hola \u00bfcrees que tiene pinta de crack Dawid Janczyk?<\/p>\n<p>R.- Es aun joven y est\u00e1 haciendo goles en el Lokeren, pero no cuaj\u00f3 en el CSKA. De momento no ha progresado como se esperaba. <\/p>\n<p>P.- Maldini \u00bfque te parece Luka Modric? \u00bfes tan bueno como dicen? \u00bftiene el nivel como para jugar en un Real Madrid, o Chelsea?<\/p>\n<p>R.- S\u00ed es bueno s\u00ed, veremos como vuelve tras la lesi\u00f3n. Tiene gran dominio del bal\u00f3n y de la situ\u00e1ci\u00f3n. Y necesita libertad, a m\u00ed como mediocentro no me gusta tanto y s\u00ed m\u00e1s adelantado. <\/p>\n<p>P.- hola Maldini\u00bf que posibilidades le ves a uruguay en su grupo del mundial? un saludo<\/p>\n<p>R.- Ayer lo hablaba con Carlos Castellanos (mi compa\u00f1ero en Fiebre Maldini). Tuvo suerte en el sorteo porque le cay\u00f3 el cabeza de serie m\u00e1s sencillo (Sud\u00e1frica) y va a ser clave el primer partido ante Francia. Creo que se meter\u00e1 al menos en octavo, aunque M\u00e9jico tambi\u00e9n va a ser un rival duro. <\/p>\n","protected":false},"excerpt":{"rendered":"<p>El periodista experto en f\u00fatbol internacional vuelve a su cita semanal con los lectores. Maldini ha charlado con los internautas sobre la actualidad del f\u00fatbol internacional. <\/p>\n<p>ARCHIVO DE ENTREVISTAS:<\/p>\n<p>href=&#8221;http:\/\/www.as.com\/edigitales\/entrevista\/Maldini-6034&#8243;>9 de diciembre de 2009 &#8211; < \nhref=\"http:\/\/www.as.com\/edigitales\/entrevista\/Maldini-6003\">1 de diciembre de 2009 &#8211; < \nhref=\"http:\/\/www.as.com\/edigitales\/entrevista\/Maldini-5887\">3 de noviembre de 2009 &#8211; < href=\"http:\/\/www.as.com\/edigitales\/entrevista\/Maldini-5857\">27de octubre de 2009 &#8211; < href=\"http:\/\/www.as.com\/edigitales\/entrevista\/Maldini-5819\">20 de octubre de 2009 &#8211; 13 de octubre de 2009 -29 de septiembre de 2009 &#8211; 22 de septiembre de 2009 &#8211; 15 de septiembre de 2009 &#8211; 08 de septiembre de 2009 &#8211; 01 de septiembre de 2009 &#8211; 25 de agosto del 2009 &#8211; 18 de agosto del 2009 &#8211; 11 de agosto del 2009 &#8211; 04 de agosto del 2009 &#8211; 23 de junio del 2009 &#8211; 16 de junio del 2009 &#8211; 09 de junio del del 2009 &#8211; 02 de junio del 2009 &#8211; 26 de mayo del 2009 &#8211; 19 de mayo del 2009 &#8211; 12 de mayo del 2009 &#8211; 5 de mayo del 2009 &#8211; 28 de abril del 2009 &#8211; 21 de abril del 2009 &#8211; 14 de abril del 2009 &#8211; 7 de abril del 2009 &#8211; 31 de marzo del 2009 &#8211; 10 de marzo del 2009 &#8211; 3 de marzo del 2009 &#8211; 24 de febrero del 2009 &#8211; 17 de febrero del 2009 &#8211; 11 de febrero del 2009 &#8211; 3 de febrero del 2009 &#8211; 27 de enero del 2009 &#8211; 13 de agosto del 2008 &#8211; 28 de junio del 2008 &#8211; 6 de junio del 2008 <\/p>\n","protected":false},"author":1,"featured_media":0,"comment_status":"open","ping_status":"open","sticky":false,"template":"","format":"standard","meta":{"footnotes":""},"categories":[],"tags":[],"class_list":["post-9302","post","type-post","status-publish","format-standard","hentry"],"_links":{"self":[{"href":"https:\/\/intervius.com\/index.html\/wp-json\/wp\/v2\/posts\/9302","targetHints":{"allow":["GET"]}}],"collection":[{"href":"https:\/\/intervius.com\/index.html\/wp-json\/wp\/v2\/posts"}],"about":[{"href":"https:\/\/intervius.com\/index.html\/wp-json\/wp\/v2\/types\/post"}],"author":[{"embeddable":true,"href":"https:\/\/intervius.com\/index.html\/wp-json\/wp\/v2\/users\/1"}],"replies":[{"embeddable":true,"href":"https:\/\/intervius.com\/index.html\/wp-json\/wp\/v2\/comments?post=9302"}],"version-history":[{"count":0,"href":"https:\/\/intervius.com\/index.html\/wp-json\/wp\/v2\/posts\/9302\/revisions"}],"wp:attachment":[{"href":"https:\/\/intervius.com\/index.html\/wp-json\/wp\/v2\/media?parent=9302"}],"wp:term":[{"taxonomy":"category","embeddable":true,"href":"https:\/\/intervius.com\/index.html\/wp-json\/wp\/v2\/categories?post=9302"},{"taxonomy":"post_tag","embeddable":true,"href":"https:\/\/intervius.com\/index.html\/wp-json\/wp\/v2\/tags?post=9302"}],"curies":[{"name":"wp","href":"https:\/\/api.w.org\/{rel}","templated":true}]}}