{"id":9296,"date":"2009-12-11T00:00:00","date_gmt":"2006-11-06T00:00:00","guid":{"rendered":"https:\/\/intervius.com\/index.html\/?p=9296"},"modified":"2006-11-06T00:00:00","modified_gmt":"2006-11-06T00:00:00","slug":"Eli9296","status":"publish","type":"post","link":"https:\/\/intervius.com\/index.html\/Eli9296\/","title":{"rendered":"Eli"},"content":{"rendered":"<p>Pregunta.- \u00bfC\u00f3mo te has sentido los 10 d\u00edas de convivencia junto a Santi e Ivana? \u00bfLos celos y posesi\u00f3n de Santi te hicieron irte de la granja?<\/p>\n<p>Respuesta.- Bueno,tengo que decir que son doce d\u00edas,pero detr\u00e1s de las c\u00e1maras tambi\u00e9n vivimos y bueno no tengo nada en contra de Ivana y a pesar de todo tampoco de Santi pues fue una experiencia muy bonita que te hace aprender y como no a valorar todo mucho m\u00e1s. La convivencia fue GENIAL y nos llevamos dentro de lo que cabe los tres bien. Siii los celos de Santi me mataron. Es un chico inseguro de los dem\u00e1s,y para estar con alguien debes confiar y tener respeto.Como dijo \u00e9l. Yo ten\u00eda muy poco tiempo para hablar con mi familia o amigos,y \u00e9l se pon\u00eda delante para ver lo que hablaba con ellos pensando que en alg\u00fan momento lo estaba engan\u00f1ando..Por eso dijo lo de mi ex novio..Que si hablaba con \u00e9l&#8230;SI lo hac\u00eda y lo sigo haciendo, la cuesti\u00f3n es que a lo mejor \u00e9l tiene otra forma de pensar y no ve normal que tu ex,pueda tener una &#8220;AMISTAD&#8221; contigo..De hecho no le veo nada malo mi ex tiene su vida,su novia..y yo mi vida y mi pareja..Quiz\u00e1 por su forma de ser nunca le vaya bien.. <\/p>\n<p>P.- Al final ocurrio lo que Ivanna decia que tal te sientes? Se lo contastes a ella?<\/p>\n<p>R.- Ivana dijo que era un poco infantil Santiago,y que valorase. Santi, que me quedase unos d\u00edas en la granja con \u00e9l. A Ivana se lo cont\u00e9 hace un tiempo,le dije todo lo que pas\u00f3 incluso antes de la final.Yo quer\u00eda que ella lo supiera,ya que sab\u00eda que se iba a saber,por lo menos quise dar la cara y tenerle el respeto que no le tuvo Santi.<\/p>\n<p>P.- \u00bfPor qu\u00e9 decidiste abandonar la granja? \u00bfQu\u00e9 pas\u00f3 con Santiago?<\/p>\n<p>R.- Decidi abandonar la granja de Santiago,por que no me sent\u00eda bien. Era algo que no quer\u00eda en mi vida&#8230;el pasarlo mal creo que a nadie le gusta.Hubo dos ocasiones que estuve apunto de irme de la granja pero ten\u00eda sentimientos y Santi me ped\u00eda que no me fuera,y ca\u00ed dos veces en sus mentiras hasta que un d\u00eda me cans\u00e9 porque se le fue de las manos y empez\u00f3 a gritar,y me sent\u00ed muy mal,decid\u00ed irme de buenas con \u00e9l y con todo el mundo. Mi sorpresa fue al llegar a Madrid que me esperaba el equipo para hacer unas preguntas,y me sorprendieron porque Santi a escondidas mias me pon\u00eda verde y dec\u00eda que me hab\u00eda echado de la granja. Yo indignada..me puse nerviosa sin saber como demostrar la verdad,y apagaron las c\u00e1maras&#8230;y yo sin pensarlo lo llame.. Cuando me vieron hablar con el enchufaron las c\u00e1maras y pude demostrar que la que lo pas\u00f3 mal fui yo y la que lo dio todo fui yo,ya que \u00e9l para quedar bien cont\u00f3 lo que quiso&#8230;Como se dir\u00eda en estos casos;le salio el tiro por la culata&#8230;. <\/p>\n<p>P.- \u00bfTe has arrepentido de algo de lo que has hecho o dicho en la granja?<\/p>\n<p>R.- Arrepentirme NO,porque me ha venido bien para aprender. La pregunta ser\u00eda : \u00bfLo harias de otra menera si volvieras a entrar en granjero busca esposa? Te diria que si..pues desde el primer momento que el hubiera querido estar conmigo le hubiera dichoque fuera delante de la c\u00e1mara o por lo menos que se lo dijera a Ivana Yo con ella en estos temas era reserveda por que yo segu\u00eda las pautas del se\u00f1or Santiago. Y de algo que haya dicho..pues NO..la verdad es que yo cuando digo algo es por que lo siento y a veces las cosas se malinterpretan. Soy muy bromista y hay muchas gente que no entiende esta forma de ser pero yo soy feliz como soy y me va muy bien.<\/p>\n<p>P.- Hola Eli! \u00bfQue opini\u00f3n tienes de Santi despu\u00e9s de todo lo que ocurri\u00f3? \u00bfEn que m\u00e1s ha mentido al programa? Te deseo mucha suerte en el amor y espero que te hayas llevado un buen recuerdo de Galicia.<\/p>\n<p>R.- Bueno..de Santi por suerte recuerdo nada mas que lo que vivimos juntos los tres en la granja ya que lo dem\u00e1s lo intent\u00e9 olvidar porque lo pas\u00e9 muy mal. Independientemente de eso a Santi le veo que le costara encontrar a alguien ya que no es de todo sincero,y tampoco da confianza. De todos modos ojal\u00e1 me equiboque y que le vaya de marravilla.. Yo solo hablo desde mi experiencia&#8230; Pues en la final cont\u00e9 todolo que ten\u00eda que contar,hay fue cuando todo el mundo supo lo que yo sab\u00eda y me hacia callar. Y bueno, gracias por desearme suerte en el amor. La verdad es que tengo mi corazon ocupado por una persona marravillosa. =) Y Galicia me encantaaaaaaaaaa&#8230;<\/p>\n<p>P.- Te parece normal que Santi no tuviera siquiera oportunidad de dar su versi\u00f3n de los hechos?<\/p>\n<p>R.- \u00c9l si habl\u00f3 pero cambiaba de tema. Yoestaba muy nerviosa y quer\u00eda que se supiera la verdad, y aprovechar ell poco tiempo que ten\u00edamos y no hablar de tonter\u00edas como \u00e9l hac\u00eda para desviar los temas que preguntaba Luj\u00e1n. <\/p>\n<p>P.- Que es m\u00e1s importante para ti: la fama que conlleva el haber participado en el programa o el respeto hacia las personas con las que has convivido y que te acogieron en su casa?<\/p>\n<p>R.- El respeto hacia esas personas..Lo que pasa es que yo me fui de buenas y cuando llegu\u00e9 a Madrid me econtr\u00e9 el pastel,y muy buenas personas no eran porque me las quisieron meter dobla&#8230;\u00bfque respeto me tenian ellos hablando asi de mi? \u00bfque respeto les podria tener,si no se lo tienen a ellos mismo? son muchas preguntas sin respuesta&#8230; <\/p>\n<p>P.- Realmente te hab\u00edas enamorado de Santi?<\/p>\n<p>R.- Yo a Santi lo quise mucho. Enamorada como puedo estar con una pareja de un a\u00f1o no&#8230; Fue todo muy r\u00e1pido y sensaciones muy bonitas&#8230; No crees que la pregunta seria:\u00bf Crees que Santi despu\u00e9s de lo que te hizo realmente te quer\u00eda? Yo tambi\u00e9n tengo mis dudas..<\/p>\n<p>P.- sigues manteniendo relacion con Ivana y con los demas compa\u00f1eros del programa? un besote, eres una granaina como tiene que ser, con un par.<\/p>\n<p>R.- Con Ivana no,ya que tiene un club de fans que se dedica a criticarme y ella no da la cara y pasa de todo Tengo contacto con Guiomar,pues desde entonces hablamos via tuenti,y es lo bueno que me he llevado del programa, por lo menos alguien con principios.<\/p>\n<p>P.- \u00bfQue\u00e9 hiciste cuando viste a Santi, salir con la otra chica de la discoteca?<\/p>\n<p>R.- Bueno en ese momento reirme..No queria ver lo que estaba pasando&#8230;Pero luego me derumb\u00e9 en el coche camino a la granja. Es algo que no se puede explicar,me qued\u00e9 helada&#8230;.. <\/p>\n<p>P.- \u00bfCreo que vivisteis con los padres no? Que tal la convivencia con ellos, que te dijeron cuando te fuiste?<\/p>\n<p>R.- Sus padres son un amor..ellos lloraron cuando me fui&#8230;La convivencia genial,yo estaba siempre con la madre ayud\u00e1ndola y no tenia queja de ellos. Lo mejor de Santi es su famila y su hermano. <\/p>\n","protected":false},"excerpt":{"rendered":"<p>\u00bfQu\u00e9 pas\u00f3 entre la andaluza y el granjero? \u00bfPor qu\u00e9 acabo su relaci\u00f3n? Santi te lo cuenta todo en una entrevista digital \u00a1No te la pierdas!<\/p>\n","protected":false},"author":1,"featured_media":0,"comment_status":"open","ping_status":"open","sticky":false,"template":"","format":"standard","meta":{"footnotes":""},"categories":[],"tags":[],"class_list":["post-9296","post","type-post","status-publish","format-standard","hentry"],"_links":{"self":[{"href":"https:\/\/intervius.com\/index.html\/wp-json\/wp\/v2\/posts\/9296","targetHints":{"allow":["GET"]}}],"collection":[{"href":"https:\/\/intervius.com\/index.html\/wp-json\/wp\/v2\/posts"}],"about":[{"href":"https:\/\/intervius.com\/index.html\/wp-json\/wp\/v2\/types\/post"}],"author":[{"embeddable":true,"href":"https:\/\/intervius.com\/index.html\/wp-json\/wp\/v2\/users\/1"}],"replies":[{"embeddable":true,"href":"https:\/\/intervius.com\/index.html\/wp-json\/wp\/v2\/comments?post=9296"}],"version-history":[{"count":0,"href":"https:\/\/intervius.com\/index.html\/wp-json\/wp\/v2\/posts\/9296\/revisions"}],"wp:attachment":[{"href":"https:\/\/intervius.com\/index.html\/wp-json\/wp\/v2\/media?parent=9296"}],"wp:term":[{"taxonomy":"category","embeddable":true,"href":"https:\/\/intervius.com\/index.html\/wp-json\/wp\/v2\/categories?post=9296"},{"taxonomy":"post_tag","embeddable":true,"href":"https:\/\/intervius.com\/index.html\/wp-json\/wp\/v2\/tags?post=9296"}],"curies":[{"name":"wp","href":"https:\/\/api.w.org\/{rel}","templated":true}]}}