{"id":9287,"date":"2011-10-25T00:00:00","date_gmt":"2006-11-06T00:00:00","guid":{"rendered":"https:\/\/intervius.com\/index.html\/?p=9287"},"modified":"2006-11-06T00:00:00","modified_gmt":"2006-11-06T00:00:00","slug":"Tomas_Roncero9287","status":"publish","type":"post","link":"https:\/\/intervius.com\/index.html\/Tomas_Roncero9287\/","title":{"rendered":"Tom\u00e1s Roncero"},"content":{"rendered":"<p>Pregunta.- Roncero este a\u00f1o vamos a ganar la d\u00e9cima estoi seguro \u00bfcomo crees que se le quedar\u00e1 la cara a Carme y kim al ver que nosotros tenemos 10 copas de Europa?<\/p>\n<p>Respuesta.- Ser\u00eda un sue\u00f1o hecho realidad. El madridismo se merece esa D\u00e9cima despu\u00e9s de diez a\u00f1os de espera. Hay equipo y entrenador para lograrlo. La cara que se le quede a ellos me da igual porque seguir\u00e1n muchos a\u00f1os por detr\u00e1s en el palmar\u00e9s. Eso no lo cambiar\u00e1 nada. <\/p>\n<p>P.- Hola Gran Tomas! Es un gran Honor para mi poder escribirte (y esperar que me contestes) ya que creo en mi modesta opinion que eres un pedazo de Profesional y un enorme defensor de nuestro Madrid! Bueno vamos a ya: como ves tu la opcion de jugar con Sahin-Xabi juntos? yo segui el ano pasado muchos partidos del BVB09 y creo que seria una maravilla que jugaran juntos, por la calidad que tienen los 2. Mis felicitaciones desde aqui tambien al Levante, como Vikingo hasta la medula, confieso que me alegro mucho por ellos y que lo disfruten lo maximo. Cuando vendras por Mallorca? un Abrazo campeon!<\/p>\n<p>R.- Sahin est\u00e1 en la recta final de su recuperaci\u00f3n y pronto le veremos debutar de blanco. Es un gran fichaje y la gente lo va a valorar en cuanto que le vea tocar la pelota. A Mallorca voy el 18 de noviembre a la Pe\u00f1a Campos. <\/p>\n<p>P.- Al Manchester United le endosaron una paliza en la que ha quedado con 5 goles en contra y para mi recuerda el 5-0 en el que el Bar\u00e7a logra dejar a Mourinho totalmente callado (su estado perfecto). Que te parece que aprendio el Madrid a partir del partido con el Bar\u00e7a, porque es obvio que fue un punto de inflexi\u00f3n&#8230;<\/p>\n<p>R.- La diferencia es que el Madrid se rearm\u00f3 futbol\u00edsticamente y mentalmente para hacer frente al Bar\u00e7a y ya se vio en la tormenta de cl\u00e1sicos de abril. El Madrid gan\u00f3 la Copa con justicia y no le elimin\u00f3 de la Champions por los \u00e1rbitros. El Bar\u00e7a ya ha tocado techo y el Madrid est\u00e1 en busca de \u00e9l. El cambio de inercia se est\u00e1 consumando ya. <\/p>\n<p>P.- Tomas, vaya fin de semana de Florentino: el sabado en Malaga con el primer equipo, el domingo, por la ma\u00f1ana en el palacio de los deportes siguiendo el baloncesto y por la tarde en Valdedebas viendo al Castilla. \u00bfLe ha ocurrido algo para este seguimiento tan inusual? <\/p>\n<p>R.- \u00c9l tiene una agenda complicada y cuando le da algo de aire acude a todo lo que puede. Quiz\u00e1s hab\u00eda estado fr\u00edo y distante con el baloncesto, pero creo que jugando en el Palacio de Goya le vamos a ver a menudo por alli. \u00bfQui\u00e9n se quiere perder a Rudy?<\/p>\n<p>P.- Buenas Tom\u00e1s, mi pregunta es f\u00e1cil,\u00bfqu\u00e9 defensa hay que fichar este a\u00f1o tras la m\u00e1s que posible baja de Ricardo Carvahlo? Saludos!<\/p>\n<p>R.- Teniendo a Ramos (Sergio me gusta m\u00e1s ah\u00ed que de central), Pepe, Varane y Albiol veo ese puestom\u00e1s que cubierto.<\/p>\n<p>P.- El Madrid l\u00edder de su grupo en la Champions, 2\u00ba en liga, por delante de los humildes seguidores de la Qatar Foundation, el segundo m\u00e1s goleador en Europa solo superado por el City, digo yo que es un buen bagaje, pese a que Mourinho est\u00e1 llevando a la ruina deportiva, social e institucional al club, \u00bfno?.<\/p>\n<p>R.- Me gusta tu iron\u00eda y tienes toda la raz\u00f3n. Al Madrid se le minimiza todo, pero la realidad es la que tu dibujas. El Madrid est\u00e1 jugando al f\u00fatbol de forma excepcional y mete goles como churros. Los dem\u00e1s se pierden entre t\u00e1nganas, provocaciones, insultos y cortes de manga. Es lo que hay aunque a algunos les duela. <\/p>\n<p>P.- Tom\u00e1s, \u00bfque opinas de la actitud del Sion ante la UEFA yendo a la justicia ordinaria? Estoy un poco cansado de ver como en algo tan importante como el f\u00fatbol y que gestiona tanto dinero e inter\u00e9s en la sociedad es controlado por unos pocos que se mueven a sus anchas al margen de la Ley, \u00bfla actitud del Sion servir\u00e1 como precedente para que los dirigentes de la UEFA no tranten el futbol como su rinc\u00f3n privado de poder? Gracias por la respuesta.<\/p>\n<p>R.- Al Sion hay que hacerle la ola. La UEFA disfrutaba de un poder omn\u00edmodo que convert\u00eda su sistema caciquil en un sistema cerrado y aut\u00e1rquico para disfrute solo de los pelotas del R\u00e9gimen (el Madrid, gracias a Dios, no est\u00e1 entre ellos). Constantin va a ser como Bosman. Va a cambiar la identidad jur\u00eddica del f\u00fatbol profesional. <\/p>\n<p>P.- Hola Crack, c\u00f3mo valoras las pol\u00e9micas de Villa-Ozil, Kanoute-Cesc y Marcelo-Busquets \u00bfexiste un supuesto racismo o son solo provocaciones? por mi parte creo que cuando al Barsa le van mal las cosas entra en el juego de las provocaciones. Un saludo<\/p>\n<p>R.- El Bar\u00e7a no es un santo var\u00f3n y sus famosos y cacareados varones han quedado en entredicho en estas tres situaciones que t\u00fa planteas. El problemas es querer ponerse la medalla de la ejemplaridad. Eso se llama soberbia y falta de autocr\u00edtica. Aqu\u00ed nadie es un santo var\u00f3n ni nadie es el demonio. Algunos jugadores del Bar\u00e7a son broncas, igual que los hay en el Madrid, el Orihuela o el Marmolejo. La diferenca es que s\u00f3lo ellos presum\u00edan de estar limpios en todos los sentidos. La arrogancia se acaba pagando siempre. <\/p>\n<p>P.- Hola Tom\u00e1s, este finde han ca\u00eddo muchos t\u00f3picos, el Madrid gana con contundencia mientras el Barsa intenta ganar con trampas \u00bfcoincides con esto? saludos<\/p>\n<p>R.- S\u00ed. Por eso la gente del MADRID ES FELIZ. LA BANDERA DEL F\u00daTBOL ES NUESTRA y los m\u00e1ximos rivales est\u00e1n como est\u00e1n. Entre broncas, peleas y penaltis fallados&#8230;<\/p>\n<p>P.- Buenas Tom\u00e1s \u00bfa qu\u00e9 se debe la pasividad del Sevilla como instituci\u00f3n ante el Villarato? ayer casi le roban un partido y parece que no se ha enterado. saludos<\/p>\n<p>R.- Est\u00e1n esperando a la sanci\u00f3n que hoy reciba Kanout\u00e9. Depende de los partidos que le pongan. <\/p>\n<p>P.- Muy Buenos dias Don Tomas!!! \u00bfpara cuando el debut de Nuri Sahin? creo que somos muchos (te incluyo) que estamos deseosos de ver lo que este chico es capaz de hacer en el Real Madrid!!! P.D: ya ni te pregunto que te parece lo de la tangana del sevilla, porque como todos sabemos el Barsa nunca tiene la culpa y mejor no discutirlo que igual platini me sanciona a mi tambien!! jaja 1 saludo de un incondicional tuyo y HALA MADRID!!!<\/p>\n<p>R.- Amigo el gran Sahin est\u00e1 a la vuelta de la esquina. Creo que debutar\u00e1 la pr\u00f3xima semana o dentro de dos como mucho. Ya es\u00e1 curado y s\u00f3lo est\u00e1 cogiendo fondo f\u00edsico. Es un valor seguro y fiable. Gran fichaje. <\/p>\n<p>P.- Tom\u00e1s, debo decirte antes de todo que pese a ser cul\u00e9 hasta la m\u00e9dula siento mucha admiraci\u00f3n por ti. Mis amigos son madridistas y tenemos largas discusiones de sobremesa sobre f\u00fatbol. Te vemos en Punto Pelota y debo decir que ando algo preocupado. Las t\u00e1nganas period\u00edsticas, si verbales pero duras a la vez, pueden transimitir un ambiente de crispaci\u00f3n en los estadios. \u00bfNo crees que un Bar\u00e7a-Madrid es el mejor espectaculo que se puede ver hoy en d\u00eda y nada debe mancharlo? Yo los disfruto, la verdad. \u00bfQue sepuede hacer para evitar esos climas tan hostiles? \u00a1Algun d\u00eda lloraremos Tom\u00e1s! Y desde Catalunya te digo que Visca Espanya! \u00a1Abrazos!<\/p>\n<p>R.- Gracias por tus palabras sentidas y de \u00e1nimo. Los cul\u00e9s y los madridistas nos podemos llevar bien si hay respeto y t\u00fa lo has demostrado. Pero en Punto Pelota algunos colegas m\u00edos que defienden al Bar\u00e7a gustan de sobrarse con el Madrid y eso provoca esa tensi\u00f3n. Si t\u00fa me das rosas yo te devuelvo claveles. Pero si me lanzas dardos yo te devuelvo cardos borriqueros. Jam\u00e1s insultar\u00e9 a nadie, eso s\u00ed. Espero que Cesc lea esto y entienda que se ha equivocado. <\/p>\n<p>P.- Tom\u00e1s, no entiendo nada. Ayer As saca que Abidal (entre otros tantos) va a ser candidato al bal\u00f3n de oro y Marcelo no. Nos hemos vuelto locos? En serio, es que ya no es quitarle m\u00e9ritos a Abidal, sino aplaudir a Marcelo como el mejor lateral izquierdo del mundo, y a mucho de Clichy, Evra, Ashley Cole y CIA, que est\u00e1n sobrevaloradisimos por jugar en otras ligas. En fin, explicame algo. Un abrazo grande, grande.<\/p>\n<p>R.- Estoy contigo. Marcelo es \u00fanico y el mejor del mundo en su puesto. El Bal\u00f3n de Oro hace tiempo que no merece demasiado cr\u00e9dito. Desde que Owen gan\u00f3 el trofeo en 2001 por delante de Ra\u00fal no me importa demasaido ese premio.<\/p>\n<p>P.- HOLA TOMAS!! \u00bfQu\u00e9 crees que hubiera pasado si en vez del angelito de Cesc es un jugador del madrid el queprovoca? GRACIAS CRACK!<\/p>\n<p>R.- Sin comentarios. Ahora le pondr\u00edan a parir y pedir\u00edan una sanci\u00f3n ejemplar para \u00e9l por insultar a Kanout\u00e9. Es lo que hay amigo. <\/p>\n<p>P.- Hola Roncero!! simpatizo con el atletico pero me caes muy bien, y te tengo mucho respeto por tu dedicaci\u00f3n y buen humor! El derbi se acerca y dada la situaci\u00f3n de ambos como ves el partido. Muchas gracias, un saludo.<\/p>\n<p>R.- Gracias por tus palabras reina. El Atleti es un equipo con mucha historia que lleva a\u00f1os fuera de su sitio natural. Deber\u00eda ser el primer clasificado siempre despu\u00e9s de Madrid y Bar\u00e7a. Por dinero y por palmar\u00e9s. Pero algo falla ah\u00ed porque todos los fichajes que llegan acaban medio perdidos. El tema da para mucho an\u00e1lisis. <\/p>\n<p>P.- \u00bfCu\u00e1l es el entrenador del Madrid que m\u00e1s te ha gustado desde que tienes consciencia? \u00bfporque?<\/p>\n<p>R.- Del Bosque. Por su sabidur\u00eda para manejar grupos, sabiendo cuidar a cracks y canteranos con el mimo necesario para que todos remen en la misma direcci\u00f3n. Su palmar\u00e9s habla por \u00e9l. Y despu\u00e9s de \u00e9l, Mourinho. Impresionante su capacidad para manejar los partidos antes y despu\u00e9s y c\u00f3mo involucra a la plantilla y a la afici\u00f3n. Un diez de t\u00e9cnico. <\/p>\n<p>P.- Tomas, el crack para la proxima temporada: David Silva&#8230;lo ves factible? El tio es un jugadorazo.<\/p>\n<p>R.- Me encanta y en la Premier ha aprendido a hacerse m\u00e1s duro en el oficio. Es un jugador colosal con una t\u00e9cnica y un domonio del juego maravillosos. Claro que me gustar\u00eda para el Madrid. Canario y espa\u00f1ol. \u00bfQui\u00e9n d\u00e1 m\u00e1s?<\/p>\n<p>P.- Buenas, \u00bf no estas cansado ya de lsod espantes de Neymar a nuestro y adorado Real Madrid?,ya que deberia ser consciente que te quiera el Real Madrid es lo maxiomo.Un saludo<\/p>\n<p>R.- Hace tiempo que est\u00e1 m\u00e1s moderado en ese aspecto. Se equivoc\u00f3 durante un tiempo y es verdad. Pero \u00e9l ha elegido el Madrid antes que el Bar\u00e7a y eso hay que valorarlo como merece. Bueno es, pero hay que cuidarle para que no se le vaya la cabeza. Seguro que no va a ser un nuevo Robinho por mucho que d\u00e9 esa impresi\u00f3n desde la lejan\u00eda&#8230;<\/p>\n","protected":false},"excerpt":{"rendered":"<p>Tom\u00e1s Roncero charla con los internautas sobre la actualidad del conjunto presidido por Florentino P\u00e9rez. Roncero est\u00e1 con vosotros para resolver todas vuestras dudas y daros su opini\u00f3n m\u00e1s personal.<\/p>\n","protected":false},"author":1,"featured_media":0,"comment_status":"open","ping_status":"open","sticky":false,"template":"","format":"standard","meta":{"footnotes":""},"categories":[],"tags":[],"class_list":["post-9287","post","type-post","status-publish","format-standard","hentry"],"_links":{"self":[{"href":"https:\/\/intervius.com\/index.html\/wp-json\/wp\/v2\/posts\/9287","targetHints":{"allow":["GET"]}}],"collection":[{"href":"https:\/\/intervius.com\/index.html\/wp-json\/wp\/v2\/posts"}],"about":[{"href":"https:\/\/intervius.com\/index.html\/wp-json\/wp\/v2\/types\/post"}],"author":[{"embeddable":true,"href":"https:\/\/intervius.com\/index.html\/wp-json\/wp\/v2\/users\/1"}],"replies":[{"embeddable":true,"href":"https:\/\/intervius.com\/index.html\/wp-json\/wp\/v2\/comments?post=9287"}],"version-history":[{"count":0,"href":"https:\/\/intervius.com\/index.html\/wp-json\/wp\/v2\/posts\/9287\/revisions"}],"wp:attachment":[{"href":"https:\/\/intervius.com\/index.html\/wp-json\/wp\/v2\/media?parent=9287"}],"wp:term":[{"taxonomy":"category","embeddable":true,"href":"https:\/\/intervius.com\/index.html\/wp-json\/wp\/v2\/categories?post=9287"},{"taxonomy":"post_tag","embeddable":true,"href":"https:\/\/intervius.com\/index.html\/wp-json\/wp\/v2\/tags?post=9287"}],"curies":[{"name":"wp","href":"https:\/\/api.w.org\/{rel}","templated":true}]}}