{"id":9285,"date":"2011-10-25T00:00:00","date_gmt":"2006-11-06T00:00:00","guid":{"rendered":"https:\/\/intervius.com\/index.html\/?p=9285"},"modified":"2006-11-06T00:00:00","modified_gmt":"2006-11-06T00:00:00","slug":"Maldini9285","status":"publish","type":"post","link":"https:\/\/intervius.com\/index.html\/Maldini9285\/","title":{"rendered":"Maldini"},"content":{"rendered":"<p>Pregunta.- Julio \u00bfTendr\u00e1 consecuencias graves la hist\u00f3rica paliza del City al United? \u00bfPodr\u00eda provocar la salida de Ferguson a la larga? \u00bfA qu\u00e9 crees que se debi\u00f3 semejante meneo?<\/p>\n<p>Respuesta.- No lo creo. En realidad pienso que el resultado es muy exagerado, si analizamos el partido el City fue superior pero no como para tan goleada. La diferencia sin duda estuvo en el mediocampo donde la pareja Fletcher y Anderson era imposible que se impusiese a un tr\u00edo con Barry m\u00e1s Milner y Toure. Primeros minutos de dominio del United, luego se desmoron\u00f3. Pero Ferguson lleva una eternidad en el club, no olvidemos que cuando lleg\u00f3 all\u00e1 por finales de los ochenta el United estaba empezando a atravesar el desierto. No creo que haya nada ahora mismo que pueda hacer tambalearse a Ferguson<\/p>\n<p>P.- Julio! Felicidades por el programa! Una de dif\u00edcil! Porque crees que Pochettino no cuenta con Ben Sahar? Yo le veo de sobras con nivel suficiente para el Espanyol! Gracias crack!<\/p>\n<p>R.- Ben Sahar est\u00e1 en el Auxerre, donde juega bastante. La temporada pasada fue cedido al Hapoel Tel Aviv y anduvo de maravilla. Marc\u00f3 16 goles y fue de lo mejor del campeonato. Francamente merece una nueva oportunidad en el Espanyol. <\/p>\n<p>P.- Hola Maldini, que tal? ha dicho Ranieri que el Inter va a pelear por el Scudetto. Yo tambi\u00e9n lo creo pero hay mucho que mejorar. Aunque yo tambi\u00e9n crea al t\u00e9cnicno interista, me gustar\u00eda conocer la opini\u00f3n de un experto como t\u00fa. Gracias y un saludo<\/p>\n<p>R.- S\u00ed, creo que pelear\u00e1 sobre todo porque la irregularidad general ha hecho que tantos puntos perdidos sean aun m\u00e1s que recuperables. Eso s\u00ed, la clave es una vez m\u00e1s Sneijder, que se recuper\u00f3 ante el Chievo y cambi\u00f3 al equipo. El Inter tiene un buen potencial arriba, problemas atr\u00e1s pero en un torneo como el italiano Sneijder cambia las cosas. S\u00ed creo que pelear\u00e1 por el t\u00edtulo aunque mi favorito desde luego es la Juve. Gran Juventus v Fiorentina tenemos hoy, no te lo pierdas. <\/p>\n<p>P.- Hola Maldini \u00bfqu\u00e9 te parece el Liverpool FC de esta temporada? \u00bfVes al Liverpool peleando por la Premier y los puestos europeos? \u00bfCrees que este Liverpool lo liderar\u00e1 Gerrard con Luis Su\u00e1rez?&#8230;muchas gracias<\/p>\n<p>R.- Hola Ignacio. Por la Premier no, francamente. S\u00ed por los puestos europeos. S\u00ed, la vuelta de Gerrard le vuelve a convertir en el l\u00edder del equipo. Dalglish juega con solo un delantero, as\u00ed que de momento Luis Su\u00e1rez est\u00e1 ensombreciendo a Carroll. De todos modos es un Liverpool que juega a r\u00e1fagas aun. Creo que crecer\u00e1 m\u00e1s la temporada que viene. <\/p>\n<p>P.- Ayer no jugaron bien pero, \u00bfqui\u00e9n dir\u00edas que ha comenzado mejor la Premier: Rooney o el Kun Ag\u00fcero?<\/p>\n<p>R.- Los dos empezaron muy bien, aunque lo de Aguero supuso m\u00e1s impacto medi\u00e1tico por la novedad. Han bajado el nivel, la verdad es que de momento es una temporada muy similar la de los dos. Creo que Rooney en el Man Utd es m\u00e1s importante que Aguero en el City, m\u00e1s por el nivel medio de los delanteros de la plantilla que por su nivel individual. Es decir, que el United le ser\u00eda m\u00e1s costosa una lesi\u00f3n de Rooney que al City la de Aguero. <\/p>\n<p>P.- Julio te gusta el planteamiento que saca Mazzarri en los partidos con 5 defensas y dos laterales haciendo de falsos extremos? A mi no me convence nada creo que le falta el factor sorpresa esa tactica. Aparte no necesita el Napoli un medio creador. Inler yo le veo mas de medio defensivo.<\/p>\n<p>R.- No me convence Mazzarri, nunca lo hizo. Me extender\u00e9 un poco en esta pregunta, creo que es muy interesante. Pienso que Mazzarri es un t\u00e9cnico que tiende a meter al equipo atr\u00e1s y jugar al contragolpe, lo que no quiere decir que lo haga siempre. Pero es obvio que es as\u00ed, tanto como que as\u00ed explota muy bien la velocidad de Lavezzi, por mucho que Cavani hiciese tantos goles la temporada pasada el mejor del equipo. Tambi\u00e9n tiene mucho que ver en eso que llega bien por las bandas con ese esquema de tres centrales. Tema Inler creo que es m\u00e1s creativo de lo que est\u00e1 demostrando en el N\u00e1poles, donde juega demasiado retrasado. Recuerdo haber comentado en el N\u00e1poles v Milan cuando el N\u00e1poles le da la pelota al Milan, se mete atr\u00e1s y le gana a la contra que jugando as\u00ed podr\u00eda perder con cualquiera. La semana siguiente perdi\u00f3 en campo del Chievo. Desde aquel partido ante el Milan solo ha ganado un partido de liga, en campo del Inter. No ha vuelto a ganar en casa, aunque con la irregularidad que hay en el torneo est\u00e1 en la parte alta. <\/p>\n<p>P.- Julio, el otro d\u00eda se cumplieron 15 a\u00f1os del famoso gol de Ronaldo contra el Compostela. Muchos piensan que Ronaldo ha sido el mejor delantero centro de la historia del f\u00fatbol. Pero yo creo que hay otros que tambi\u00e9n podr\u00edan serlo, como Eusebio, Torpedo M\u00fcller, Van Basten o Romario. \u00bfQu\u00e9 opinas? \u00bfQui\u00e9n crees que ha sido el mejor delantero centro de la historia?<\/p>\n<p>R.- Ronaldo es el delantero m\u00e1s devastador que d\u00ed, el m\u00e1s completo. Van Basten m\u00e1s elegante, Muller m\u00e1s oportunista, Romario con m\u00e1s fantas\u00eda y t\u00e9cnica. Todas ellas son grandes cualidades, pero el m\u00e1s completo para m\u00ed Ronaldo. <\/p>\n<p>P.- \u00bfA qu\u00e9 crees que es debido que el City est\u00e9 arrasando en la Premier y en la Champions no est\u00e1n dando la talla?<\/p>\n<p>R.- Creo sinceramente (y aqu\u00ed lo he comentado a menudo) que el nivel medio de la Premier est\u00e1 por debajo de lo que parece, y de ah\u00ed que se engorden mucho las cifras del City. S\u00ed, la Champions es una medida m\u00e1s real, empate en casa ante el N\u00e1poles, derrota en Munich y victoria merecida pero apurad\u00edsima ante el Villarreal. Es una medida m\u00e1s real francamente. <\/p>\n<p>P.- El otro d\u00eda, en una entrevista digital tuya, le\u00ed que dec\u00edas que Silva no estaba al nivel de Cesc, Xavi, Iniesta y X. Alonso. \u00bfSigues pensando lo mismo? Ayer en Old Trafford parec\u00eda que era Iniesta (e incluso Messi por momentos) cada vez que cog\u00eda el bal\u00f3n y destrozaba al United.<\/p>\n<p>R.- Interesante. Exacto, eso dije entonces. Debi\u00f3 ser en 2009 o as\u00ed, un a\u00f1o antes del mundial. Luego lleg\u00f3 el mundial y jug\u00f3 poco, en efecto en ese momento creo que no estaba al nivel de Xavi o Iniesta. Han pasado dos a\u00f1os y Silva ha pasado de ser un gran jugador a un crack. Ahora es m\u00e1s regular, en este momento de forma que vive ha recortado las distancias con Iniesta. Considero aun a Xavi por delante, es as\u00ed. Es decir, que si en un partido clave de la selecci\u00f3n en la Eurocopa hay que elegir (esperemos que no) entre Silva y Xavi me quedo con Xavi. En el tema de Cesc podriamos discutir m\u00e1s en profundidad, depende de lo que necesites en el equipo. <\/p>\n<p>P.- Mi pregunta es Maldini si el Leicester City por plantilla lo ves en la Premier League?<\/p>\n<p>R.- Eso piensa el presidente que acaba de cesar a Eriksson por estar en mitad de tabla. S\u00ed, hay gente buena de experiencia como Vassell, est\u00e1 Beckford, Konchesky, Bamba, Gelson Fernandes. S\u00ed que puede aspirar al ascenso y eso hace. <\/p>\n<p>P.- Julio maldonado!!! Tres preguntas rapidas, contesta ambas por favor. 1.La futura Islandia, en 5 a\u00f1os, estar\u00e1 liderada por Sigthorsson o por Sigurdsson? Ves a alguno de estos como jugador TOP en un futuro, o no llegar\u00e1n ni a ser Gudjhonsen? 2. Quien es Jainko Anandize? llegar\u00e1 a ser un jugador TOP? Y Castaignos llegar\u00e1 a TOP? 3. Tu que eres muy Boateng-fan, cual de los 2 hermanos va a llegar mas lejos?<\/p>\n<p>R.- 1. Creo m\u00e1s en Sigurdsson como l\u00edder que en Sigthorsson, adem\u00e1s en el Hoffenheim est\u00e1 por fin jugando en el mediocampo. 2. Ananidze es h\u00e1bil, hace da\u00f1o cerca de la banda izquierda en el Spartak de Moscu aunque no es titular aun. No le veo TOP como dices. 3. No creo que Castaignos llegue a TOP 4. Mucho m\u00e1s lejos llegar\u00e1 y ha llegado ya el Boateng del Milan, donde deber\u00eda ser titular indiscutible y no lo digo solo por el partidazo que se marc\u00f3 en Lecce.<\/p>\n<p>P.- Hola, tengo curiosidad por tu metodo de trabajo \u00bfves los partidos con una libreta tomando notas? si es asi \u00bfdisfrutas realmente de los partidos? saludos.<\/p>\n<p>R.- Hola Oscar. Tengo cuadernos en los que tomo notas s\u00ed. Disfruto m\u00e1s o menos en funci\u00f3n del partido que sea y de lo cansado que est\u00e9 logicamente. Pero s\u00ed que disfruto. Aunque a veces es necesario desconcetar y tomarte un descanso. <\/p>\n<p>P.- Julio, el otro d\u00eda vi en Internet un resumen de las semifinales del Mundial 70 entre Italia y Alemania. Qu\u00e9 partidazo, qu\u00e9 homenaje al f\u00fatbol. \u00bfQu\u00e9 recuerdas de aquel partido? \u00bfPor qu\u00e9 ya no hay partidos \u00e9picos como aquellos?<\/p>\n<p>R.- Ten\u00eda tres a\u00f1os, en directo no lo vi logicamente. Luego s\u00ed grabado, m\u00e1s de una vez. Recuerdo la presi\u00f3n brutal de Alemania toda la segunda parte, el final de Beckanbauer con el hombro destrozado, el gol del Riva en la pr\u00f3rroga. S\u00ed, un partido \u00e9pico.<\/p>\n<p>P.- Buenas Julio, un placer. En la liguilla de la Champions estamos viendo equipos que son aut\u00e9nticos desconocidos y que creo que no tienen nivel para estar en esta competici\u00f3n, como el Bate Borisov, el Genk, el Dinamo de Zagreb, el Apoel Nicosia, el Trabzonspor y el Viktoria Plzen. En cambio, no est\u00e1n equipos hist\u00f3ricos y con mucho glamour como la Juventus, el Liverpool, el PSV Eindhoven o el Anderlecht. \u00bfNo crees que esto le resta nivel a la Champions? \u00bfNo crees que deber\u00eda haber alg\u00fan criterio para evitar que equipos de bajo nivel se metan en la Champions y garantizar que los equipos hist\u00f3ricos siempre est\u00e9n? <\/p>\n<p>R.- S\u00ed, le resta nivel pero el invento est\u00e1 as\u00ed. Incluso en la previa de Champions se enfrentan a prop\u00f3sito entre s\u00ed equipos d\u00e9biles para que alguno llegue a la fase de grupos. Pero la Juve y el Liverpool no est\u00e1n porque no se clasificaron en sus ligas (ni siquiera a la Europa League), eso no es culpa de la UEFA. <\/p>\n<p>P.- Julio, un placer. El otro d\u00eda encontr\u00e9 en Internet un resumen de la final de la Recopa de 1983 entre el Madrid y el Aberdeen que acab\u00f3 con 2-1 para el equipo escoc\u00e9s entrenado por un joven Alex Ferguson. \u00bfC\u00f3mo es posible que el Madrid perdiera esa final contra un equipo a priori tan inferior? \u00bfEs cierto que tras ese partido Juanito llam\u00f3 mercenario a Stielike y desde entonces se convirtieron en enemigos irreconciliables?<\/p>\n<p>R.- S\u00ed, recuerdo que el campo estaba bastante mal y eso perjudic\u00f3 al Real Madrid. Tengo el partido grabado, un d\u00eda si encuentro tiempo tengo que verlo, y lo sacamos en Fiebre Maldini,. <\/p>\n<p>P.- Julio, me encanta la historia del f\u00fatbol y el otro d\u00eda vi en Internet un resumen de la eliminatoria de semifinales de la Copa de Europa de 1988 entre el Madrid y el PSV Eindhoven. La verdad es que en el partido de ida el Madrid jug\u00f3 muy mal y s\u00f3lo pudo marcar de penalty. Luego un fallo grave de Buyo propici\u00f3 el empate holand\u00e9s. En la vuelta el Madrid jug\u00f3 mejor y lo intent\u00f3, pero se encontr\u00f3 con un Van Breukelen inmenso y con un PSV encerrado atr\u00e1s para conservar su ventaja de la ida. \u00bfQu\u00e9 recuerdas de aquella eliminatoria? \u00bfC\u00f3mo es posible que el Madrid cayera eliminado ante un rival te\u00f3ricamente muy inferior despu\u00e9s de haber eliminado al N\u00e1poles, Oporto y Bayern de Munich?<\/p>\n<p>R.- Recuerdo aquella eliminatoria como si fuese ayer. Estuve en el Beenabeu en la ida, el gol holand\u00e9s de Linskens por debajo de las piernas de Buyo. En la vuelta el Real Madrid domin\u00f3, apret\u00f3 pero fall\u00f3 en el remate. Hubo varias contras tremendas del PSV con Vanenburg. Es el f\u00fatbol, esa fue la gran opci\u00f3n perdida por la quinta del buitre para ganar la Copa de Europa. El PSV se meti\u00f3 en la final con cuatro empates (dos ante Girondins y dos ante Real Madrid) y ganar\u00eda la final por penaltys tras otro empate, a cero ante el Benfica. <\/p>\n<p>P.- Julio, \u00bfc\u00f3mo valoras lo que hizo el Chelsea este domingo? Jug\u00f3 toda la segunda parte con dos menos y a pesar de ello consigui\u00f3 dominar el partido. \u00bfHasta qu\u00e9 punto influye Villas-Boas en ese hecho? Porque es una demostraci\u00f3n de compromiso impresionante por parte del equipo.<\/p>\n<p>R.- Me pareci\u00f3 impresionante. Un ejercicio de entrega, honestidad y compromiso. Ayer explic\u00f3 muy bien Azkargorta todos los movimientos que hizo con nueve Vilas Boas en Fiebre Maldini, te recomiendo verlo. <\/p>\n<p>P.- Julio, encantado de hablar contigo. Dejando de lado a Beckenbauer, \u00bfqui\u00e9n crees que ha sido el mejor jugador alem\u00e1n de todos los tiempos? <\/p>\n<p>R.- Tremenda pregunta. Por t\u00edtulos y lo que signific\u00f3 Torpedo Muller, aunque hay muchos m\u00e1s. No me olvido de Rahn, de Matthaus, de Seeler etc etc<\/p>\n<p>P.- Julio, del Mundial de Espa\u00f1a 82 recuerdo un extremo zurdo de Brasil llamado Eder. H\u00e1blame un poco de este jugador.<\/p>\n<p>R.- S\u00ed, el gran Eder, si no me equivoco era del Atletico Mineiro. Tremendo disparo con la zurda, impresionante jugador. Su gol a Dasaev en el pardido Brasil v URSS del Pizjuan, una de las postales del mundial 82<\/p>\n<p>P.- Buenos Dias desde la Universidad Maldini, llevo bastante tiempo queriendo preguntarte sobre algunas grandes promesas del futbol internacional. Primeramente, me gustaria saber que opinas de Eriksen, el centrocampista del Ajax y si crees que en breves podr\u00eda dar el salto a un gran club de las ligas potentes europeas. Y luego una curiosidad, \u00bfCuanto tiempo crees que podr\u00e1 retener el Tottenham a Gareth Bale? Porque le veo con un grandisimo futuro. Muchas Gracias crack<\/p>\n<p>R.- La Universidad, qu\u00e9 recuerdos. Eriksen ha crecido una barbaridad en solo un a\u00f1o. Juega con libertad, m\u00e1s que habilidad pura con la pelota es buen pasador, perfecto para un equipo que lleve la iniciativa. Y ya ha conseguido el Tottenham retener a Bale justo tras su mejor temporada, creo que lo puede seguir haciendo. Eso s\u00ed, espero que se acaben los experimentos de ponerle por la derecha, tanto en Gales como en el Tottenham. <\/p>\n","protected":false},"excerpt":{"rendered":"<p>Maldini, experto en f\u00fatbol internacional, colaborador de AS y presentador de Digital +, ha charlado con los internautas sobre la actualidad del f\u00fatbol m\u00e1s all\u00e1 de nuestras fronteras, analizando al detalle la jornada en las mejores ligas del planeta y la trayectoria de jugadores y equipos internacionales, con especial atenci\u00f3n a la hist\u00f3rica goleada a domicilio cosechada por el City en el campo del United.<\/p>\n","protected":false},"author":1,"featured_media":0,"comment_status":"open","ping_status":"open","sticky":false,"template":"","format":"standard","meta":{"footnotes":""},"categories":[],"tags":[],"class_list":["post-9285","post","type-post","status-publish","format-standard","hentry"],"_links":{"self":[{"href":"https:\/\/intervius.com\/index.html\/wp-json\/wp\/v2\/posts\/9285","targetHints":{"allow":["GET"]}}],"collection":[{"href":"https:\/\/intervius.com\/index.html\/wp-json\/wp\/v2\/posts"}],"about":[{"href":"https:\/\/intervius.com\/index.html\/wp-json\/wp\/v2\/types\/post"}],"author":[{"embeddable":true,"href":"https:\/\/intervius.com\/index.html\/wp-json\/wp\/v2\/users\/1"}],"replies":[{"embeddable":true,"href":"https:\/\/intervius.com\/index.html\/wp-json\/wp\/v2\/comments?post=9285"}],"version-history":[{"count":0,"href":"https:\/\/intervius.com\/index.html\/wp-json\/wp\/v2\/posts\/9285\/revisions"}],"wp:attachment":[{"href":"https:\/\/intervius.com\/index.html\/wp-json\/wp\/v2\/media?parent=9285"}],"wp:term":[{"taxonomy":"category","embeddable":true,"href":"https:\/\/intervius.com\/index.html\/wp-json\/wp\/v2\/categories?post=9285"},{"taxonomy":"post_tag","embeddable":true,"href":"https:\/\/intervius.com\/index.html\/wp-json\/wp\/v2\/tags?post=9285"}],"curies":[{"name":"wp","href":"https:\/\/api.w.org\/{rel}","templated":true}]}}