{"id":9279,"date":"2011-10-31T00:00:00","date_gmt":"2006-11-06T00:00:00","guid":{"rendered":"https:\/\/intervius.com\/index.html\/?p=9279"},"modified":"2006-11-06T00:00:00","modified_gmt":"2006-11-06T00:00:00","slug":"Pablo_Gonzalez9279","status":"publish","type":"post","link":"https:\/\/intervius.com\/index.html\/Pablo_Gonzalez9279\/","title":{"rendered":"Pablo Gonz\u00e1lez"},"content":{"rendered":"<p>Pregunta.- Es muy conocida la sobrerepresentaci\u00f3n de obras cl\u00e1sicas y rom\u00e1nticas en los repertorios sinf\u00f3nicos, y la temporada de la OBC no es una excepci\u00f3n. \u00bfNo ser\u00eda posible incluir m\u00e1s obras barrocas? \u00bfPor qu\u00e9 la OBC interpreta tan poco a Vivaldi, Bach o Haendel?<\/p>\n<p>Respuesta.- Hola, buenas tardes a todos, estoy muy contento de compartir este momento con vosotros. En la OBC no nos cerramos al repertorio barroco, si bien es verdad que la OBC es una orquesta sinf\u00f3nica y este no es el repertorio que m\u00e1s se ajusta a las caracter\u00edsticas de nuestra orquesta. Por otra parte, hoy en d\u00eda hay numerosas agrupaciones que se especializan en este repertorio. <\/p>\n<p>P.- Sr. Pablo Gonzalez, muchas personas apreciamos el cine y con \u00e9l la m\u00fasica de las pel\u00edculas. \u00bfA su juicio cu\u00e1les han sido las mejores creaciones musicales para una pel\u00edcula que recomiende escuchar detenidamente?<\/p>\n<p>R.- Me parece muy interesante la colaboraci\u00f3n entre Nino Rota y Federico Fellini as\u00ed como la de Bernard Hermann y Hitchcock. O por citar un ejemplo concreto, me apasiona la m\u00fasica que Takemitsu compuso para RAN, de Akira Kurosawa. En el cine espa\u00f1ol la m\u00fasica de Alberto Iglesias me gusta mucho. <\/p>\n<p>P.- Pablo, vi el anuncio del curso pasado en el que invitaba a los barceloneses a escuchar a la OBc regalando entrada mientras recorr\u00eda Barcelona en bicicleta. \u00bfEs cierto que se desplaza por la ciudad en bicicleta? \u00bfCree que es una buena ciudad para los ciclistas, a parte de que hay muchas cuestas que rompen las piernas? \u00bfQu\u00e9 bici tiene?<\/p>\n<p>R.- S\u00ed, me desplazo a menudo en bicicleta aunque tambi\u00e9n uso el transporte p\u00fablico y en ocasiones en coche. Barcelona es una ciudad maravillosa para los ciclistas, tiene mucho carril bici y un clima muy agradable, aunque el nivel de contaminaci\u00f3n es bastante alto. Lo de las cuestas no es ning\u00fan problema si llevas un desarrollo adecuado. Yo vivo en Vallcarca y disfruto mucho volviendo a casa en bicicleta. Tengo una Trek de carretera y otra de monta\u00f1a. Y una Lapierre para moverme por la ciudad. <\/p>\n<p>P.- A veces diriges con batuta y otras veces no. \u00bfPor qu\u00e9? \u00bfQu\u00e9 tipo de obra es mejor dirigir con batuta y cu\u00e1les son mejor sin batuta?<\/p>\n<p>R.- La verdad es que es algo que no planifico. De hecho, hay pasajes que dirijo con batuta en unos conciertos y en otros sin ella. Tiene que ver con el momento, con mis sensaciones corporales y con encontrar el medio de expresi\u00f3n que m\u00e1s se ajusta a ese instante. En general, me gusta dirigir la m\u00fasica contempor\u00e1nea sin batuta. <\/p>\n<p>P.- \u00bfQu\u00e9 es m\u00e1s f\u00e1cil aprender teor\u00eda musical o matem\u00e1tica?<\/p>\n<p>R.- Para m\u00ed, desde luego, es mucho m\u00e1s f\u00e1cil la teor\u00eda musical que por cierto, es pura matem\u00e1tica. Por ejemplo, Pit\u00e1goras ya elabor\u00f3 alguna teor\u00eda musical tomando como base el c\u00e1lculo matem\u00e1tico. <\/p>\n<p>P.- \u00bfC\u00f3mo se siente dirigiendo una orquesta en tiempos de globalizaci\u00f3n tecnol\u00f3gica? Saludos.<\/p>\n<p>R.- Uno se siente privilegiado de poder vivir cada instante como lo \u00fanico que existe, es un verdadero estado meditativo. Una conexi\u00f3n con el aqu\u00ed y el ahora que parad\u00f3jicamente ha sido originado en un tiempo pasado. Es bonito pensar que quienes escuchan un concierto puedan dejarse llevar tambi\u00e9n por esta experiencia de plena conciencia. Por otra parte, una cosa no quita la otra: tenemos la suerte de que un concierto puede ser disfrutado por miles de personas a trav\u00e9s de las nuevas tecnolog\u00edas. <\/p>\n<p>P.- Felicidades por esa fant\u00e1stica carrera!!! Tengo la impresi\u00f3n de que la m\u00fasica llamada &#8220;cl\u00e1sica&#8221; as\u00ed como la \u00f3pera es para unos pocos bolsillos. Y a menudo en las salas de concierto encuentras que la media de edad es alta. Sin embargo, est\u00e1n surgiendo iniciativas como poder disfrutar de la \u00f3pera desde el cine, entradas m\u00e1s econ\u00f3micas para j\u00f3venes&#8230; Has visto en tu trabajo en otros pa\u00edses o se te ocurren v\u00edas para acercar la M\u00daSICA a todas las edades y bolsillos. \u00a1\u00a1\u00a1Gracias!!!<\/p>\n<p>R.- Gracias por tu pregunta tan interesante Nazaret. Si uno se para a pensar, ver un partido de f\u00fatbol en directo es m\u00e1s caro que un concierto sinf\u00f3nico. En el campo de f\u00fatbol hay 22 jugadores y sobre un escenario puede haber m\u00e1s de 100 personas. El tema de la edad del p\u00fablico depende mucho de nuestro sistema educativo, en otros pa\u00edses europeos es m\u00e1s habitual ver familias enteras con ni\u00f1os en conciertos. La m\u00fasica y las artes en general deber\u00edan ser un pilar fundamental en la educaci\u00f3n y creo que en Espa\u00f1a no se les presta la atenci\u00f3n que se merecen. En la OBC estamos desarrollando proyectos para acercar la m\u00fasica a nuevos p\u00fablicos y es un tema con el que me siento particularmente comprometido. <\/p>\n<p>P.- \u00bfQu\u00e9 instrumentos aconsejas a los ni\u00f1os que quieren empezar con la m\u00fasica?<\/p>\n<p>R.- A todos los ni\u00f1os les encanta cantar, y es la mejor manera de empezar con la m\u00fasica. En cuanto a los instrumentos, es muy importante que los ni\u00f1os lo vean como un juego y que puedan estar en un entorno en el que puedan dar rienda suelta a su imaginaci\u00f3n y creatividad, poder jugar y experimentar con distintos instrumentos. As\u00ed poco a poco ir\u00e1n descubriendo qu\u00e9 es lo que m\u00e1s les gusta. <\/p>\n<p>P.- \u00bfPara c\u00faando la orquesta comenzar\u00e1 a estrenar obras de compositores j\u00f3venes, y a tener un precio m\u00e1s accesible para los consumidores? Los estudiantes no somos ricos.<\/p>\n<p>R.- Aunque es verdad que la mayor parte de nuestra programaci\u00f3n es de compositores ya establecidos, tambi\u00e9n es habitual encontrar compositores j\u00f3venes como Ram\u00f3n Humet, H\u00e9ctor Parra, Montserrat Torres, Jes\u00fas Torres, etc. En cuanto a los precios, los menores de 26 a\u00f1os tienen un descuento del 50% en todos los conciertos. <\/p>\n<p>P.- Saludos maestro. \u00bfCree que la iniciativa de la Berliner Philamonic de crear un canal interactivo on line, o algo similar, podr\u00eda aplicarse para con su orquesta?<\/p>\n<p>R.- Se trata de un proyecto que me har\u00eda mucha ilusi\u00f3n realizar con la OBC. De hecho, estamos trabajando en la posibilidad de retransmitir varios de nuestros conciertos en streaming. Es probable que esto suceda durante esta temporada. <\/p>\n<p>P.- Estimado Sr. Gonz\u00e1lez. Como m\u00fasico free-lance que soy en diferentes orquestas barrocas e historicistas de Europa me gustar\u00eda saber qu\u00e9 le parece la forma de interpretar y entender la m\u00fasica que desarrollan este tipo de orquestas con instrumentos originales. No cree que una orquesta de la categor\u00eda de la OBC deber\u00eda tener un primer viol\u00edn especializado en el repertorio barroco y cl\u00e1sico? Un abrazo y gracias.<\/p>\n<p>R.- Me alegra que me hagas esa pregunta porque uno de los momentos clave en mi formaci\u00f3n como director fue asistir a los ensayos de Nikolaus Harnoncourt con la Orquesta de C\u00e1mara de Europa dirigiendo las Nueve Sinfon\u00edas de Beethoven. Claro que esta es una orquesta de instrumentos modernos (excepto trompetas y timbal) pero precisamente Harnoncourt ha sido uno de los directores que ha posibilitado la ruptura de tan inc\u00f3moda barrera y conflicto entre las interpretaciones con instrumentos originales y modernos. De hecho, creo que todos los m\u00fasicos le debemos mucho al movimiento historicista. El concertino que m\u00e1s semanas va a trabajar con la OBC esta temporada toca tambi\u00e9n el viol\u00edn barroco y ha trabajado con Il Giardino Armonico. <\/p>\n<p>P.- Hola Pablo, enhorabuena por su trayectoria en el mundo de la direccion. Respecto a mi pregunta, \u00bfes usted partidario, seg\u00fan la \u00e9poca y posible compositor, de variar la formacion orquestal acorde a lo que se hacia en su momento? por ponerle un ejemplo, \u00bfla elecci\u00f3n de un repertorio de la epoca cl\u00e1sica, como Mozart o Arriaga, har\u00eda reducir la plantilla orquestal en cuerdas respecto a la disposicion est\u00e1ndar de la actualidad?<\/p>\n<p>R.- El tama\u00f1o de la orquesta es un tema muy interesante. \u00b4&#8221;La Creaci\u00f3n&#8221; de J. Haydn por ejemplo, se estren\u00f3 con una orquesta de m\u00e1s de 100 m\u00fasicos y Mozart mostraba un gran entusiasmo cuando pod\u00eda contar con una orquesta m\u00e1s grande lo habitual si bien es cierto que generalmente en esta \u00e9poca los compositores escrib\u00eda seg\u00fan la disponibilidad de instrumentos que se daba en el lugar en el que le encargaban la composici\u00f3n. Es por ello que generalmente interpretamos las obras del periodo cl\u00e1sico con una formaci\u00f3n m\u00e1s reducida. <\/p>\n<p>P.- \u00bfQu\u00e9 le parecen los recortes monetarios, por otra parte quiz\u00e1s necesarios dadas las actuales circunstancias, que se est\u00e1n haciendo en los presupuestos de las orquestas? \u00bfInfluyen en la calidad de las orquestas y de los programas?<\/p>\n<p>R.- Por desgracia estamos viviendo una crisis econ\u00f3mica y esto provoca consecuencias en todos los \u00e1mbitos, incluido el cultural. En Espa\u00f1a, las orquestas han sufrido grandes recortes y esto afecta principalmente a la programaci\u00f3n (cantidad de conciertos, obras de plantilla m\u00e1s peque\u00f1as, menos m\u00fasica contempor\u00e1nea por el pago de derechos de autor, etc.). Por suerte, la calidad de las orquestas no se ha visto afectada de momento. <\/p>\n<p>P.- Para que los mortales lo entendamos, \u00bfqu\u00e9 es lo hace de un director un buen director?, \u00bfqu\u00e9 marca la diferencia?<\/p>\n<p>R.- Si pudiera decir con palabras lo que hace de un director un buen director, no ser\u00eda director. <\/p>\n","protected":false},"excerpt":{"rendered":"<p>Pablo Gonz\u00e1lez (Oviedo, 1975) es el director de la Orquestra Simf\u00f2nica de Barcelona i Nacional de Catalu\u00f1a (OBC) desde la pasada temporada. Estudi\u00f3 en la School of Music and Drama de Londres y en 2006 gan\u00f3 el Concurso de directores de la Orquesta de Cadaqu\u00e9s que catapult\u00f3 internacionalmente su carrera. Dirije con tanta frecuencia orquestas espa\u00f1olas como extranjeras.<\/p>\n","protected":false},"author":1,"featured_media":0,"comment_status":"open","ping_status":"open","sticky":false,"template":"","format":"standard","meta":{"footnotes":""},"categories":[],"tags":[],"class_list":["post-9279","post","type-post","status-publish","format-standard","hentry"],"_links":{"self":[{"href":"https:\/\/intervius.com\/index.html\/wp-json\/wp\/v2\/posts\/9279","targetHints":{"allow":["GET"]}}],"collection":[{"href":"https:\/\/intervius.com\/index.html\/wp-json\/wp\/v2\/posts"}],"about":[{"href":"https:\/\/intervius.com\/index.html\/wp-json\/wp\/v2\/types\/post"}],"author":[{"embeddable":true,"href":"https:\/\/intervius.com\/index.html\/wp-json\/wp\/v2\/users\/1"}],"replies":[{"embeddable":true,"href":"https:\/\/intervius.com\/index.html\/wp-json\/wp\/v2\/comments?post=9279"}],"version-history":[{"count":0,"href":"https:\/\/intervius.com\/index.html\/wp-json\/wp\/v2\/posts\/9279\/revisions"}],"wp:attachment":[{"href":"https:\/\/intervius.com\/index.html\/wp-json\/wp\/v2\/media?parent=9279"}],"wp:term":[{"taxonomy":"category","embeddable":true,"href":"https:\/\/intervius.com\/index.html\/wp-json\/wp\/v2\/categories?post=9279"},{"taxonomy":"post_tag","embeddable":true,"href":"https:\/\/intervius.com\/index.html\/wp-json\/wp\/v2\/tags?post=9279"}],"curies":[{"name":"wp","href":"https:\/\/api.w.org\/{rel}","templated":true}]}}