{"id":9266,"date":"2011-10-20T00:00:00","date_gmt":"2006-11-06T00:00:00","guid":{"rendered":"https:\/\/intervius.com\/index.html\/?p=9266"},"modified":"2006-11-06T00:00:00","modified_gmt":"2006-11-06T00:00:00","slug":"Juanma_Trueba9266","status":"publish","type":"post","link":"https:\/\/intervius.com\/index.html\/Juanma_Trueba9266\/","title":{"rendered":"Juanma Trueba"},"content":{"rendered":"<p>Pregunta.- Hola Juanma: Observo que se esta intentando efectuar un lavado de imagen de Mou. Por lo visto hasta ahora la cosa parecia que estaba encauzada, pero los ultimos comentarios en rueda de prensa sobre rivales desconocidos ( acaso el Borisov no ha jugado con el Madrid y bien que se ceelebraron las victorias, ), o pullazos a la uefa. este sr. no aprende y volvera a enturbiar al Madrid con sanciones, pues la uefa. le esta esperando y entonces este organismo tendra mas razon que un santo en sus decisiones, no te parece que que hay ciertas cosas que no hay que remover, gracias por atenderme.<\/p>\n<p>Respuesta.- El caso me recuerda a la f\u00e1bula del escorpi\u00f3n y la rana. La resumo: el escorpi\u00f3n pide a la rana que le ayude a cruzar el r\u00edo y a mitad de camino la pica, con lo que mueren los dos. \u00bfPor qu\u00e9 hizo semejante tonter\u00eda? Porque est\u00e1 en su naturaleza.<\/p>\n<p>P.- No quiero pecar contra el genio de Messi, pero, crees que &#8220;el mejor del mundo y pronto de la historia&#8221; seria capaz de rendir en un equipo diferente a este Barca? En realidad creo que Messi es un superclase pero Xavi e Iniesta potencian esa clase, cuestion que le costaria en otro equipo, cosa que si logro Maradona, Cruyff, Ronaldo el gordito, entre otros, que opinas? Saludos desde Venezuela<\/p>\n<p>R.- No tengo duda de que Xavi e Iniesta potencian a Messi, pero tampoco de que Messi brillar\u00eda en cualquier otro equipo. Quiz\u00e1 no marcara tantos goles ni fuera tan constante, pero brillar\u00eda. Y mucho. Si har\u00eda grande a un equipo modesto es algo que, sospecho, no sabremos nunca. Aunque no s\u00e9 de nadie que lograra tal cosa excepto Maradona. No lo recuerdo de Cruyff ni de Ronaldo, grandes en equipos grandes (tambi\u00e9n el PSV). No queramos restar m\u00e9ritos a Messi. Es como decir que Brad Pitt que no es tan guapo.<\/p>\n<p>P.- Hola Juanma, encantado de saludarte, Me gustar\u00eda saber quienes son para t\u00ed los 5 mejores periodistas deportivos de Espa\u00f1a (sin contarte), o al menos que me digas a quien sigues con m\u00e1s inter\u00e9s. Saludos! <\/p>\n<p>R.- Te dir\u00e9 m\u00e1s de cinco, si me lo permites, y me ce\u00f1ir\u00e9 a periodistas que escriben sobre deportes, habitual o espor\u00e1dicamente. Y cito seg\u00fan me vienen a la cabeza: Rela\u00f1o, Enric Gonz\u00e1lez, Carlin, Delm\u00e1s, I\u00f1ako, Arribas, Ferm\u00edn de la Calle, Segurola, Carlos Toro, Julio C\u00e9sar Iglesias, Gistau&#8230; Y tantos m\u00e1s que ahora no recuerda mi memoria de pez.<\/p>\n<p>P.- \u00a1Hola Juanma! \u00bfQu\u00e9 opinas del decepcionante comienzo de temporada del Getafe, vale la excusa de que medio equipo es nuevo y necesitan acoplarse? Algunos esper\u00e1bamos m\u00e1s&#8230; aunque espero que esto cambie un poco cuando Pedro Le\u00f3n y Diego Castro empiecen a rodar.<\/p>\n<p>R.- Mejorar\u00e1, no tengo duda. Y creo que mejorar\u00e1 mucho. Buen entrenador y buenos jugadores. No hay maleficio que pueda con eso. Creo.<\/p>\n<p>P.- Lo de Sion puede ser el fin de la etapa de Platini en La UEFA porque habra que cortar una cabeza no ? O todo va a seguir igual ?<\/p>\n<p>R.- Aqu\u00ed, en este mundo y en este planeta, no dimite nadie ni se cortan cabezas de tan ilustres personajes. Los jefes protegen a los jefes y a los subjefes que pusieron ellos mismos. Las \u00fanicas cabezas que siguen rodando son las de los membrillos, subalternos y dem\u00e1s. A alguno de ellos se culpar\u00e1 del desaguisado. Al tiempo.<\/p>\n<p>P.- Hola Juanma, \u00bfque te parece lo que est\u00e1 haciendo Pep, el estar jugando sin un verdadero 9 tipo Etoo? Gracias y saludos desde Gran Canaria<\/p>\n<p>R.- Creo que Guardiola, en ocasiones, es esclavo de su propia filosof\u00eda. El Bar\u00e7a juega de cine sin un nueve puro, es verdad, pero un nueve puro, tener a uno en el banquillo, le permitir\u00eda dominar situaciones que ahora no domina.<\/p>\n<p>P.- Hola Juanma! Primero felicitarte por tus cr\u00f3nicas, la verdad las disfruto mucho. M\u00e1s que pregunta te quer\u00eda comentar que para m\u00ed Cristiano es el mejor del mundo, esa potencia, disparo y verticalidad solo la recuerdo en el otro Ronaldo. Creo que cuando \u00e9l mismo deje de presionarse con Messi (otro monstruo de jugador), explotar\u00e1 como nunca sus habilidades.<\/p>\n<p>R.- Eres muy amable. Y ahora al tema: Cristiano, en mi opini\u00f3n, es un gran jugador, pero por debajo de Messi. Su influencia en el juego colectivo todav\u00eda es escasa. Cristiano, la mayor parte de las veces, juega para \u00e9l. \u00daltimamente parece que est\u00e1 cambiando, y si se confirma el cambio ser\u00e1 para celebrarlo. Messi, en cambio, tiene efecto positivo sobre todo el equipo. Toca, ayuda, tira paredes, desatasca, agiliza&#8230; Cristiano tiene esa asignatura por aprobar.<\/p>\n<p>P.- Hola Juanma,no piensas que es m\u00e1s factible para el Madrid ganar la Champions y\/o Copa del Rey que la Liga viendo que el Madrid sigue con las viejas costumbres de perder puntos en campos de equipos de la zona baja de la tabla.Como es un dia de trabajo en As? Saludos crack.<\/p>\n<p>R.- Es muy pronto para imaginar algo as\u00ed. Piensa que, a d\u00eda de hoy, Madrid y Bar\u00e7a s\u00f3lo est\u00e1n separados por un punto. Y ambos han fallado en alg\u00fan momento. No s\u00e9, no s\u00e9&#8230; Lo de una jornada en el AS me lo conozco un poco mejor. Distinguir\u00eda dos tipos de d\u00edas, aquellos en los que hay un gran evento y aquellos, digamos, m\u00e1s cotidianos. La emoci\u00f3n var\u00eda seg\u00fan se trate de unos u otros. Y cuando toca emoci\u00f3n de la buena la redacci\u00f3n entra en gloriosa efervescencia. Tenemos la suerte de disfrutar de un magn\u00edfico equipo de periodistas y personas.<\/p>\n<p>P.- Como diria MOU:\u00bfporque?\u00bfporque despues de un buen partido del madrid en el que mete cuatro goles al Lyon hace referencia al Ba\u00e7a en la rueda de prensa?creo que el portugues tiene barcelonitis aguda.<\/p>\n<p>R.- Me remito a la f\u00e1bula del Escorpi\u00f3n y la Rana.<\/p>\n<p>P.- Unas rapidas Juanma:\u00bfPedrosa o Lorenzo?\u00bfMagic o Jordan?\u00bfIndurain o Amstrong?\u00bfXavi o Iniesta?un saludo<\/p>\n<p>R.- Pedrosa, Jordan, Indurain y Xavi. Dicho esto, los compa\u00f1eros del motor y del baloncesto me arrojaran los objetos contundentes que encuentren a su alcance.<\/p>\n<p>P.- Buenas tardes, Maestro Trueba. Una pregunta-apreciaci\u00f3n, afirmar que Maradona es mejor que Messi por una cuesti\u00f3n est\u00e9tica&#8230;\u00bfno nos llevar\u00eda a decir que Romario era mejor que Ronaldo(el brasile\u00f1o)? Reflexionemos sobre ello. Felicidades por las cr\u00f3nias y el artculo de los lunes!<\/p>\n<p>R.- Uff, veamos. Hablo de un concepto est\u00e9tico, pero tambi\u00e9n podr\u00eda haber dicho art\u00edstico, incluso t\u00e9cnico. Creo que Maradona estaba m\u00e1s dotado de genio y de magia. Creo que era m\u00e1s hermoso jugando, aunque menos industrial (marcaba menos goles). Y tengo que decirte que en el caso de Romario y Ronaldo no advierto esa diferencia est\u00e9tica. En fin, ya sabes, sobre gustos&#8230;<\/p>\n<p>P.- hola juanma,no crees tu que es sangrante dejar en el banquillo a un jugador como higuain que acabar de meter 3 hat-tricks seguidos,creo que el madrid debe de aprovecharse de su racha descomunal,un saludo.<\/p>\n<p>R.- Yo no le dar\u00eda mayor importancia. No hablamos de unos cuartos de final, sino de un partido m\u00e1s de la fase de grupos, aparentemente sencillo. Y conviene repartir minutos para que no decaiga la confianza de nadie. Veremos qu\u00e9 pasa cuando salgan toros en puntas.<\/p>\n<p>P.- Una de las causas por las que apenas hay canteranos en el RM. dicen que es la diferencia de categor\u00edas entre el primer equipo y los filiales(dos y tres).Si ambos(RM Castilla y RM.C)ascendieran a final de temporada,\u00bfhabr\u00eda m\u00e1s posibilidades de que subiera alg\u00fan jugador de la cantera al primer equipo?<\/p>\n<p>R.- Cuando el Castilla estaba en Segunda el panorama no era muy distinto. Es un problema de pol\u00edtica deportiva e institucional. El canterano debe contar, sin que eso signifique que se le regale un puesto. Hay un punto medio entre el enchufe y el desprecio. Y es el camino que se debe tomar. No es posible que jugadores como Mata o Borja Valero hayan abandonado el club sin jugar un solo partido oficial.<\/p>\n<p>P.- \u00a1Hola Juanma! Sabiendo que t\u00fa siempre confiaste en el &#8220;regreso&#8221; de Kak\u00e1 y que tienes debilidad por \u00d6zil (como todos)&#8230; \u00bfahora con qui\u00e9n nos quedamos si hay que elegir? \u00bfDepender\u00e1 del planteamiento del rival, como la decisi\u00f3n Benzema-Higua\u00edn?<\/p>\n<p>R.- Caben los dos, la temporada es larga. Pero noto a Kak\u00e1 algo m\u00e1s afilado \u00faltimamente&#8230; En l\u00edneas generales es una extraordinaria noticia para el Real Madrid. Lo mismo vale para Higua\u00edn\/Benzema.<\/p>\n<p>P.- Juanma.como ves a llull de base? crees q habria q cortar a s.rodriguez?<\/p>\n<p>R.- Si esper\u00e9 tanto a Kak\u00e1 me siento en la obligaci\u00f3n de seguir esperando a Sergio Rodr\u00edguez. Se le necesita. Llull se aplica como base, pero no es esa su naturaleza. De otro modo, habr\u00e1 que ense\u00f1ar a Xabi Alonso a botarla.<\/p>\n<p>P.- Saludos y mis respetos Sr. Trueba, partiendo que no est\u00e1s dentro de la cabeza del &#8220;Sr&#8221; Mourinho (Dios te libre) no crees que est\u00e1 sufriendo de &#8220;barcelonitis&#8221;?, porque a cada tanto sale con unas quejas y referencias hacia ellos que no tienen raz\u00f3n, como por ejemplo el sorteo de la champions<\/p>\n<p>R.- El escorpi\u00f3n, la rana. No importa de qu\u00e9, lo fundamental es quejarse de algo. S\u00f3lo as\u00ed funcionan algunas personas. En constante combate. Y si no hay guerra, se declara.<\/p>\n<p>P.- Estoy en paro y tengo tiempo para leer. Con el As y el Marca no me basta. Recomi\u00e9ndome alg\u00fan libro de f\u00fatbol&#8230;<\/p>\n<p>R.- El f\u00fatbol a sol y a sombra, de Eduardo Galeano. Dios es redondo, de Juan Villoro. Los cuentos de f\u00fatbol de Fontanarrosa. Memorias del m\u00edster Pelegrino y otros relatos, de Osvaldo Soriano. La guerra del f\u00fatbol, de Kapuscinski. Fiebre en las gradas, de Nick Hornby.<\/p>\n<p>P.- Juanma, esta liga bipolar y esta supremac\u00eda tan descarada del dueto Bar\u00e7a-Madrid tanto en Espa\u00f1a como en Europa \u00bfno os hace la vida m\u00e1s dif\u00edcil a los cronistas a la hora de relatar los partidos del d\u00eda a d\u00eda? Me refiero a esos (casi todos) en los que juegue bien o juegue mal el grande acaba ganando s\u00ed o s\u00ed. Supongo que debe ser dif\u00edcil tratar de dar algo de inter\u00e9s al relato. Un saludo<\/p>\n<p>R.- En mi caso, las cr\u00f3nicas est\u00e1n m\u00e1s conectadas con la imaginaci\u00f3n que con la realidad, de modo que la bipolaridad no me afecta tanto. Dicho esto, temo que algunas cr\u00f3nicas, las menos imaginativas, se acaben convirtiendo en cl\u00f3nicas. Porque hay partidos que se repiten casi minuto por minuto. En esos partidos el reto es no autocitarte, contar lo mismo de otro modo, o no contarlo en absoluto.<\/p>\n<p>P.- En la Champions parece que solo van a continuar Bar\u00e7a y Madrid. \u00bfPor que cree que ocurre esto en paralelo a la clara diferencia que ocurre tambi\u00e9n en la Liga Espa\u00f1ola? \u00bfSon culpables los dos grandes de que los otros 18 no se puedan reforzar correctamente y luego en Europa les den palos, o no tiene nada que ver? \u00bfEs solo la mala suerte del grupo terrible del Villarreal?<\/p>\n<p>R.- Es todo, me temo. La crisis econ\u00f3mica est\u00e1 afectando a la clase media europea en parecida medida que a la clase media nacional. Y eso distancia todav\u00eda m\u00e1s a los grandes clubes. No es una buena noticia.<\/p>\n<p>P.- Hola crack! Lo primero hacer algo que no me canso de hacer por twitter y es felicitarte por tus cr\u00f3nicas, para m\u00ed las mejores que se pueden leer, con esa mezcla de descripci\u00f3n de los hechos junto con met\u00e1foras realmente desternillantes. Ah\u00ed va la pregunta: \u00bfQu\u00e9 le pas\u00f3 al Madrid contra Levante y Racing? \u00bfTiras m\u00e1s hacia la incapacidad de crear peligro ante defensas cerradas o hacia un poco de agotamiento mental, frescura y falta de movilidad? Es que yo me inclino m\u00e1s por lo segundo.<\/p>\n<p>R.- Much\u00edsimas y sinceras gracias. Y dicho esto, comparto tu explicaci\u00f3n de los tropiezos. Combinaci\u00f3n de ambas cosas. Al equipo le cuesta atacar defensas cerradas y despu\u00e9s de la inercia de la Supercopa se cay\u00f3 psicol\u00f3gicamente. Ahora parece recuperado an\u00edmicamente, pero el problema de juego persiste, aunque los goles lo oculten.<\/p>\n<p>P.- Buenos dias desde Irlanda. \u00bfcomparte usted el recorrido del Tour que no s\u00f3lo no beneficia a contador sino a otros grandes animadores como los schleck? \u00bfsolo dos finales en alto, qu\u00e9 es lo que ocurre?<\/p>\n<p>R.- No est\u00e1 mal que el Tour modifique sus recorridos y se abra a otro tipo de ciclistas. Tampoco debemos identificar el espect\u00e1culo con los trazados monta\u00f1osos. Al final son los ciclistas los que deciden y tal vez en la pr\u00f3xima edici\u00f3n decidan aprovechar mejor la monta\u00f1a y atacar antes. Yo, lo admito, soy muy del Tour.<\/p>\n","protected":false},"excerpt":{"rendered":"<p>El subdirector de Diario AS ha charlado sobre el mundo del deporte con los internautas. La resaca europea y la pr\u00f3xima jornada liguera cobran protagonismo futbolero estos d\u00edas. El deporte rey y muchos otros temas, a debate con Juanma Trueba.<\/p>\n","protected":false},"author":1,"featured_media":0,"comment_status":"open","ping_status":"open","sticky":false,"template":"","format":"standard","meta":{"footnotes":""},"categories":[],"tags":[],"class_list":["post-9266","post","type-post","status-publish","format-standard","hentry"],"_links":{"self":[{"href":"https:\/\/intervius.com\/index.html\/wp-json\/wp\/v2\/posts\/9266","targetHints":{"allow":["GET"]}}],"collection":[{"href":"https:\/\/intervius.com\/index.html\/wp-json\/wp\/v2\/posts"}],"about":[{"href":"https:\/\/intervius.com\/index.html\/wp-json\/wp\/v2\/types\/post"}],"author":[{"embeddable":true,"href":"https:\/\/intervius.com\/index.html\/wp-json\/wp\/v2\/users\/1"}],"replies":[{"embeddable":true,"href":"https:\/\/intervius.com\/index.html\/wp-json\/wp\/v2\/comments?post=9266"}],"version-history":[{"count":0,"href":"https:\/\/intervius.com\/index.html\/wp-json\/wp\/v2\/posts\/9266\/revisions"}],"wp:attachment":[{"href":"https:\/\/intervius.com\/index.html\/wp-json\/wp\/v2\/media?parent=9266"}],"wp:term":[{"taxonomy":"category","embeddable":true,"href":"https:\/\/intervius.com\/index.html\/wp-json\/wp\/v2\/categories?post=9266"},{"taxonomy":"post_tag","embeddable":true,"href":"https:\/\/intervius.com\/index.html\/wp-json\/wp\/v2\/tags?post=9266"}],"curies":[{"name":"wp","href":"https:\/\/api.w.org\/{rel}","templated":true}]}}