{"id":926,"date":"2006-12-11T00:00:00","date_gmt":"2006-11-06T00:00:00","guid":{"rendered":"https:\/\/intervius.com\/index.html\/?p=926"},"modified":"2006-11-06T00:00:00","modified_gmt":"2006-11-06T00:00:00","slug":"Raul_Guerra_Garrido926","status":"publish","type":"post","link":"https:\/\/intervius.com\/index.html\/Raul_Guerra_Garrido926\/","title":{"rendered":"Ra\u00fal Guerra Garrido"},"content":{"rendered":"<p>Pregunta.- Usted que ha sufrido en sus carnes las consecuencias del conflicto en Euskadi,\u00bfcree en el proceso de paz?<\/p>\n<p>Respuesta.- Mientras sea s\u00f3lo un proceso de paz, creo que no tiene sentido. El primer problema en el Pa\u00eds Vasco es el de la libertad. <\/p>\n<p>P.- Usted siempre dice que su sue\u00f1o es escribir la novela del post-terrorismo, que ser\u00eda una aburrida novela de amor. \u00bfCree que podr\u00eda escribir esta novela en breve? <\/p>\n<p>R.- Desgraciadamente, creo que no. Y la verdad es que ha pasado tanto tiempo que aunque llegue el post-terrorismo, el tema ya me ha aburrido lo suficiente como para no volver a escribir de ello. En cualquier caso, que llegue ese tiempo.<\/p>\n<p>P.- \u00bfCu\u00e1l ha sido el efecto del Premio Nacional de las Letras en tu vida?<\/p>\n<p>R.- De momento, una alegr\u00eda. Quzi\u00e1 un agobio con los medios, y conf\u00edo en que se resuelva en reediciones. <\/p>\n<p>P.- \u00bfC\u00f3mo explota las palabras el se\u00f1or para que las transformen en una obra atractiva a los lectores?<\/p>\n<p>R.- D\u00e1ndole muchas vueltas, jugando con las acepciones, y un poco de imaginaci\u00f3n.<\/p>\n<p>P.- \u00bfConsidera que el panorama literario espa\u00f1ol en estos momentos se corresponde con la idea de Espa\u00f1a como un pa\u00eds culturalmente avanzado, o estamos estancandos desde hace mucho tiempo mir\u00e1ndonos el ombligo, recordando tiempos antiguos de esplendor y grandeza en las letras espa\u00f1olas? \u00bfNo cree que la mayor\u00eda de las editoriales, salvo contadas excepciones, solo se dedican a t\u00edtulos comerciales, para llenar sus arcas, y no ponen al alcance de la mayor\u00eda de los ciudadanos la LITERATURA?<\/p>\n<p>R.- Las editoriales comerciales son empresas y el fin de las empresas es el beneficio. Es, pues, l\u00f3gico que busquen una difusi\u00f3n cuantitativa m\u00e1s que en hacer un estudio cualitativo. En el extremo opuesto, est\u00e1n las revistas literarias, sobre todo, las de grupos de amigos cuyo \u00fanico objetivo es escribir por amor a la literatura. Todav\u00eda estamos viviendo de Bret\u00f3n, de sus amigos, y de una revista llamada Surrealismo. <\/p>\n<p>P.- \u00bfQu\u00e9 es primero en una novela? \u00bfTener un argumento?\u00b4\u00bfO los argumentos nacen de la propia investigaci\u00f3n o de la curiosidad que le despierta alg\u00fan tema ?<\/p>\n<p>R.- Si hablamos de literatura, la novela nace de una obsesi\u00f3n que te despierta a media noche y ya no puedes conciliar el sue\u00f1o hasta el punto final. <\/p>\n<p>P.- En su libro &#8220;La Gran v\u00eda&#8230;&#8221; afirma que no hay nada tan absurdo como los premios nacionales. Ahora que le han concedido uno \u00bfha cambiado de opini\u00f3n? \u00bfSe esperaba este reconocimiento? Un saludo y enhorabuena.<\/p>\n<p>R.- Los premios son muy aleatorios, yo siempre recomiendo el orden alfab\u00e9tico para darlos. Me alegro de que vayan por la G y me haya tocado. <\/p>\n<p>P.- Alguna vez solias pasar por nuestra libreria en San Sebastian (Ekain) hace ya 30 a\u00f1os. No tengo preguntas solo felicitarte por toda tu trayectoria y por tus premios. Me honra el haberte conocido.<\/p>\n<p>R.- Gracias por la enhorabuena y m\u00e1s por el recuerdo y la amistad.<\/p>\n<p>P.- Enhorabuena por su obra, y tambi\u00e9n por el premio. Alguna vez ha sentido alg\u00fan bloqueo creativo al dudar de que su obra pudiera aportar algo nuevo a lo ya escrito por otros; o quiz\u00e1 nunca se ha planteado esta necesidad. Gracias y mucha suerte.<\/p>\n<p>R.- No me ha importado mucho si dec\u00eda algo nuevo, literariamente lo que me importaba es decir algo m\u00edo. <\/p>\n<p>P.- \u00bfQu\u00e9 cualidad considera imprescindible para obtener un premio como el que le ha sido otorgado? Enhorabuena, un saludo.<\/p>\n<p>R.- La cualidad m\u00e1s importante en un novelista es la resistencia f\u00edsica, sobre todo, si quieres pasar de los veinte t\u00edtulos. M\u00e1s importante es no perder ni la ilusi\u00f3n, ni la ingenuidad (esto s\u00f3lo en parte)<\/p>\n<p>P.- He le\u00eddo La Gran V\u00eda es New York y me han encantado todas las historias que encierra esa calle. \u00bfC\u00f3mo se le ocurri\u00f3 escribir sobre la Gran V\u00eda? \u00bfSe ha documentado mucho o se ha dejado llevar por la imaginaci\u00f3n? \u00bfSigue agotado el libro?<\/p>\n<p>R.- Uno de los argumentos constantes en la novela es un hombre y un camino a recorrer, un paseo por la Gran V\u00eda con imaginaci\u00f3n es turismo de riesgo. Hay parte de imaginaci\u00f3n, esto es lo hist\u00f3rico, y parte realidad, esto es lo que me invent\u00e9. Actualmente hay una bella edici\u00f3n de bolsillo.<\/p>\n<p>P.- \u00bfQu\u00e9 me propondr\u00eda que leyera de su obra?<\/p>\n<p>R.- La primera novela que encuentres en tu librer\u00eda de cabecera. Despu\u00e9s elige tu mismo.<\/p>\n<p>P.- Describe con naturalidad paisaje y paisanaje castellano, o vasco \u00bfForma parte la violencia del paisaje que se describe actualmente o es una invento que escribe otro paisanaje que intenta resurgir?<\/p>\n<p>R.- Cuando escribo sobre la violencia es cuando soy menos imaginativo. Todo parecido con la realidad es una casualidad inevitable. <\/p>\n<p>P.- Perdone, le felicito y le envidio, sinceramente. Detr\u00e1s de tantas palabras un reconocimiento. La consecuci\u00f3n de un premio es argumento de una novela, como ya describi\u00f3 V. Montalb\u00e1n \u00bfEs la vida en s\u00ed otra novela? \u00bfLa escribir\u00eda usted?<\/p>\n<p>R.- Los premios en s\u00ed mismos no son literatura, ni nunca los he imaginado como materia a novelar. La vida s\u00ed, aunque quiz\u00e1, la vida sea una simple excusa para escribir novela.<\/p>\n<p>P.- En estos tiempos en que solo importa lo propio y cercano, \u00bfqueda espacio desde la literatura para el compromiso real con los excluidos de la sociedad y de la cultura? gracias anticipadas.<\/p>\n<p>R.- Siempre he creido en el compromiso del escritor, por lo tanto, los excluidos son protagonistas en las novelas y debieran serlo en la actitud c\u00edvica del novelista.<\/p>\n<p>P.- \u00bfEs posible que ocurra con la burbuja inmobiliaria actual lo que ocurri\u00f3 en su novela El a\u00f1o del wolfram?<\/p>\n<p>R.- \u00a1Enhorabuena por la imagen! No s\u00e9 si ocurrir\u00e1, pero no ser\u00eda la primera burbuja que pinchase, recuerda la de los puntocom.<\/p>\n<p>P.- Mi admiracion por su trayectoria literaria y actitud personal ante la situaci\u00f3n del PV. \u00bfSe incluir\u00eda, dentro de la literatura vasca como por ej. R. Pinilla?<\/p>\n<p>R.- Ramiro es un ingenuo en este tema. Ni \u00e9l ni yo tenemos nada que ver con la literatura y la cultura como la entiende el gobierno vasco.<\/p>\n<p>P.- \u00bfCu\u00e1les son sus escritores favoritos? \u00bfQu\u00e9 libro me recomienda de los \u00faltimos que haya le\u00eddo?<\/p>\n<p>R.- De los \u00faltimos le\u00eddos, El Se\u00f1or de Bembibre de Gil y Carrasco, y El Camino Inici\u00e1tico de Santiago de Jaime Cobreros. Disculpa si no son novedades, pero estoy releyendo. <\/p>\n<p>P.- \u00bfA qu\u00e9 se debe que sus \u00faltimas obras se alejen del Pa\u00eds Vasco y el terrorismo? \u00bfLe ha dejado de interesar este tema?<\/p>\n<p>R.- El tema vasco es tan reincidente que escribir ya sobre \u00e9l, me crea un complejo de fotocopia. Por desgracia la fotocopia sigue teniendo el mismo valor y actualidad. <\/p>\n<p>P.- \u00bfQu\u00e9 le llev\u00f3 a escribir La Gran V\u00eda es New York?<\/p>\n<p>R.- Transformar en texto vivencias de toda una vida en una calle tan singular que fue famosa en toda Europa, 20 a\u00f1os antes de empezarse a construir, por la Zarzuela, y no se llam\u00f3 oficialmente Gran V\u00eda hasta hace muy poquitos a\u00f1os, a pesar que desde un principio todo el mundo la llamaba as\u00ed. <\/p>\n<p>P.- Tengo solo una curiosidad en que Universidad de licenci\u00f3 en Farmacia. En Compostela?<\/p>\n<p>R.- En la Complutense de Madrid.<\/p>\n<p>P.- \u00bfQu\u00e9 hace el se\u00f1or en las horas libres para perfeccionar la su imaginaci\u00f3n?<\/p>\n<p>R.- Correr desnudo por el bosque.<\/p>\n<p>P.- \u00bfCu\u00e1l es la mayor dificultad, hoy en d\u00eda, que un poeta encuentra durante todo el proceso de realizaci\u00f3n de una obra? <\/p>\n<p>R.- Si te refieres a la creatividad, sensibilidad po\u00e9tica. Si te refieres a la edici\u00f3n de la obra, dar con un amigo editor de poes\u00eda.<\/p>\n<p>P.- Hola Ra\u00fal, enhorabuena por el premio. Eres uno de los contados escritores espa\u00f1oles que tienen su propia p\u00e1gina web \u00bfC\u00f3mo han influido las nuevas tecnolog\u00edas en tu forma de trabajar en estos \u00faltimos a\u00f1os? \u00bfRecurres mucho al ordenador y a internet? Y otra pregunta \u00bfQu\u00e9 te han aportado las tierras de El Bierzo y sus gentes en tu obra? Gracias<\/p>\n<p>R.- A pesar de la p\u00e1gina web sigo escribiendo en una vieja Olivetti el\u00e9ctrica. La nueva tecnolog\u00eda, sus posibilidades, las describ\u00ed hace muchos a\u00f1os en una novela titulada Hip\u00f3tesis. El Bierzo es fundamental en mi experiencia vital, juvenil, y por lo tanto es l\u00f3gico que emerja siempre en mi narrativa, y quiz\u00e1 en la parte m\u00e1s entra\u00f1able de la misma. <\/p>\n<p>P.- En cuanto al crear, \u00bfqu\u00e9 le resulta m\u00e1s dif\u00edcil?<\/p>\n<p>R.- No s\u00e9 si es lo m\u00e1s dif\u00edcil, pero lo m\u00e1s engorroso y aburrido es el corregir las pruebas. <\/p>\n<p>P.- \u00bfC\u00f3mo asume el escritor, el intelectual de hoy, su incapacidad para influir en el tiempo que le toca vivir?<\/p>\n<p>R.- Hoy el intelectual es el medio en cuanto a poder se refiere y, por otra parte, no creo que un novelista sea un intelectual. De todas formas, siempre se puede ser un guerrillero.<\/p>\n<p>P.- Perdone la insistencia. Usted se ha mostrado como un escritor comprometido, a mi me gustar\u00eda ser escritor y comprometido: \u00bfCu\u00e1l es la principal caracter\u00edstica p\u00e0ra ser buen escritor?<\/p>\n<p>R.- La voluntad de ser.<\/p>\n","protected":false},"excerpt":{"rendered":"<p>El Premio Nacional de las Letras reconoce el conjunto de la labor literaria, en cualquiera de las lenguas del Estado, de un autor espa\u00f1ol. Este a\u00f1o el galardonado ha sido Ra\u00fal Guerra Garrido. El escritor madrile\u00f1o ha charlado con los lectores.<br \/>\nFOTO: DAVID CORRAL<\/p>\n","protected":false},"author":1,"featured_media":0,"comment_status":"open","ping_status":"open","sticky":false,"template":"","format":"standard","meta":{"footnotes":""},"categories":[],"tags":[],"class_list":["post-926","post","type-post","status-publish","format-standard","hentry"],"_links":{"self":[{"href":"https:\/\/intervius.com\/index.html\/wp-json\/wp\/v2\/posts\/926","targetHints":{"allow":["GET"]}}],"collection":[{"href":"https:\/\/intervius.com\/index.html\/wp-json\/wp\/v2\/posts"}],"about":[{"href":"https:\/\/intervius.com\/index.html\/wp-json\/wp\/v2\/types\/post"}],"author":[{"embeddable":true,"href":"https:\/\/intervius.com\/index.html\/wp-json\/wp\/v2\/users\/1"}],"replies":[{"embeddable":true,"href":"https:\/\/intervius.com\/index.html\/wp-json\/wp\/v2\/comments?post=926"}],"version-history":[{"count":0,"href":"https:\/\/intervius.com\/index.html\/wp-json\/wp\/v2\/posts\/926\/revisions"}],"wp:attachment":[{"href":"https:\/\/intervius.com\/index.html\/wp-json\/wp\/v2\/media?parent=926"}],"wp:term":[{"taxonomy":"category","embeddable":true,"href":"https:\/\/intervius.com\/index.html\/wp-json\/wp\/v2\/categories?post=926"},{"taxonomy":"post_tag","embeddable":true,"href":"https:\/\/intervius.com\/index.html\/wp-json\/wp\/v2\/tags?post=926"}],"curies":[{"name":"wp","href":"https:\/\/api.w.org\/{rel}","templated":true}]}}