{"id":9252,"date":"2011-10-18T00:00:00","date_gmt":"2006-11-06T00:00:00","guid":{"rendered":"https:\/\/intervius.com\/index.html\/?p=9252"},"modified":"2006-11-06T00:00:00","modified_gmt":"2006-11-06T00:00:00","slug":"Manuel_Franco9252","status":"publish","type":"post","link":"https:\/\/intervius.com\/index.html\/Manuel_Franco9252\/","title":{"rendered":"Manuel Franco"},"content":{"rendered":"<p>Pregunta.- Parece que la FOTA tiene los d\u00edas contados, entre acusaciones y falta de control, todo indica que habr\u00e1 un divorcio. Su uni\u00f3n proporcion\u00f3 mayores ingresos y, desde fuera parece que era el \u00fanico inter\u00e9s que les un\u00eda. \u00bf Qui\u00e9n es a tu juicio el m\u00e1s interesado en que se produjese tal divorcio ? y \u00bf por qu\u00e9 ? Un mill\u00f3n de gracias.<\/p>\n<p>Respuesta.- Buenas tardes a todos, acabo de llegar a Madrid desde Seul tras 25 horas de viaje, estoy destrozado, pero anda mejor que ver un mont\u00f3n de preguntas aqu\u00ed: As\u00ed que all\u00e1 vamos. Un abrazo a todos y gracias. Hola Rafa, ya adelant\u00f3 As la semana pasada que as\u00ed es, la FOTA tiene los d\u00edas contados. El m\u00e1s interesado es Red Bull que se salta el limite de gasto sin control. Aunque no le vendr\u00e1 mal a Ferrari que ese l\u00edmite desaparezca. Gracias a ti<\/p>\n<p>P.- Hola Manuel \u00bfLlegamos a un circuito nuevo el de la India con una zona de grandes rectas y otra de enlazadas de 90\u00ba y una curva peraltada, tu crees que veremos una carrear atractiva o sera procesional como en corea?\u00bfPor cierto como ves a Roberto Merhi y Carlos Sainz Jr para el GP de Macao? Un Saludo<\/p>\n<p>R.- Hola Pablo, encantado de hablar contigo otra vez, Corea fue una carrera bonita creo yo. En India las cosas van a estar m\u00e1s disputadas, entre otras cosas porque es un circuito nuevo y los pilotos, todos, parten de cero. En Macao me gustar\u00eda que ganara Carlos Sainz. Gracias<\/p>\n<p>P.- Hola Manuel.A\u00fan estando el mundial decidido, he madrugado estas dos carreras para ver qu\u00e9 pod\u00eda hacer Alonso. Una vez m\u00e1s, el Domingo, demostrando a mi entender que es el mejor piloto de la parrilla, di\u00f3 una lecci\u00f3n de pilotaje. Mi duda es que no estoy segura que el a\u00f1o que viene las cosas vayan a cambiar mucho \u00bfSeguiremos viendo esa superioridad tan aplastante de Red Bull? Para la emoci\u00f3n del campeonato es mal\u00edsima. \u00bfVolveremos a ver a Alonso en lo m\u00e1s alto? Creo que lleva muchos a\u00f1os sufriendo y que se va mereciendo ya, otro t\u00edtulo, \u00bfNo crees? Enhorabuena por tu trabajo, eres un crak!<\/p>\n<p>R.- Hola Laura creo que has hecho lo que debe hacer una buena aficionada. Creo que el a\u00f1o que viene las cosas estar\u00e1n m\u00e1s igualadas y con los coches m\u00e1s iguales el mejor piloto, que t\u00fa sabes quien es, marcar\u00e1 la diferencia. MUCHAS GRACIAS<\/p>\n<p>P.- Hola Manuel!!Cuales son las caracteristicas del circuito de la India?<\/p>\n<p>R.- Es un circuito que tiene una zona con peralte, una larga recta y es muy parecido al de Kilamy en Sudafrica. Un poco parecido al de Corea en ese sentido, variedad de recta y curvas de todo tipo. Veremos una buena carrera. <\/p>\n<p>P.- Hola Crack!Vettel a estado genial.pero que le pasa a Hamilton? Tiene ese caracter de ni\u00f1o rebelde?<\/p>\n<p>R.- Hola, Hamilton es como todos los genios irregular y capaz de lo mejor y lo peor. Creo que el a\u00f1o que viene veremos un duelo Alonso-Hamilton-Vettel por el t\u00edtulo. No te digo m\u00e1s&#8230;<\/p>\n<p>P.- Hola Manuel. Ferrari ya tiene optimizado su t\u00fanel del viento vanguardista o a\u00fan ha de utlizar el de Toyota para construir el monoplaza de 2012?? Saludos.<\/p>\n<p>R.- Ya lo han arreglado, como viene hoy en el As. Es una de las cosas buenas, para ser u poco optimista. Un abrazo y gracias<\/p>\n<p>P.- Hola Manuel! no se que piensas t\u00fa, pero para mi Hamilton es el mejor en el cuerpo a cuerpo.Saludos<\/p>\n<p>R.- Hamilton es muy muy bueno en el mano a mano, pero a igualdad de neum\u00e1ticos Alonso siempre ha podido con \u00e9l y en Corea Vettel le adelant\u00f3 f\u00e1cil. Pero s\u00ed, a espectacular no le gana nadie.<\/p>\n<p>P.- Hola.\u00bftu crees que Webber tiene suficiente cache como para estar en red bull?. Vaya diferencia entre Vettel y \u00e9l.<\/p>\n<p>R.- Creo que Webber el pr\u00f3ximo a\u00f1o no deber\u00eda estar en Red Bull. No se lo ha ganado este a\u00f1o. <\/p>\n<p>P.- Saludos. Una pena lo de Dan Wheldon. Crees que el subcampeonato para Alonso se le puso lejos? Por momentos pens\u00e9 que dar\u00eda caza a Button.<\/p>\n<p>R.- Hola, s\u00ed era un doble ganador de las 500 Millas de Indian\u00e1polis (por cierto la unica haza\u00f1a del motor que le falta a un espa\u00f1ol) y creo que un muy buen t\u00edo. Se le pone complicado si, el otro d\u00eda sin los problemas de gasolina de las dos ultimas vueltas le hubiera podido cazar. <\/p>\n<p>P.- Hola! Ser\u00eda posible que Hamilton dejase McLaren si deja de ser el ni\u00f1o bonito del equipo? pq parece que Button ha encajado a la perfecci\u00f3n, y para Hamilton debe ser dificil de entender que los mec\u00e1nicos traten a Button mejor que a el, lo cual entiendo por una simple cuesti\u00f3n de madurez y simpat\u00eda.<\/p>\n<p>R.- Tienes toda la raz\u00f3n. Sin Ron Dennis no es lo mismo. Incluso te dir\u00e9 m\u00e1s, no se puede descartar que, de aqu\u00ed a 2016 volvamos a ver a Hamilton y Alonso como compa\u00f1eros de equipo. <\/p>\n<p>P.- \u00bfCrees que es importante luchar para conseguir el subcampeonato de 2011? \u00bfO Alonso y el resto deben enfocarse en desarrollar los autos para 2012 en las carreras que quedan?<\/p>\n<p>R.- Que un grande del periodismo latinoamericano est\u00e9 aqu\u00ed es un aut\u00e9ntico honor. Para quien no lo sepa este hombre es el mejor periodista de motor de Chile. Creo que deben centrarse en volver a ganar el pr\u00f3ximo a\u00f1o. Un abrazo grande amigo<\/p>\n<p>P.- Hola Manuel: Una vez m\u00e1s, gracias por atender nuestras dudas. La semana pasada, en una de tus respuestas dec\u00edas que Red Bull exced\u00eda las medidas de longitud. \u00bf Es as\u00ed ? de serlo \u00bf por qu\u00e9 ning\u00fan equipo hizo reclamaci\u00f3n alguna ?. Est\u00e1 en una de las respuestas acerca de las fotos que se le hicieron al Red Bull despues del accidente. <\/p>\n<p>R.- Hola Rafael, s\u00ed, es as\u00ed, pero el exceso es minimo y todos los equipos tienen cosas que ocultar, adem\u00e1s Red Bull es ahora la escuder\u00eda con m\u00e1s poder institucional en la F-1 Gracias por estar por aqu\u00ed<\/p>\n<p>P.- Hola Manuel!! Muy bueno tu \u00faltimo post!! Espero que la pr\u00f3xima vez no acabes en el Ad\u00e1n<\/p>\n<p>R.- Muchas gracias por leerlo. Fue una interesante experiencia. Este viaje, Jap\u00f3n y Corea. Inolvidable<\/p>\n<p>P.- Buenas tardes.\u00bfCuando cree que podra subir alguersuari a red bull? Necesitamos un piloto de referencia, no a uno que diga en la misma carrera que se rinde y que siempre pone excusas.Manuel, eres un crack!<\/p>\n<p>R.- Hola Alberto. Alguersuari deber\u00eda subirse al Red Bull el pr\u00f3ximo a\u00f1o. No seas tampoco injusto con Alonso, lo de se rinde, lo contamos en AS, fue una estrategia para desestabilizar a Button, justo cuando dijo que se rend\u00eda pas\u00f3 de una diferencia de 1.2 a 0,6. Un abrazo y gracias por estar ah\u00ed<\/p>\n<p>P.- Manu, buenos d\u00edas! \u00bfSabes si Alguersuari seguira el a\u00f1o que viene en Toro Rosso o tendra sitio en otro equipo como Mercedes o Renault? \u00bfTu le ves en un futuro como campeon, o por lo menos un piloto competitivo?Gracias y un abrazo crack.<\/p>\n<p>R.- Seguir\u00e1 en Toro Rosso. Con un coche como el que lleva Vettel este a\u00f1o hubiera ganado alguna carrera. Gracias a ti<\/p>\n<p>P.- Hola, siempre he pensado que tiene que ser complicado que tu primer rival sea tu compa\u00f1ero de equipo&#8230; \u00bfpodrias poner algun ejemplo de parejas de pilotos que lo lleven bien y otras que lo lleven mal? saludos.<\/p>\n<p>R.- Hola, ahora mismo lo llevan bien casi todos, Alguersuari y Buemi, por ejemplo. Mal lo lleva Webber, aunque mejor que el a\u00f1o pasado y Massa, claro. Hamilton y Button se llevan bien&#8230; Schumacher y Rosberg<\/p>\n<p>P.- Hola Manuel, primero enhorabuena por tu trabajo. Tengo una serie de dudas referentes principalmente a Alonso. La primera es m\u00e1s una curiosidad&#8230;\u00bfcae bien Fernando entre el resto de pilotos? Siempre que lo veo en el podio est\u00e1 distante con sus dos acompa\u00f1antes y se le ve aislado. Segundo&#8230;\u00bfno crees que Alonso dej\u00f3 de ser un gran calificador cuando se inventaron las Qs? Tercero, \u00bfa qu\u00e9 se debe que este a\u00f1o no haya apenas roturas de motor ni grandes fallos mec\u00e1nicos? Y por \u00faltimo, \u00bfsabes algo del Ferrari 2012 y si podr\u00e1 competir al mismo nivel que los RedBull? Muchas gracias!!<\/p>\n<p>R.- MUCHAS GRACIAS. Muchas, buenas y variadas preguntas. 1. Alonso cae bien a algunos como Webber o Kubica, regular a otros y mal a alguno. Como todos, pero eso s\u00ed, todos le admiran y le tienen como referente. 2. No es mal calificador, ah\u00ed est\u00e1n sus n\u00fameros con Massa, gran calificador de siempre, pero el Ferrari por su problema al calentar las gomas, es donde peor va. 3. NO hay problemas de motor porque llevan unos a\u00f1os congelados y los equipos lo tienen muy controlado. 4. AL principio costar\u00e1, pero el Ferrari estar\u00e1 al nivel de Red Bull el pr\u00f3ximo a\u00f1o, estoy seguro. GRACIAS<\/p>\n<p>P.- \u00bfC\u00f3mo viste el comportamiento de aler\u00f3n 2012 de Ferrari en el \u00faltimo sting de Fernando?A mi me pareci\u00f3 que era la primera vez que consegu\u00eda calentar las gomas tras la salida de box.Se rumorea que el aler\u00f3n de Webber en Italia lo tiene Ferrari,porque desde RedBull han dicho que les falta la mitad del aler\u00f3n y Newey hay insinuado de &#8220;broma&#8221; que lo tendr\u00e1n en Maranello despu\u00e9s de haber visto que han llevado a Corea uno muy parecido al suyo, en dise\u00f1o y flexibilidad, que opinas?El efecto venturi es uno de los rumores que dicen que va a introducir en el ferrari de 2012, tu crees que conseguiran acerlo funcionar?Yo creo que con Rory Byrne s\u00ed pueden ya que ya lo introdujo en el Benetton B195<\/p>\n<p>R.- Esto es nivel, hay que saber mucho de F-1 y de f\u00edsica para conocer a Giovanni Batista Venturi&#8230; Lo de Newey creo que es un exceso. Y lo de 2012 es una de las posibilidades s\u00ed. En Ferrari tienen muchas esperanza y mucha confianza&#8230; no te digo m\u00e1s. GRACIAS y un abrazo<\/p>\n<p>P.- Hola Manuel. T\u00fa crees que Webber y Vettel han competido en igualdad de condiciones y de coche?<\/p>\n<p>R.- Creo que no, sobre todo porque uno tiene la confianza del equipo y el otro no tanto y todos sabemos lo importante que es tener la confianza de tu gente en el trabajo. Sobre el coche, las mejoras siempre las ten\u00eda Vettel, pero dicho esto el rendimiento del alem\u00e1n ha sido inmejorable y el del australiano este a\u00f1o deja mucho que desear. Gracias<\/p>\n","protected":false},"excerpt":{"rendered":"<p>Con Vettel como campe\u00f3n incontestable del Mundial 2011, el protagonismo se lo lleva la lucha por el subcampeonato. Button parte con una ligera ventaja, pero ni Alonso ni Hamilton ni Webber han dicho a\u00fan su \u00faltima palabra. Manuel Franco, enviado especial al mundial de F1, ha charlado con los internautas sobre lo que sucedi\u00f3 en el GP de Corea del Sur.<\/p>\n","protected":false},"author":1,"featured_media":0,"comment_status":"open","ping_status":"open","sticky":false,"template":"","format":"standard","meta":{"footnotes":""},"categories":[],"tags":[],"class_list":["post-9252","post","type-post","status-publish","format-standard","hentry"],"_links":{"self":[{"href":"https:\/\/intervius.com\/index.html\/wp-json\/wp\/v2\/posts\/9252","targetHints":{"allow":["GET"]}}],"collection":[{"href":"https:\/\/intervius.com\/index.html\/wp-json\/wp\/v2\/posts"}],"about":[{"href":"https:\/\/intervius.com\/index.html\/wp-json\/wp\/v2\/types\/post"}],"author":[{"embeddable":true,"href":"https:\/\/intervius.com\/index.html\/wp-json\/wp\/v2\/users\/1"}],"replies":[{"embeddable":true,"href":"https:\/\/intervius.com\/index.html\/wp-json\/wp\/v2\/comments?post=9252"}],"version-history":[{"count":0,"href":"https:\/\/intervius.com\/index.html\/wp-json\/wp\/v2\/posts\/9252\/revisions"}],"wp:attachment":[{"href":"https:\/\/intervius.com\/index.html\/wp-json\/wp\/v2\/media?parent=9252"}],"wp:term":[{"taxonomy":"category","embeddable":true,"href":"https:\/\/intervius.com\/index.html\/wp-json\/wp\/v2\/categories?post=9252"},{"taxonomy":"post_tag","embeddable":true,"href":"https:\/\/intervius.com\/index.html\/wp-json\/wp\/v2\/tags?post=9252"}],"curies":[{"name":"wp","href":"https:\/\/api.w.org\/{rel}","templated":true}]}}