{"id":9250,"date":"2011-10-18T00:00:00","date_gmt":"2006-11-06T00:00:00","guid":{"rendered":"https:\/\/intervius.com\/index.html\/?p=9250"},"modified":"2006-11-06T00:00:00","modified_gmt":"2006-11-06T00:00:00","slug":"Tomas_Roncero9250","status":"publish","type":"post","link":"https:\/\/intervius.com\/index.html\/Tomas_Roncero9250\/","title":{"rendered":"Tom\u00e1s Roncero"},"content":{"rendered":"<p>Pregunta.- Hola Tomas!!estoy contento y a la vez preocupado&#8230;estoy contento porque empiezo a ver al kaka que todos queremos ver y porque veo al madrid con muchos recursos pero me preocupa ozil, ya que creo que al jugar con Kaka esta mas desubicado al caer mas a la banda y me da miedo que no siga progresando&#8230;\u00bfque opinas?saludos desde Todolella!!!<\/p>\n<p>Respuesta.- Es evidente que Kak\u00e1 y \u00f3zil juntos no conjugan bien. Ozil se siente c\u00f3modo en el sitio que est\u00e1 Kak\u00e1 y no en la banda. Pero tal y como est\u00e1 Kak\u00e1, prefiero que siga jugando el brasile\u00f1o. Su talento estaba dormido por culpa de las lesiones. Ozil es joven y sabr\u00e1 esperar su momento. <\/p>\n<p>P.- Hola Tom\u00e1s, ha sido Messi el mejor jugador de futbol que has visto en tu vida? Si no es as\u00ed favor dime quien. Saludos desde C\u00f3rdova, Argentina.<\/p>\n<p>R.- No. El mejor que vi en mi vida fue Maradona. \u00c9l solito dio a Argentina el Mundial de M\u00e9xico 86. Lo que hizo en ese Mundial no se lo he visto hacer a ning\u00fan jugador del mundo. Messi con Argentina baja muchos enteros. <\/p>\n<p>P.- Buenos d\u00edas Tom\u00e1s. Soy cule pero en Punto Pelota me lo paso fenomeno contigo as\u00ed que con el tiempo me has ido cayendo mejor. \u00bfTodavia crees en el Villarato? Lo digo m\u00e1s que nada porque mientras al Madrid le han pitado 3 o 4 penaltys (incluido uno fuera del area (?)), al Bar\u00e7a le han dejado de pitar como poco 4 muy claros a Messi.<\/p>\n<p>R.- Gracias por caerte mejor aunque no s\u00e9 si eso es buena se\u00f1al. Je, je. Mira, yo creo que lo del Villarato es incontesatble poque en el AS siempre hemos dado datos concretos de c\u00f3mo les ha ido a los \u00e1rbitros cuando han ayudado al Bar\u00e7a y c\u00f3mo les ha ido a los pocos que han favorecido al Madrid. Lo de Messi es algo que acaba de suceder y tiene una ra\u00edz clara: los fingimientos de Alves, Pedro y Busquets han creado una atm\u00f3sfera de desconfianza hacia las ca\u00eddas de los jugadores del Bar\u00e7a. Messi se tira poco, cierto, pero el barcelonismo deber\u00eda reflexionar sobre lo que pas\u00f3 en aquel partido de Champions. <\/p>\n<p>P.- Tom\u00e1s, tengo 18 a\u00f1os y estoy en primero de periodismo, tengo mucha ilusi\u00f3n por llegar, pero tambi\u00e9n algun miedo. Me han dicho que debo ser totalmente objetivo, y con el Madrid no lo puedo ser, ni me lo planteo. Soy madridista de bufanda y bandera y lo ser\u00e9 siempre. Dame alg\u00fan consejo o recomendaci\u00f3n crack. Nunca cambies, eres nuestra voz. Hoy 3-1. Nos vemos en el California. Un abrazo.<\/p>\n<p>R.- Amigo yo no soy nadie para dar consejos a un chaval joven y con toda la ilusi\u00f3n del mundo por delante. Pero si te vale por lo que me pas\u00f3 a m\u00ed, lo que debes hacer es ser t\u00fa mismo. Informar con rigor, pero a su vez no esconder tus sentimientos. El periodista no debe enga\u00f1ar al lector, debe transmitirle la informaci\u00f3n con su interpretaci\u00f3n subjetiva de los hechos. La objetividad no existe. Es una utop\u00eda.<\/p>\n<p>P.- H\u00e1bleme de Fernando Redondo&#8230; Pk ya no hay mediocentros puros como \u00e9l.. Mauro Silva, Mazinho..etc.. Cortaban, pegaban y sacaban el bal\u00f3n jugado &#8230; Eran en un jugador, lo que la mayor\u00eda de los entrenadores buscan poniendo 2 mediocentros&#8230;<\/p>\n<p>R.- Redondo era el mediocentro por antonomasia. Es verdad que no ten\u00eda gol y apenas llegaba al \u00e1rea rival, pero ten\u00eda un liderazgo en la medular y una capacidad de mando incre\u00edbles. Todo giraba alrededor de \u00e9l como si fuese la aguja de un comp\u00e1s. Inolvidable su partido de Old Trafford. Qu\u00e9 genio. <\/p>\n<p>P.- Lo de los \u00e1rbitros con el Castilla empieza a ser vergonzoso&#8230;\u00bf que opinas de esto? \u00bf crees que el Villarato tambien se va a cebar con la cantera? un abrazo<\/p>\n<p>R.- Ya avis\u00e9 que lo del Villarato no entend\u00eda de edades ni de categor\u00edas,. El Madrid est\u00e0 mal visto por la organizaci\u00f3n y a los chavales del Castilla les tratan como si fuesen la morralla de la Segunda B. No les respetan, les amenazan en el campo para que no puedan ni abrir la boca y se inventan penaltis en contra cuando ven que el Castilla lleva bien enfilados los partidos. una verguenza. <\/p>\n<p>P.- Hola Tom\u00e1s\u00a1\u00a1\u00a1 Crees que deberian dar descanso a CR7?<\/p>\n<p>R.- Todav\u00eda no. Salvo que el chaval no pueda jugar por el dolor, debe estar en el campo porque su sola presencia intimida al rival. Acu\u00e9rdate de las veces que Ra\u00fal jug\u00f3 infiltrado y c\u00f3mo ganaba \u00e9l solo los partidos con su actitud de combate&#8230;<\/p>\n<p>P.- Hola crack!! \u00bfNo es mejor tener una plantilla de 15 que de 24..\u00bf\u00bf\u00bf?? Los minutos qu tiene Arbeloa la puede tener Carvajal.. Los minutos que tiene Albiol los pod\u00eda haber tenido Mateos&#8230; Los minutos de Khedira los puede tener Alex Fdez.. Los minutos que jug\u00f3 Adebayor los podr\u00eda haber tenido Morata&#8230; Y si esto lo hubieramos hecho hace a\u00f1os&#8230; quiz\u00e1 hoy estar\u00edan los Soldado, Negredo, Mata, Borja Valero con nosotros&#8230;<\/p>\n<p>R.- Es preferible tener una plantilla amplia. Los chavales de la cantera deben entrar en el primer equipo con naturalidad, no por imposici\u00f3n del gui\u00f3n. La presi\u00f3n puede frenar su desarrollo. La plantilla del Madrid actual para m\u00ed es perfecta y equilibrada. Y conste que soy un fan de la cantera. <\/p>\n<p>P.- Estimado Tom\u00e1s, \u00bfqu\u00e9 opinas que Florentino halla llamado a DON VICENTE in\u00fatil? \u00bfCrees que esa persona puede seguir un d\u00eda m\u00e1s como presidente del club m\u00e1s importante del mundo? \u00bfTe crees las palabras de DON VICENTE? <\/p>\n<p>R.- No fue Florentino. Un directivo, Enrique S\u00e1nchez, meti\u00f3 la pata hasta el corbej\u00f3n y el d\u00eda de su injusto despido afirm\u00f3 que ten\u00eda un librillo anticuado. A eso se refiere Vicente con su comprensible queja. <\/p>\n<p>P.- Hola Tom\u00e1s, soy Madridista y de Carabanchel!!! hazme caso por favor&#8230;! todos debemos convencer a Mou que por lo menos, los partidos en el Bernab\u00e9u como el de hoy, ponga un \u00fanico mediocentro defensivo, Xabi Alonso. Ya que Lass esta desconvocado, que deje a Khedira en el banquillo y juegue con \u00d6zil y Kaka mas en la creaci\u00f3n. T\u00fa has visto mucho f\u00fatbol, y bien sabes que para ser TITULAR deben jugar SIEMPRE los mejores, independientemente de esquemas de juego y\/o demarcaciones. GRANDE TOMAS y Muchas Gracias por tu tiempo. HALA MADRID<\/p>\n<p>R.- Amigo lo que propones es excitante y lo mejor para el espect\u00e1culo, pero entiendo que los entrenadores hoy d\u00eda quieren asegurarse la estabilidad defensiva y con Khedira los de arriba juegan m\u00e1s liberados de misiones destructivas. En cualquier caso, eres un apasionado como yo. Grande!<\/p>\n<p>P.- Tomas, que pasa con Sahin? que sabes tu, hay mucho misterio en su entorno, yo tenia muchas ilusiones con verlo jugar esta temporada<\/p>\n<p>R.- Nos dicen que est\u00e1 curado y con el alta m\u00e9dica, pero prefieren esperar diez d\u00edas para asegurarse de que no sufre m\u00e1s reca\u00eddas. Yo creo que ir\u00e1 convocado para el Madrid-Villarreal de la pr\u00f3xima semana. <\/p>\n<p>P.- Buenos d\u00edas Roncero,antes de realizarte mi pregunta,quer\u00eda darte las gracias por defender al Madrid y al madridismo de tanto anti madridista,y quer\u00eda decirte que eres m\u00ed \u00a1\u00eddolo!.Bueno Roncero esta es mi pregunta,\u00bfestar\u00eda ofendiendo Vicente Del Bosque al madridismo si no fuese a recoger la Medalla de Oro del Real Madrid?<\/p>\n<p>R.- Del Bosque no puede ofender nunca al madridismo porque \u00e9l es ADN vikingo cien por cien. Es cierto que la distinci\u00f3n es muy elevada y lo suyo ser\u00eda que fuera a recogerla para evitar males mayores, pero tambi\u00e9n es verdad que el club no le trat\u00f3 como merec\u00eda nada m\u00e1s acabar el Mundial. Ah\u00ed se le debi\u00f3 dar un homenaje a lo grande en el Bernab\u00e9u y con todo el estadio aplaudi\u00e9ndole. Las cosas mal hechas, mal acaban. A\u00fan as\u00ed, ojal\u00e1 se llegue a un acuerdo y se pueda celebrar el acto para la recogida de su insignia. <\/p>\n<p>P.- Campe\u00f2n,personalmente que delantera pondr\u00ecas en el partido de hoy del Madrid ante el Lyon?gracias por tu respuesta y esta noche en punto pelota espero verte.<\/p>\n<p>R.- Cristiano e Higua\u00edn. Benzema la \u00faltima media hora. Colocar\u00eda a Di Mar\u00eda de extremo y a Kak\u00e1 de enganche. <\/p>\n<p>P.- sera que soy argentino,pero te felicito por tu articulo del lunes;seria una tremenda injusticia que el real venda a higuain,salio en la prensa que lo quiere el milan junto a otros jugadores y se lo van a sacar de las manos \u00bfporque lo quieren vender o esta en el mercado ?<\/p>\n<p>R.- Gracias por tus palabras amigo de Argentina. Mira, el Madrid lo renov\u00f3 hace un a\u00f1o y no lo va a vender. Higua\u00edn es patrimonio del Madrid y el Bernab\u00e9u est\u00e1 con \u00e9l. No se vende, seguro. <\/p>\n<p>P.- Buenas Roncero.\u00bfQue opinas sobre la cantera Canaria?<\/p>\n<p>R.- Que tiene una tradici\u00f3n y un nivel a valorar much\u00edsimo. De Canarias salieron jugadores hist\u00f3ricos de aquel Las Palmas de los a\u00f1os 70, donde vimos a Tonono, Pepe Ju\u00e1n, Germ\u00e1n, Morete, Carnevalli&#8230; Y ahora salieron de las islas Valer\u00f3n, Silva&#8230; Me gusta mucho el proyecto de Las Palmas. Deber\u00eda regresar a la Liga BBVA. Por historia y por afici\u00f3n. <\/p>\n<p>P.- Hola gran Tomas!!mi pregunta es que viendo al madrid de baloncesto, me da miedo que si empieza la nba y rudy se nos va lo vamos a pasar mal&#8230;no crees que deberiamos fichar a gente de calidad por si acaso&#8230;creo que deberiamos fichar a los rafa martinez san emeterios claver!!espa\u00f1oles y con calidad.que opinas?un abrazo desde Todolella un pueblo de Castellon!!!<\/p>\n<p>R.- Un abrazo amigo de Todolella. Mira, la apuesta de Rudy es para varios a\u00f1os y si desgraciadamente se arregla lo de la NBA y se tiene que ir ahora a Dallas, sabemos que en junio de 2012 volver\u00e1 para quedarse. Es un fichaje estratosf\u00e9rico y al Madrid le har\u00e1 ganar t\u00edtulos. Pero si se va claro que el club se mueve y ya tiene pensadas varias opciones para suplirle, aunque Rudy es \u00fanico. <\/p>\n<p>P.- Hola!! \u00bfA quien se le ocurre fichar a Rudy por 3 kilos anuales? Este finde nos gan\u00f3 un partido, quiz\u00e1 esta semana otra&#8230; pero llegar\u00e1 noviembre, diciembre .. y nos dejar\u00e1.. Cuando llegen los momentos decisivos \u00e9l llevar\u00e1 4 meses jugando en la NBA.. Mientras tanto, seguimos con jugadores como Sergio Rguez (el jugador m\u00e1s sobrevalorado de la historia dl baloncesto nacional).. , Begic y cia.. <\/p>\n<p>R.- Pues a m\u00ed me encanta la apuesta por Rudy. Ha devuelto la ilusi\u00f3n a la afici\u00f3n, ha llenado el Palacio de Goya y cuando regrese se quedar\u00e1 aqu\u00ed varios a\u00f1os. Me parece una buena inversi\u00f3n amigo.<\/p>\n<p>P.- No me puedo explicar todav\u00eda como consigue el Bar\u00e7a tener tantos deportes en sus secciones y ser los l\u00edderes en cada una de ellas pr\u00e1cticamente siempre. Llevan su nombre por toda europa en esas disciplinas y me consta cuando viajo la admiraci\u00f3n que levanta. Tengo amigos alemanes fan\u00e1ticos del balonmano y alucinan con el Bar\u00e7\u00e1 como instituci\u00f3n. No podr\u00eda nuestro Madrid intentar crear alguna secci\u00f3n?? No se podr\u00eda haber quedado con el C. Real???<\/p>\n<p>R.- Lo del Ciudad Real es una pena y estoy de acuerdo contigo. Adem\u00e1s vest\u00edan de blanco y Talant es m\u00e1s vikingo que t\u00fa y yo juntos. Tambi\u00e9n se podr\u00eda hacer secci\u00f3n de f\u00fatbol femenino. Hay que plante\u00e1rselo. Es verdad. <\/p>\n<p>P.- Ahora que Kaka est\u00e1 en forma,\u00bfno ser\u00eda mejor retrasar a Ozil para que juegue con Xabi Alonso,pues en la banda se le ve bastante perdido?<\/p>\n<p>R.- Ozil juega mejor en la \u00faltima l\u00ednea de pase y cerca del \u00e1rea. M\u00e1s atr\u00e1s perder\u00eda frescura y capacidad de sorpresa. Yo creo que no es bueno que jueguen juntos. Mucho talento, pero el alem\u00e1n se dispersa en la banda. Y Kak\u00e1 se merece seguir de titular por lo bien que est\u00e1 ahora. Llev\u00e1bamos tanto tiempo esper\u00e1ndole que apetece verle en el campo del minuto 1 al 90&#8230;<\/p>\n","protected":false},"excerpt":{"rendered":"<p>Tom\u00e1s Roncero ha charlado con los internautas sobre la actualidad del conjunto presidido por Florentino P\u00e9rez. Roncero estar\u00e1 con vosotros para resolver todas vuestras dudas y daros su opini\u00f3n m\u00e1s personal.<\/p>\n","protected":false},"author":1,"featured_media":0,"comment_status":"open","ping_status":"open","sticky":false,"template":"","format":"standard","meta":{"footnotes":""},"categories":[],"tags":[],"class_list":["post-9250","post","type-post","status-publish","format-standard","hentry"],"_links":{"self":[{"href":"https:\/\/intervius.com\/index.html\/wp-json\/wp\/v2\/posts\/9250","targetHints":{"allow":["GET"]}}],"collection":[{"href":"https:\/\/intervius.com\/index.html\/wp-json\/wp\/v2\/posts"}],"about":[{"href":"https:\/\/intervius.com\/index.html\/wp-json\/wp\/v2\/types\/post"}],"author":[{"embeddable":true,"href":"https:\/\/intervius.com\/index.html\/wp-json\/wp\/v2\/users\/1"}],"replies":[{"embeddable":true,"href":"https:\/\/intervius.com\/index.html\/wp-json\/wp\/v2\/comments?post=9250"}],"version-history":[{"count":0,"href":"https:\/\/intervius.com\/index.html\/wp-json\/wp\/v2\/posts\/9250\/revisions"}],"wp:attachment":[{"href":"https:\/\/intervius.com\/index.html\/wp-json\/wp\/v2\/media?parent=9250"}],"wp:term":[{"taxonomy":"category","embeddable":true,"href":"https:\/\/intervius.com\/index.html\/wp-json\/wp\/v2\/categories?post=9250"},{"taxonomy":"post_tag","embeddable":true,"href":"https:\/\/intervius.com\/index.html\/wp-json\/wp\/v2\/tags?post=9250"}],"curies":[{"name":"wp","href":"https:\/\/api.w.org\/{rel}","templated":true}]}}