{"id":9249,"date":"2009-12-03T00:00:00","date_gmt":"2006-11-06T00:00:00","guid":{"rendered":"https:\/\/intervius.com\/index.html\/?p=9249"},"modified":"2006-11-06T00:00:00","modified_gmt":"2006-11-06T00:00:00","slug":"La_Oreja_de_Van_Gogh9249","status":"publish","type":"post","link":"https:\/\/intervius.com\/index.html\/La_Oreja_de_Van_Gogh9249\/","title":{"rendered":"La Oreja de Van Gogh"},"content":{"rendered":"<p>Pregunta.- Hola!!, mi pregunta es: \u00bfCu\u00e1l ha sido para vosotros el mejor disco nacional de este a\u00f1o?. Gracias.<\/p>\n<p>Respuesta.- Hola a todos! Ya estamos aqu\u00ed para contestar a todas vuestras preguntas y muchas gracia por acompa\u00f1arnos. En cuanto a la pregunta de Mar\u00eda&#8230; <\/p>\n<p>P.- Hola primero daros la ehorabuena por vuestro disco ,me encanta,queria saber que es lo que pedis para el a\u00f1o 2010,y si vais hacer una gira el a\u00f1o que viene,seguir asi,un saludo sois geniales<\/p>\n<p>R.- Hola Sergio! Al 2010 lo que le pedimos es seguir como hasta ahora que nos ha ido muy bien y de cara al a\u00f1o que viene seguro que haremos alg\u00fan concierto m\u00e1s.<\/p>\n<p>P.- Al empezar con la promo del nuevo disco,\u00bf quiere decir que ya m\u00e1s concierto en Espa\u00f1a con el Astoria no har\u00e9is??<\/p>\n<p>R.- Acabamos de llegar de Am\u00e9rica y de momento descansaremos las Navidades. El a\u00f1o que viene habr\u00e1 conciertos y seguro nos vemos en alguno.<\/p>\n<p>P.- Una pregunta para Xabi,Como ves tu futuro dentro de 15 a\u00f1os?Un beso enorme de una gran admiradora tuya.Mireia<\/p>\n<p>R.- Hola Mireia! En 15 a\u00f1os (2024) espero verme m\u00e1s delgado, pero igual de irresistible.<\/p>\n<p>P.- \u00bfNos pod\u00e9is adelantar para qu\u00e9 fecha nos regalar\u00e9is un nuevo album de estudio con canciones nuevas? \u00bfEl pr\u00f3ximo a\u00f1o o habremos de esperar a 2011 quiz\u00e1? Gracias<\/p>\n<p>R.- De momento no hay una fecha exacta, ya que tenemos que ponernos a componer y nunca se sabe cu\u00e1nto nos va a costar, pero la composici\u00f3n empezar\u00e1 en el 2010.<\/p>\n<p>P.- Hola LOVG, sois los mejores. \u00bfC\u00f3mo escog\u00edsteis el repertorio del ultimo cd con tantas canciones como ten\u00e9is, y todas preciosas? Un saludo y besos desde M\u00e1laga.<\/p>\n<p>R.- Nos quedamos con aquellas canciones que consegu\u00edamos llevar a ese sonido que est\u00e1bamos buscando.<\/p>\n<p>P.- Tene\u00eds un sonido distinto, m\u00e1s maduro, igual de arm\u00f3nico pero m\u00e1s trabajado, \u00bfla tendencia a futuro es as\u00ed? \u00bfmadurar los ritmos, componer sin la prisa inc\u00f3modoa de una discogr\u00e1fica, templar los tiempos y adaptarse en letras significativas como la del 11M? Gracias y saludos desde Granada.<\/p>\n<p>R.- Este disco ha sido un capricho puntual, en cuanto al sonido, para estas Navidades, pero nuestra forma de componer sigue siendo la misma que en discos anteriores, y cada nuevo disco siempre trae nuevas ideas .<\/p>\n<p>P.- Leire guapa!!antes de nada decirte que me alegro mucho saber que eras tu la nueva vocalista de &#8220;la oreja&#8221; y espero que te vaya todo bien en esta etapa. mi pregunta es, \u00bfcon cu\u00e1l de las canciones te sientes m\u00e1s identificada y por qu\u00e9?un saludito y muchos besos para todos!!<\/p>\n<p>R.- Una de las canciones que m\u00e1s me gusta cantar es &#8220;Mu\u00f1eca de trapo&#8221;, aunque cualquiera es buena compa\u00f1\u00eda.<\/p>\n<p>P.- Hola. Reflexionemos&#8230; \u00bfPens\u00e1bais que ib\u00e1is a tener tanto \u00e9xito con este nuevo proyecto? Y Leire, descr\u00edbeme con una sola palabra lo que significa para ti &#8220;La Oreja de Van Gogh&#8221;. Un besazo para Le\u00a1re y un abrazo para los chicos desde Valencia.<\/p>\n<p>R.- La verdad no lo pens\u00e1bamos, aunque ten\u00edamos claro que quer\u00edamos seguir haciendo canciones. En cuanto a describir lo que significa La Oreja para mi&#8230; ILUSI\u00d3N!!!<\/p>\n<p>P.- Hola chicos, \u00bfvan a seguir con la gira por Latinoam\u00e9rica? Nos gustar\u00eda much\u00edsimo verlos por Venezuela!!<\/p>\n<p>R.- Hola! Nos encantar\u00eda volver, ya que siempre ha sido un lugar que nos recibe con mucho cari\u00f1o. Por este a\u00f1o la gira ya ha terminado, pero seguro en breve habr\u00e1 m\u00e1s conciertos. Pablo adem\u00e1s os env\u00eda saludos a todos sus familiares Venezolanos! <\/p>\n<p>P.- \u00bfQu\u00e9 m\u00fasica os gusta llevar en el iPod?<\/p>\n<p>R.- Pablo: El directo de Amaral. Alvaro: Pixies. Haritz: Keane Xabi: Nunca puede faltar lo mejor de Jose Luis Perales. Leire: Robbie Williams <\/p>\n<p>P.- Hola chicos! Para Leire: Escuchar Jueves en directo es impresionante, transmites y nos haces sentir la canci\u00f3n \u00bfQu\u00e9 sientes t\u00fa al cantarla y como te has sentido interpret\u00e1ndola a 3 voces en Israel?Un abrazo a los 5.<\/p>\n<p>R.- La verdad se que hay d\u00edas en los que tengo que contener mucho la emoci\u00f3n, ya que incluso a mi me cuesta interpretarla sin emocionarme. La experiencia con Mira y David fue muy divertida y creemos que la canci\u00f3n ha quedado muy bonita.<\/p>\n<p>P.- Hola chicos! Qu\u00e9 os voy a decir yo&#8230;.Habe\u00eds pensado hacer algo especial para los fans estas Navidades?Un saludo a todo el club de fans y muchas gracias a vosotros por ser siempre tan amables! Nos veremos pronto ejje, un besazo!<\/p>\n<p>R.- Permaneced atentos a la web (www.laorejadevangogh.com) que seguro alguna locura se nos ocurre&#8230;<\/p>\n<p>P.- \u00bfPor qu\u00e9 habeis dejado tanto \u00e9xitos fuera de Nuestra Casa a la Izquierda del Tiempo? El 28 como m\u00ednimo deber\u00eda haber entrado&#8230;<\/p>\n<p>R.- Es que estamos ahorrando para nuestra casa a la derecha del tiempo \ud83d\ude42<\/p>\n<p>P.- Antes que nada felicitarlos por el Tambor de Oro! ahora mi pregunta \u00bfhabr\u00e1 segundo sencillo de nuestra casa a la izquierda del tiempo? y \u00bfSaben si ya hay fecha para el estreno del documental-pelicula de Israel? Saludos y que continue el exito!<\/p>\n<p>R.- Parece que s\u00ed va a haber segundo sencillo, aunque de momento nosotros no sabemos cu\u00e1l va a ser. Y el tema del documental saldr\u00e1 hacia la primavera.<\/p>\n<p>P.- \u00bfos esper\u00e1bais el cambio para bien en la vocalista?<\/p>\n<p>R.- Estamos muy felices, disfrutando mucho de c\u00f3mo ha ido este a\u00f1o. Nos sentimos como si hubi\u00e9ramos vuelto a empezar.<\/p>\n<p>P.- \u00bfC\u00f3mo se inspiran para escribir?<\/p>\n<p>R.- Nos inspiramos en historias comunes que nos podr\u00edan ocurrir a cualquiera, por eso creemos que resultan tan cercanas.<\/p>\n<p>P.- \u00a1Felicidades por el discoo! lo tengo y es una maravilla!! \u00a1y las fotos chuliiisimas! &#8230; mi pregunta es \u00bfcuando sacareis un DVD en directo? \u00a1Adios! \ud83d\ude00<\/p>\n<p>R.- Muchas gracias! La verdad se que estamos encantados de ver c\u00f3mo lo hab\u00e9is acogido.<\/p>\n<p>P.- hola soy el primero de la fila en vuestra firma de discos en Barcelona os acordais os di una carta la habeis le\u00eddo ? A Leire le regale una pulsera:D Mi pregunta \u00e9s: \u00bfTeneis ya letras para el siguiente \u00e1lbum, \u00bfLeire compondr\u00e1 alguna de las canciones? Gracias sois los mejores os seguir\u00e9 siempre.<\/p>\n<p>R.- De momento no hay nada preparado, aunque lo habr\u00e1, y desde luego Leire, como una m\u00e1s, aportar\u00e1 su granito de arena.<\/p>\n<p>P.- Pregunta para Xabi: \u00bfTe result\u00f3 la asignatura de armon\u00eda tan dif\u00edcil como a m\u00ed en tus tiempos de aprendiz? <\/p>\n<p>R.- La verdad es que nunca llegu\u00e9 a Armon\u00eda, ya que era de los malos estudiantes de solfeo. <\/p>\n<p>P.- Hola! Me llamo Juan y soy miembro de Reloj Vac\u00edo. un grupo de Benicarl\u00f3. Quer\u00eda preguntaros qu\u00e9 haceis para saberos el orden de las canciones, ya que nosotros lo tenemos apuntado en un papel que tenemos algunos del grupo pero queda un poco mal hacer eso.Bueno, de Reloj Vac\u00edo a La Oreja de Van Gogh, sois estupendos, nuestro sue\u00f1o es llegar a los 40!!<\/p>\n<p>R.- Pues como el mundo, e igual que vosotros, nosotros tambi\u00e9n usamos las chuletas (pegamos folios en el suelo). <\/p>\n<p>P.- El 1 de agosto estuve en vuestro concierto de Ciudad Real y dejadme que os diga que me lo pas\u00e9 genial!!! Mi pregunta es para Leire: \u00bfc\u00f3mo te cuidas la garganta? Mil gracias y seguir triunfando por todo lo alto!!!<\/p>\n<p>R.- Intento descansar todo lo posible, evitar aires acondicionados y bebidas muy fr\u00edas&#8230; Un sinf\u00edn de cosas, porque adem\u00e1s soy de las que se preocupan mucho.<\/p>\n<p>P.- Hola chicos! \u00bfAlguno de vosotros ha pasado la Gripe A? <\/p>\n<p>R.- Xabi, al poco de volver de un viaje de Mexico, justo cuando se desat\u00f3 la noticia, se sinti\u00f3 griposo y le pusieron en cuarentena como en la pel\u00edcula REC. Eran gases.<\/p>\n<p>P.- Soy el que se os colo en el hotel a desayunar en San Pedro del Pinatar(MUrcia):D mi pregunta eso,hay alguna posibilidad de reeditar los discos con Amaia Montero,cantados por Leire?<\/p>\n<p>R.- Disfrutamos de cada segundo de nuestro pasado y es por eso que no queremos cambiar ning\u00fan disco de c\u00f3mo se grab\u00f3. Por eso miramos hacia delante y todo lo que hagamos ser\u00e1 para sumar a lo que hemos hecho hasta ahora. Nuestra casa a la izquierda del tiempo es un disco pensado para disfrutarse junto a las canciones originales.<\/p>\n<p>P.- ola chicos la pregunta es:\u00bf de qui\u00e9n fue la de idea de nuestra casa a la izquierda del tiempo?besos<\/p>\n<p>R.- Fue algo que decidimos entre todos a resultas de jugar con las canciones en el local de ensayo.<\/p>\n<p>P.- \u00bfTeneis pensado grabar en ingl\u00e9s u otro idioma\u00bf<\/p>\n<p>R.- De momento no, ya que cuando componemos, el idioma al que recurrimos y en el que se nos ocurren letras es en castellano.<\/p>\n","protected":false},"excerpt":{"rendered":"<p>La Oreja de Van Gogh vuelve al panorama musical con Nuestra casa a la izquierda del tiempo donde recuerda los grandes \u00e9xitos del grupo con la voz de Leire. Adem\u00e1s el pr\u00f3ximo mes de febrero se unir\u00e1n a la experiencia Ron Barcel\u00f3 Desalia en Punta Cana donde ofrecer\u00e1n un exclusivo concierto a algunos afortunados. Han charlado con los internautas.<\/p>\n","protected":false},"author":1,"featured_media":0,"comment_status":"open","ping_status":"open","sticky":false,"template":"","format":"standard","meta":{"footnotes":""},"categories":[],"tags":[],"class_list":["post-9249","post","type-post","status-publish","format-standard","hentry"],"_links":{"self":[{"href":"https:\/\/intervius.com\/index.html\/wp-json\/wp\/v2\/posts\/9249","targetHints":{"allow":["GET"]}}],"collection":[{"href":"https:\/\/intervius.com\/index.html\/wp-json\/wp\/v2\/posts"}],"about":[{"href":"https:\/\/intervius.com\/index.html\/wp-json\/wp\/v2\/types\/post"}],"author":[{"embeddable":true,"href":"https:\/\/intervius.com\/index.html\/wp-json\/wp\/v2\/users\/1"}],"replies":[{"embeddable":true,"href":"https:\/\/intervius.com\/index.html\/wp-json\/wp\/v2\/comments?post=9249"}],"version-history":[{"count":0,"href":"https:\/\/intervius.com\/index.html\/wp-json\/wp\/v2\/posts\/9249\/revisions"}],"wp:attachment":[{"href":"https:\/\/intervius.com\/index.html\/wp-json\/wp\/v2\/media?parent=9249"}],"wp:term":[{"taxonomy":"category","embeddable":true,"href":"https:\/\/intervius.com\/index.html\/wp-json\/wp\/v2\/categories?post=9249"},{"taxonomy":"post_tag","embeddable":true,"href":"https:\/\/intervius.com\/index.html\/wp-json\/wp\/v2\/tags?post=9249"}],"curies":[{"name":"wp","href":"https:\/\/api.w.org\/{rel}","templated":true}]}}