{"id":924,"date":"2006-12-05T00:00:00","date_gmt":"2006-11-06T00:00:00","guid":{"rendered":"https:\/\/intervius.com\/index.html\/?p=924"},"modified":"2006-11-06T00:00:00","modified_gmt":"2006-11-06T00:00:00","slug":"Manuel_Delano924","status":"publish","type":"post","link":"https:\/\/intervius.com\/index.html\/Manuel_Delano924\/","title":{"rendered":"Manuel D\u00e9lano"},"content":{"rendered":"<p>Pregunta.- \u00bfLa condena a los cr\u00edmenes cometidos por el dictador ha dejado divisiones en el pa\u00eds o todos los chilenos son conscientes de que Pinochet es un genocida?<\/p>\n<p>Respuesta.- Leoncio, Pinochet no ha sido condenado hasta ahora por ning\u00fan tribunal chileno. Solamente ha sido procesado por sus cr\u00edmenes y corrupci\u00f3n, pero ninguna causa ha logrado llegar todav\u00eda al punto de la condena. En realidad, la condena a Pinochet es hasta ahora moral, de la sociedad chilena (y de muchas otras partes del mundo). <\/p>\n<p>P.- \u00bfConsideras que la pol\u00edtica exterior americana ha sido influyente en un pa\u00eds como Chile?<\/p>\n<p>R.- La pol\u00edtica de EE.UU. ha sido determinante en Chile, al igual que en muchos otros pa\u00edses de Am\u00e9rica Latina. Baste con recordar el asesinato del jefe del ej\u00e9rcito en 1970, cuando Salvador Allende hab\u00eda sido electo con el 36,6% de los votos, y todav\u00eda no era ratificado por el Congreso Nacional como presidente. O su intervenci\u00f3n durante la huelga de los camioneros contra Allende, o en el mismo golpe, o despu\u00e9s del atentado de la DINA contra Letelier en Washington, con el embargo a la venta de armas a Chile. Ha sido decisiva en muchos per\u00edodos de la historia del pa\u00eds.<\/p>\n<p>P.- \u00bfCu\u00e1l es el deber moral de Espa\u00f1a respecto a la situaci\u00f3n de Chile? \u00bfLos Chilenos miran a a Espa\u00f1a para buscar ayuda o criticar acciones como la de Garz\u00f3n?<\/p>\n<p>R.- Durante mucho tiempo, los chilenos vieron a Espa\u00f1a como un espejo, por las similitudes en algunos aspectos del proceso de transici\u00f3n a la democracia, y los evidentes parecidos en ciertos planos de las dictaduras de Pinochet y Franco. En la actualidad, esto no es as\u00ed, aunque en ambos pa\u00edses los presidentes son socialistas. La intervenci\u00f3n del juez Baltasar Garz\u00f3n para lograr la detenci\u00f3n de Pinochet en Londres, en 1988, fue muy importante para el avance de todas las causas de derechos humanos en la justicia en Chile. Pero no creo que exista un &#8220;deber moral&#8221; de Espa\u00f1a hacia Chile, salvo el de la solidaridad entre dos pa\u00edses que comparten tradiciones y lengua.<\/p>\n<p>P.- Hola Manuel \u00bfCu\u00e1l es el sentir de la sociedad chilena sobre la situaci\u00f3n del dictador Pinochet? Gracias.<\/p>\n<p>R.- Muchos creen, en particular quienes se identifican con la izquierda o fueron v\u00edctimas de la dictadura (y estos \u00faltimos son much\u00edsimos, cr\u00e9eme&#8230;) creen que Pinochet simula enfermedades para eludir una condena. Su defensa, de hecho, m\u00e1s que defenderlo, es decir, de demostrar su inocencia de los cr\u00edmenes de los que se le acusa, trata de ganar tiempo y dilatar las causas. Hay otro sector, minoritario, que se identifica con la derecha, que cree que hizo una obra \u00fatil y justifica hasta cierto punto los delitos. Y claro, est\u00e1n los incondicionales, los pinochetistas, cada vez menos, que lo defienden a ultranza.<\/p>\n<p>P.- \u00bfCual es la opini\u00f3n de la poblaci\u00f3n chilena sobre las condenas hechas por Baltazar Garz\u00f3n?<\/p>\n<p>R.- En general, favorable, de acuerdo a mi percepci\u00f3n. Las encuestas indican algo semejante: sobre 70% de la poblaci\u00f3n cree que Pinochet es culpable y valora lo realizado por Garz\u00f3n en pro de la justicia.<\/p>\n<p>P.- \u00bf C\u00f3mo se prepara la sociedad chilena ante el fallecimiento de Pinochet? <\/p>\n<p>R.- El gobierno no quiere que reciba funerales como ex Jefe de Estado, sino s\u00f3lo como militar, por su condici\u00f3n de ex comandante en jefe del Ej\u00e9rcito. Debo se\u00f1alarte que Pinochet es uno de los militares que m\u00e1s tiempo ha sido jefe del Ej\u00e9rcito, durante casi un cuarto de siglo. Lo nombr\u00f3 en este puesto Salvador Allende, poco antes del golpe de Estado, convencido de que era un general leal a la constituci\u00f3n. Y despu\u00e9s, con el golpe militar del 11 de septiembre de 1973, Pinochet traicion\u00f3 a quien lo hab\u00eda nombrado en el cargo. Los familiares de Pinochet han se\u00f1alado que prefieren un funeral privado, pero no creo que insistan en ello ante el inter\u00e9s del ej\u00e9rcito de hacerle un funeral como ex jefe de la instituci\u00f3n. En las &#8220;poblaciones&#8221;, como llaman en Chile a las barriadas perif\u00e9ricas, probablemente habr\u00e1 manifestaciones de alegr\u00eda por la muerte y movilizaciones.<\/p>\n<p>P.- \u00bfCrees que sin la presecia de Pinochet, Allende se hubi\u00e9se visto abocado a un futuro similar al de pa\u00edses como Cuba o Venezuela? \u00bfC\u00f3mo hubi\u00e9se sido Chile con Allende?<\/p>\n<p>R.- No creo, Te\u00f3filo. Como la historia ha demostrado, Allende se preparaba para llamar a un plebiscito en el que iba a poner en juego su continuidad en el gobierno, cuando fue derrocado por los militares. Todo indica que las fuerzas armadas adelantaron unos d\u00edas el golpe que ten\u00edan preparado en 1973 para evitar que Allende pudiera convocar a ese plebiscito. Muy probablemente, casi con toda seguridad, la Unidad Popular (la coalici\u00f3n que respaldaba a Allende) habr\u00eda perdido ese plebiscito y, dado su talante y convicci\u00f3n democr\u00e1tica, Allende no habr\u00eda seguido gobernando. Pero esto es, desde luego, pol\u00edtica ficci\u00f3n. Y la pol\u00edtica y la historia se construyen con la realidad: Allende fue derrocado por un cruento golpe militar que interrumpi\u00f3 la democracia m\u00e1s antigua de Am\u00e9rica del Sur.<\/p>\n<p>P.- M\u00f3jese: \u00bfSe alegra de que Pinochet por fin deje de existir o le da igual? Un saludo<\/p>\n<p>R.- Por supuesto, como soy chileno, no me da igual. En la actualidad, prefiero que siga con vida y, alguna vez, llegue a ser sentenciado por un juez por al menos uno de los cr\u00edmenes que cometi\u00f3. Creo que el sufriemiento de tantos chilenos requiere esa condena, justamente para que se recupere la fe en la justicia, para cerrar el ciclo amargo de la historia que nos abri\u00f3 la dictadura.<\/p>\n<p>P.- gracias s\u00f1or Delano por todas las cr\u00f3nicas que ha enviado al diario El Pais, gracias porque hemos sabido de su pluma la actualidad de ese hermoso pais, el cual pude visitar el a\u00f1o pasado.Creo que hemos estado mejor informados los espa\u00f1oles estos \u00faltimos 25 o 26 a\u00f1os por usted que los mismos chilenos, GRACIAS Y QUE SIGA AS\u00cd <\/p>\n<p>R.- Jos\u00e9 Miguel, te agradezco mucho los conceptos, aunque te aclaro que el trabajo period\u00edstico es de equipos. Y de paso aprovecho de decirte que yo soy periodista chileno, formado en este pa\u00eds. Trataremos en lo posible de estar a la altura de tus elogios desmedidos.<\/p>\n<p>P.- Habr\u00e1 una posibilidad para continuar el proceso judicial despu\u00e9s de la muerte de Pinochet? Un juicio p\u00f3stumo digamos.<\/p>\n<p>R.- No, no es posible en Chile. Si muere un procesado, el caso se cierra en lo que a \u00e9l respecta.<\/p>\n<p>P.- \u00bfEs paralelo el proceso de salida de la dictadura en Chile y Espa\u00f1a? Aqu\u00ed hay quien a\u00fan defiende a Franco, \u00bfpasa igual en Chile?<\/p>\n<p>R.- Los paralelos son evidentes. Aunque ha tardado casi 16 a\u00f1os, ya no hay sectores pol\u00edticos que se declaren pinochetistas, porque eso les implica perder votos. Es decir, hay pinochetistas en pol\u00edtica, pero no pueden decirlo p\u00fablicamente, especialmente en per\u00edodos electorales. Ellos est\u00e1n situados en la derecha y, en general, en los sectores conservadores de la sociedad chilena.<\/p>\n<p>P.- \u00bfHay dudas sobre la veracidad de la enfermedad de Pinochet?<\/p>\n<p>R.- Hay quienes dudan: es comprensible. Hoy, tres d\u00edas despu\u00e9s del infarto en la madrugada del domingo, Pinochet se levanta y comienza con ejercicios de recuperaci\u00f3n. Parece tan incre\u00edble como cuando volvi\u00f3 de su arresto en Londres, en el a\u00f1o 2000, y se levant\u00f3 de su silla de ruedas.<\/p>\n<p>P.- Me da la sensacion de que los chilenos estan mas dispuestos a perdonarle a Pinochet las muertes y toruras bajo su gobierno que el haberse robado dinero&#8230; cual es tu percepcion al respecto??<\/p>\n<p>R.- Es cierto, en algunos sectores. En particular, entre quienes justifican la necesidad de la &#8220;limpieza&#8221; o de la &#8220;guerra sucia&#8221; contra la izquierda que hizo Pinochet, para construir el modelo econ\u00f3mico sin obst\u00e1culos que se lo impidieran. Son sectores de la derecha que se escandalizaron con la corrupci\u00f3n de Pinochet en el caso Riggs, pero no con sus asesinatos y torturas. En fin, as\u00ed es mi pa\u00eds&#8230; <\/p>\n<p>P.- Hay razones para sospechar que el internamiento de Pinochet en el Hospital Militar sea una estrategia para evitar someterse al poder judicial?<\/p>\n<p>R.- Hay razones, pero no pruebas. Por un lado, varios jueces se est\u00e1n acercando simult\u00e1neamente al per\u00edodo en que deben condenar al procesado, en diversos casos. \u00bfHasta qu\u00e9 punto puede durar la estrategia de dilaci\u00f3n del caso por parte de su defensa? En Chile la edad no constituye un eximente para evitar ir a la c\u00e1rcel cuando un juez dicta una condena. Por otro, en el aspecto m\u00e9dico, la recuperaci\u00f3n del infarto ha sido muy r\u00e1pida, lo que hace a muchos dudar, no de que lo tuvo, sino de su gravedad.<\/p>\n<p>P.- Cree usted que se pueda enganar al pueblo con la historia de la enfermedad,pretenden ellos con eso que se le tenga piedad y se le perdone por todo lo cruel que es aquel Hombre ?<\/p>\n<p>R.- No creo que se pueda enga\u00f1ar a todos, durante todo el tiempo&#8230; En cuanto al perd\u00f3n, es m\u00e1s un tema pol\u00edtico que de las v\u00edctimas. Quienes sufrieron la dictadura quieren justicia, lo que incluye condena.<\/p>\n<p>P.- \u00bfC\u00f3mo el se\u00f1or ve el horizonte respecto a la vida de Pinochet?<\/p>\n<p>R.- Frente al Hospital Militar donde estaba internado, un manifestante pinochetista se pase\u00f3 con un letrero en un taxi que dec\u00eda &#8220;Inmortal&#8221;&#8230; Bueno, no creo que tanto, pero sin duda ha mostrado capacidad de resistencia y por lo que hablado con m\u00e9dicos, despu\u00e9s de la angioplast\u00eda a la que fue sometido podr\u00eda perfectamente vivir meses y hasta a\u00f1os m\u00e1s.<\/p>\n<p>P.- Ahora que le han levantado el arresto domiciliario; \u00bfintentar\u00e1 don Augusto evadirse de la acci\u00f3n de la justicia abandonando Chile?<\/p>\n<p>R.- No. Primero, no le conviene huir del pa\u00eds. En muchos otros lugares la justicia podr\u00eda ser m\u00e1s rigurosa. Segundo, lo afectar\u00eda en todos los procesos que enfrenta en el pa\u00eds. Tercero, no est\u00e1 en condiciones de hacerlo sin que la justicia y el gobierno se enteren.<\/p>\n<p>P.- Porque solo se habla de Pinochet y no de los que le intigaron y pagaron para que diera el golpe ??<\/p>\n<p>R.- Por la misma raz\u00f3n que en Espa\u00f1a se habla de Franco y sus generales, y no de quienes lo instigaron para que diera el golpe contra la Rep\u00fablica: porque quienes lo alentaron se quedaron en las sombras, se beneficiaron con el golpe, y siguieron en esa condici\u00f3n.<\/p>\n<p>P.- Recuerdo perfectamente los dias del plebiscito del 88 en Santiago y los golpes despues de la victoria del NO. \u00bfAhi empezo el final de Pinochet ? . Gracias por tu hospitalidad de aquellos dias. un fuerte abrazo desde espa\u00f1a. javier bauluz<\/p>\n<p>R.- Estimado Javier, un gran abrazo a la distancia. Fue un gusto haberte tenido en casa en esos d\u00edas. Creo que el final de Pinochet comenz\u00f3 antes, con las masivas protestas populares de 1983, cuando millones de chilenos protestaron, hastiados, contra la dictadura, por su pol\u00edtica econ\u00f3mica, la represi\u00f3n, la falta de libertades. Ese proceso, que dur\u00f3 varios a\u00f1os, fue lo que permiti\u00f3 derrotar la pretensi\u00f3n de Pinochet de seguir gobernando durante ocho a\u00f1os m\u00e1s, lo que habr\u00eda ocurrido si el hubiese ganado el plebiscito. El triunfo del NO en 1988 fue la coronaci\u00f3n de esos a\u00f1os de movilizaci\u00f3n de los chilenos.<\/p>\n<p>P.- hay jueces de afuera de espana e chile que quirem la prision del pinochet?????<\/p>\n<p>R.- S\u00ed, en varios pa\u00edses de Europa (como Francia, por ejemplo), por los cr\u00edmenes contra ciudadanos de esas nacionalidades, y aqu\u00ed en Am\u00e9rica Latina, en Argentina, donde pidieron su extradici\u00f3n para interrogarlo por su participaci\u00f3n en el crimen del ex jefe del ej\u00e9rcito, general Carlos Prats. <\/p>\n<p>P.- Es curioso Bachelet v\u00edctima de la represi\u00f3n de la dictadura tendr\u00e1 que lidiar con un arma envenenada, el permitir que tipo de funerales se oficiaran a este tirano. \u00bfSer\u00eda conveniente oficiar un funeral con honores militares?, el oficiarlo como ex jefe de estado ni lo planteo porque lo considero fuera de lugar debido a que es un dictador no un jefe de Estado.<\/p>\n<p>R.- Coincido contigo en cuanto a lo de Jefe de Estado. En mi opini\u00f3n, tampoco el ej\u00e9rcito debiera rendirle homenaje, porque no puede estar orgulloso de lo que el hizo como militar. Es decir, no creo que merezca homenajes de ninguna naturaleza. Pero los gobiernos tienen sus razones de estado para actuar. Y a veces los gobernantes deben hacer cosas con las que no est\u00e1n de acuerdo en lo personal, por esas mismas razones de Estado. Una de ellas podr\u00eda ser este caso. <\/p>\n<p>P.- \u00bfC\u00f3mo ha sido la gesti\u00f3n en el Gobierno de la presidenta chilena a ojos de la opini\u00f3n p\u00fablica chilena? Gracias.<\/p>\n<p>R.- Las encuestas indican que Bachelet cuenta con una aprobaci\u00f3n mayoritaria de la poblaci\u00f3n, pero que su gobierno tiene un apoyo inferior al de ella. Bachelet parti\u00f3 con un alto apoyo de la poblaci\u00f3n, seg\u00fan los sondeos, al inicio de su administraci\u00f3n, pero este se erosion\u00f3 fundamentalmente despu\u00e9s de las masivas protestas de los estudiantes secundarios contra el sistema educacional que contruy\u00f3 la dictadura, y en pro de la calidad de la educaci\u00f3n. Si bien ha detenido desde entonces la ca\u00edda en las encuestas, no ha logrado remontar a los niveles anteriores.<\/p>\n<p>P.- \u00bfC\u00f3mo la poblaci\u00f3n ha reaccionado ante la noticia del grave estado de salud de Pinochet pese de los grandes cr\u00edmenes que \u00e9l ha cometido en ese pa\u00eds? <\/p>\n<p>R.- La reacci\u00f3n directa de la poblaci\u00f3n ha sido escasa. No m\u00e1s de 200 personas han participado en las movilizaciones a favor o en contra del ex dictador. Pero la noticia ha estado en la primera plana de todos los diarios y encabeza los noticiarios de televisi\u00f3n. Sin duda, ha provocado impacto entre sus v\u00edctimas y los que todav\u00eda simpatizan con el.<\/p>\n<p>P.- cual es la influencia de Pinochet en la politica chilena conteporanea????<\/p>\n<p>R.- Es muy reducida, nula. Nadie quiere que participe en todo el espectro politico. Y el no est\u00e1 en condiciones, dado que el principal alegato de su defensa es que no est\u00e1 en condiciones mentales (por su demencia senil) para enfrentar un proceso judicial. \u00bfC\u00f3mo podr\u00eda entonces un demente senil participar en pol\u00edtica? No puede. Adem\u00e1s, te recuerdo que debi\u00f3 renunciar a su cargo de senador vitalicio, justamente porque no pod\u00eda continuar siendo parlamentario si estaba demente. De modo que no puede participar.<\/p>\n<p>P.- \u00bfEl problema real de Chile es que ha vivido una dictadura o sencillamente la influencia de EEUU en sudam\u00e9rica la ha marchitado? \u00bfCu\u00e1l es la situaci\u00f3n real de ese pa\u00eds, que calidad de vida tienen sus ciudadanos?<\/p>\n<p>R.- Hay varias preguntas en una. 1) Chile ha vivido una prolongada dictadura, entre 1973 y 1990, de 17 a\u00f1os, que ha marcado como es este pa\u00eds hasta hoy. Ha debido pasar un per\u00edodo similar, de otros 17 a\u00f1os en democracia, y que el ex dictador est\u00e9 anciano, para que queden atr\u00e1s esos a\u00f1os. Y quienes los sufrieron nunca podr\u00e1n olvidarlos. 2) La calidad de vida de los chilenos depende de qu\u00e9 tipo de chileno eres seg\u00fan tus ingresos. Si tienes altos ingresos, y est\u00e1s en el 10% m\u00e1s rico de la poblaci\u00f3n, tu situaci\u00f3n se asemeja mucho a la de un europeo. Si tienes ingresos bajos y est\u00e1s en el 10% m\u00e1s pobre de la poblaci\u00f3n, probablemente o eres o est\u00e1s muy cerca de la indigencia, es decir, no eres capaz de satisfacer tus necesidades b\u00e1sicas. Como promedio, el ingreso de Chile s\u00f3lo est\u00e1 por detr\u00e1s del de Argentina en Am\u00e9rica Latina.<\/p>\n","protected":false},"excerpt":{"rendered":"<p>Este fin de semana el ex dictador chileno Augusto Pinochet sufr\u00eda un infarto y era operado dos veces. Un tribunal de Santiago ha decidido levantar bajo fianza el arresto domiciliario al que estaba confinado por su participaci\u00f3n en los cr\u00edmenes de la caravana de la muerte. Manuel D\u00e9lano, corresponsal de EL PA\u00cdS en Chile, ha charlado con los lectores sobre esta situaci\u00f3n.<\/p>\n","protected":false},"author":1,"featured_media":0,"comment_status":"open","ping_status":"open","sticky":false,"template":"","format":"standard","meta":{"footnotes":""},"categories":[],"tags":[],"class_list":["post-924","post","type-post","status-publish","format-standard","hentry"],"_links":{"self":[{"href":"https:\/\/intervius.com\/index.html\/wp-json\/wp\/v2\/posts\/924","targetHints":{"allow":["GET"]}}],"collection":[{"href":"https:\/\/intervius.com\/index.html\/wp-json\/wp\/v2\/posts"}],"about":[{"href":"https:\/\/intervius.com\/index.html\/wp-json\/wp\/v2\/types\/post"}],"author":[{"embeddable":true,"href":"https:\/\/intervius.com\/index.html\/wp-json\/wp\/v2\/users\/1"}],"replies":[{"embeddable":true,"href":"https:\/\/intervius.com\/index.html\/wp-json\/wp\/v2\/comments?post=924"}],"version-history":[{"count":0,"href":"https:\/\/intervius.com\/index.html\/wp-json\/wp\/v2\/posts\/924\/revisions"}],"wp:attachment":[{"href":"https:\/\/intervius.com\/index.html\/wp-json\/wp\/v2\/media?parent=924"}],"wp:term":[{"taxonomy":"category","embeddable":true,"href":"https:\/\/intervius.com\/index.html\/wp-json\/wp\/v2\/categories?post=924"},{"taxonomy":"post_tag","embeddable":true,"href":"https:\/\/intervius.com\/index.html\/wp-json\/wp\/v2\/tags?post=924"}],"curies":[{"name":"wp","href":"https:\/\/api.w.org\/{rel}","templated":true}]}}