{"id":9220,"date":"2009-12-02T00:00:00","date_gmt":"2006-11-06T00:00:00","guid":{"rendered":"https:\/\/intervius.com\/index.html\/?p=9220"},"modified":"2006-11-06T00:00:00","modified_gmt":"2006-11-06T00:00:00","slug":"Juanma_Trueba9220","status":"publish","type":"post","link":"https:\/\/intervius.com\/index.html\/Juanma_Trueba9220\/","title":{"rendered":"Juanma Trueba"},"content":{"rendered":"<p>Pregunta.- Hola Juanma, ahora que al Bar\u00e7a le vienen bien dadas resulta que el Bar\u00e7a es el s\u00edmbolo catalanista cual Virgen de Montserrat, dicho sea con todos mis respetos hacia la patrona de Catalu\u00f1a \u00bfHasta qu\u00e9 punto tiene derecho buena parte de la sociedad catalana (ya no s\u00f3lo es Laporta) de apropiar el club para una ideolog\u00eda muy determinada? \u00bfC\u00f3mo es posible que los mismos que se llenaban la boca refiri\u00e9ndose al Madrid como &#8220;el equipo del r\u00e9gimen&#8221;, ahora tengan este comportamiento? \u00bfcree que, de un modo u otro, la salvaje politizaci\u00f3n que est\u00e1 sufriendo el Bar\u00e7a terminar\u00e1 por pasarle factura? \u00a1gracias!<\/p>\n<p>Respuesta.- Buenas preguntas todas pero de dif\u00edcil contestaci\u00f3n. Adem\u00e1s, hay que ser muy prudente cuando se hace cualquier generalizaci\u00f3n y no creo que sean mayor\u00eda los barcelonistas que hacen un uso pol\u00edtico del club. Creo que es una minor\u00eda ruidosa, encabezada por un presidente, Laporta, que es de natural ruidoso. Hay muchos barcelonistas liberados de ese complejo y no estar\u00eda mal que se hicieran notar, tanto los de fuera de Catalu\u00f1a como los de dentro.<\/p>\n<p>P.- Juanma, \u00bfque tiene que hacer Valdes para ir a la selecci\u00f3n? Iker es el mejor pero Victor me parece el segundo mejor portero de Espa\u00f1a de largo. Dicen que su juego solo vale para el Barcelona, cosa que no comparto ya que nunca podremos ver a Valdes parando lo que tienen que parar el resto porque en el Bar\u00e7a solo le llegan uno contra uno, pero si fuera asi y la selecci\u00f3n es imagen y semejanza de los blaugranas \u00bfporque no est\u00e1? no lo entiendo<\/p>\n<p>R.- Es normal que despu\u00e9s de una gran actuaci\u00f3n, un portero, el que sea, vea como se suman adeptos para su pr\u00f3xima convocatoria. Pero en el caso de Vald\u00e9s esa no ha sido una voz constante quiz\u00e1 porque tampoco \u00e9l lo ha sido. Casillas est\u00e1 por indiscutiblemente delante y tambi\u00e9n lo han estado sus suplentes, tanto Reina como Diego L\u00f3pez, al menos hasta esta temporada. Es con ellos dos con quienes debe disputarse un puesto de aqu\u00ed a junio y no tengo duda de que si mantiene el nivel Del Bosque, que es hombre justo, contar\u00e1 con Vald\u00e9s.<\/p>\n<p>P.- \u00a1\u00a1Buenas Juanma!!\u00bf Crees que serian compatibles en el Madrid Cesc y Kak\u00e1?\u00bfComo los situarias tu en el campo?<\/p>\n<p>R.- Absoluta y maravillosamente compatibles. Deliciosa y letalmente. Cesc con Xabi para armar el juego y Kak\u00e1 por delante para lanzarlo. Pongamos velas.<\/p>\n<p>P.- hola Juanma, tu top tres en cine y literatura, un abrazo<\/p>\n<p>R.- Uff. En comedia, Con faldas y a lo loco (y Cuando Harry encontr\u00f3 a Sally). En drama, El Cazador (y La lista de Schindler). En musical, Cabaret (y Chicago). Si me preguntas otro d\u00eda es f\u00e1cil que la lista sea completamente distinta. Si me preguntas dentro de una hora, tambi\u00e9n. Libros: Cien a\u00f1os de soledad, Cuentos de Cort\u00e1zar, La conjura de los necios.<\/p>\n<p>P.- Hola crack. CONSTANCIA!!! Esa es la clave. Todo lo del domingo no me vale si durante los dos o tres siguientes partidos contra equipos m\u00e1s peque\u00f1os que el bar\u00e7a el equipo no es CONSTANTE en la presi\u00f3n, ideas clara y otras cosas que m\u00e1s o menos se vislumbraron el domingo. \u00bf\u00bfcrees que ser\u00e1 posible que el equipo no salga relajado?? ya te lo digo yo: NO<\/p>\n<p>R.- Pues esa es, exactamente, la gran duda, aunque veo que t\u00fa ya la has resuelto, y rotundamente. Yo no ser\u00eda tan negativo. Creo en el efecto Cristiano y en su regreso como punto de partida o de inflexi\u00f3n. Ser\u00e9 un rom\u00e1ntico.<\/p>\n<p>P.- Sr.Juanma Trueba: Hoy le formulo una pregunta sobre procedimientos de la Federacion.\u00bfNo cree Ud.que los sorteos de Copa deberian hacerse mediante un bombo y no usando una &#8220;manita&#8221; para buscar en una copa?\u00bfNo cree que ser\u00eda mas puro?\u00bfSe imagina un sorteo de la Loteria Nacional del NI\u00d1O con un tio metiendo la mano en una copa para sacar los n\u00fameros?\u00bfA que no?.Gracias por atenderme porque creo que ser\u00eda un detalle de mayor limpieza para la competicion y evitar\u00eda suspicacias. <\/p>\n<p>R.- Estoy completamente de acuerdo con usted. Pero ir\u00eda m\u00e1s all\u00e1. Es el sistema de Copa el que est\u00e1 adulterado para favorecer a los equipos poderoso y las recaudaciones televisivas, de modo que la esencia de la competici\u00f3n est\u00e1 totalmente pervertida.<\/p>\n<p>P.- Hola Juanma, al ver las valoraciones del cl\u00e1sico observ\u00e9 sorprendido que a Busquets le otorgab\u00e1is un dos. Entiendo que si no le llegan a expulsar le pon\u00e9is un tres. \u00bfDe verdad os pareci\u00f3 que hizo un buen partido? Ojal\u00e1 Tour\u00e9 se recupere pronto porque le da mil vueltas.<\/p>\n<p>R.- Disiento, amigo Juanger. Busquets me parece un jugador formidable que se mueve en terrenos poco vistosos, pero fundamentales para el juego. Es seguro, inteligente, t\u00e9cnico y, en mi opini\u00f3n, mejor futbolista que Tour\u00e9, aun siendo este muy bueno. En lo referente al cl\u00e1sico me parece que, salvo la expulsi\u00f3n, Busquets hizo un partido a la altura de las circunstancias.<\/p>\n<p>P.- Hola Juanma, \u00bfcrees que el Marsella puede poner en apuros la clasificaci\u00f3n del Real Madrid? Me dan un poco de recelo estos partidos en los que se busca la remontada. El ambiente ser\u00e1 terrible y si meten pronto el primero pueden surgir las dudas. Es un poco como lo de Monaco de hace 3 o 4 a\u00f1os. <\/p>\n<p>R.- Si el recelo se puede traducir por miedo yo tambi\u00e9n me siento algo receloso. Ser\u00e1 un partido muy complicado y muy susceptible a la complicaci\u00f3n. Y es cierto: depender\u00e1, en gran medida, de los primeros minutos.<\/p>\n<p>P.- Hola Juanma, \u00bfno crees que X. Alonso hizo unas entradas al tobillo que no son dignas de su calidad? El otro d\u00eda fue excesivamente duro. \u00bfVeremos en Madrid al gran Alonso de la Real o del Liverpool?<\/p>\n<p>R.- Sobre Xabi Alonso no albergo ninguna duda. Est\u00e1 bien y ser\u00e1 mucho mejor. Y no le tengo por un jugador violento, aunque s\u00ed se emplea a fondo, muy al estilo de la escuela brit\u00e1nica.<\/p>\n<p>P.- Estimado Juanma. \u00bfQu\u00e9 pasa con Granero? Parece haber perdido la efervescencia cual refresco de gas. Recuerdo lo ilusionados que est\u00e1bamos todos al principio. \u00bfHa habido alg\u00fan problema interno? Porque desde el d\u00eda aquel que dicen que se march\u00f3 en el descanso ha perdido todo el protagonismo. No s\u00e9 si se le subi\u00f3 el \u00e9xito a la cabeza demasiado pronto, pero le ten\u00eda por un chico inteligente.<\/p>\n<p>R.- Ha habido alg\u00fan problemilla, pero creo que si no juega es porque cuando lo ha hecho ha decepcionado. Y me temo que eso ha afectado a su confianza, de modo que cuando vuelve a jugar decepciona todav\u00eda m\u00e1s. Tambi\u00e9n es posible que esper\u00e1ramos demasiado de \u00e9l. T\u00e1cticamente, la incorporaci\u00f3n de Marcelo al medio campo ha terminado de condenarle.<\/p>\n<p>P.- Estimado Juanma. Me preocupa Higua\u00edn. Le tengo por un \u00eddolo desde aquel gol en aquella remontada imposible al Espa\u00f1ol. Le veo poco sacrificado en defensa (exceptuando las venas raulinas de correr para el aplauso) y demasiado individualista \u00faltimamente, como queriendo hacer la guerra por su cuenta porque ve que tiene que hacer m\u00e1s que nadie para ser titular. Creo que necesita una conversaci\u00f3n profunda con alguien para se tranquilice (aqu\u00ed Valdano deber\u00eda intervenir).<\/p>\n<p>R.- Yo tambi\u00e9n advierto esos problemas, la verdad. Sigue siendo un jugador importante, pero \u00faltimamente parece m\u00e1s interesado en sus estad\u00edsticas que en el rendimiento del equipo. Es probable que tenga que ver con la ansiedad que le genera no sentirse seguro en la titularidad. Y me estoy poniendo bastante psic\u00f3logo en las \u00faltimas respuestas&#8230;<\/p>\n<p>P.- Estimado Juanma. Echo de menos las bandas. Viendo que Ronaldo cada d\u00eda es m\u00e1s delantero, creo necesario un fichaje en esa demarcaci\u00f3n para el a\u00f1o pr\u00f3ximo (Silva, Pablo Hern\u00e1ndez, Navas), as\u00ed como un centrocampista (Cesc) y un lateral izquierdo (este te lo dejo a ti). Lo que nos deja a Kaka\u00b4 como prescindible.<\/p>\n<p>R.- Bien, de acuerdo, pero s\u00f3lo a medias. Yo tambi\u00e9n echo en falta los extremos y creo que cuando Cristiano jug\u00f3 en el Camp Nou por las bandas fue m\u00e1s peligroso que cuando se coloc\u00f3 como delantero. De modo que cubrir una banda con un especialista tipo Navas me parecer\u00eda un acierto seguro. Pero no excluyo a Kak\u00e1 por ello. Observa: Xabi y Cesc, pivotes; una l\u00ednea de tres con Navas, Kak\u00e1, y Cristiano; y un delantero como&#8230; mmm&#8230; Villa.<\/p>\n<p>P.- \u00bf Puede pasarle a este Barca que si por cualquier circunstancia cae en la clasificaci\u00f3n o es eliminado de la copa del rey,se desinfle? o \u00bftiene realmente una base tan s\u00f3lida c\u00f3mo parece? \u00a1Torres m\u00e1s altas han caido!<\/p>\n<p>R.- No creo que se desinfle pero s\u00ed sufrir\u00e1 un golpe an\u00edmico muy importante. Y esos golpes pueden amenazar la armon\u00eda del grupo. Todav\u00eda nos falta ver al Bar\u00e7a contra las olas.<\/p>\n<p>P.- \u00bfC\u00f3mo se nos escap\u00f3 Alves? \u00bfCrees que puede ser el Roberto Carlos del Barca? Para m\u00ed en los 6 o 7 a\u00f1os que estuvo en forma fue la clave para los triunfos importantes porque desatascaba. \u00bfQu\u00e9 opinas?<\/p>\n<p>R.- Despu\u00e9s de no fichar a Ronaldinho del PSG, el siguiente error m\u00e1s grave de los \u00faltimos 20 a\u00f1os ha sido dejar escapar a Alves, que estaba loco por jugar en el Real Madrid. Se pens\u00f3 que ya hab\u00eda lateral derecho, Sergio Ramos, y que adem\u00e1s era el lateral de la Selecci\u00f3n. Si ya es malo despreciar a un crack mundial es peor todav\u00eda dejarlo en bandeja para tu principal rival. Eso se hizo.<\/p>\n<p>P.- Hola Juanma!!eres un crack que lo sepas. Mi pregunta es mas bien un deseo de tener tu opinion. \u00bfPara ti cual es el once ideal formado por jugadores actuales de todo el mundo? Muchas gracias<\/p>\n<p>R.- All\u00e1 va. Casillas; Alves, Pepe, Piqu\u00e9, Evra (aqu\u00ed tengo serias dudas); Xavi, Cesc, Gerrard, Iniesta; Cristiano y Messi. <\/p>\n<p>P.- Hola Juanma \u00bfPuede ser el partido del Camp Nou el punto de inflexion necesario para el R.Madrid como ya ocurrio en 2007 con Capello en ese mismo partido, que a al final el Madrid gano la liga?<\/p>\n<p>R.- No s\u00e9 si lo creo o lo quiero creer. En cualquier caso saldremos de dudas muy pronto. Me queda la duda de que aquello fue un empate y esto ha sido una derrota&#8230;<\/p>\n<p>P.- Hola Juanma \u00bfPor que esa obsecion de AS en hacer ver que Raul juega si o si por decreto??? El se merece jugar mas que Benzema y a las estadisticas me remito&#8230;<\/p>\n<p>R.- Uff&#8230; Ra\u00fal. El dilema que no cesa. Desde luego que si hablamos de n\u00fameros las estad\u00edsticas son suyas&#8230; Pero con ese mismo argumento jam\u00e1s le habr\u00eda quitado el puesto en su d\u00eda a Butrague\u00f1o. El presente es otra cosa.<\/p>\n<p>P.- Hola Juanma. Me parecio un partido majestuoso de Xabi Alonso en el Camp Nou, consiguio parar a Xabi y a Iniesta, y ademas hizo jugar al Madrid, pero da la impresion que no se le valora no crees???<\/p>\n<p>R.- Hay partidarios incondicionales, entre los que me incluyo, y cr\u00edticos, no dir\u00eda tanto como detractores, pero s\u00ed cr\u00edticos que esperaban un Beckenbauer con quite, pase y gol. Todo llegar\u00e1.<\/p>\n","protected":false},"excerpt":{"rendered":"<p>El subdirector del Diario AS, Juanma Trueba ha charlado con los lectores sobre la actualidad que rodea al deporte en general y al f\u00fatbol en particular. ARCHIVO DE ENTREVISTAS:<br \/>\n25de noviembre &#8211;<br \/>\n18 de noviembre &#8211;<br \/>\n11 de noviembre &#8211;<br \/>\n29 de octubre &#8211;<br \/>\n21 de octubre &#8211;<br \/>\n14 de octubre &#8211;<br \/>\n8 de octubre &#8211;<br \/>\n30 de septiembre &#8211; 23 de septiembre &#8211; 16 de septiembre &#8211; 09 de septiembre &#8211; 02 de septiembre &#8211; 29 de Julio &#8211; 22 de Julio &#8211; 15 de Julio &#8211; 8 de Julio &#8211; 1 de Julio &#8211; 24 de junio &#8211; 17 de junio &#8211; 10 de junio &#8211; 03 de junio &#8211; 27 de mayo &#8211; 20 de mayo &#8211; 13 de mayo &#8211; 06 de mayo &#8211; 29 de abril &#8211; 22 de abril &#8211; 15 de abril- 8 de abril &#8211; 1 de abril &#8211; 25 de marzo &#8211; 18 de marzo &#8211; 11 de marzo &#8211; 4 de marzo &#8211; 25 de febrero &#8211; 11 de febrero &#8211; 28 de enero &#8211; 22 de enero &#8211; 14 de enero &#8211; 7 de enero &#8211; 17 de diciembre &#8211; 3 de diciembre &#8211; 26 de Noviembre &#8211; 20 de Noviembre &#8211; 13 de Noviembre &#8211; 6 de Noviembre &#8211; 30 de Octubre &#8211; 22 de Octubre &#8211; 16 de Octubre &#8211; 8 de Octubre &#8211; 1 de Octubre &#8211; 24 de Septiembre &#8211; 17 de Septiembre &#8211; 11 de Septiembre &#8211; 3 de Septiembre<\/p>\n","protected":false},"author":1,"featured_media":0,"comment_status":"open","ping_status":"open","sticky":false,"template":"","format":"standard","meta":{"footnotes":""},"categories":[],"tags":[],"class_list":["post-9220","post","type-post","status-publish","format-standard","hentry"],"_links":{"self":[{"href":"https:\/\/intervius.com\/index.html\/wp-json\/wp\/v2\/posts\/9220","targetHints":{"allow":["GET"]}}],"collection":[{"href":"https:\/\/intervius.com\/index.html\/wp-json\/wp\/v2\/posts"}],"about":[{"href":"https:\/\/intervius.com\/index.html\/wp-json\/wp\/v2\/types\/post"}],"author":[{"embeddable":true,"href":"https:\/\/intervius.com\/index.html\/wp-json\/wp\/v2\/users\/1"}],"replies":[{"embeddable":true,"href":"https:\/\/intervius.com\/index.html\/wp-json\/wp\/v2\/comments?post=9220"}],"version-history":[{"count":0,"href":"https:\/\/intervius.com\/index.html\/wp-json\/wp\/v2\/posts\/9220\/revisions"}],"wp:attachment":[{"href":"https:\/\/intervius.com\/index.html\/wp-json\/wp\/v2\/media?parent=9220"}],"wp:term":[{"taxonomy":"category","embeddable":true,"href":"https:\/\/intervius.com\/index.html\/wp-json\/wp\/v2\/categories?post=9220"},{"taxonomy":"post_tag","embeddable":true,"href":"https:\/\/intervius.com\/index.html\/wp-json\/wp\/v2\/tags?post=9220"}],"curies":[{"name":"wp","href":"https:\/\/api.w.org\/{rel}","templated":true}]}}