{"id":922,"date":"2006-12-05T00:00:00","date_gmt":"2006-11-06T00:00:00","guid":{"rendered":"https:\/\/intervius.com\/index.html\/?p=922"},"modified":"2006-11-06T00:00:00","modified_gmt":"2006-11-06T00:00:00","slug":"Roberto_Vila922","status":"publish","type":"post","link":"https:\/\/intervius.com\/index.html\/Roberto_Vila922\/","title":{"rendered":"Roberto Vila"},"content":{"rendered":"<p>Pregunta.- \u00bfC\u00f3mo fue tu relaci\u00f3n con los secuestradores y qu\u00e9 ellos quer\u00edan?<\/p>\n<p>Respuesta.- En ning\u00fan momento me intimidaron o amenazaron, incluso me preguntaron si sufr\u00eda del coraz\u00f3n porque no quer\u00edan que me sucediese nada grave, aparte del secuestro en s\u00ed, claro. Hablamos durante casi todo el tiempo que dur\u00f3 el incidente, de mi vida y de las suyas. Entre otras cosas, estaban interesados en saber en qu\u00e9 otros lugares del mundo hab\u00eda estado y c\u00f3mo es mi pa\u00eds. En principio, quer\u00edan llamar la atenci\u00f3n de los medios de comunicaci\u00f3n sobre su situaci\u00f3n en la Franja de Gaza: falta de empleo, el asedio permanente de las Fuerzas Israel\u00edes de Ocupaci\u00f3n&#8230;<\/p>\n<p>P.- En tu opini\u00f3n, \u00bfc\u00f3mo deben Israel y Palestina resolver sus conflictos? <\/p>\n<p>R.- La resoluci\u00f3n del conflicto pasa necesariamente por que Israel ponga fin a la ocupaci\u00f3n militar de Cisjordania y Gaza. Es muy dif\u00edcil negociar o pretender que los grupos de resistencia abandonen las armas bajo el fuego constante de las Fuerzas Israel\u00edes de Ocupaci\u00f3n. El alto el fuego actual ofrece una posibilidad.<\/p>\n<p>P.- Hola Roberto. Qu\u00e9 tal por ah\u00ed? Primero me gustar\u00eda hacerte llegar mi admiraci\u00f3n por tu labor como cooperante. Adem\u00e1s, me gustar\u00eda preguntarte: \u00bfC\u00f3mo afecta el conflicto a la labor que ONGs como Asamblea de Cooperaci\u00f3n por la Paz realiz\u00e1is en Palestina? <\/p>\n<p>R.- Muchas gracias. Lo har\u00e9 extensible al resto de mis compa\u00f1eros de la Asamblea de Cooperaci\u00f3n por la Paz. Nosotros tenemos problemas de movilidad. No es f\u00e1cil desplazarse por los Territorios Ocupados Palestinos. Hay m\u00e1s de 50 controles militares israel\u00edes permanentes que dificultan el acceso a nuestros proyectos. Los cierres de fronteras operados por Israel impiden tambi\u00e9n el paso de equipos y suministros necesarios para desarrollar nuestra labor y la de las organizaciones locales con las que trabajamos. <\/p>\n<p>P.- Me ha alegrado o\u00edr tus palabras claras, razonables y rotundas en la radio. Enhorabuena por el desenlace de todo aquel asunto. \u00bfEn qu\u00e9 medida tu secuestro puede servir ahora para que radios y televisiones lleven vuestra voz m\u00e1s lejos? Un fuerte abrazo de un compa\u00f1ero de la Universidad.<\/p>\n<p>R.- Muchas gracias. Al final se qued\u00f3 en un susto, m\u00e1s para mi familia, mis amigos y mis compa\u00f1eros de la Asamblea de Cooperaci\u00f3n por la Paz que para mi. Es fundamental que los medios de comunicaci\u00f3n expliquen bien qu\u00e9 es lo que sucede en Palestina para ir desterrando poco a poco los estereotipos que tenemos en Occidente. Pienso que tienen esa responsabilidad y el lector o el oyente de no sacar juicios de valor sin informarse bien. No es f\u00e1cil desde la distancia pero hay que hacer un esfuerzo de an\u00e1lisis de las causas tanto con este conflicto como con el resto de conflictos enquistados del mundo.<\/p>\n<p>P.- Seguir creyendo en el poder mediador de EE.UU. en el conflcto Palestino-Israeli es un suicidio \u00bfPorqu\u00e9 cree Ud. que Europa no ocupa el lugar que le corresponde como mediador utilizando el enorme comercio exterior de Israel con Europa como elemento disuasorio? \u00bfCree que los mismos motivos que se utilizaron para llevar a gobernantes servios al T.P.I. no son iguales que para llevar a los gobernantes de Israel al mismo tribunal? \u00bfCual es la causa de tanta impunidad? <\/p>\n<p>R.- No soy un experto en pol\u00edtica internacional, pero puede que no sea el momento de crear dos bloques. Aunque s\u00ed estoy de acuerdo en que es fundamental aumentar la presi\u00f3n sobre Israel. El sistema actual de Naciones Unidas se ha demostrado inoperante en lo que se refiere a Palestina y es imprescindible una reforma de los mecanismos de toma de decisiones en el seno del Consejo de Seguridad para poner t\u00e9rmino a la impunidad de la que hablas. <\/p>\n<p>P.- Roberto, \u00bfqu\u00e9 crees que hay detr\u00e1s de estos secuestros express?? \u00bfsimplemente llamar la atenci\u00f3n internacional o algo m\u00e1s?, gracias<\/p>\n<p>R.- Hasta la fecha da la impresi\u00f3n de que se trata de llamar la atenci\u00f3n sobre problemas muy particulares que enfrentan las familias o grupos que perpetran este tipo de acciones. Desafortunadamente, estos secuestros no ayudan a la causa palestina y transmiten una imagen \u00e9rronea. La gran mayor\u00eda de los palestinos est\u00e1n obviamente en contra y son conscientes de que la lucha hay que dirigirla por otros canales. Pero, en definitiva, estos actos son fruto de la desesperaci\u00f3n tras d\u00e9cadas de asedio de Israel.<\/p>\n<p>P.- Voy a ir a Palestina este mismo mes y me gustar\u00eda saber cu\u00e1l es la situaci\u00f3n general de la poblaci\u00f3n que observas desde all\u00ed y si tienes la impresi\u00f3n de que el alto el fuego se podr\u00e1 mantener con las actuales tensiones. Por otra parte, crees que el apoyo de algunas delegaciones internacionales en el propio territorio tiene alg\u00fan efecto sobre las partes en conflicto o sobre la comunidad internacional (si es que existe algo parecido a eso)? Un beso y mucha suerte.<\/p>\n<p>R.- El alto el fuego en Gaza es una oportunidad m\u00e1s para esperanzarse aunque sea con escepticismo. Estuve en Gaza la semana pasada con mi compa\u00f1ero Enric de la Asamblea de Cooperaci\u00f3n por la Paz y varios d\u00edas sin la amenaza constante de los bombardeos israel\u00edes le hab\u00edan devuelto el \u00e1nimo a toda la gente con la que solemos tratar. Es imposible no ilusionarse aunque pocos son los que conf\u00edan en que vaya a durar. A Israel no le interesa. El otro d\u00eda asistimos a una manifestaci\u00f3n en Tel Aviv contra el asedio de Gaza y apenas hab\u00eda 700 personas. La misma manifestaci\u00f3n se llev\u00f3 a cabo en Barcelona simult\u00e1neamente y s\u00f3lo fueron 10. Si existe esa comunidad internacional, somos todos responsables.<\/p>\n<p>P.- Hola Roberto. Ante todo, me alegro de que est\u00e9s bien. Me gustar\u00eda saber qu\u00e9 tipo de trabajo desarrollas exactamente en Palestina y por qu\u00e9 te parece necesario que se realice<\/p>\n<p>R.- La Asamblea de Cooperaci\u00f3n por la Paz lleva en Palestina desde 1993 trabajando principalmente en los sectores de salud con la Media Luna Roja Palestina y de agua y saneamiento con el Grupo Hidrol\u00f3gico Palestino. Tambi\u00e9n llevamos a cabo varios proyectos de desarrollo agr\u00edcola, participaci\u00f3n activa de la sociedad civil y algunos culturales. Hace poco abrimos una delegaci\u00f3n en Israel que se ocupa, entre otras cosas, de iniciativas de educaci\u00f3n contra el racismo y la xenofobia en colegios israel\u00edes de jud\u00edos y \u00e1rabes. Gran parte de nuestro trabajo de difusi\u00f3n se desarrolla tambi\u00e9n en Espa\u00f1a. Es fundamental la presencia de organizaciones como la nuestra no s\u00f3lo para canalizar las ayudas externas sino tambi\u00e9n para ofrecer un testimonio directo de la injusticia.<\/p>\n<p>P.- Hola Roberto. Me gustar\u00eda saber qu\u00e9 esperanza representa el alto el fuego en Palestina y c\u00f3mo lo viven los palestinos<\/p>\n<p>R.- Hola, el alto el fuego en Gaza est\u00e1 permitiendo por lo menos que la mayor\u00eda de sus habitantes continuen con sus vidas. Llevan cuatro meses de invasiones desproporcionadas, sin electricidad, sin agua&#8230;De todas formas es una cortina de humo, la ocupaci\u00f3n militar continua e Israel sigue controlando la libre circulaci\u00f3n de personas y bienes a trav\u00e9s de las fronteras de Cisjordania y Gaza. La construcci\u00f3n del Muro de Separaci\u00f3n ha entrado ya en su \u00faltima fase y los m\u00e1s de 50 controles militares que cortan las carreteras palestinas en todos los distritos de Cisjordania siguen donde estaban. La soluci\u00f3n est\u00e1 todav\u00eda muy lejos. <\/p>\n<p>P.- \u00bf Hay salida en el conflicto de Palestina?<\/p>\n<p>R.- Hay una salida \u00fanica y muy sencilla y es que Israel ponga fin a la Ocupaci\u00f3n Militar, devuelva los territorios usurpados desde 1967 -lo que implica desmantelar los asentamientos de colonos jud\u00edos en Cisjordania- y facilite la autodeterminaci\u00f3n y la consecuci\u00f3n de un Estado soberano para el pueblo palestino con Jerusal\u00e9n como capital. <\/p>\n<p>P.- Desde su punto de vista \u00bfcu\u00e1les son las principales necesidades del pueblo palestino?<\/p>\n<p>R.- La principal necesidad es la libertad. De los cuatro millones de palestinos de Cisjordania y Gaza pocos son los que pueden desplazarse al exterior o incluso entre distritos. Tenemos amigos que desde el comienzo de la Segunda Intifada no pueden ir m\u00e1s all\u00e1 de un radio de 10 Km. Sin olvidarse de los dos millones y medio de refugiados en L\u00edbano, Siria y Jordania que no pueden volver a su lugar de origen.<\/p>\n<p>P.- Encantado de saludarle, Roberto, y de compartir con usted mi admiraci\u00f3n. \u00bfQu\u00e9 le han ense\u00f1adp tantos a\u00f1os entre los palestinos? Concretamente, \u00bfqu\u00e9 ha aprendido sobre ellos tras el cap\u00edtulo de su secuestro?<\/p>\n<p>R.- Muchas gracias. Yo s\u00f3lo llevo dos a\u00f1os y medio en Palestina pero es un lugar especial por la gente. Desde el primer d\u00eda hacen que todo el que visita se sienta parte de sus vidas. Despu\u00e9s del incidente no ha habido nadie, de los que me conocen, que no me haya pedido disculpas. Siento que se sientan cumpables todos por las acciones de unos pocos.<\/p>\n<p>P.- Hola Roberto. \u00bfEn alg\u00fan momento has temido que tu secuestro suponga una reducci\u00f3n del personal humanitario y de ONG en la zona? \u00bfCrees que esto puede pasar? Un biqui\u00f1o y gracias<\/p>\n<p>R.- Hola, creo que no. Las organizaciones con delegaciones en Palestina tenemos muy presente la ra\u00edz de todos los problemas estructurales en los Territorios Ocupados y estamos convencidos de que una reducci\u00f3n de proyectos ser\u00eda catastr\u00f3fica. Aunque el Derecho Internacional Humanitario vincula al Gobierno de Israel a suministrar los servicios b\u00e1sicos como fuerza ocupante no lo hace. Est\u00e1 ocupado tejiendo su pa\u00eds a costa de la conquista de otro. <\/p>\n<p>P.- \u00bfC\u00f3mo espa\u00f1ol, y por tanto como europeo, qu\u00e9 opina de la islamizaci\u00f3n de la Autoridad Palestina?, y, segunda pregunta, \u00bfpor qu\u00e9 algunos (en Espa\u00f1a) juzgan como h\u00e9roes a terroristas suicidas palestinos que act\u00faan contra la poblaci\u00f3n civil israel\u00ed?<\/p>\n<p>R.- Opino que Ham\u00e1s era una opci\u00f3n para operar un cambio y tampoco hay muchas en Palestina, que ya era, por otra parte, musulmana en su mayor\u00eda. Si de lo que hablamos es de los fundamentos del Islam habr\u00e1 que analizar el contexto en el que se produce la radicalizaci\u00f3n de corrientes de pensamiento o creencias religiosas. La muerte de civiles es injustificable pero si Ham\u00e1s ha de entrar necesariamente en la lista de organizaciones terroristas, el Estado de Israel tambi\u00e9n por esa regla de tres.<\/p>\n<p>P.- Roberto, te admiro mucho, te escribo de Mexico. \u00bfcomo hacer para no tener resentimiento hacia un pueblo que te ha hecho da\u00f1o? \u00bfcomo sacar fuerzas para seguir adelante con yu proyecto despues de lo que te ha pasado?<\/p>\n<p>R.- Muchas gracias. Nadie me hizo da\u00f1o y no me secuestr\u00f3 el pueblo palestino sino un grupo de no m\u00e1s de diez personas. Las fuerzas, si es que las perd\u00ed, me las dan el resto de mis compa\u00f1eros de la Asamblea de Cooperaci\u00f3n por la Paz que tambi\u00e9n siguen aqu\u00ed y en Espa\u00f1a trabajando sin descanso y por supuesto, todos los palestinos con y para los que trabajamos.<\/p>\n<p>P.- al margen de los politicos, existen en esa zona movimientos sociales que buscan la integraci\u00f3n y la paz?<\/p>\n<p>R.- Existen ese tipo de movimientos tanto en Palestina como en Israel y mucha gente dispuesta a la convivencia pac\u00edfica frontera con frontera. Desafortunadamente, no es suficiente, la movilizaci\u00f3n se ha de producir a nivel internacional tambi\u00e9n.<\/p>\n<p>P.- Tu decisi\u00f3n de quedarte en Gaza donde fuiste secuestrado es una prueba de que ya no temes otro posible secuestro porque ya sabes que los Palestinos no te har\u00e1n ning\u00fan da\u00f1o y que todo lo que se dice de ellos es completamente falso. , no?<\/p>\n<p>R.- Yo vivo en Ramala y voy a Gaza de forma espor\u00e1dica. Hemos aumentado un poco las medidas de seguridad pero no hemos dejado de ir. Otro secuestro ser\u00eda desafortunado pero hay que contar con esa posibilidad. Hasta la fecha siempre se han resuelto r\u00e1pido y sin consecuencias graves para el secuestrado. Esperemos que no se vuelvan a producir y que los que los llevan a cabo entiendan que estos actos no ayudan en nada a los intereses del pueblo palestino. <\/p>\n","protected":false},"excerpt":{"rendered":"<p>El pasado octubre un grupo de hombres armados secuestr\u00f3 a Roberto Vila en Gaza. A las siete horas fue liberado y decidi\u00f3 quedarse en Palestina para continuar con su trabajo en la Asamblea de Cooperaci\u00f3n por la Paz. El cooperante ha charlado con los lectores sobre la situaci\u00f3n que viven los palestinos en los territorios ocupados.<\/p>\n","protected":false},"author":1,"featured_media":0,"comment_status":"open","ping_status":"open","sticky":false,"template":"","format":"standard","meta":{"footnotes":""},"categories":[],"tags":[],"class_list":["post-922","post","type-post","status-publish","format-standard","hentry"],"_links":{"self":[{"href":"https:\/\/intervius.com\/index.html\/wp-json\/wp\/v2\/posts\/922","targetHints":{"allow":["GET"]}}],"collection":[{"href":"https:\/\/intervius.com\/index.html\/wp-json\/wp\/v2\/posts"}],"about":[{"href":"https:\/\/intervius.com\/index.html\/wp-json\/wp\/v2\/types\/post"}],"author":[{"embeddable":true,"href":"https:\/\/intervius.com\/index.html\/wp-json\/wp\/v2\/users\/1"}],"replies":[{"embeddable":true,"href":"https:\/\/intervius.com\/index.html\/wp-json\/wp\/v2\/comments?post=922"}],"version-history":[{"count":0,"href":"https:\/\/intervius.com\/index.html\/wp-json\/wp\/v2\/posts\/922\/revisions"}],"wp:attachment":[{"href":"https:\/\/intervius.com\/index.html\/wp-json\/wp\/v2\/media?parent=922"}],"wp:term":[{"taxonomy":"category","embeddable":true,"href":"https:\/\/intervius.com\/index.html\/wp-json\/wp\/v2\/categories?post=922"},{"taxonomy":"post_tag","embeddable":true,"href":"https:\/\/intervius.com\/index.html\/wp-json\/wp\/v2\/tags?post=922"}],"curies":[{"name":"wp","href":"https:\/\/api.w.org\/{rel}","templated":true}]}}