{"id":9211,"date":"2009-11-30T00:00:00","date_gmt":"2006-11-06T00:00:00","guid":{"rendered":"https:\/\/intervius.com\/index.html\/?p=9211"},"modified":"2006-11-06T00:00:00","modified_gmt":"2006-11-06T00:00:00","slug":"Alfredo_Relano9211","status":"publish","type":"post","link":"https:\/\/intervius.com\/index.html\/Alfredo_Relano9211\/","title":{"rendered":"Alfredo Rela\u00f1o"},"content":{"rendered":"<p>Pregunta.- Sr Rela\u00f1o, recuerda alg\u00fan partido del Real Madrid en el Camp Nou con tantas ocasiones de gol?..a mi parecer es uno de los mejores que haya podido realizar en este campo, precisamente contra el mejor Barcelona de la historia.<\/p>\n<p>Respuesta.- Algunos s\u00ed ha habido. El primero que vi, por televisi\u00f3n, lo gan\u00f3 1-5. Pero es cierto que ayer tuvo muchas, las suficientes para haber ganado el partido. Pero ya sabe que el f\u00fatbol es un juego de instantes. El trabajo de diez minutos hay que examinarlo en una d\u00e9cima de segundo, y&#8230;<\/p>\n<p>P.- \u00bfQu\u00e9 le pareci\u00f3 la goleada a domicilio del Athletic en Almer\u00eda? A mi me impresion\u00f3 el gol de Llorente, rematando de cabeza cuando le agarraban. que poder\u00edo f\u00edsco&#8230; \u00bfLo ves en el Mundial?<\/p>\n<p>R.- Est\u00e1 en el grupo de los seleccionables, ya ha ido, tiene una cosa distinta a los dem\u00e1s delanteros, esa estatura. Cada a\u00f1o mejora. Al principio era muy fr\u00edo, ahora se est\u00e1 curtiendo. Yo creo que deber\u00eda estar, aunque no como titular. Ofrece un recurso \u00fanico.<\/p>\n<p>P.- Hola, don Alfredo, que le parece ta temporada que lleva mi depor? poco a poco y a la chita callando estamos arriba jeje<\/p>\n<p>R.- Es as\u00ed, poco a poco y a la chita callando. Es una buena sorpresa. Est\u00e1 en la escapada buena. Creo que en aquella casa hay buen orden y buen ambiente de trabajo, eso explica tantos a\u00f1os de buen funcionamiento. Me admira desde hace alg\u00fan tiempo c\u00f3mo Lendoiro se maneja sin dinero.<\/p>\n<p>P.- El gol de ibrahimovic no fue fuera juego. Pero \u00bfcree usted q se pudo evitar? remata casi en el area peque\u00f1a, en mi opinion casillas debi\u00f3 haber salido \u00bfusted qu\u00e9 opina?<\/p>\n<p>R.- No, Casillas no. Sergio deber\u00eda haber llegado hasta Ibrahimovic, porque Pepe se est\u00e1 desplazando hacia su derecha, por donde aparece Piqu\u00e9. Pero no dio tiempo. Fue una jugada bien hecha, casi se puede decir que indefendible.<\/p>\n<p>P.- Hola Alfredo, \u00bfno crees que al Madrid le hace falta un jugador que sea realmente un fuera de serie? ayer viendo el partido y las ocasiones falladas, me vino a la memoria aquellos goles de Zidane ante el Depor \u00f3 ante el Leverkusen (qu\u00e9 recursos ten\u00eda) \u00f3 de Romario con el Bar\u00e7a. Cristiano Ronaldo es muy bueno, pero me refiero a que no tenemos a un verdadero genio en la plantilla. Ten\u00edamos a Van Nistelrooy que era como Ibrahimovic, un goleador nato. Pero ahora mismo nos sigue faltando algo, \u00bfque opinas?<\/p>\n<p>R.- Yo creo qeu Cristiano s\u00ed es un genio. Otra cosa es que ayer no le entrar el gol. Y Kak\u00e1 es un genio. Los tres primeros meses Zidane tampoco jug\u00f3 bien. Cuando el Madrid entre en un orden de juego se ver\u00e1 mejor a estos genios.<\/p>\n<p>P.- Hola Alfredo. \u00bfNo te da la impresi\u00f3n de que al Madrid no le va a dar tiempo este a\u00f1o de ensamblarse lo suficiente para atrapar a un equipo tan hecho como el Barcelona? Es cierto que a\u00fan queda mucha liga pero esa es la sensaci\u00f3n. Un abrazo y gracias.<\/p>\n<p>R.- La suerte para el Madrid es que est\u00e1 cerca. Al Bar\u00e7a le va a meter fatiga el Mundialito de clubes, en enero le van a faltar Tour\u00e9 y Keita por la Copa de \u00c1friva, va a jugar la copa (cuatro mi\u00e9rcoles de enero), que el Madrid no. Tiene una plantilla algo m\u00e1s corta. Con todo eso, creo que la carrera por la Liga est\u00e1 igualada hasta ahora. Eso s\u00ed: el Madrid necesita encontrar el equipo.<\/p>\n<p>P.- \u00bfPor qu\u00e9 nadie dice que todas las &#8220;faltas t\u00e1cticas&#8221; se hacen sin \u00e1nimo de jugar el bal\u00f3n, y por tanto son tarjetas amarillas? Si se pitar\u00e1n correctamente el Bar\u00e7a acabar\u00eda con ocho jugadores cada partido. \u00bfCuantas tarjetas amarillas debi\u00f3 recibir Keita en el primer tiempo?<\/p>\n<p>R.- El criterio que se sigue es ese. Las faltas t\u00e1cticas se toleran si no son muy aparatosas. El Bar\u00e7a lo explota bien. M\u00e1s escandaloso es que Busquets no viera tarjeta en su primera patada por detr\u00e1s a Cristiano, porque ah\u00ed s\u00ed que se vulnera el criterio.<\/p>\n<p>P.- Hola Rela\u00f1o. El Pipa ayer no estuvo muy visible que se diga. \u00bf Cree que le deber\u00edan haber cambiado? Un saludo.<\/p>\n<p>R.- Se agot\u00f3 en la presi\u00f3n, no entr\u00f3 en juego. Pero si sale Benzema no presiona, por eso le dej\u00f3 ah\u00ed. <\/p>\n<p>P.- Buenos d\u00edas Alfredo: \u00bfQu\u00e9 es lo que le pasa a Henry esta temporada? \u00bfNo se da cuenta Guardiola que est\u00e1 fatal?<\/p>\n<p>R.- Henry va para abajo desde hace tiempo. Tuvo un canto del cisne al final de la pasada temporada (particularmente en el Bernab\u00e9u, donde estuvo cumbre), pro no ha sido aqu\u00ed el del Arsenla. Guardiola trata de tenerlo implicado, por eso le da oportunidades. Eso es injusto hacia Pedro, incluso hacia Bojan, pero los t\u00edtulos no se ganan en un partido, sino a lo largo de una temporada, y Guardiola hace sus c\u00e1lculos para tener a todos metidos. <\/p>\n<p>P.- \u00bfQue tiene que hacer Valdes para ir a la selecci\u00f3n? Me parece que es mejor portero que Reina y Diego Lopez, al menos en este momento<\/p>\n<p>R.- Su maldici\u00f3n es que apareci\u00f3 despu\u00e9s de Casillas. Luis pens\u00f3 llevarle de segundo, pero entendi\u00f3 que a veces se confiaba mucho con el pie, cosa que ya ha corregido. Por eso entr\u00f3 Reina delante. Ahora es dif\u00edcil. Podr\u00eda ir de tercero, pero para eso s\u00f3lo se cuenta con alguno que d\u00e9 por sentado que no va a jugar. Es una l\u00e1stima, porque a m\u00ed V\u00edctor me gusta mucho. Creo que le ha resuelto cosas muy serias al Bar\u00e7a.<\/p>\n<p>P.- \u00bfPor que cuando termina el partido jugadores,equipo t\u00e9cnico y directivos muestran su satisfacci\u00f3n por haber dado la cara? Da la impresi\u00f3n que un repaso cul\u00e9 no hubiera sorprendido a nadie. Aunque lo piensen que se callen, somos el Madrid, no estamos contentos con una derrota por honrosa que sea<\/p>\n<p>R.- Es verdad. Refleja que el Madrid iba con miedo a una derrota amplia. Pero tambi\u00e9n es cierto que hizo un buen partido ante un equipo superlativo, y que eso le autoriza a sentirse satisfecho.<\/p>\n<p>P.- \u00bfQu\u00e9 cree que piensan Florentino y Valdano del tema Raul?<\/p>\n<p>R.- Que ya no est\u00e1 para jugar, salvo que haya un agujero muy grande, y que a Pellegrini no le gusta verle con mala cara y que por eso le pone m\u00e1s de la cuenta. <\/p>\n<p>P.- No cree que ayer Pellegrini tira el partido sabiendo que Cristiano solo podia jugar 60 minutos sacando Higua\u00edn de principio y dejando a Benzema en el banquillo, cuando el cambio natural por rapidez hubiera sido Higua\u00edn por Cristiano. El cambio de Ra\u00fal fue malo cuando lo natural hubiera sido Drenthe o Granero para controlar pelota o rapidez, Pellegrini no lee los partidos y parece que los cambios los tenga ya previstos&#8230;<\/p>\n<p>R.- M\u00e1s lo segundo que lo primero. Me pareci\u00f3 bien que saliera primero Cristiano. Luego, el sacar a Ra\u00fal no remediaba nada. El Madrid necesitaba un medio m\u00e1s. <\/p>\n<p>P.- Hola Alfredo. una reflexi\u00f3n: \u00bfpor qu\u00e9 despu\u00e9s de innumerables tertulias nadie ha sacado la conclusi\u00f3n m\u00e1s obvia del cl\u00e1sico?. El Madrd se siente c\u00f3modo frente a rivales que juegan al ataque porque le permite desarrollar el juego que mejor se ajusta a las caracter\u00edsticas de sus jugadores: el contragolpe. El problema es que s\u00f3lo el Bar\u00e7a le juega as\u00ed al Madrid. Cuando tenga enfrente al Almer\u00eda y se vea obligado a llevar la iniciativa, se le ver\u00e1n las costuras de nuevo&#8230;\u00bfTu qu\u00e9 opinas? Mucha gracias de antemano.<\/p>\n<p>R.- Opino igual. Ya se coment\u00f3 antes del aprtido. Recuerdo que Lama apostaba a que el Madrid ganar\u00eda, por esa misma teor\u00eda y, efectivamente, casi gana. Los espacios hacen valer el juego de los delanteros del Madrid, muy veloces. En espacios cerrados el Bar\u00e7a se maneja muy bien, con su toque.<\/p>\n<p>P.- Hola Rela\u00f1o \u00bfque te pareci\u00f3 que Pellegrini no metiera a Granero en lugar de Ra\u00fal al jugar contra uno menos? Un saludo<\/p>\n<p>R.- Mal. Me parece que politique\u00f3 en eso. Estrope\u00f3 el buen trabajo que llevaba.<\/p>\n<p>P.- Hola Rela\u00f1o. Tras la buena imagen mostrada en el Cl\u00e1sico \u00bfQui\u00e9n cree que sobra en este Madrid para despu\u00e9s de navidades?Un saludo.<\/p>\n<p>R.- No me sobra exactamente nadie. Me falta un modelo. Me sobran las dudas. Pero me parece que de ah\u00ed puede salir un buen equipo.<\/p>\n<p>P.- Magn\u00edfico partido el derby!!! pienso que el que sale m\u00e1s reforzado es el Madrid, yo dudaba mucho y ahora veo que tiene personalidad para las grandes noches, el de ayer (con Granero por Marcelo) deber\u00eda ser el equipo titular, no le parece? Un abrazo<\/p>\n<p>R.- Puede ser. De lo que no estamos tan seguros de de si pondr\u00e1n la misma disposici\u00f3n y seriedad otros d\u00edas. <\/p>\n<p>P.- Sr.Rela\u00f1o: Su opinion del partido de hoy en el AS me parece muy buena y ecu\u00e1nime.Fu\u00e9 un partido interesante y que se nos hizo corto a todos. Buena se\u00f1al. Un solo comentario del que me gustaria su opini\u00f3n. \u00bfNo cree que LASS deberia tambien haber sido expulsado antes por acumulacion de faltas como le ocurre en casi todos los partidos? Desde que le ense\u00f1aron la primera tarjeta se diluy\u00f3 y ya no fu\u00e9 el mismo LASS que tanto se alaba en Madrid.<\/p>\n<p>R.- No tuve esa sensaci\u00f3n. Lo que s\u00edo creo es que su detalle, un desahogo por la derrota, me result\u00f3 muy feo. <\/p>\n<p>P.- Veo ayer a Messina sentando a reyes o a llull cuando lo hicieron mal (sea el capitan o la brillante promesa), que no se casa con nadie, que ense\u00f1a a sus jugadores, que los instruye en sus errores, que maneja la psicolog\u00eda como nadie. Espectacular la toma del tiempo muerto, con sus silencios; los jugadores le respetan. Por qu\u00e9 no ocurre lo mismo en el equipo de futbol? por qu\u00e9 hay que explicarle a raul que tiene que ser suplente y a reyes no hace falta? por qu\u00e9 insultar al entrenador a guti le sale gratis? que estatus tienen estos ante el entrenador? no cree que \u00e9stos son perjudiciales para el grupo?<\/p>\n<p>R.- Es verdad lo que usted dice, pero son mundos muy diferentes. En el baloncesto no hay un Ra\u00fal que lleve quince a\u00f1os y esos m\u00e9ritos. En el balncesto pueden jugador todos todos los d\u00edas. En el baloncesto no hay la misma presi\u00f3n. Por as\u00ed decirlo, es m\u00e1s f\u00e1cil para el entrenador. El propio Messina se lo dir\u00eda. Dicho esto, creo que Pellegrini ha estado d\u00e9bil con Ra\u00fal. Y que lo de Guti es directamente impresentable.<\/p>\n<p>P.- Alfredo! \u00bf Indur\u00e1in o Contador? gracias<\/p>\n<p>R.- Hombre, Indur\u00e1in. Fue algo descomunal. Sin hacer de menos a Contador. <\/p>\n<p>P.- Hola don Alfredo. Tengo una pregunta que hacerte. Todos hablaban maravillas de Benzema antes de venir al Madrid, y yo mismo le vi jugar muy bien en el Olympique de Lyon las veces que tuve ocasi\u00f3n (que no fueron muchas, la verdad). Sin embargo, cada d\u00eda me parece que se desinfla m\u00e1s, y hoy por hoy me parece muy inferior a Negredo o a Villa. Lo que quer\u00eda preguntar es si los franceses nos la colaron o si hay alg\u00fan factor desconocido para el gran p\u00fablico que haga que su rendimiento sea tan mediocre.<\/p>\n<p>R.- El problema es de temperamento. En el f\u00fatbol se dan muchos casos de inadaptaci\u00f3n. Yo espero a\u00fan que se corrija. En algo receurda a Anelka, que llevaba dentro un formidable delantero que no estall\u00f3 hasta cerca de los treinta. El jugador es bueno, lo hemos visto en Francia, s\u00f3lo que aqu\u00ed est\u00e1 alica\u00eddo.<\/p>\n<p>P.- Hola, buenos d\u00edas. Quiero agradecerle la colecci\u00f3n de partidos hist\u00f3ricos del Real Madrid, en aquella \u00e9poca el club se negaba a retransmitir los partidos para asegurar el lleno en el estadio,\u00a1qu\u00e9 tiempos! Un \u00fanico pero, la voz de aquellos partidos (que retransmit\u00eda TVE en diferido) era la de Jos\u00e9 \u00c1ngel de la Casa, no la de Manolo Lama. Hubiera sido mucho m\u00e1s aut\u00e9tico el DVD con su voz. De todas formas gracias por la colecci\u00f3n. \u00a1Gracias por su atenci\u00f3n!<\/p>\n<p>R.- Muchas gracias. Pero dispusimos del video, no del audio. Y Lama es muy bueno. Le agradezco que le hayan gustado.<\/p>\n<p>P.- Tras el cl\u00e1sico 2 reflexiones: el Madrid debe intentar imitar al Bar\u00e7a no en como ataca ( tiene jugadores desequilibrantes de sobra ) si no en como defiende del primero al \u00faltimo, hoy el partido lo ganaron Puyol y Piqu\u00e9 y lo perdi\u00f3 Ramos que se olvid\u00f3 de perseguir a Ibra; Kak\u00e1 deber\u00eda reflexionar unas semanas en el banquillo, Granero dar\u00eda m\u00e1s de lo que \u00e9l est\u00e1 dando.<\/p>\n<p>R.- Estoy m\u00e1s de acuerdo en la primera que en la segunda. Hay que defender con una fiebre que en el Madrid no siempre se ve. Respecto a Kak\u00e1, su problema es de modelo de juego. Y ayer le vimos por fin bien.<\/p>\n<p>P.- Partido de poder a poder, a mi juicio. S\u00f3lo queda por ver si el Madrid s\u00f3lo le juega as\u00ed al Bar\u00e7a o a todos, el asunto de la regularidad, vaya. \u00bfQu\u00e9 opina? <\/p>\n<p>R.- Claro. Ayer estuvo a tope de concentraci\u00f3n, o casi. Esa fue en tiempos una cl\u00e1sica virtud del Madrid. <\/p>\n<p>P.- Buenos d\u00edas Alfredo. Le quer\u00eda preguntar que cual es el jugador que m\u00e1s le ha gustado. Para m\u00ed claramente ha sido Puyol, important\u00edsimo tapando todos los huecos y haciendo un partido muy serio. \u00bf Que le parece?<\/p>\n<p>R.- Puyol. Y es bonito que triunfara Puyol en un partido en el que estaban seis de los diez mejores jugadores del mundo.<\/p>\n<p>P.- Sinceramente Don Alfredo, a estas alturas considera que, salvo en la porter\u00eda, hay algun puesto en el Real Madrid mejor cubierto que en el F.C Barcelona? Yo creo que salvo en esa excepci\u00f3n pieza por pieza el Bar\u00e7a gana y en la mayor\u00eda de puestos de largo. Agradecer\u00eda conocer su opini\u00f3n<\/p>\n<p>R.- Lo discut\u00eda en la v\u00edspera con Roncero. Yo le dec\u00eda que si huciera un equipo con los dos, del Madrid s\u00f3lo contar\u00eda con Casillas, Pepe y Cristiano. Y despu\u00e9s de ver a Puyol casi es para quedarse con \u00e9l en lugar de Pepe. <\/p>\n<p>P.- ..Sr Rela\u00f1o, no piensa que el partido de ataque del Madrid pas\u00f3 por las botas del brasile\u00f1o Kak\u00e1?<\/p>\n<p>R.- Kak\u00e1 hizo su mejor partido en el Madrid. Su colocaci\u00f3n fue mejor, con tres detr\u00e1s y un panorama m\u00e1s despejado por delante.<\/p>\n","protected":false},"excerpt":{"rendered":"<p>Alfredo Rela\u00f1o, director del Diario As, ha charlado con los internautas sobre la actualidad deportiva. <\/p>\n<p>ARCHIVO DE ENTREVISTAS:<\/p>\n<p>href=&#8221;http:\/\/www.as.com\/edigitales\/entrevista\/Alfredo-Relano-5818&#8243;>26 de octubre &#8211; 13 de octubre &#8211; 05 de octubre &#8211; 28 de septiembre &#8211; 21 de septiembre &#8211; 16 de septiembre &#8211; 07 de septiembre &#8211; 31 de agosto &#8211; 24 de agosto &#8211; 29 de junio &#8211; 24 de junio &#8211; 16 de junio &#8211; 08 de junio &#8211; 01 de junio &#8211; 25 de mayo &#8211; 18 de mayo &#8211; 11 de mayo &#8211; 4 de mayo &#8211; 27 de abril &#8211; 20 de abril &#8211; 13 de abril &#8211; 30 de marzo &#8211; 23 de marzo &#8211; 16 de marzo &#8211; 9 de marzo &#8211; 2 de marzo &#8211; 23 de febrero &#8211; 16 de febrero &#8211; 9 de febrero &#8211; 2 de febrero &#8211; 26 de enero &#8211; 19 de enero &#8211; 12 de enero &#8211; 15 de diciembre &#8211; 10 de diciembre &#8211; 1 de diciembre &#8211; 24 de noviembre &#8211; 17 de noviembre &#8211; 10 de noviembre &#8211; 7 de noviembre &#8211; 27 de octubre &#8211; 21 de octubre &#8211; 13 de octubre &#8211; 6 de octubre &#8211; 30 de septiembre &#8211; 22 de septiembre &#8211; 15 de septiembre &#8211; 8 de septiembre &#8211; 1 de septiembre <\/p>\n","protected":false},"author":1,"featured_media":0,"comment_status":"open","ping_status":"open","sticky":false,"template":"","format":"standard","meta":{"footnotes":""},"categories":[],"tags":[],"class_list":["post-9211","post","type-post","status-publish","format-standard","hentry"],"_links":{"self":[{"href":"https:\/\/intervius.com\/index.html\/wp-json\/wp\/v2\/posts\/9211","targetHints":{"allow":["GET"]}}],"collection":[{"href":"https:\/\/intervius.com\/index.html\/wp-json\/wp\/v2\/posts"}],"about":[{"href":"https:\/\/intervius.com\/index.html\/wp-json\/wp\/v2\/types\/post"}],"author":[{"embeddable":true,"href":"https:\/\/intervius.com\/index.html\/wp-json\/wp\/v2\/users\/1"}],"replies":[{"embeddable":true,"href":"https:\/\/intervius.com\/index.html\/wp-json\/wp\/v2\/comments?post=9211"}],"version-history":[{"count":0,"href":"https:\/\/intervius.com\/index.html\/wp-json\/wp\/v2\/posts\/9211\/revisions"}],"wp:attachment":[{"href":"https:\/\/intervius.com\/index.html\/wp-json\/wp\/v2\/media?parent=9211"}],"wp:term":[{"taxonomy":"category","embeddable":true,"href":"https:\/\/intervius.com\/index.html\/wp-json\/wp\/v2\/categories?post=9211"},{"taxonomy":"post_tag","embeddable":true,"href":"https:\/\/intervius.com\/index.html\/wp-json\/wp\/v2\/tags?post=9211"}],"curies":[{"name":"wp","href":"https:\/\/api.w.org\/{rel}","templated":true}]}}