{"id":9196,"date":"2011-10-03T00:00:00","date_gmt":"2006-11-06T00:00:00","guid":{"rendered":"https:\/\/intervius.com\/index.html\/?p=9196"},"modified":"2006-11-06T00:00:00","modified_gmt":"2006-11-06T00:00:00","slug":"Mela_Chercoles9196","status":"publish","type":"post","link":"https:\/\/intervius.com\/index.html\/Mela_Chercoles9196\/","title":{"rendered":"Mela Ch\u00e9rcoles"},"content":{"rendered":"<p>Pregunta.- que va hacer elias el a\u00f1o ke viene,puede ir con aspar?dovizioso a donde va ir y bautista?stoner,pedrosa y lorenzo 38 victorias quien ganara mas al final de su carrera?quien es mejor parta ti pedrosa,dovizioso,bautista,simoncelli,barbera,hayden,enumeralos del 1 al 6,gracias crack<\/p>\n<p>Respuesta.- Uves y r\u00e1fagas para tod@s. Antes que nada, gracias por vuestro elevada participaci\u00f3n en la porra de Motegi a trav\u00e9s de Twitter, los ganadores de las dos entradas dobles VIP para el indoor de Zaragoza ya figuran en mi twitter (@ASMELACHERCOLES) y hay otros seis premiados con seis entradas dobles sencillas. Os las mandaremos por correo cuando dej\u00e9is vuestros datos en rrss@diarioas.es Ahora vamos con el chat, que hay ganitas&#8230; Sinceramente, aun no s\u00e9 bien qu\u00e9 va a hacer Toni El\u00edas en 2012. Una opci\u00f3n que ahora s\u00ed se pasa por su cabeza es correr en las SBK y la otra volver a Moto2. Lo que no va a hacer es quedarse en MotoGP con una CRT. Sobre Dovizioso y Bautista, lo que haga el primero influir\u00e1 en el segundo. Todo apunta a d\u00eda de hoy a que Andrea se ir\u00e1 al Yamaha Tech 3, lo que a\u00fan est\u00e1 por ver, y sobre Bautista, pues primero esperar a ver qu\u00e9 hace Suzuki y si no irse al Tech 3 si no ficha a Dovi o con Aspar, si es que sigue en MotoGP&#8230; Entre Stoner, Pedrosa y Lorenzo, para m\u00ed el mejor de los tres es Lorenzo, porque es al que veo m\u00e1s completo, pero claro, los tres son buen\u00edsimos. Respecto a los otros seis que citas, siendo el 1 lo mejor y el 6 lo menos bueno: 1 Pedrosa 2 Dovizioso 2 Simoncelli 2 Bautista (les veo empatados), 5 Barber\u00e1 y 6 Hayden <\/p>\n<p>P.- Mela,canchondo,ya sabemos que tu tienes una Diavel(makinon)pero me corroe la curiosidad \u00bfque burritas tienen los pilotos en su vida privada? Por ejemplo Checa tiene una Multistrada.Vsssssss<\/p>\n<p>R.- El Toro tiene dos Ducati Diavel, una en su casa de Sant Fruit\u00f3s del Vall\u00e9s y la otra en Londres. Se las pone Ducati a su disposici\u00f3n&#8230; Todos ellos tienen motos de la marca para la que corren. Ninguno pasa por caja&#8230; Por lo general, suelen tener s\u00f3lo scooter, porque ellos no salen a hacer curvas por la carretera, y muchas de supermotard, motocross y trial, para entrenar. De Rossi s\u00e9, porque me lo ha dicho \u00e9l, que tiene una Ducati Diavel. La de carbono, como Checa.<\/p>\n<p>P.- Lo primero, mi m\u00e1s sincera enhorabuena a Checa. Que grande! Y ahora la pregunta: Mantendr\u00e1 la progresi\u00f3n mostrada en el warmup del domingo o fue simplemente un espejismo debido a circunstancias del circuito? Un saludo y gracias.<\/p>\n<p>R.- Imagino que te refieres a Rossi, porque hizo un buen warm up en el que acab\u00f3 cuarto. Se te ha olvidado poner su nombre, pero seguro que es \u00e9l. Yo estoy convencid\u00edsimo de que Valentino no est\u00e1 acabado y tanto trabajo, esfuerzo y cambios en la Ducati acabar\u00e1n dando su esfuerzo. No s\u00e9 si como para volver a ser campe\u00f3n, porque la competencia es muy grande, pero seguro que s\u00ed para volver a estar en la pomada, en la pelea por las victorias. El aluminio le ir\u00e1 mejor que el carbono, podr\u00e1 entr\u00e1 mejor en la curva y hacer girar la moto con m\u00e1s facilidad, que son sus principales problemas.<\/p>\n<p>P.- Mela, \u00bfcrees que Marc M\u00e1rquez ser\u00e1 capaz de ganar el mundial (es un verdadero crack) Bradl espabilar\u00e1? \u00bfC\u00f3mo has vivido el t\u00edtulo de SBK de Checa? Un abrazo campe\u00f3n!<\/p>\n<p>R.- Lo anormal ser\u00eda que Bradl ganara este t\u00edtulo de Moto2, porque M\u00e1rquez es mucho mejor y ha hecho una remontada incre\u00edble: de estar 82 puntos por detr\u00e1s tras Silverstone a uno arriba tras Motegi. Sobre el t\u00edtulo de Checa me ha hecho much\u00edsima ilusi\u00f3n. Te paso la columna de opini\u00f3n que he escrito hoy sobre El Toro para que te hagas una idea: http:\/\/www.as.com\/opinion\/articulo\/oscar-honorifico\/20111003dasdaiopi_7\/Tes<\/p>\n<p>P.- Hola Mela, \u00bfqu\u00e9 tal? Antes de nada quer\u00eda felicitar a Carlos Checa por su victoria, Torazo!!!. Quer\u00eda preguntarte por Sim\u00f3n, \u00bfc\u00f3mo est\u00e1 su situaci\u00f3n? \u00bfAspar o BQR y por qu\u00e9 si finalmente es BQR? (No me creo lo de que es por cambiar de aires, no tiene sentido, con todos mis respetos, BQR es un equipo m\u00e1s modesto, hay algo m\u00e1s. Cu\u00e9ntanoslo, t\u00fa que lo sabes todo :)) Escuch\u00e9 en la retransmisi\u00f3n de las carreras, en 125 concretamente, que Aspar est\u00e1 muy interesado en Bradl para Moto2 el a\u00f1o que viene y est\u00e1 esperando la decisi\u00f3n de Sim\u00f3n, tiene sentido ya que se plantea usar Kalex para Moto3 y Moto2 y qu\u00e9 mejor que con un piloto alem\u00e1n. \u00bfNos puedes adelantar algo m\u00e1s? Muchas gracias. Mucho Gass y pronta recuperaci\u00f3n para Sim\u00f3n!!!<\/p>\n<p>R.- Sinceramente, lo de S\u00edm\u00f3n me desconcierta tanto como a ti, con todos mis respetos para el BQR, un equipo al que tengo mucho cari\u00f1o. De ese modo, no me queda otra que creerme el razonamiento de Aspar, seg\u00fan el cual si opta Sim\u00f3n por el cambio ser\u00e1 para sentir menos presi\u00f3n y no sentirse tan obligado a ganar. Lo dice Aspar. Es cierto que a Sim\u00f3n le atrae correr para el equipo en el que est\u00e1 su representante, Ricard Jov\u00e9, y que le ilusiona ver crecer un proyecto en el que ya est\u00e1 enrolado Vi\u00f1ales, este a\u00f1o como piloto de 125cc y el siguiente en Moto3. Adem\u00e1s, BQR va a estar en MotoGP en 2012 con dos CRT, por lo que Julito tendr\u00e1 la posibilidad de dar el salto a la clase reina. Sobre Bradl, es una gran opci\u00f3n, pero no la \u00fanica que maneja Aspar en caso de tener que sustituir a Julito. Me dice que tambi\u00e9n le interesan los Espargar\u00f3 y alguno m\u00e1s, pero hasta ah\u00ed puedo leer. Lo que s\u00ed es seguro es que tendr\u00e1 a Terol.<\/p>\n<p>P.- Mela!! \u00bfKalex, Suter, FTR? \u00bfHarley-Davidson o Ducati Diavel? \u00bfBarber\u00e1 o Bautista? M\u00e1rquez en 2012\u00bf Moto2 o MotoGp? \u00bfFrente a frente o La chispa adecuada? \u00bfTito Rabat o Aleix? \u00bfLaporta o Rosell? gracias<\/p>\n<p>R.- Kalex. Hoy, Ducati Diavel. Bautista. MotoGP. La chispa adecuada. Aleix. Rosell, Elena. Cabronazo, con perd\u00f3n, cada d\u00eda me lo pones m\u00e1s dif\u00edcil.<\/p>\n<p>P.- Mela!! \u00bfQu\u00e9 va a pasar con Toni El\u00edas? \u00bfTiene pie y medio en la BMW de SBK? gracias<\/p>\n<p>R.- Lo he dicho antes, y m\u00e1s trat\u00e1ndose de El\u00edas, que nos tiene acostumbrados a cambios de \u00faltima hora. Su futuro est\u00e1 en el aire. <\/p>\n<p>P.- Mela!! M\u00e1rquez lider!! \u00bfCrees que ahora le pasa la bola de presi\u00f3n Bradl a Marc? \u00bfC\u00f3mo calificar\u00edas la influencia de Alzamora a lo largo de su carrera? gracias<\/p>\n<p>R.- La presencia de Alzamora en la carrera deportiva de M\u00e1rquez ha sido trascendental, sobre todo para arrancar. Es como pas\u00f3 en su d\u00eda con Puig y Pedrosa o Amatria\u00edn y Lorenzo. Llega un momento en el que los pilotos ya pueden volar solos, sin su mentor, como est\u00e1 haciendo Jorge, pero para empezar son vitales y sin ellos, probablemente, no habr\u00edan llegado a nada. Echo de menos a Dani Amatria\u00edn. Fue un t\u00edo grande y espero que alg\u00fan d\u00eda vuelva a las carreras.<\/p>\n<p>P.- Mela!! \u00bfQu\u00e9 futuro le ves a Efren? \u00bfSube a Moto2 o se queda en Moto3? gracias<\/p>\n<p>R.- Se lo preguntar\u00e9 en la pr\u00f3xima carrera pero, hasta donde yo s\u00e9, ten\u00eda intenci\u00f3n de probar la Moto3. En Moto2 podr\u00eda naufragar. Le falta un punto de agresividad y esa parrilla est\u00e1 llena de lobos hambrientos.<\/p>\n<p>P.- Hola Mela! Dinos 5-6 cuentas de Twitter que creas obligatorio seguir del mundo de las motos. Alg\u00fan periodista, piloto, miembro de equipo, alguno de curiosidades, estad\u00edsticas o de historia de las motos&#8230; Gracias, crack! Saludos y uves!<\/p>\n<p>R.- @Raul_Romojaro (mi hermano) @BorjaGonzalezG @MOTOCI_Maroto (mis hermanos de las carreras) @DennisNoyes (el que m\u00e1s sabe) @motogpmart (el rey de las estad\u00edsticas), @lorenzo99 @nicoterol @HectorBarbera @19Bautista @HectorFaubel (los pilotos que m\u00e1s tuitean) y @KevinSchwantz (Dios).<\/p>\n<p>P.- buenas mela ah\u00ed va mi pregunta: si pedrosa este a\u00f1o no se hubiera lisiado \u00bfhubiera ganado el mundial?<\/p>\n<p>R.- Ya he dicho en alguna ocasi\u00f3n que este era su a\u00f1o, pero tambi\u00e9n es cierto que en carreras como Brno, Indy, Misano y Arag\u00f3n estuvo lejos de la victoria. Es cierto que la tensi\u00f3n y motivaci\u00f3n no era la misma que la que hubiera tenido de no existir Le Mans. Ayer, de no ser por el problema de Stoner, no creo que hubiera podido con \u00e9l. Es dif\u00edcil saber, sobre todo porque hay que tener en cuenta que las ca\u00eddas forman parte del juego en este deporte y a \u00e9l le suponen m\u00e1s lesiones que al resto. Lo que s\u00ed est\u00e1 claro es que hubiera peleado por el t\u00edtulo seguro. Otra cosa es ganarlo.<\/p>\n<p>P.- \u00bfCu\u00e1l ha sido tu mejor y tu peor experiencia en los GP?<\/p>\n<p>R.- La mejor es el GP de R\u00edo 99, mi segunda carrera y donde Crivill\u00e9 gan\u00f3 el t\u00edtulo de 500. Fue uno de los d\u00edas m\u00e1s felices de mi vida, y no s\u00f3lo porque me lanzara a la pista a darle la bandera de Espa\u00f1a. El peor, sin duda, Misano del a\u00f1o pasado, por la muerte de TO-MI-ZA-WA. Tamabi\u00e9n me doli\u00f3 la p\u00e9rdida de Kato, pero con Shoya ten\u00eda mucha m\u00e1s relaci\u00f3n, y muy buena. Llor\u00e9 desconsolado mientras contaba su muerte en el informativo de la Cadena SER. Una mierda de d\u00eda. <\/p>\n<p>P.- hola mela que hubiera pasado si el que se cae ayer es lorenzo y no valentino todos hubieran criticado a vale ayer lorenzo tiro a vale y nadie a dicho nada forza 46<\/p>\n<p>R.- Rossi y yo no lo vemos como t\u00fa. El propio Valentino disculp\u00f3 a Lorenzo y dijo que era \u00e9l quien estaba en el sitio equivocado.<\/p>\n<p>P.- Estimado Mela, un gallego desde Londres aqui&#8230;pena que Dovi tuviese el drive through porque se le veia con ganas, y de hecho estaba pillando a Casey &#8220;yo nunca cometo errores&#8221; Stoner. Crees que el problema de los bandazos de la moto de Stoner antes de lo de la maneta del freno fue causado por la presion que le estaba metiendo Dovi? Y segundo, decir que me huele a caida de Stoner en las proximas carreras, por lo que aun le veo posibilidades a Jorge &#8211; tu que opinas? Un abrazo y gracias por tu dedicacion a este deporte.<\/p>\n<p>R.- El bandado de Stoner sucede en plena aceleraci\u00f3n y a saber la raz\u00f3n real por la que es. \u00c9l se da cuenta r\u00e1pido de que las pastillas de freno se le abren y por eso se pone a bombear el freno, llegando a clavar la rueda delantera, y levantando la trasera, cuando vuelve a fucionar, pero ya entra colado en la siguiente curva. En cuanto a lo de la ca\u00edda, yo eso no se lo deseo a nadie, a ning\u00fan piloto. Lo que s\u00ed te digo es que en este deporte hasta el rabo todo es toro&#8230; \u00bfQui\u00e9n nos iba a decir hace unos a\u00f1os que \u00edbamos a celebrar un Mundial de Checa?<\/p>\n<p>P.- como se encuentra gadea?<\/p>\n<p>R.- Gadea va mejorando. No me llega mucha informaci\u00f3n, pero ayer ya estaba fuera de peligro. Le tocar\u00e1 pasarse un par de semanitas de reposo. Espera, que llamo a Pablo Nieto y te cuento m\u00e1s&#8230; (Cinco minutos despu\u00e9s). Acabo de hablar con Pablete, que estaba a punto de meterse en la cama y me dice que Sergio se encuentra estable, aunque el bazo a\u00fan sangra, y confirma que tendr\u00e1 que pasar all\u00ed dos semanitas, pero seguro que se le har\u00e1n m\u00e1s leves al llegar sus padres anoche para estar a su lado.<\/p>\n<p>P.- Buenas Mela.Hoy como escribes en tu cr\u00f3nica,nos ha tocado ver la otra versi\u00f3n de Marc,la de la madurez,que hasta ahora ten\u00edamos dudas,ya no.\u00bfFavorecen a Marc los circuitos que quedan,como \u00e9l manifest\u00f3,diciendo que le gustan m\u00e1s?Respecto a la calculadora;\u00bfQue hacemos en las carreras,salir a tope,valorar como va Bradl,que nos importe un pimiento&#8230;???Una de pitoniso;\u00bfD\u00f3nde crees que se proclamar\u00e1 campe\u00f3n Marc,y si lo tienes seguro, o te d\u00e1 v\u00e9rtigo, ahora que la presi\u00f3n pasa a la acera de Marc?<\/p>\n<p>R.- Los circuitos que vienen se le dan muy bien a M\u00e1rquez. El a\u00f1o pasado ya gan\u00f3 en Jap\u00f3n, Australia y Malaisia. Yo le veo campe\u00f3n, seguro, si no pasa nada extra\u00f1o, y tendr\u00eda que serlo en Valencia. Respecto al planteamiento, ha llegado el momento de pensar ante todo en el campeonato. Ahora las victorias importan mucho menos que el t\u00edtulo. Y sobre la presi\u00f3n&#8230; este chaval no sabe qu\u00e9 es eso de la presi\u00f3n. No le entrar\u00e1 v\u00e9rtigo.<\/p>\n<p>P.- Mela!! Gran pillada a los Simoncelli, Dovi y Crutchlow \u00bfEs justa su sanci\u00f3n o por salir y parar no se debe sancionar? gracias eres un crack<\/p>\n<p>R.- La sanci\u00f3n es justa desde el momento en el que hay un reglamento que dice que eso no se puede hacer. Otra cosa es el beneficio que se saque, en este caso ninguno, porque pararon y salieron a la vez que los dem\u00e1s&#8230;<\/p>\n<p>P.- Stoner es humano y falla \u00bfEs a esto a todo lo que confia Jorge para la remontada? gracias<\/p>\n<p>R.- Por desgracia, as\u00ed es. Creo que confiamos nosotros m\u00e1s en la remontada de Lorenzo que el propio Lorenzo.<\/p>\n<p>P.- Hola Mela!! Checa Campe\u00f3n \u00bfQu\u00e9 sensaciones tiene ahora el Toro? \u00bfLa pr\u00f3xima temporada llevar\u00e1 el 1 o el 7? gracias<\/p>\n<p>R.- Ayer habl\u00e9 con \u00e9l, para las declaraciones del AS de hoy y para una entrevista m\u00e1s larga que publicar\u00e9 en el futuro. Llevar\u00e1 el uno. Ha peleado muchos a\u00f1os por algo as\u00ed y no va a dejar pasar esa oportunidad. Estaba felic\u00edsimo, pero con los pies en el suelo, sin locuras.<\/p>\n<p>P.- Mela!! \u00bfQu\u00e9 te pareci\u00f3 la retransmisi\u00f3n de TVE? \u00bfC\u00f3mo calificar\u00edas a Ernest Riveras? gracias<\/p>\n<p>R.- A m\u00ed Ernest Riveras me gusta y mi padre, que es el que se ve todas las carreras, me dice que le cae bien. De todos modos, el crack es Dennis Noyes. C\u00f3mo clav\u00f3 el t\u00edo al instante lo que le pas\u00f3 a Stoner. Espero que Telecinco le tenga el a\u00f1o que viene en su equipo.<\/p>\n","protected":false},"excerpt":{"rendered":"<p>El Mundial de Motociclismo visit\u00f3 Jap\u00f3n este pasado fin de semana con todos los pilotos echando el resto en una de las \u00faltimas pruebas del campeonato. Mela Ch\u00e9rcoles, especialista de Diario As en Motociclismo, ha repasado con vosotros todo lo ocurrido en el GP de Jap\u00f3n y el resto de la actualidad mundialista.<\/p>\n","protected":false},"author":1,"featured_media":0,"comment_status":"open","ping_status":"open","sticky":false,"template":"","format":"standard","meta":{"footnotes":""},"categories":[],"tags":[],"class_list":["post-9196","post","type-post","status-publish","format-standard","hentry"],"_links":{"self":[{"href":"https:\/\/intervius.com\/index.html\/wp-json\/wp\/v2\/posts\/9196","targetHints":{"allow":["GET"]}}],"collection":[{"href":"https:\/\/intervius.com\/index.html\/wp-json\/wp\/v2\/posts"}],"about":[{"href":"https:\/\/intervius.com\/index.html\/wp-json\/wp\/v2\/types\/post"}],"author":[{"embeddable":true,"href":"https:\/\/intervius.com\/index.html\/wp-json\/wp\/v2\/users\/1"}],"replies":[{"embeddable":true,"href":"https:\/\/intervius.com\/index.html\/wp-json\/wp\/v2\/comments?post=9196"}],"version-history":[{"count":0,"href":"https:\/\/intervius.com\/index.html\/wp-json\/wp\/v2\/posts\/9196\/revisions"}],"wp:attachment":[{"href":"https:\/\/intervius.com\/index.html\/wp-json\/wp\/v2\/media?parent=9196"}],"wp:term":[{"taxonomy":"category","embeddable":true,"href":"https:\/\/intervius.com\/index.html\/wp-json\/wp\/v2\/categories?post=9196"},{"taxonomy":"post_tag","embeddable":true,"href":"https:\/\/intervius.com\/index.html\/wp-json\/wp\/v2\/tags?post=9196"}],"curies":[{"name":"wp","href":"https:\/\/api.w.org\/{rel}","templated":true}]}}