{"id":9191,"date":"2011-10-06T00:00:00","date_gmt":"2006-11-06T00:00:00","guid":{"rendered":"https:\/\/intervius.com\/index.html\/?p=9191"},"modified":"2006-11-06T00:00:00","modified_gmt":"2006-11-06T00:00:00","slug":"Enrique_Krauze9191","status":"publish","type":"post","link":"https:\/\/intervius.com\/index.html\/Enrique_Krauze9191\/","title":{"rendered":"Enrique Krauze"},"content":{"rendered":"<p>Pregunta.- SR Krauze, \u00bfQu\u00e9 diablos ocurre para que intelelectuales que coquetearon con el horror de Camboya,Urrss, Albania, China, etc, pudan tachar de reaccionarios a defensores de los derechos civiles, como usted, Vargas,Paz,Savater&#8230;?.Lo de Francia es incomprensible cuando uno lee la lista de los nuevos reaccionarios&#8230;Gracias.<\/p>\n<p>Respuesta.- Se trata, como explico en mi libro, de un dogmatismo y de un fanatismo de ra\u00edz religiosa, impermeable a cualquier evidencia emp\u00edrica. Ha sido siempre as\u00ed y siempre ser\u00e1, pero el partido de la libertad va avanzando, no tenga duda.<\/p>\n<p>P.- \u00bfEs optimista con respecto a Latinoam\u00e9rica? \u00bfCree que funcionar\u00e1 alg\u00fan d\u00eda como lo hacen las democracias europeas?<\/p>\n<p>R.- Moderadamente optimista. El peso del caudillismo, del dogmatismo, del estatismo y de muchos otros &#8220;ismos&#8221; es muy grande, pero en veinte a\u00f1os de democracia, la regi\u00f3n ha construido mucho. Apuesto a que en los pr\u00f3ximos veinte a\u00f1os construir\u00e1 m\u00e1s y mejor.<\/p>\n<p>P.- Doctor Krauze, \u00bfqu\u00e9 opini\u00f3n tiene sobre la visi\u00f3n rom\u00e1ntica y la empat\u00eda de muchos europeos sobre el levantamiento armado zapatista? \u00bfEl EZLN es un mito revolucionario contempor\u00e1neo? Reciba un gran saludo.<\/p>\n<p>R.- Europa mitiga sus culpas colonialistas idealizando las revoluciones en el Tercer Mundo. En el caso zapatista, pienso, sin embargo, que se trat\u00f3 de un movimiento m\u00e1s civil que violento y que, parad\u00f3jicamente, cataliz\u00f3 el cambio democr\u00e1tico en M\u00e9xico.<\/p>\n<p>P.- Si la propia poblaci\u00f3n, a trav\u00e9s del voto, respalda a los caudillos mesi\u00e1nicos, c\u00f3mo combatir\u00eda usted los llamados &#8220;autoritarismos competitvos&#8221; o &#8220;semidemocracias&#8221; imperantes en pa\u00edses como Bolivia y Venezuela si la propia poblaci\u00f3n est\u00e1 a favor de dichos gobiernos y sus mecanismos?<\/p>\n<p>R.- Como est\u00e1 haciendo, con grandes dificultades, la oposici\u00f3n en Venezuela: organizaci\u00f3n, unidad, protesta civil, claridad de miras y, a fin de cuentas, enfermo o no, Ch\u00e1vez muy probablemente saldr\u00e1 del poder.<\/p>\n<p>P.- \u00bfNo le parece una exageraci\u00f3n de su parte considerar a Vargas Llosa, tan reaccionario, como sucesor de Octavio Paz como lider de los liberales latinoamericanos? <\/p>\n<p>R.- La palabra reaccionario que usted utiliza es un adjetivo de descalificaci\u00f3n, no una descripci\u00f3n. El liberalismo de Vargas Llosa ha sido un contrapeso fundamental a los autoritarismos de derecha y de izquierda en Am\u00e9rica Latina.<\/p>\n<p>P.- Buenas tardes, se\u00f1or Enrique Krauze. \u00bfPiensa que puede haber democracia en este sistema, que, a nivel global, y nacional cada vez produce m\u00e1s desigualdad? Y, ojo, no estoy pensando en que no pueda haber democracia en el capitalismo, pero si que \u00e9ste debe ser un capitalismo keynesiano, como de hecho lo fue durante 30 a\u00f1os. <\/p>\n<p>R.- Estamos viviendo, en efecto, tiempos de correcci\u00f3n a los modelos econ\u00f3micos y una redefinici\u00f3n, a mi juicio positiva, del papel del Estado. Pero la esencia de la democracia, sus libertades, sus derechos, me parece que requieren muy poca redefinici\u00f3n.<\/p>\n<p>P.- \u00bfPor qu\u00e9 la idea redentorista ha tenido m\u00e1s importancia en Am\u00e9rica Latina que en otros lugares?<\/p>\n<p>R.- Lo explico en mi libro. El trasfondo cat\u00f3lico, tanto en su vertiente teol\u00f3gica, eclesial, como misionera, pesa mucho como premisa cultural en la vida pol\u00edtica de nuestros pa\u00edses. Si a eso a\u00fana el culto del caudillo sacralizado por una doctrina, tiene usted la f\u00f3rmula perfecta para el redentorismo hist\u00f3rico.<\/p>\n<p>P.- Saludos. \u00bfCu\u00e1les son los cuatro o cinco pensadores liberales fundamentales que hay que leer hoy, m\u00e1s all\u00e1 de los cl\u00e1sicos Hayek, Berlin, etc.? Felicidades por su revista y por su obra. Gracias.<\/p>\n<p>R.- Octavio Paz, Vargas Llosa y otros cl\u00e1sicos como George Orwell, para m\u00ed el favorito porque vincul\u00f3 lo mejor del socialismo con lo mejor del liberalismo.<\/p>\n<p>P.- \u00bfEs realmente un error el combatir el narco como lo hace el presidente Calder\u00f3n? En todo caso \u00bfcual es una mejor alternativa para acabr con ello?<\/p>\n<p>R.- A la respuesta anterior quisiera a\u00f1adir Amartya Ser. Su estrategia puso un \u00e9nfasis total en el aspecto militar, pero es importante complementarla con varias v\u00edas: modernizaci\u00f3n jur\u00eddica, profesionalizaci\u00f3n de las c\u00e1rceles, control de las aduanas, persecuci\u00f3n del lavado de dinero, una diplomacia m\u00e1s agresiva frente a Estados Unidos y varias m\u00e1s.<\/p>\n<p>P.- Despu\u00e9s del de la revoluci\u00f3n y el comunismo, \u00bfcu\u00e1l ser\u00e1 el nuevo mito de muchos intelectuales? \u00bfO habr\u00e1n asimilado la tr\u00e1gica lecci\u00f3n?<\/p>\n<p>R.- En una porci\u00f3n importante, no la han asimilado. Por lo visto, es dif\u00edcil vivir sin mitos. Pero conf\u00edo que la dificultad de construir una sociedad decente nos tenga suficientemente ocupados como para olvidarnos por un tiempo del hambre de los mitos.<\/p>\n<p>P.- Me intriga su conducta. En tiempos del pri, Su lenguaje siempre fue laudatorio para el sistema, lo vi acomodaticio con las circunstancias. Pareciera que servir al r\u00e9gimen era su criterio. \u00bfQu\u00e9 tan equivocado estoy?<\/p>\n<p>R.- Completamente equivocado. Fui el primero en proponer la democracia sin adjetivos en 1983. Critiqu\u00e9 a L\u00f3pez Portillo, a De LA Madrid, a Salinas y a Zedillo. Mis textos est\u00e1n reunidos en el libro &#8220;Tarea pol\u00edtica&#8221; de Tusquets. Si usted los lee, ver\u00e1 a qu\u00e9 grado est\u00e1 usted equivocado. SAludos.<\/p>\n<p>P.- \u00bfSera cierto en Hispanomaerica el dicho de Carlyle de que &#8220;La democracia es la desesperaci\u00f3n de no encontrar h\u00e9roes que nos dirijan?. Desde comienzos del s.XIX estos pueblos hispanos buscan h\u00e9roes que los dirijan y mientras tanto lo unico que tienen son democracias d\u00e9biles. Desde comienzos del XIX Hispanoamerica busca sus h\u00e9roes. Los h\u00e9roes nuevos subyugan con indigenismo, socialismo y comunismo, a veces ensangrentando las sociedades que pretenden redimir. \u00bfEs ese el drama de Hispanoamerica?<\/p>\n<p>R.- Su tesis es justamente la que yo desarrollo en mi libro &#8220;Redentores&#8221;. Qu\u00e9 bueno que estemos de acuerdo. Gracias.<\/p>\n<p>P.- No creo que tengan v\u00e1lidez sus comentarios, ya que ambos se han subordinado a los se\u00f1ores del d\u00ednero\u00bf Realmente es un mito que los latinoam\u00e9ricanos necesit\u00e1bamos cambiar a los gobiernos, igual que ahora el resto del mundo?<\/p>\n<p>R.- Jam\u00e1s me he subordinado al dinero ni al poder. Usted me confunde con otros intelectuales. Si usted tiene pruebas en contrario, exh\u00edbalas ahora.<\/p>\n<p>P.- Doctor Krauze, \u00bfle parece que la izquierda mexicana est\u00e1 estancada? \u00bfEbrard representa el candidato de izquierda moderna o tiene ra\u00edces pri\u00edstas revolucionarias?<\/p>\n<p>R.- Si juzgamos por su desempe\u00f1o como jefe de gobierno, me parece indudable que Ebrard s\u00ed representa la izquierda moderna por la que esperamos votar muchos mexicanos.<\/p>\n<p>P.- \u00bfC\u00f3mo califica la estrategia de EUA contra el uso de drogas ilegales y los grupos de narcotraficantes, incluso dot\u00e1ndolos de armamento poderoso como muestra la fallida operaci\u00f3n &#8220;r\u00e1pido y furioso&#8221;? El consumo de drogas no ha bajado, el precio de las drogas ha aumentado, la pureza disminuido. Sabemos que hasta ahora ning\u00fan pa\u00eds ha vencido el trafico de drogas ilegales. \u00bfNo es una contradicci\u00f3n estar en contra de los narcogrupos, pero por otro lado lavar su dinero y aceptar su dinero?<\/p>\n<p>R.- Estados Unidos, como se ha comprobado, permiti\u00f3 el lavado de centenares de millones de d\u00f3lares en el banco Wachovia en 2004. Usted tiene raz\u00f3n. Son unos hip\u00f3critas.<\/p>\n<p>P.- El venezolano Luis Castro Leiva, uno de los intelectuales que con m\u00e1s tino a desarmado el &#8220;pensamiento bolivariano&#8221;, mostr\u00f3 los v\u00ednculos que \u00e9ste tiene con cierto pensamiento republicano cl\u00e1sico. Me pregunto si podr\u00eda pensarse si este lenguaje pol\u00edtico, muy latinoamericano, es el terreno perfecto para propiciar los gobiernos autoritarios, caudillistas y comunistas&#8230;.<\/p>\n<p>R.- Creo que Bol\u00edvar, en su origen, en su esencia, era un republicano cl\u00e1sico, y por eso ver\u00eda con horror la distorsi\u00f3n ideol\u00f3gica y la caricatura que ha hecho de \u00e9l y de su pensamiento Hugo Ch\u00e1vez.<\/p>\n<p>P.- Enrique, muchas felicidades por dirigir magnificamente la revista letras libres, por otra parte me gustar\u00eda saber tu opini\u00f3n sobre la literatura de Mart\u00ed, Garc\u00eda M\u00e1rquez y Vargas llosa. saludos<\/p>\n<p>R.- Mart\u00ed es un extraordinario poeta y periodista. Su coraz\u00f3n, que era enorme, igualaba a su inteligencia. Garc\u00eda M\u00e1rquez es un novelista admirable a quien reprocho su subordinaci\u00f3n a Fidel Castro. De Vargas Llosa pienso que las dos palabras que signan la revista que dirijo encarnan en cada l\u00ednea de su obra: &#8220;Letras libres&#8221;.<\/p>\n<p>P.- Tal vez m\u00e1s de una pregunta \u00bfpor qu\u00e9 M\u00e9xico, al menos sus pol\u00edticos, llegan siempre tarde al &#8220;banquete de la modernidad&#8221;,como lo llamaba Paz? En el mismo sentido, los pol\u00edticos mexicanos parecen inmunes a los cambios que ocurren en el mundo, parecen tener un tefl\u00f3n especial, mientras en pa\u00edses desarrollados renuncia por un hecho aparentemente deleznable, en M\u00e9xico Mar\u00edn o Ruiz, son arropados por el PRI, no se diga un Fox que no ve la corrupci\u00f3n en su clan \u00bftiene que ver el catolicismo en esto?<\/p>\n<p>R.- No. Es una herencia de setenta a\u00f1os de hegemon\u00eda pol\u00edtica que conden\u00f3 al pa\u00eds a la irresponsabilidad y a una suerte de adolescencia f\u00f3sil en la que nadie era responsable. Pero estamos aprendiendo.<\/p>\n<p>P.- Oiga, soy gran admirador de Hern\u00e1n Cort\u00e9s. \u00bfque me podr\u00eda decir de el desde la otra orilla?<\/p>\n<p>R.- Que tiene raz\u00f3n en admirarlo. Pero que m\u00e1s que admirarlo, o de turparlo, debemos conocerlo. La obra Hugh Thomas y de Jos\u00e9 Luis Mart\u00ednez nos acerca a ese hombre complejo, medieval, cl\u00e1sico, renacentista, iluminado y cruel, que fue Cort\u00e9s.<\/p>\n<p>P.- \u00bfSigue teniendo buenas relaciones con Carlos Fuentes?<\/p>\n<p>R.- Nunca tuve relaciones con Carlos Fuentes. Lo vi una vez en mi vida, en 1984, y eso es todo.<\/p>\n<p>P.- En Espa\u00f1a hay una visi\u00f3n muy clara (y muy cr\u00edtica) de Hugo Ch\u00e1vez por parte de la izquierda. La izquierda brit\u00e1nica, sin embargo, lo adora. Mi teor\u00eda es que aqu\u00ed existe el equivalente franquista, mientras que en Inglaterra no han tenido caudillos desde Cromwell. \u00bfCree que es as\u00ed?<\/p>\n<p>R.- Absolutamente. No resistir\u00edan a un Hugo Ch\u00e1vez interno ni medio minuto. Pero usted est\u00e1 hablando de cierta izquierda brit\u00e1nica que, aunque culta, es muy fan\u00e1tica y marginal.<\/p>\n<p>P.- Habiendo le\u00eddo el art\u00edculo sobre la herej\u00eda de Paz, \u00bfhay alguien que conmocione los movimientos de izquierda y derecha en M\u00e9xico con su critica como lo hac\u00eda Paz? \u00bfSer\u00e1 que la izquierda como tal se devor\u00f3 a si misma? Saludos.<\/p>\n<p>R.- Paz era irrepetible. Pero existimos algunos escritores que nos empe\u00f1amos en debatir con intensidad y con respeto con esas mismas corrientes de izquierda que han cambiado poco en los \u00faltimos treinta a\u00f1os.<\/p>\n<p>P.- Su analisis en Redentores es s\u00famamente l\u00facido. Parodiando a Joaquin Costa&#8230;. \u00bfVenezuela le echar\u00e1 alguna vez la llave al sepulcro de Bolivar?<\/p>\n<p>R.- Tan pronto salga Hugo Ch\u00e1vez, Venezuela se reconciliar\u00e1 con el Bol\u00edvar hist\u00f3rico, no con el m\u00edtico. Y volver\u00e1 al buen cauce en que la dej\u00f3 R\u00f3mulo Betancourt.<\/p>\n<p>P.- Con el nacimiento de la democracia -en Centroam\u00e9rica- nacen los pol\u00edticos. Todos llegamos a respetarla, nos acercaba a Europa a Francia con su revolucion incomparable. Nos permit\u00eda so\u00f1ar en algo m\u00e1s grande, m\u00e1s equitativo, m\u00e1s justo. Los pol\u00edticos nos defraudaron y ya van mil veces. Reci\u00e9n presenciamos todos con la boca abierta, como estos pol\u00edticos ejercian un golpe de estado democr\u00e1tico. \u00bfC\u00f3mo podemos nuevamente creer?<\/p>\n<p>R.- El problema no es de la democracia, sino de los pol\u00edticos y tambi\u00e9n de los ciudadanos que debemos participar intensamente en la vida social y en la vida p\u00fablica. Con pasividad ciudadana, las democracias se asfixian.<\/p>\n<p>P.- \u00bfA qu\u00e9 le podemos llamar revoluci\u00f3n (o cambio de sistema de gobierno) hoy en dia en donde se ha globalizado el circo y estamos perdiendo el pan?<\/p>\n<p>R.- La palabra &#8220;revoluci\u00f3n&#8221; ha perdido claridad. Por eso prefiero hablar de reformas. Para multiplicar el pan y el empleo, hacen falta reformas, como la dolorosa reforma laboral que sin embargo es muy necesaria.<\/p>\n<p>P.- \u00bfEs dificil para una revista sobrevivir en el siglo XXI? <\/p>\n<p>R.- Desde luego que s\u00ed. Hay que trabajar dentro de las limitaciones financieras y de mercado, pero la pasi\u00f3n siempre ayuda.<\/p>\n<p>P.- \u00bfC\u00f3mo se percibe la crisis europea desde M\u00e9xico?<\/p>\n<p>R.- M\u00e9xico est\u00e1 tan obsesionado con sus propios males, y con raz\u00f3n, que apenas tiene el tiempo de voltear hacia fuera.<\/p>\n<p>P.- &#8220;Europa mitiga sus culpas colonialistas idealizando las revoluciones en el Tercer Mundo.&#8221; \u00bfHasta cu\u00e1ndo esta acusaci\u00f3n a los europeos? Al fin y al cabo, fueron sus abuelos los que se quedaron en Am\u00e9rica Latina, no los nuestros, que se quedaron en casa.<\/p>\n<p>R.- Mis abuelos salieron de Polonia para huir de la persecuci\u00f3n nazi. Todos sus familiares murieron en campos de concentraci\u00f3n. Por lo que usted ve, no tengo predisposiciones gen\u00e9ticas. Pero s\u00ed creo que en Italia, en Espa\u00f1a y en Francia hay una tendencia a la idealizaci\u00f3n revolucionaria y me la explico como una compensaci\u00f3n de culpas coloniales. Por otro lado, aprecio mucho la obra de Espa\u00f1a en Am\u00e9rica. Como ve, una visi\u00f3n compleja. Como compleja es la realidad.<\/p>\n<p>P.- \u00bfQu\u00e9 pregunta le gustar\u00eda que le respondiera hoy en d\u00eda Octavio Paz, si estuviera aqu\u00ed para formul\u00e1rsela? <\/p>\n<p>R.- \u00bfSe reconcili\u00f3 en alg\u00fan momento ante la presencia de la muerte?<\/p>\n<p>P.- La comunidad jud\u00eda en M\u00e9xico le tiene mucho aprecio por sus logros intelectuales. Pero en varios pa\u00edses, como en M\u00e9xico o en Espa\u00f1a, a\u00fan no es un asunto de orgullo expresar p\u00fablicamente esta afiliaci\u00f3n religiosa. \u00bfQueda a\u00fan alg\u00fan trecho largo para erradicar el antisemitismo iberoamericano?<\/p>\n<p>R.- La comunidad jud\u00eda en M\u00e9xico le tiene mucho aprecio por sus logros intelectuales. Pero en varios pa\u00edses, como en M\u00e9xico o en Espa\u00f1a, a\u00fan no es un asunto de orgullo expresar p\u00fablicamente esta afiliaci\u00f3n religiosa. \u00bfQueda a\u00fan alg\u00fan trecho largo para erradicar el antisemitismo iberoamericano?<\/p>\n<p>P.- \u00bfY encuentra que Espa\u00f1a y Europa est\u00e1n tan ensimismadas como M\u00e9xico en sus propios problemas?<\/p>\n<p>R.- No. Porque Europa est\u00e1 buscando salvar a una pluralidad de pa\u00edses. M\u00e9xico est\u00e1 buscando salvarse a s\u00ed mismo. Despu\u00e9s de siete d\u00e9cadas de paz, una d\u00e9cada de terrible violencia a la que no est\u00e1bamos acostumbrados. M\u00e1s que ensimismamiento, vivimos un estado de shock.<\/p>\n<p>P.- Doctor Krauze, En \u00bfconsidera que esta en peligro la joven democracia en M\u00e9xico debido a factores como el narco o al Instituto Federal Electoral debilitado?<\/p>\n<p>R.- Son peligros distintos. El narco y el crimen son el primer enemigo de la democracia. Ojal\u00e1 el IFE reintegre su cuerpo completo y vuelva a ser el Instituto respetado que fue en su fundaci\u00f3n.<\/p>\n<p>P.- \u00bfCrees que Letras Libres va a perder el litigio que tiene en tribunales mexicanos con la Jornada? De ser as\u00ed, \u00bfc\u00f3mo afectar\u00eda a tu publicaci\u00f3n?<\/p>\n<p>R.- La decisi\u00f3n est\u00e1 en manos de la Suprema Corte. La publicaci\u00f3n seguir\u00e1 con toda normalidad gane o pierda el litigio. Y yo, como he prometido p\u00fablicamente, en cualquier caso tender\u00e9 la mano a La Jornada para abrir una nueva \u00e9poca de di\u00e1logo y respeto.<\/p>\n<p>P.- Se\u00f1or Krauze, soy un seguidor de Letras Libres, desde Guatemala. Le preguntan mucho sobre la derecha, pero cu\u00e1l es su opini\u00f3n sobre la derecha latinoamericana, en especial una como la guatemalteca, que se niega a pagar impuestos en un pa\u00eds cuya desigualdad es la segunda m\u00e1s grande de Am\u00e9rica Latina.<\/p>\n<p>R.- Inadmisible. Vergonzoso. Todos estos y m\u00e1s adjetivos. Tan lamentable es el historial de la izquierda autoritaria como el de la derecha privilegiada y militarista.<\/p>\n<p>P.- \u00bfPor qu\u00e9 , en toda Europa, las mentes progresistas son tan condescendientes con un proyecto de dictadura tan delirante como la de Daniel Ortega en Nicaragua, apoyado en el pacto con el corrupto Arnoldo Alem\u00e1n y el Cardenal Obando? \u00bfEs que nadie ve lo que est\u00e1 pasando en Nicaragua o es que como es un peque\u00f1o pa\u00eds a nadie importa?<\/p>\n<p>R.- Hay una idealizaci\u00f3n irresponsable en Europa sobre los movimientos &#8220;progresistas&#8221; de Am\u00e9rica Latina. As\u00ed ocurri\u00f3 con el sandinismo. Lo que aplauden en Nicaragua no lo soportar\u00edan un minuto en sus propios pa\u00edses. Como dijo el escritor mexicano Gabriel Zaid, no les importa que corra la sangre siempre y cuando sea la de los otros.<\/p>\n<p>P.- No adscribirse a ideolog\u00edas cerradas es la mejor v\u00eda para verse sometido a cr\u00edticas, de un lado y de otro. Claros ejemplos son Paz y Vargas Llosa. Esa es en cierta medida la labor genuina y tan socr\u00e1tica de t\u00e1bano vigilante de los intelectuales, que Paz defiende en &#8220;El laberinto de la soledad&#8221;. Sin embargo, esto se complica en la actuaci\u00f3n pol\u00edtica, para empezar por la necesidad de adscribirse a un partido. \u00bfComparte, y en su caso, c<\/p>\n<p>R.- Yo he querido seguir en ese lugar inc\u00f3modo. No me he adscrito ni me adscribir\u00e9 a ning\u00fan partido y quiero creer que ese lugar inc\u00f3modo es el sitio mejor para un intelectual. La experiencia hasta ahora no me lo ha desmentido.<\/p>\n<p>P.- Me gustar\u00eda conocer su punto de vista sobre la realidad venezolana en este momento, a ra\u00edz de la enfermedad de Hugo Ch\u00e1vez. <\/p>\n<p>R.- Con la oposici\u00f3n unificada, y sin un partido s\u00f3lido que lo apoye, Hugo Ch\u00e1vez, sano o enfermo, con toda probabilidad, perder\u00e1 las elecciones el a\u00f1o que viene. Adem\u00e1s, el carisma no es transferible. De modo que si Ch\u00e1vez muere, el chavismo morir\u00e1 con \u00e9l.<\/p>\n","protected":false},"excerpt":{"rendered":"<p>El historiador, ensayista y editor mexicano dialogar\u00e1 sobre los intelectuales y el mito de la revoluci\u00f3n en Am\u00e9rica Latina. El director de la revista Letras libres celebra los diez a\u00f1os de la edici\u00f3n espa\u00f1ola y presenta su libro Redentores. Ideas y poder en Am\u00e9rica Latina, en el C\u00edrculo de Bellas Artes de Madrid, del 5 al 7 de octubre a las 19.30 horas. Krauze dialogar\u00e1 con Mario Vargas Llosa sobre Historia, literatura y democracia, el viernes a las 19.30 horas, en C\u00edrculo de Bellas Artes.<\/p>\n","protected":false},"author":1,"featured_media":0,"comment_status":"open","ping_status":"open","sticky":false,"template":"","format":"standard","meta":{"footnotes":""},"categories":[],"tags":[],"class_list":["post-9191","post","type-post","status-publish","format-standard","hentry"],"_links":{"self":[{"href":"https:\/\/intervius.com\/index.html\/wp-json\/wp\/v2\/posts\/9191","targetHints":{"allow":["GET"]}}],"collection":[{"href":"https:\/\/intervius.com\/index.html\/wp-json\/wp\/v2\/posts"}],"about":[{"href":"https:\/\/intervius.com\/index.html\/wp-json\/wp\/v2\/types\/post"}],"author":[{"embeddable":true,"href":"https:\/\/intervius.com\/index.html\/wp-json\/wp\/v2\/users\/1"}],"replies":[{"embeddable":true,"href":"https:\/\/intervius.com\/index.html\/wp-json\/wp\/v2\/comments?post=9191"}],"version-history":[{"count":0,"href":"https:\/\/intervius.com\/index.html\/wp-json\/wp\/v2\/posts\/9191\/revisions"}],"wp:attachment":[{"href":"https:\/\/intervius.com\/index.html\/wp-json\/wp\/v2\/media?parent=9191"}],"wp:term":[{"taxonomy":"category","embeddable":true,"href":"https:\/\/intervius.com\/index.html\/wp-json\/wp\/v2\/categories?post=9191"},{"taxonomy":"post_tag","embeddable":true,"href":"https:\/\/intervius.com\/index.html\/wp-json\/wp\/v2\/tags?post=9191"}],"curies":[{"name":"wp","href":"https:\/\/api.w.org\/{rel}","templated":true}]}}