{"id":9190,"date":"2009-11-26T00:00:00","date_gmt":"2006-11-06T00:00:00","guid":{"rendered":"https:\/\/intervius.com\/index.html\/?p=9190"},"modified":"2006-11-06T00:00:00","modified_gmt":"2006-11-06T00:00:00","slug":"Camilo_Abietar9190","status":"publish","type":"post","link":"https:\/\/intervius.com\/index.html\/Camilo_Abietar9190\/","title":{"rendered":"Camilo Abi\u00e9tar"},"content":{"rendered":"<p>Pregunta.- \u00bfCree adecudo un plan E para los aut\u00f3nomos centrado en dotar de liquidez a dicho colectivo?<\/p>\n<p>Respuesta.- Si, por supuesto, puesto que el mayor problema de los aut\u00f3nomos hoy en d\u00eda es de liquidez. Con un plan E exclusivamente para aut\u00f3nomos evitar\u00edamos el cierre de muchos negocios<\/p>\n<p>P.- \u00bfpor qu\u00e9 no se igualan los derechos del trabajador aut\u00f3nomo con los del regimen general?<\/p>\n<p>R.- Con la entrada en vigor del Estatuto del Trabajo Aut\u00f3nomo, queremos converger en prestaciones sociales con el r\u00e9gimen general y en ello estamos trabajando.<\/p>\n<p>P.- Buenos d\u00edas, \u00bfcree que las ayudas a los aut\u00f3nomos desempleados podr\u00edan derivar en un movimiento masivo de bajas para cobrar las ayudas mientras se espera a que pase el temporal?<\/p>\n<p>R.- Para un aut\u00f3nomo, lo menos rentable es dar de baja su negocio al no ser, por motivos insalvables, la prestaci\u00f3n por cese de actividad cuando est\u00e9 en vigor solamente es una ayuda para regularizar su vida laboral<\/p>\n<p>P.- Tengo 61 a\u00f1os y cotizando a la seguridad social durante 42 a\u00f1os y medio (27 A\u00d1OS EN UNA EMPRESA, Y 15 COMO AUTONOMO) y como soy mutualista (he cotizado desde 1964) me puedo jubilar por ley. Pero, como solo cojen los ultimos 15 a\u00f1os para sacar pension, me dan 629 euros. \u00bfY que pasa con los 27 a\u00f1os que he cotizado? \u00bfPorqu\u00e9 no toda mi vida laboral? \u00bfNo ser\u00eda lo correcto? Como Alemania, Francia, etc.<\/p>\n<p>R.- El sistema establecido solamente regogen los 15 \u00faltimos a\u00f1os de cotizaci\u00f3n, lo justo ser\u00eda como bien dice tener en cuenta toda la vida laboral.<\/p>\n<p>P.- Buenos d\u00edas se\u00f1or Abi\u00e9tar. \u00bfNo le parece que las cuant\u00edas aprobadas para el paro a los aut\u00f3nomos son m\u00e1s bien escasas? \u00bfNo deber\u00edan subir algo los tramos?<\/p>\n<p>R.- Las cuant\u00edas van acorde con nuestra cotizaci\u00f3n, si tenemos en cuenta que por un trabajador nuestro estamos cotizando el 40% de su salario base, nuestra cotizaci\u00f3n no llega al 25 %, por ello nuestra recomendaci\u00f3n es cotizar en la medida de lo posible, por una base superior, para poder tener una cuant\u00eda similar al r\u00e9gimen general, tambien estamos trabajando para que el periodo de prestaci\u00f3n sea lo mas ajustado al r\u00e9gimen general<\/p>\n<p>P.- \u00bfQu\u00e9 le parece el nuevo Fondo Estatal de Inversi\u00f3n Local? <\/p>\n<p>R.- El nuevo Fondo Estatal de Inversi\u00f3n Local, me parece una iniciativa bastante aceptable, sobretodo en el \u00e1mbito local, m\u00e1s concreto en los peque\u00f1os municipios, est\u00e1 sirviendo de mantenimiento de puestos de trabajo y generador de otros nuevos.<\/p>\n<p>P.- \u00bfQu\u00e9 ventajas tiene que un aut\u00f3nomo contrate a un familiar?<\/p>\n<p>R.- En la actualidad un aut\u00f3nomo solamente puede contratar en el r\u00e9gimen general a los hijos menores de 30 a\u00f1os, desde OPA estamos trabajando para que no haya cupo de edad en la contrataci\u00f3n de hijos y tambien poder contratar a los conyuges, pieza fundamental de nuestros negocios.<\/p>\n<p>P.- \u00bfLas ayudas que ha aprobado el Ejecutivo son suficientes? Falta algo? Gracias<\/p>\n<p>R.- Las ayudas adoptadas por el Gobierno de la Naci\u00f3n, ser\u00edan suficientes si verdaderamente cumpliesen el objetivo para \u00e9l qu\u00e9 se destinan, pero en la realidad no es as\u00ed. En dinero que deber\u00eda de llegar a la microempresa y aut\u00f3nomos no est\u00e1 llegando, el gobierno deber\u00eda actuar con urgencia para que las ayudas econ\u00f3micas llegasen.<\/p>\n<p>P.- Actualmente trabajo por cuenta ajena, estoy pensando darme de alta por cuenta propia, \u00bfes beneficioso? \u00bfO es mejor quedarme donde estoy?<\/p>\n<p>R.- Donde estas, ya sabes lo que tienes, mi consejo aunque no se cual es tu actividad, es que emprendas tu propio negocio, aunque los tiempos que corren no s\u00f3n los m\u00e1s propicios, pero es muy gratificante ser el jefe de tu trabajo.<\/p>\n<p>P.- Hola. He le\u00eddo que los aut\u00f3nomos podr\u00e1n cobrar esta especie de paro s\u00f3lo durante seis meses. Si un aut\u00f3nomo de unos 55 a\u00f1os pierde su negocio, cree que seis meses son suficientes para poder encontrar un empleo con esa edad? es un poco insuficiente no?<\/p>\n<p>R.- Teniendo en cuenta que hasta ahora el aut\u00f3nomo no ten\u00eda ningun tipo de prestaci\u00f3n por cese de actividad (desempleo de aut\u00f3nomos), estoy deacuerdo que la prestaci\u00f3n por cese de actividad que podr\u00e1 percibir el aut\u00f3nomo es reducida en tiempo y cantidad, sin embargo como primer paso debemos felicitarnos y seguir trabajando, como lo estamos haciendo para llegar a una equiparaci\u00f3n en tiempo y cantidad con el r\u00e9gimen general . <\/p>\n<p>P.- \u00bfQu\u00e9 opini\u00f3n le merece la inicativa de creaci\u00f3n detecho industrial para peque\u00f1os emprendedores facilitando el acceso a la misma mediante alquileres con opci\u00f3n a compra. Cree que hay mercado suficiente para generalizar esta medida en todas las areas industriales?<\/p>\n<p>R.- La iniciativa de crear naves industriales, para los emprendedores y aut\u00f3nomos, los cuales en la mayor\u00eda de los casos necesitan una superficie m\u00e1s reducida de lo comercial, creo que en todo suelo industrial deber\u00edan promover esos tipos de espacios. Puesto que existe una gran demanda al respecto.<\/p>\n<p>P.- Soy autonomo y abono a la Seguridad Social ,264,71? cada m\u00e9s. \u00bf Que he de hacer para poder cobrar el paro ,caso de que lo necesite ?<\/p>\n<p>R.- El decreto de cese de actividad, entrar\u00e1 en vigor el primer trimestre de 2010, a partir de ese momento deber\u00e1s de cotizar por esta prestaci\u00f3n, con un m\u00ednimo de 12 meses.<\/p>\n<p>P.- \u00bfPara cu\u00e1ndo la recuperaci\u00f3n o mejora definitiva de aquellos en r\u00e9gimen de aut\u00f3nomo?<\/p>\n<p>R.- La recuperaci\u00f3n tiene que pasar por la reactivaci\u00f3n del colectivo aut\u00f3nomo para que nuestra econom\u00eda empiece su recuperaci\u00f3n, para ello es necesario que las ayudas econ\u00f3micas lleguen a los aut\u00f3nomos y microempresa, sino se soluciona urgentemente el problema de liquidez en los aut\u00f3nomos dificilmente llegar\u00e1 la reactivaci\u00f3n econ\u00f3mica.<\/p>\n<p>P.- Cree que el personal que trabaja en los domicilios, tipo asistentas&#8230; se estan dando de alta en aut\u00f3nomos? <\/p>\n<p>R.- Hay personal que se d\u00e1 de alta en aut\u00f3nomos, pero el porcentaje de las personas que estan ejerciendo esta actividad sin ningun tipo cotizaci\u00f3n es bastante mayor.<\/p>\n<p>P.- Si un aut\u00f3nomo lleva m\u00e1s de un a\u00f1o con liquidaciones de iva y pagos fraccionados &#8220;sin actividad&#8221; y adem\u00e1s se ha dado de baja en el censo por la misma raz\u00f3n, sigue pagando aut\u00f3nomos con el sueldo de su esposa. tiene alguna psobilidad de cobrar paro, lleva cotizando 30 a\u00f1os.\u00bfpodriamos abonar los 13? x12del a\u00f1o que se precisa para cobrar el paro? En definitiva Que nos aconseja en esta situaci\u00f3n. Edad 53 a\u00f1os<\/p>\n<p>R.- El decreto de cese de actividad entrar\u00e1 en vigor en el primer trimestre de 2010, y a partir de su entrada es cuando el aut\u00f3nomo debe empezar a cotizar para la prestaci\u00f3n de cese de actividad necesitando m\u00ednimo 12 meses de cotizaci\u00f3n para acceder a la misma. Legalmente, para cotizar es necesario realizar una actividad. Si usted no realiza actividad alguna, puesto que sus liquidaciones son &#8220;sin actividad&#8221;, no podr\u00e1 cotizar. La opci\u00f3n a la que podr\u00eda acogerse ser\u00eda ser\u00eda suscribir un convenio especial con la Seguridad Social que le permite seguir cotizando hasta que usted se jubile, dependiendo de la edad.<\/p>\n<p>P.- Donde trabajaba quebraron,y los pagares de 4 meses, sorpresa, eran sin fondos, tema que po supuesto tengo en el juzgado pero que como bien se sabe es imposible de cobrar. Lo que me indigna es que a Hacienda si tengo que pagarle el IVA correspondiente a dichos pagares cuando es un dinero que ni he cobrado, \u00bfHay alguna manera de que me lo devuelvan? ya que ni he tenido salario, ni prestaciones, ni ayudad, solo pagos a la Hacienda P\u00fablia, pagos a un abogado y pensar que he trabajado gratis durante 4 meses.<\/p>\n<p>R.- Deber\u00eda solicitar a la AEAT la devoluci\u00f3n de ese IVA, siempre y cuando haya pasado un a\u00f1o de la interposicion de la demanda judicial.<\/p>\n<p>P.- \u00bfLe parece que la Ley de Economia sostenible va a beneficiar a los aut\u00f3nomos? Gracias<\/p>\n<p>R.- No tenemos todav\u00eda una valoraci\u00f3n en profundidad, pero en lo que todos los aut\u00f3nomos creemos, es que se debe producir un cambio productivo en nuestro pa\u00eds, dejando a un lado el crecimiento econ\u00f3mico que durante tanto tiempo se ha apostado (el ladrillo) y apostar por I+D+I, en nuestras empresas para que pueden ser competititvas y no deficitarias como lo s\u00f3n ahora.<\/p>\n","protected":false},"excerpt":{"rendered":"<p>El de los aut\u00f3nomos ha sido uno de los colectivos m\u00e1s da\u00f1ados por la crisis. Hace apenas unos d\u00edas, el Ejecutivo aprobaba ayudas a los aut\u00f3nomos desempleados. Camilo Abi\u00e9tar, presidente de la Organizaci\u00f3n de Profesionales y Aut\u00f3nomos (OPA), ha contestado a las preguntas de los internautas. <\/p>\n","protected":false},"author":1,"featured_media":0,"comment_status":"open","ping_status":"open","sticky":false,"template":"","format":"standard","meta":{"footnotes":""},"categories":[],"tags":[],"class_list":["post-9190","post","type-post","status-publish","format-standard","hentry"],"_links":{"self":[{"href":"https:\/\/intervius.com\/index.html\/wp-json\/wp\/v2\/posts\/9190","targetHints":{"allow":["GET"]}}],"collection":[{"href":"https:\/\/intervius.com\/index.html\/wp-json\/wp\/v2\/posts"}],"about":[{"href":"https:\/\/intervius.com\/index.html\/wp-json\/wp\/v2\/types\/post"}],"author":[{"embeddable":true,"href":"https:\/\/intervius.com\/index.html\/wp-json\/wp\/v2\/users\/1"}],"replies":[{"embeddable":true,"href":"https:\/\/intervius.com\/index.html\/wp-json\/wp\/v2\/comments?post=9190"}],"version-history":[{"count":0,"href":"https:\/\/intervius.com\/index.html\/wp-json\/wp\/v2\/posts\/9190\/revisions"}],"wp:attachment":[{"href":"https:\/\/intervius.com\/index.html\/wp-json\/wp\/v2\/media?parent=9190"}],"wp:term":[{"taxonomy":"category","embeddable":true,"href":"https:\/\/intervius.com\/index.html\/wp-json\/wp\/v2\/categories?post=9190"},{"taxonomy":"post_tag","embeddable":true,"href":"https:\/\/intervius.com\/index.html\/wp-json\/wp\/v2\/tags?post=9190"}],"curies":[{"name":"wp","href":"https:\/\/api.w.org\/{rel}","templated":true}]}}