{"id":9180,"date":"2011-10-05T00:00:00","date_gmt":"2006-11-06T00:00:00","guid":{"rendered":"https:\/\/intervius.com\/index.html\/?p=9180"},"modified":"2006-11-06T00:00:00","modified_gmt":"2006-11-06T00:00:00","slug":"Tomas_Roncero9180","status":"publish","type":"post","link":"https:\/\/intervius.com\/index.html\/Tomas_Roncero9180\/","title":{"rendered":"Tom\u00e1s Roncero"},"content":{"rendered":"<p>Pregunta.- Don Tom\u00e1s, \u00bfSahin para sustituir a Xabi Alonso? \u00bfEsa es la idea de Mourinho? Si es as\u00ed va a jugar lo mismo que Callej\u00f3n \u00bfno te parece? Gracias, figura.<\/p>\n<p>Respuesta.- Xabi Alonso y Marcelo no ten\u00edan suplente hasta ahora en la plantilla. Por eso vinieron Sahin y Coentrao. Claro que Sahin y Xabi pueden jugar juntos, pero Mou prefiere un constructor al lado de un perro de presa. Y no olvides que Xabi y Sahin son creadores los dos. Lo importante es que Sahin se cure bien y luego disfrutaremos de su talento. Es muy bueno, ya lo ver\u00e1s. <\/p>\n<p>P.- Tom\u00e1s, \u00bfpor qu\u00e9 Florentino es la diana a la que m\u00e1s tiran desde BArcelona? \u00bfEs que est\u00e1 hurgando en la Federaci\u00f3n? \u00bfEs que se est\u00e1 haciendo respetar de una vez? \u00bfPor qu\u00e9 sale ahora Pep quej\u00e1ndose de los \u00e1rbitros en una semana en la que no hay f\u00fatbol de clubes? \u00bfPor qu\u00e9 no se dice que contra el Levante nos quitaron los tres puntos? \u00bfEs una l\u00ednea de actuaci\u00f3n de la prensa del BArsa? El pastor Pep y sus corderitos no paran de balar. Y ya harta. Messi se tira en todos los partidos, y hay que sacarle tarjeta. Am\u00e9n de los escupitajos y balonazos al p\u00fablico. \u00bfQu\u00e9 an\u00e1lisis haces de todo esto?<\/p>\n<p>R.- Que en Barcelona llevan muy mal el asunto arbitral. Ellos saben que el Villarato existe y en su intimidad les averguenza, pero nunca podran reconocer la mayor. Por eso se han lanzado como locos a dar ca\u00f1a a los \u00e1rbitros por el penalti del El Molin\u00f3n. Por cierto que Alves tambi\u00e9n hizo un penalti como demostr\u00f3 el becario de Punto Pelota y de eso no dicen nada. <\/p>\n<p>P.- hola tomas que te parece esta alineacion en el bernabeu : casillas, ramos, varane,pepe,marcelo,xabi,kaka,cristiano,ozil,benzema e higuain ? quien los para ? <\/p>\n<p>R.- Suena muy bien amigo, pero falta Sahin y no s\u00e9 si \u00d6zil y Kak\u00e1 son compatibles juntos mucho tiempo. \u00d6zil se ve desplazado a la banda y no juega igual. En cualquier caso, equipazo amigo. <\/p>\n<p>P.- Hola Tomas. Soy del bar\u00e7a pero ya sabes que para la roja todos los clubs de espa\u00f1a vamos a una. Tengo 18 a\u00f1os, y el primer mundial que vi fue el de 2002. En aquel mundial aprendi a sentir que en la roja, todos los jugadores son de mi equipo. Y por eso salte cuando el gran casillas paro aquel penalty a irlanda o el gran raul metia goles a pares. Supongo que tu tambien te emocionarias con los cortes defensivos de puyol o la magia que empezaba a aparecer de xavi, no? Que bueno es esto de la roja. Por cierto, que hiciste cuando puyol metio contra alemania el gol de la semifinal del mundial 2010? un abrazo, maquina.<\/p>\n<p>R.- Cuando marc\u00f3 Puyol pegu\u00e9 un salto que casi llego al techo y di diez vivas por la madre que lo pari\u00f3. Espa\u00f1a est\u00e1 por encima de todo y para m\u00ed los jugadores del Bar\u00e7a cuando se ponen la Roja son gladiadores de mi ej\u00e9rcito. No hago distingos cuando Espa\u00f1a est\u00e1 por medio. Eso s\u00ed, Casillas es mi debilidad. Compr\u00e9ndelo, es mi portero de guardia y en el Madrid siempre hace milagros. Ese pie salvador con Robben en la final ser\u00e1 tan dif\u00edcil de olvidar como el gol de mi paisano Iniesta. \u00a1Viva Espa\u00f1a!<\/p>\n<p>P.- Tom\u00e1s,\u00bfno te parece vergonzosa la actitud de Mouri\u00f1o con Pedro Leon?, para un jugador espa\u00f1ol bueno que tenemos , nos lo echa a perder. Muchos madridistas NO queremos a ese entrenador. \u00bfQu\u00e9 opinas?<\/p>\n<p>R.- Que respeto todas las opiniones. Yo s\u00ed quiero a Mourinho, pero eso no quita que cuando se equivoca lo refleje en mis opiniones. Yo creo que con Pedro Le\u00f3n no tuvo sinton\u00eda en ning\u00fan momento y que tambi\u00e9n Pedro pudo equivocarse en alguna actitud en alg\u00fan entrenamiento. Los dos se equivocaron porque es un buen futbolista y espa\u00f1ol. Pero el tema no ten\u00eda soluci\u00f3n porque el enfrenteamiento era personal. Pero yo s\u00ed quiero a Mou, te reitero amigo. <\/p>\n<p>P.- Tomas, he leido la cronica del \u00faltimo partido del Castilla y los primeros 15 debieron de ser flipantes cebandose el arbitro con el filial: pitan en contra un penalti muy dudoso, expulsan a un jugador y al entrenador..\u00bfNo dicen nada desde el club, aunque se trate del filial?<\/p>\n<p>R.- Se est\u00e1n cebando con los chavales. El Villarato se curte desde las categor\u00edas inferiores y no respetan nada que lleve el escudo blanco. Toril y sus chicos no se merecen este trato. Lamentable. <\/p>\n<p>P.- Roncero!! enorme el reportaje de Cristiano con los chavales discapacitados, Cristiano es un tipo grande y generoso, por qu\u00e9 la prensa sobre todo de barcelona se empe\u00f1a en ensuciar esa imagen!?? Gracias por el reportaje, como madridista y persona me ha emocionado. Enorme Tom\u00e1s! Un abrazo!<\/p>\n<p>R.- Gracias de coraz\u00f3n. Cristiano es un chaval excepcional y es una pena que la gente s\u00f3lo conozca su imagen deportiva. Este reportaje le ha hecho mucho bien porque se ha visto claramente que el chico es una buena persona y con mucha sensibilidad. Cristiano merece la pena. OS LO DIGO YO. <\/p>\n<p>P.- Hola Tom\u00e1s. \u00bfCrees que alg\u00fan d\u00eda los cul\u00e9s dejar\u00e1n de lado su victimismo mal entendido? Eres el mejor<\/p>\n<p>R.- Imposible amigo. Ellos s\u00f3lo quieren ganar pensando en que tumban al Madrid. Por eso apenas celebraron la final con el Manchester. Si el rival es otro su euforia se aplaca. S\u00f3lo viven para ganarle al Madrid, eso nos hace m\u00e1s fuertes todav\u00eda. <\/p>\n<p>P.- Roncero crack!!! no piensas que las palabras de guardiola sobre los penaltis a messi son una excusa y unaxs quejas arbitrales? \u00bfpor qu\u00e9 a \u00e9l no se le demoniza como a Mou? un saludo!!<\/p>\n<p>R.- Guardiola ha utilizado esta estrategia para presionar los pr\u00f3ximos arbitrajes y forzar a los colegiados a pitar penalti sobre Messi en caso de duda. Es muy listo. Estrategia pura y dura. El problema es que si lo hace Mourinho le machacan. Doble moral. <\/p>\n<p>P.- Hola gran Roncero! mi pregunta es de baloncesto, como ves al equipo?estuvimos a puntito de ganarle a esa farsa de Bar\u00e7a hace nada, si llega a estar Rudy no se habrian escapado, lo malo es cuando se tenga que ir.. que pena amigo!<\/p>\n<p>R.- Laso tiene las ideas claras y los fichajes son muy buenos los tres. Cuando est\u00e9 Rudy recuperado de la lesi\u00f3n de espalda, este Madrid nos va a hacer so\u00f1ar. <\/p>\n<p>P.- Los cantos contra puerta, es el frente atl\u00e9tico el culpable?, seg\u00fan Manolete es la mejor afici\u00f3n del pa\u00eds,&#8230;.. y que no me diga que son 4 imb\u00e9ciles, no me vale, por que se escuch\u00f3 en en Afganist\u00e1n de lo fuerte que fue, fueron muchos, muchas voces. Lamentable.<\/p>\n<p>R.- Cualquier aficionado que recuerde a un muerto con esa falta de respeto se merecer\u00eda desterrarle de un campo de f\u00fatbol para los restos. Ese sector, aunque sea minoritario, tambi\u00e9n hace lo mismo con el pobre Juanito cada vez que hay un derbi con el Madrid. Mi amigo Cerezo debe atajar esto de ra\u00edz. Gente que no respeta ni a los muertos no merece estar en el bendito invento del f\u00fatbol. <\/p>\n<p>P.- Buenas Tomas,enhorabuena por el reportaje de Cristiano.Como dices ademas de guapo y rico*cari\u00f1oso*.Haber si aprenden algunas personas desde Can Bar\u00e7a.<\/p>\n<p>R.- Muchas gracias amigos por entender el esp\u00edritu del reportaje y poder conocer as\u00ed mejor al gran Cristiano. Viva la pe\u00f1a Campos de Mallorca. <\/p>\n<p>P.- Amigo Tomas: escribo para decirte que aunque soy cule hasta la medula, la verdad es que me caes bien por el amor que tienes por tu equipo&#8230;y por el sentido de humor que traes a las entrevistas digitales, Punto Pelota, y el debate que tienes con Manolete cada semana. Espero que la deportividad puede superar a la rivalidad en los clasicos que vendran este ano. Un saludo, amigo.<\/p>\n<p>R.- Gracias por tu fair play y estoy contigo en que la rivalidad no debe quitarnos el sentido del humor. No hay que dramatizar y despu\u00e9s de lo sucedido en los \u00faltimos cl\u00e1sicos hay que rebajar la tensi\u00f3n. Suerte y gracias por tu actitud constructiva. <\/p>\n<p>P.- Tom\u00e1s, m\u00f3jate! \u00bfPipita o Benzema? Solo uno de los dos puede ser titular&#8230; Personalmente pienso que Benzema aporta m\u00e1s al juego colectivo, pero Higua\u00edn es m\u00e1s goleador, as\u00ed que me quedo con Pipita&#8230;<\/p>\n<p>R.- Soy del Pipita, aunque me maravilla la evoluci\u00f3n de Benzema en estos \u00faltimos meses. Ojal\u00e1 puedan jugar los dos. Pero si s\u00f3lo hay sitio para uno, elegir\u00eda a Higua\u00edn. Es una de mis debilidades. <\/p>\n<p>P.- Hola, Tom\u00e1s. S\u00e9 que eres un apasionado de Falcao y que te gustar\u00eda tenerlo en el Madrid. \u00bfPero no crees que Benzema o Higuain pueden acercarse a su nivel? Muchas gracias. <\/p>\n<p>R.- Falcao le vengo siguiendo desde que fich\u00f3 por el Oporto y siempre me llam\u00f3 la atenci\u00f3n su capacidad rematadora, que en algunas cosas me recuerda a Hugo S\u00e1nchez. Eso no quita que yo quiero seguir contando con Higua\u00edn y Benzema, que son de lo mejor del mundo en su puesto. \u00a1No hay sitio para todos!<\/p>\n<p>P.- Buenos dias tomas, una pregunta: Crees que varane acabara siendo un grande en el madrid? porque pepe es un mal ejemplo para el no crees.<\/p>\n<p>R.- Varane tiene muy buena pinta y magn\u00edficas hechuras. Pero con 18 a\u00f1os cualquier conclusi\u00f3n ser\u00eda precip\u00ectada. Pepe es muy bueno y s\u00f3lo le falla a veces la cabeza. Pero como central es un valladar. A Varane hay que darle tiempo. No nos volvamos locos aigo. <\/p>\n<p>P.- Tom\u00e1s. No lo entiendo trat\u00e1ndose de un madridista como tu, como nosotros. \u00bfPor qu\u00e9 no defiendes a Mourinho como defendiste a Pellegrini, Juande o el mismo L\u00f3pez Caro? Explicate, Tom\u00e1s, no lo entiendo. <\/p>\n<p>R.- Veo que me confundes con otro Tom\u00e1s. Hay gente que me pregunta si Mou me paga bajo cuerda por defenderle en el 95% de lasa cosas que hace. Siento que te parezca insuficiente mi defensa amigo. Por cierto, L\u00f3pez Caro es el entrenador al que m\u00e1s duro le he dado en mi vida. Insisto, creo que te has confundio de periodista.<\/p>\n<p>P.- Entre futbo y baloncesto, el Barcelona ha ganado de los ultimos 27 titulos 23, mientras el Madrid ha ganado 1. \u00bfAlgo estaremos haciendo mal no?<\/p>\n<p>R.- Has hecho mal las cuentas. Hace s\u00f3lo tres a\u00f1os ganamos la Liga (pasillo del Bar\u00e7a incluido) y la Supercopa de Espa\u00f1a ante el Valencia. El Bar\u00e7a lleva dos a\u00f1os de dominio, pero no estamos muertos. <\/p>\n<p>P.- Gran Tom\u00e1s ando dando vueltas a un articulo propio &#8220;nacionalidad o talento&#8221; sobre la escacez de espa\u00f1oles titulares en el Madrid. Y me sale bastante equiparado, hay casos sangrantes como Mata o Negredo canteranos que se dejaron escapar, pero tambien los hay favorables al club, por que sinceramente Ozil por 12 millones es igual de bueno que Silva por 35&#8230; \u00bfque opinas?<\/p>\n<p>R.- No olvides que haga lo que haga el Madrid, siempre se le va a mirar con lupa. Lo de acabar el otro d\u00eda en Cornell\u00e0 con siete espa\u00f1oles es una gozada, pero entiendo que efectivamente \u00d6zil puede ser m\u00e1s rentable que Silva aunque el canario sea muy bueno. <\/p>\n<p>P.- Buenas Tom\u00e1s, \u00bfqu\u00e9 porcentaje del \u00e9xito de su equipo tiene Mourinho?\u00bfy Guardiola en el bar\u00e7a? Si los porcentajes son distintos, \u00bfpor qu\u00e9? Gracias.<\/p>\n<p>R.- Los dos tienen el 50%. La mitad del m\u00e9rito es de ellos y la mitad es de los jugadores. Nadie est\u00e1 por encima de nadie. <\/p>\n<p>P.- Tom\u00e1s, Neymar ya he empezado diciendo que es m\u00e1s guapo que CR7, lo cual es, a mi parecer, un detalle de que viene con el ego subido y que no aceptar\u00e1 no ser la m\u00e1xima estrella del firmamento. Creo que este fichaje no es bueno ni para el Madrid ni para el Bar\u00e7a, pues m\u00e1s all\u00e1 de sus innegables dotes futbol\u00edsticas, va a hacer explosionar la paz del vestuario en el que aterrice&#8230; \u00bfQu\u00e9 opinas?<\/p>\n<p>R.- Que es muy joven y habr\u00e1 que bajarle los humos, pero tiene un talento descomunal y si aqu\u00ed le controlan (con Mourinho es posible), estamos ante un futbolista de talla mundial. Pero entiendo tus dudas porque las tenemos todos. \u00bfSer\u00e1 un nuevo Robinho? Espero que no&#8230;<\/p>\n<p>P.- Muy buenas Tomas!! que grande eres, cuentame \u00bfcrees que cuando se recupere Sahin tendremos mas posesion de medio campo? yo creo que junto al boss Xabi Alonso haran una pareja perfecta, saludos desde tu pe\u00f1a de Albox!<\/p>\n<p>R.- Gracias por tus palabras. Es evidente que con Sahin ya no tendremos al bueno de Xabi sobreexplotado ech\u00e1ndole horas al no haber otro en la plantilla con ese nivel de elaboraci\u00f3n tan grande. Sahin ser\u00e1 muy bueno y cuando juegue, deslumbrar\u00e1 y nos olvidaremos de sus lesiones. El turco-alem\u00e1n le vendr\u00e1 muy bien al Madrid. <\/p>\n","protected":false},"excerpt":{"rendered":"<p>Tom\u00e1s Roncero ha charlado con los internautas sobre la actualidad del conjunto presidido por Florentino P\u00e9rez. Mientras la situaci\u00f3n del equipo en Liga y Champions marca la actualidad futbolera, la secci\u00f3n de baloncesto ultima su plantilla con el regreso de los jugadores enrolados en la selecci\u00f3n campeona del Eurobasket. Roncero ha estado con vosotros para resolver todas vuestras dudas y daros su opini\u00f3n m\u00e1s personal.<\/p>\n","protected":false},"author":1,"featured_media":0,"comment_status":"open","ping_status":"open","sticky":false,"template":"","format":"standard","meta":{"footnotes":""},"categories":[],"tags":[],"class_list":["post-9180","post","type-post","status-publish","format-standard","hentry"],"_links":{"self":[{"href":"https:\/\/intervius.com\/index.html\/wp-json\/wp\/v2\/posts\/9180","targetHints":{"allow":["GET"]}}],"collection":[{"href":"https:\/\/intervius.com\/index.html\/wp-json\/wp\/v2\/posts"}],"about":[{"href":"https:\/\/intervius.com\/index.html\/wp-json\/wp\/v2\/types\/post"}],"author":[{"embeddable":true,"href":"https:\/\/intervius.com\/index.html\/wp-json\/wp\/v2\/users\/1"}],"replies":[{"embeddable":true,"href":"https:\/\/intervius.com\/index.html\/wp-json\/wp\/v2\/comments?post=9180"}],"version-history":[{"count":0,"href":"https:\/\/intervius.com\/index.html\/wp-json\/wp\/v2\/posts\/9180\/revisions"}],"wp:attachment":[{"href":"https:\/\/intervius.com\/index.html\/wp-json\/wp\/v2\/media?parent=9180"}],"wp:term":[{"taxonomy":"category","embeddable":true,"href":"https:\/\/intervius.com\/index.html\/wp-json\/wp\/v2\/categories?post=9180"},{"taxonomy":"post_tag","embeddable":true,"href":"https:\/\/intervius.com\/index.html\/wp-json\/wp\/v2\/tags?post=9180"}],"curies":[{"name":"wp","href":"https:\/\/api.w.org\/{rel}","templated":true}]}}