{"id":9157,"date":"2011-09-27T00:00:00","date_gmt":"2006-11-06T00:00:00","guid":{"rendered":"https:\/\/intervius.com\/index.html\/?p=9157"},"modified":"2006-11-06T00:00:00","modified_gmt":"2006-11-06T00:00:00","slug":"Tomas_Roncero9157","status":"publish","type":"post","link":"https:\/\/intervius.com\/index.html\/Tomas_Roncero9157\/","title":{"rendered":"Tom\u00e1s Roncero"},"content":{"rendered":"<p>Pregunta.- Hola jefe, pienses que varane puede pretender a un puesto de titular esta temporada o es demasiado joven?<\/p>\n<p>Respuesta.- Es muy joven pero ya ha demostrado en dos partidos que nos va a valer para el futuro. Elegante, con planta y muy t\u00e9cnico. Me gusta mucho. Tiene pinta de jugador del Madrid. <\/p>\n<p>P.- Muy buenos d\u00edas se\u00f1or Roncero, un saludo desde Honduras de parte de un barcelonista al que siempre le gusta leer sus entrevistas. Obviamente como gran aficionado al Real Madrid que es usted, desear\u00eda que su equipo lo ganara todo esta temporada pero en caso de no ser as\u00ed \u00bfcu\u00e1l ser\u00eda la gesta m\u00ednima que tiene que realizar su equipo para que usted como aficionado avalara la continuidad de Mourinho? De antemano gracias por su respuesta.<\/p>\n<p>R.- GRACIAS POR SU EDUCACI\u00d3N AMIGO. Mire, Mourinho ha venido aqu\u00ed para terminar con el ciclo triunfal del Bar\u00e7a y l\u00f3gicamente este a\u00f1o la aficion quiere la Champions o la Liga. O las dos. El madridismo es ambicioso sin negar la gran calidad del Bar\u00e7a y lo dif\u00edcil que ser\u00e1 darle la vuelta al calcet\u00edn. <\/p>\n<p>P.- Buenos dias ,Tomas \u00bfno crees que el doble pivote entorpece mucho el juego?<\/p>\n<p>R.- Nunca me gust\u00f3. Cuando Capello se empe\u00f1\u00f3 con Emerson y Diarra me parec\u00eda abominable aunque al final gan\u00e1semos aquella Liga del Clavo Ardiendo. Otra cosa es que sean jugadores creativos. Xabi Alonso y Granero, o Xabi y Sahin pueden ser buenas parejas. Khedira da equilibrio, pero se pierde est\u00e9tica en el juego. <\/p>\n<p>P.- Hola, Gran Tom\u00e1s, \u00bf Por qu\u00e9 el R.Madrid no adelanta la linea defensiva y juega con un centro del campo m\u00e1s creativo ?. En la pretemporada y en la supercopa lo hizo, y bord\u00f3 el futbol. un saludo desde Manilva.<\/p>\n<p>R.- Supongo que el desgaste f\u00edsico que ello conlleva es lo que le ha hecho a Mourinho ser m\u00e1s cauto, pero tienes raz\u00f3n que en la Supercopa vimos el mejor f\u00fatbol que ha hecho el Madrid en mucho tiempo. La presi\u00f3n que se hizo en el Camp Nou sobre la salida del bal\u00f3n del Bar\u00e7a fue para enmarcar. <\/p>\n<p>P.- Hola Tom\u00e1s, el domingo en la asamblea se habl\u00f3 otra vez de que antes del &#8220;dedo en el ojo&#8221;, hubo provocaciones por parte del Barcelona, creo que hasta Florentino se agarr\u00f3 a eso para exculparle a su entrenador. Pero c\u00f3mo es posible que en tiempos que los periodistas pueden leer de los labios lo que dice un jugador a su compa\u00f1ero \u00a1en portugu\u00e9s!, en tiempos que hay c\u00e1maras hasta en los t\u00faneles de los vestuarios (&#8220;vamos, un p&#8230; corner, que medimos dos metros&#8221;), y de las tomas de los banquillos ni hablar, como es posible que haya habido esas provocaciones sin que salgan a la luz? Teniendo en cuenta que la transimisi\u00f3n no la hizo TV3, sino la uno, pues no ser\u00eda, por no perder el \u00faltimo resto de credibilidad, la hora para decir: Pues nosotros los periodistas, no encontramos rastro de esas provocaciones, y por tanto, lo m\u00e1s probable es que no existen, y han sido inventado como una excusa de alguien que se le ha ido un poco la pinza pero no tuvo el valor de admitirlo? <\/p>\n<p>R.- Lo de Mourinho fue un error may\u00fasculo e impropio de un entrenador del Madrid y eso no se discute. La queja viene porque hay demasiados testigos de las provocaciones de Tito Vilanova. Te planteo el tema al rev\u00e9s. \u00bfT\u00fa crees que si Vilanova no hubiera abierto la boca no habria salido en rueda de prensa para desmentir categ\u00f3ricamente que \u00e9l llamo al banquillo del Madrid &#8220;banda de hijos de p&#8230;&#8221;? \u00bfT\u00fa crees que alguien al que le acusan de algo tan grave se va a quedar callado? YA SABES QUE EL QUE CALLA, OTORGA. PUES ESO&#8230;<\/p>\n<p>P.- Saludos.Me rindo ante los memoles,sabiendo lo &#8221; controladas&#8221; que estan esas asambleas, que tuvieron los dos socios madridistas ( pseudomadridistas seg\u00fan algunos ) de salir y decir &#8221; Mourinho no es ni madridista ni florentinista sino Mourinista &#8221; y &#8221; cuando uno tiene un tigre lo lleva atado no se vaya a comer a la vecina &#8220;,lo clavaron,es una verdad como pu\u00f1os.porque cuando el portugues salto en el balcon de la Generalitat con los titulos del Bar\u00e7a,ya era merengue ???.<\/p>\n<p>R.- Mourinho ha cometido errores, claro que s\u00ed. Pero tambi\u00e9n Guardiola ha provocado un cisma en su propia directiva y ha elogiado a Catar, un pa\u00eds donde no se respetan los Derechos Humanos, y no veo a nadie encendido contra el t\u00e9cnico azulgrana. Mi queja y la de muchos madridistas es al doble vara de medir. Con el Madrid, palo y tentestieso. Con el Bar\u00e7a, indulgencia y comprensi\u00f3n. <\/p>\n<p>P.- Ahora que esta recuperado Altintop, piensas que Mou cuenta con \u00e9l, o por el contrario no tiene sitio en el Real Madrid????<\/p>\n<p>R.- Lo recomend\u00f3 \u00e9l y es un comod\u00edn. Le utilizar\u00e1 para la banda derecha en la medular cuando quieran dar descanso a Di Mar\u00eda, o de lateral derecho cuando ocurra como hoy, que Arbeloa tiene que jugar de tres al no estar Marcelo ni Coentrao. Tambi\u00e9n puede jugar de interior por la izquierda. Es un chico para todo, apa\u00f1ado, sin grandes alardes pero un buen futbolista con experiencia en un grande como el Bayern M\u00fanich. Vino gratis y adem\u00e1s no cobra, como ha desvelado hoy AS. <\/p>\n<p>P.- Crees que Cesc hubiera triunfado igual en el Madrid que en el Bar\u00e7a?<\/p>\n<p>R.- Por supuesto. Los grandes jugadores triunfan donde les pongas y en el sitio que sea. Pero Cesc es cul\u00e9 de sentimiento y por eso yo nunca abog\u00e9 por su fichaje por el Madrid. Me gusta que los futbolistas est\u00e9n donde ellos eligen. No le echo de menos, sin negar que es un gran jugador. Lo disfruto con Espa\u00f1a, eso s\u00ed. <\/p>\n<p>P.- hola amigo, pienses, por fin, que mourinho esta recuperando a kaka? fuerte abrazo desde la pena madridista de nueva york, eres un crack!<\/p>\n<p>R.- Qu\u00e9 grande leerte desde la Gran Manzana. Efectivamente, parece que Kak\u00e1 por fin va asomando ese talento que ha estado aletargado entre lesiones y lesiones. Kak\u00e1 no se ha olvidado de jugar al f\u00fatbol, pero estaba fr\u00edo, sin \u00e1nimo. Ahora parece que ha recuperado el nivel de un futbolista de \u00e9lite. Mou le ha metido en la senda buena. Que dure. Viva la Pe\u00f1a New York City! <\/p>\n<p>P.- HOLA TOMAS. \u00bf Que le pasa a Sahin?eso lo porimero y segundo \u00bf hasdta cuando vamos a estar lloriqueando por los arbitros? Aun siendo evidente deberiamos callar, eso lo hizo el Barcelona y por eso fue segundon durante casi toda su historia, NO HAGAMOS LO MISMO, todo el mundo ve las ayudas al Barca, por eso pienso que es mejor callar y felicitar a los arbitros aunque yerren. ESO ES SE\u00d1ORIO Y GRANDEZA , LA QUE SIENPRE TUVIMOS.<\/p>\n<p>R.- Se\u00f1or\u00edo y grandeza es defender a tu familia cuando la intentan secuestrar y cuando te quieren quemar la casa. Don Santiago Bernab\u00e9u, el mejor presidente de la historia de este deporte, dio varios zapatazos en la mesa cuando el club era atacado por las hordas cul\u00e9s y veo que esa parte de la historia no se la han contado a la gente. Villar y Platini van a por el Madrid y si hubiera estado vivo Bernab\u00e9u ya los habr\u00eda echado del Templo del F\u00fatbol sin cortarse un pelo. Se\u00f1or\u00edo es que triunfe el Bien y se destierre el Mal. Callarse es otorgar y ser c\u00f3mplice de la ignominia. Digo lo que siento amigo&#8230;<\/p>\n<p>P.- Tom\u00e1s, si todo est\u00e1 bien en el Madrid con un apoyo del 95% a Mou y los socios aplaudiendo a Florentino entonces por Dios bendito que ha pasado estos a\u00f1os, porque no hemos ganado casi nada y han habido 5 o 6 t\u00e9cnicos en 5 a\u00f1os? Esta todo bien? No es necesario cambiar nada?<\/p>\n<p>R.- Hay que apostar por un proyecto y no dar m\u00e1s bandazos. T\u00fa mismo dices que hemos cambiado a menudo de entrenador y eso no conduce a nada. Mourinho es un t\u00e9cnico excepcional aunque le fallen a veces las formas. Hay que dejarle trabajar y creer en su proyecto. As\u00ed llegar\u00e1n los t\u00edtulos. <\/p>\n<p>P.- Hla Tomas!!!!! te gustaria ver de seleccionador nacional a Pep en un futuro??? Yo creo que encajaria a la perfeccion con la filosofia de tiki-taka que nos ha traido victorias<\/p>\n<p>R.- Es un grand\u00edsimo entrenador, pero s\u00f3lo imagino a Del Bosque en el banquillo nacional. Dentro de tres a\u00f1os, tras el Mundial de Brasil 23014, ya veremos d\u00f3nde est\u00e1 cada uno&#8230;<\/p>\n<p>P.- Buenos dias, tu crees que tendra hueco Neymar? aceptara el rigor disciplinario y tactico de Mou? soportara el duelo de egos con Cristiano?.Un saludo<\/p>\n<p>R.- Neymar es una apuesta de futuro. Se perfila como el mejor jugador del mundo en 2014 y hay que adelantarse a la jugada. Es pronto para discernir al respecto, pero pinta que se adaptar\u00eda al perfil derecho del ataque, donde ahora se ubica Di Mar\u00eda. Pero puede jugar de enganche y por la izquierda. Y de nueve si es necesario, porque tiene gol. Los buenos valen para casi todos los puestos. <\/p>\n<p>P.- Hola Tom\u00e1s, a pesar del mal comienzo creo que este Madrid va a conseguir como m\u00ednimo un t\u00edtulo, ya sea Copa, Champions o liga, \u00bfcrees que iremos a Cibeles este a\u00f1o como el a\u00f1o pasado? un saludo artista<\/p>\n<p>R.- Seguro. Una de las dos grandes caer\u00e1 seguro. <\/p>\n<p>P.- Lo tengo muy claro Tomas,ni liga ni nada. Con Villlar y Platini ,o hacemos milagros y aun asi &#8230;&#8230;. Mira que escandalos de arbitrajes.Sobre todo al Madrid y al Chelse .Un saludo desde Brasil <\/p>\n<p>R.- Sabemos que toca remar r\u00edo arriba estando estos dos se\u00f1ores ah\u00ed, pero eso aumentar\u00e1 el nivel de la gesta. El Madrid debe sobreponerse a eso porque ya sabemos que est\u00e1 incluido en el indigesto gui\u00f3n. Eso s\u00ed, espero que los \u00e1rbitros se corten un poco m\u00e1s que la temporada pasada. Mira el de Zagreb la que nos li\u00f3 hace dos semanas. Primo de Obrevo&#8230;<\/p>\n<p>P.- Hola Roncero.\u00bfEs verdad los rumores que dicen que Kun Aguero se ir\u00e1 al Madrid el a\u00f1o que biene? Hala Madrid<\/p>\n<p>R.- S\u00f3lo es un rumor, pero es verdad que si el Kun no se adaptase a la vida de Manchester y su lluvia pertinaz, el Madrid ser\u00eda el equipo mejor colocado para ficharlo. Pero es solo una hip\u00f3tesis. <\/p>\n<p>P.- Hola Tom\u00e1s. Es posible que a este paso CR7 se convierta en el jugador m\u00e1s barato (no confundir con el que menos cost\u00f3) de la historia del RMD?? Vaya vicharraco&#8230; Saludos.<\/p>\n<p>R.- Cristiano es un jugador de otra dimensi\u00f3n, s\u00f3lo a la altura de Messi. Su potencial es enorme y creo que a\u00fan puede progresar. Con 26 a\u00f1os, le quedan mucho por delante para hacernos disfrutar. <\/p>\n<p>P.- \u00bferes pseudo madridista seg\u00fan la definici\u00f3n de Mou?<\/p>\n<p>R.- Seguro que no. Pero dejo que sean ustedes los que opinen al respecto.<\/p>\n<p>P.- \u00bfEstas de acuerdo con Rela\u00f1o en la equivocacion que esta volviendo a cometer Florentino, dandole mas poder aun a Mou?, yo s\u00ed lo estoy, y lo de la asamblea fue de verguenza.<\/p>\n<p>R.- Mi director sabe que respeto su opini\u00f3n pero que no la comparto. Florentino ha reforzado a su entrenador para disipar cualquier duda y eso es lo que deb\u00eda hacer. <\/p>\n<p>P.- Hola Roncero, \u00bfno te parece ir\u00f3nico que nos quieran vender una supuesta divisi\u00f3n del madridismo mientras Rossel y Guardiola se cruzan declaraciones opuestas? saludos<\/p>\n<p>R.- Lo de Rosell y Guardiola si pasa en el Madrid se monta la de San Quint\u00edn. Pero ellos tapan todo. Tienen otra manera de entender la vida. Yo le llamo La Propaganda. <\/p>\n","protected":false},"excerpt":{"rendered":"<p>Tom\u00e1s Roncero ha charlado con los internautas sobre la actualidad del conjunto presidido por Florentino P\u00e9rez. A vueltas con Neymar y Mourinho en la actualidad futbolera, la secci\u00f3n de baloncesto ultima su plantilla con el regreso de los jugadores enrolados en la selecci\u00f3n campeona del Eurobasket. Roncero ha estado con vosotros resolviendo vuestras dudas y dando su opini\u00f3n m\u00e1s personal.<\/p>\n","protected":false},"author":1,"featured_media":0,"comment_status":"open","ping_status":"open","sticky":false,"template":"","format":"standard","meta":{"footnotes":""},"categories":[],"tags":[],"class_list":["post-9157","post","type-post","status-publish","format-standard","hentry"],"_links":{"self":[{"href":"https:\/\/intervius.com\/index.html\/wp-json\/wp\/v2\/posts\/9157","targetHints":{"allow":["GET"]}}],"collection":[{"href":"https:\/\/intervius.com\/index.html\/wp-json\/wp\/v2\/posts"}],"about":[{"href":"https:\/\/intervius.com\/index.html\/wp-json\/wp\/v2\/types\/post"}],"author":[{"embeddable":true,"href":"https:\/\/intervius.com\/index.html\/wp-json\/wp\/v2\/users\/1"}],"replies":[{"embeddable":true,"href":"https:\/\/intervius.com\/index.html\/wp-json\/wp\/v2\/comments?post=9157"}],"version-history":[{"count":0,"href":"https:\/\/intervius.com\/index.html\/wp-json\/wp\/v2\/posts\/9157\/revisions"}],"wp:attachment":[{"href":"https:\/\/intervius.com\/index.html\/wp-json\/wp\/v2\/media?parent=9157"}],"wp:term":[{"taxonomy":"category","embeddable":true,"href":"https:\/\/intervius.com\/index.html\/wp-json\/wp\/v2\/categories?post=9157"},{"taxonomy":"post_tag","embeddable":true,"href":"https:\/\/intervius.com\/index.html\/wp-json\/wp\/v2\/tags?post=9157"}],"curies":[{"name":"wp","href":"https:\/\/api.w.org\/{rel}","templated":true}]}}